{"id":3497,"date":"2024-01-06T05:51:33","date_gmt":"2024-01-06T04:51:33","guid":{"rendered":"https:\/\/footdavant.fr\/actualites\/notes-des-joueurs-de-mi-saison-un-blog-darsenal\/"},"modified":"2024-01-06T05:51:35","modified_gmt":"2024-01-06T04:51:35","slug":"notes-des-joueurs-de-mi-saison-un-blog-darsenal","status":"publish","type":"post","link":"https:\/\/footdavant.fr\/actualites\/notes-des-joueurs-de-mi-saison-un-blog-darsenal\/","title":{"rendered":"Notes des joueurs de mi-saison |   &#8230;un blog d&rsquo;Arsenal"},"content":{"rendered":"<div>\n<p>En l&rsquo;absence de nouvelles ou d&rsquo;\u00e9v\u00e9nements substantiels ce matin, j&rsquo;ai pens\u00e9 faire le point et faire quelques \u00e9valuations de joueurs \u00e0 mi-saison.<\/p>\n<p>Celles-ci sont bas\u00e9es sur la fa\u00e7on dont nous les effectuons apr\u00e8s chaque partie sur Arseblog News, o\u00f9 6 est consid\u00e9r\u00e9 comme une sorte de r\u00e9f\u00e9rence \u00e0 monter et \u00e0 descendre en fonction des performances, etc. Comme toujours, n&rsquo;oubliez pas que les notes sont subjectives et pertinentes pour chacun. joueur et nos attentes \u00e0 son \u00e9gard, plut\u00f4t que de les opposer les uns aux autres.  C&rsquo;est aussi juste un peu amusant, mais n&rsquo;h\u00e9sitez pas \u00e0 donner votre avis sur Arses.<\/p>\n<p>Notes des joueurs d\u2019Arsenal \u00e0 la mi-saison 2023<\/p>\n<h4><span style=\"color: #ff6600;\">Gardiens de but<\/span><\/h4>\n<p>: Il n&rsquo;a vraiment pas beaucoup jou\u00e9 apr\u00e8s l&rsquo;arriv\u00e9e de David Raya, mais quand il l&rsquo;a fait, il allait globalement bien. <span style=\"color: #008000;\"><\/span><\/p>\n<p>: Comme Ramsdale, je pense qu&rsquo;il va fondamentalement bien.  Il a eu quelques moments avec le ballon qui \u00e9taient un peu incertains, mais \u00e0 part un ou deux buts qui semblaient un peu plus incertains qu&rsquo;ils ne l&rsquo;\u00e9taient, il s&rsquo;en sort bien.  A-t-il constitu\u00e9 une am\u00e9lioration significative par rapport \u00e0 Ramsdale ?  Pas \u00e0 mon avis. <span style=\"color: #008000;\"><\/span><\/p>\n<h4><span style=\"color: #ff6600;\">D\u00e9fenseurs<\/span><\/h4>\n<p>: Je pense que sa forme a fluctu\u00e9 cette saison, et le fait qu&rsquo;il ait jou\u00e9 avec un probl\u00e8me persistant pendant la majeure partie de la campagne explique en partie cela.  Il a fait de bons et de moins bons matchs, mais il n&rsquo;a jamais vraiment puant. <span style=\"color: #008000;\"><\/span><\/p>\n<p>: Pour moi, le meilleur d\u00e9fenseur central de Premier League jusqu&rsquo;\u00e0 pr\u00e9sent cette saison, il est en train de devenir un joueur exceptionnel. <span style=\"color: #008000;\"><\/span><\/p>\n<p>: Aux c\u00f4t\u00e9s de Saliba, il a form\u00e9 un duo exceptionnel, un d\u00e9fenseur agressif dont l&rsquo;avant-pied le fait parfois surprendre, mais au regard de cet \u00e9quilibre droite-gauche que nous avions, il est le partenaire id\u00e9al pour Saliba. <span style=\"color: #008000;\"><\/span><\/p>\n<p>: Les derni\u00e8res semaines lui ont co\u00fbt\u00e9 quelques points.  Comme nous l&rsquo;avons vu contre Fulham, ce qu&rsquo;il fait dans ce r\u00f4le est difficile \u00e0 reproduire, mais en m\u00eame temps, il a commis trop d&rsquo;erreurs pour un joueur de sa qualit\u00e9 technique et de son exp\u00e9rience, et jouer trop souvent \u00e0 son propre rythme m&rsquo;a frustr\u00e9. . <span style=\"color: #008000;\"><\/span><\/p>\n<p>: Lorsqu&rsquo;il est en forme, il est tr\u00e8s bon, mais les probl\u00e8mes de forme physique persistent. <span style=\"color: #008000;\"><\/span><\/p>\n<p>: Une note de passage car on le voit rarement dans sa position naturelle.  J\u2019ai bien fait l\u00e0-bas contre Sheffield United, mais c\u2019\u00e9tait Sheffield United.  Sa meilleure performance de la saison a eu lieu \u00e0 l&rsquo;arri\u00e8re gauche lors de la Coupe EFL contre Brentford, mais le manque de rythme d\u00fb \u00e0 un temps de jeu occasionnel doit rendre difficile la recherche de votre meilleur niveau. <span style=\"color: #008000;\"><\/span><\/p>\n<p>Aucune note pour Jurrien Timber (bless\u00e9) et C\u00e9dric (a \u00e0 peine jou\u00e9).<\/p>\n<h4><span style=\"color: #ff6600;\">Milieu de terrain<\/span><\/h4>\n<p>: Toujours excellent depuis le premier jour, les deux derniers matchs n&rsquo;ont pas \u00e9t\u00e9 \u00e0 la hauteur de ses standards habituels, mais ont \u00e9lev\u00e9 le niveau de l&rsquo;\u00e9quipe. <span style=\"color: #008000;\"><\/span><\/p>\n<p>: Plus ou moins bien en cas de besoin, seulement quatre d\u00e9parts en Premier League, a jou\u00e9 \u00e0 peu pr\u00e8s plus de minutes en championnat que Ramsdale. <span style=\"color: #008000;\"><\/span><\/p>\n<p>: On pourrait probablement diviser sa saison en deux parties, la premi\u00e8re \u00e9tait ok mais pas tout \u00e0 fait \u00e0 son niveau habituel, la seconde \u2013 apr\u00e8s son retour de blessure \u2013 un peu plus \u00e0 l&rsquo;image du joueur influent qu&rsquo;on a vu la saison derni\u00e8re. <span style=\"color: #008000;\"><\/span><\/p>\n<p>: Il a fait une bonne apparition contre Fulham et compte un but et trois passes d\u00e9cisives en Premier League, mais au-del\u00e0 de cela, il ne semble pas vraiment avoir fait le genre de progr\u00e8s que vous souhaiteriez voir. <span style=\"color: #993300;\"><\/span><\/p>\n<p>: Il lui a fallu un certain temps pour s&rsquo;installer, et nous avons vu de bonnes contributions dans la deuxi\u00e8me partie de la premi\u00e8re moiti\u00e9 de saison (!), mais des questions demeurent sur son aptitude au poste de 8 gauche, et ce qu&rsquo;il apporte \u00e0 l&rsquo;\u00e9quipe dans son ensemble (surtout pour le prix). <span style=\"color: #008000;\"><\/span><\/p>\n<p>Aucune note pour Thomas Partey (bless\u00e9 toute la saison apr\u00e8s avoir disput\u00e9 3 matchs \u00e0 l&rsquo;arri\u00e8re droit), Emile Smith Rowe (\u00e0 peine jou\u00e9) et Mohamed Elneny (seulement 71 minutes).  Peut-\u00eatre que malgr\u00e9 toute la discussion sur notre ligne d&rsquo;attaque, le fait que nous avons jou\u00e9 avec essentiellement quatre milieux de terrain toute la saison (Rice, Jorg, Ode, Havertz) et un petit joueur (Vieira) qui est maintenant bless\u00e9, pourrait bien \u00eatre un probl\u00e8me aussi.<\/p>\n<h4><span style=\"color: #ff6600;\">Attaquants<\/span><\/h4>\n<p>: Tr\u00e8s bon en Ligue des Champions avec 4 buts et 2 passes d\u00e9cisives en cinq matchs, mais en Premier League, 3 buts et 1 passe d\u00e9cisive en 15 apparitions, ce n&rsquo;est pas brillant \u2013 11 d&rsquo;entre eux \u00e9taient des titularisations. <span style=\"color: #008000;\"><\/span><\/p>\n<p>: Une r\u00e9cente disette de buts a soulev\u00e9 certaines inqui\u00e9tudes, et il ne fait aucun doute qu&rsquo;il n&rsquo;a pas \u00e9t\u00e9 \u00e0 son meilleur niveau \u2013 souvent parce que les \u00e9quipes doublent son score \u2013 mais en 26 apparitions toutes comp\u00e9titions confondues cette saison, il a inscrit 21 buts (12 buts, 9 passes d\u00e9cisives). <span style=\"color: #008000;\"><\/span><\/p>\n<p>: Il est toujours une menace sur le c\u00f4t\u00e9 gauche, mais n&rsquo;a pas \u00e9t\u00e9 en mesure de produire le produit final jusqu&rsquo;\u00e0 pr\u00e9sent cette saison.  D&rsquo;apr\u00e8s ce qu&rsquo;il a fait la saison derni\u00e8re et ce qu&rsquo;on attendait de lui cette fois-ci, il n&rsquo;a pas \u00e9t\u00e9 \u00e0 la hauteur, m\u00eame si j&rsquo;ai l&rsquo;impression qu&rsquo;un but ou deux lui permettront de repartir. <span style=\"color: #008000;\"><\/span><\/p>\n<p>: 6 buts et 4 passes d\u00e9cisives toutes comp\u00e9titions confondues, mais 3 de ses 5 en championnat se sont affront\u00e9s contre la pire \u00e9quipe de la division.  Ce qui n\u2019enl\u00e8ve rien \u00e0 son beau tripl\u00e9, mais pour moi, le plus gros probl\u00e8me avec Eddie est qu\u2019avoir un attaquant de deuxi\u00e8me choix qui apporte rarement une quelconque contribution en dehors du banc est une sorte de ischio-jambier. <span style=\"color: #008000;\"><\/span><\/p>\n<p>: A 6 buts et 2 passes d\u00e9cisives \u00e0 son actif toutes comp\u00e9titions confondues, mais pour moi, il a \u00e9t\u00e9 un peu d\u00e9cevant.  Ses apparitions au 8 gauche ont \u00e9t\u00e9 d\u00e9cevantes, et il a \u00e9t\u00e9 meilleur lorsqu\u2019il a jou\u00e9 devant.  Son incapacit\u00e9 \u00e0 prendre un corner d\u00e9cent est \u00e0 la fois \u00e9trange et aga\u00e7ante. <span style=\"color: #008000;\"><\/span><\/p>\n<p>: 17 apparitions toutes comp\u00e9titions confondues, et sa contribution s&rsquo;est traduite par quelques passes d\u00e9cisives lors des matchs \u00e0 domicile et \u00e0 l&rsquo;ext\u00e9rieur contre le PSV.  Pas fiable pour commencer, pas efficace en sortie de banc.  Dans mon monde de r\u00eave, certes invent\u00e9, utilisez-le comme un contrepoids pour \u00e9loigner Michael Olise de Crystal Palace ce mois-ci (d\u00e9sol\u00e9 Dan !).<span style=\"color: #993300;\"><\/span><\/p>\n<p>\u2014<\/p>\n<p>Alors voil\u00e0.  Il y a sans aucun doute beaucoup de points de discussion l\u00e0-bas.  Ce n&rsquo;est \u00e9videmment pas une science exacte ou quoi que ce soit, mais si votre verre est \u00e0 moiti\u00e9 plein, vous verrez peut-\u00eatre comment une \u00e9quipe qui n&rsquo;a pas eu trop de joueurs exceptionnels pourrait faire beaucoup mieux dans la seconde moiti\u00e9 de la saison si nous en obtenons quelques-uns. plus \u00e0 leur meilleur niveau.  Si votre verre est \u00e0 moiti\u00e9 vide, je ne peux pas dire grand-chose qui changera cela de toute fa\u00e7on !<\/p>\n<p>Passez une bonne soir\u00e9e les amis.<\/p>\n<\/div>\n","protected":false},"excerpt":{"rendered":"<p>En l&rsquo;absence de nouvelles ou d&rsquo;\u00e9v\u00e9nements substantiels ce matin, j&rsquo;ai pens\u00e9 faire le point et faire quelques \u00e9valuations de joueurs \u00e0 mi-saison. Celles-ci sont bas\u00e9es<\/p>\n","protected":false},"author":1,"featured_media":3498,"comment_status":"closed","ping_status":"","sticky":false,"template":"","format":"standard","meta":{"footnotes":""},"categories":[3],"tags":[57,58,59,12,220,2024,2823],"yoast_head":"<!-- This site is optimized with the Yoast SEO plugin v21.0 - https:\/\/yoast.com\/wordpress\/plugins\/seo\/ -->\n<title>Notes des joueurs de mi-saison |  ...un blog d&#039;Arsenal<\/title>\n<meta name=\"robots\" content=\"index, follow, max-snippet:-1, max-image-preview:large, max-video-preview:-1\" \/>\n<link rel=\"canonical\" href=\"https:\/\/footdavant.fr\/actualites\/notes-des-joueurs-de-mi-saison-un-blog-darsenal\/\" \/>\n<meta property=\"og:locale\" content=\"fr_FR\" \/>\n<meta property=\"og:type\" content=\"article\" \/>\n<meta property=\"og:title\" content=\"Notes des joueurs de mi-saison |  ...un blog d&#039;Arsenal\" \/>\n<meta property=\"og:description\" content=\"En l&rsquo;absence de nouvelles ou d&rsquo;\u00e9v\u00e9nements substantiels ce matin, j&rsquo;ai pens\u00e9 faire le point et faire quelques \u00e9valuations de joueurs \u00e0 mi-saison. Celles-ci sont bas\u00e9es\" \/>\n<meta property=\"og:url\" content=\"https:\/\/footdavant.fr\/actualites\/notes-des-joueurs-de-mi-saison-un-blog-darsenal\/\" \/>\n<meta property=\"og:site_name\" content=\"Foot d&#039;avant\" \/>\n<meta property=\"article:publisher\" content=\"https:\/\/www.facebook.com\/Footdavant\/\" \/>\n<meta property=\"article:published_time\" content=\"2024-01-06T04:51:33+00:00\" \/>\n<meta property=\"article:modified_time\" content=\"2024-01-06T04:51:35+00:00\" \/>\n<meta property=\"og:image\" content=\"https:\/\/footdavant.fr\/actualites\/wp-content\/uploads\/2024\/01\/Notes-des-joueurs-de-mi-saison-un-blog-dArsenal.jpg\" \/>\n\t<meta property=\"og:image:width\" content=\"1500\" \/>\n\t<meta property=\"og:image:height\" content=\"750\" \/>\n\t<meta property=\"og:image:type\" content=\"image\/jpeg\" \/>\n<meta name=\"author\" content=\"Cl\u00e9ment\" \/>\n<meta name=\"twitter:card\" content=\"summary_large_image\" \/>\n<meta name=\"twitter:creator\" content=\"@FootdavantFr\" \/>\n<meta name=\"twitter:site\" content=\"@FootdavantFr\" \/>\n<meta name=\"twitter:label1\" content=\"\u00c9crit par\" \/>\n\t<meta name=\"twitter:data1\" content=\"Cl\u00e9ment\" \/>\n\t<meta name=\"twitter:label2\" content=\"Dur\u00e9e de lecture estim\u00e9e\" \/>\n\t<meta name=\"twitter:data2\" content=\"6 minutes\" \/>\n<script type=\"application\/ld+json\" class=\"yoast-schema-graph\">{\"@context\":\"https:\/\/schema.org\",\"@graph\":[{\"@type\":\"Article\",\"@id\":\"https:\/\/footdavant.fr\/actualites\/notes-des-joueurs-de-mi-saison-un-blog-darsenal\/#article\",\"isPartOf\":{\"@id\":\"https:\/\/footdavant.fr\/actualites\/notes-des-joueurs-de-mi-saison-un-blog-darsenal\/\"},\"author\":{\"name\":\"Cl\u00e9ment\",\"@id\":\"https:\/\/footdavant.fr\/actualites\/#\/schema\/person\/bc222566d95871b37e597b3ed3ba5e1d\"},\"headline\":\"Notes des joueurs de mi-saison | &#8230;un blog d&rsquo;Arsenal\",\"datePublished\":\"2024-01-06T04:51:33+00:00\",\"dateModified\":\"2024-01-06T04:51:35+00:00\",\"mainEntityOfPage\":{\"@id\":\"https:\/\/footdavant.fr\/actualites\/notes-des-joueurs-de-mi-saison-un-blog-darsenal\/\"},\"wordCount\":1153,\"publisher\":{\"@id\":\"https:\/\/footdavant.fr\/actualites\/#organization\"},\"keywords\":[\"...un\",\"blog\",\"dArsenal\",\"des\",\"joueurs\",\"misaison\",\"Notes\"],\"articleSection\":[\"Football\"],\"inLanguage\":\"fr-FR\"},{\"@type\":\"WebPage\",\"@id\":\"https:\/\/footdavant.fr\/actualites\/notes-des-joueurs-de-mi-saison-un-blog-darsenal\/\",\"url\":\"https:\/\/footdavant.fr\/actualites\/notes-des-joueurs-de-mi-saison-un-blog-darsenal\/\",\"name\":\"Notes des joueurs de mi-saison | ...un blog d'Arsenal\",\"isPartOf\":{\"@id\":\"https:\/\/footdavant.fr\/actualites\/#website\"},\"datePublished\":\"2024-01-06T04:51:33+00:00\",\"dateModified\":\"2024-01-06T04:51:35+00:00\",\"breadcrumb\":{\"@id\":\"https:\/\/footdavant.fr\/actualites\/notes-des-joueurs-de-mi-saison-un-blog-darsenal\/#breadcrumb\"},\"inLanguage\":\"fr-FR\",\"potentialAction\":[{\"@type\":\"ReadAction\",\"target\":[\"https:\/\/footdavant.fr\/actualites\/notes-des-joueurs-de-mi-saison-un-blog-darsenal\/\"]}]},{\"@type\":\"BreadcrumbList\",\"@id\":\"https:\/\/footdavant.fr\/actualites\/notes-des-joueurs-de-mi-saison-un-blog-darsenal\/#breadcrumb\",\"itemListElement\":[{\"@type\":\"ListItem\",\"position\":1,\"name\":\"Accueil\",\"item\":\"https:\/\/footdavant.fr\/actualites\/\"},{\"@type\":\"ListItem\",\"position\":2,\"name\":\"Notes des joueurs de mi-saison | &#8230;un blog d&rsquo;Arsenal\"}]},{\"@type\":\"WebSite\",\"@id\":\"https:\/\/footdavant.fr\/actualites\/#website\",\"url\":\"https:\/\/footdavant.fr\/actualites\/\",\"name\":\"Foot d'avant\",\"description\":\"\",\"publisher\":{\"@id\":\"https:\/\/footdavant.fr\/actualites\/#organization\"},\"potentialAction\":[{\"@type\":\"SearchAction\",\"target\":{\"@type\":\"EntryPoint\",\"urlTemplate\":\"https:\/\/footdavant.fr\/actualites\/?s={search_term_string}\"},\"query-input\":\"required name=search_term_string\"}],\"inLanguage\":\"fr-FR\"},{\"@type\":\"Organization\",\"@id\":\"https:\/\/footdavant.fr\/actualites\/#organization\",\"name\":\"Foot d'avant\",\"url\":\"https:\/\/footdavant.fr\/actualites\/\",\"logo\":{\"@type\":\"ImageObject\",\"inLanguage\":\"fr-FR\",\"@id\":\"https:\/\/footdavant.fr\/actualites\/#\/schema\/logo\/image\/\",\"url\":\"https:\/\/footdavant.fr\/actualites\/wp-content\/uploads\/2023\/09\/Copy-of-FootDavant-Logo.png\",\"contentUrl\":\"https:\/\/footdavant.fr\/actualites\/wp-content\/uploads\/2023\/09\/Copy-of-FootDavant-Logo.png\",\"width\":936,\"height\":549,\"caption\":\"Foot d'avant\"},\"image\":{\"@id\":\"https:\/\/footdavant.fr\/actualites\/#\/schema\/logo\/image\/\"},\"sameAs\":[\"https:\/\/www.facebook.com\/Footdavant\/\",\"https:\/\/twitter.com\/FootdavantFr\",\"https:\/\/www.instagram.com\/footdavant.fr\/\"]},{\"@type\":\"Person\",\"@id\":\"https:\/\/footdavant.fr\/actualites\/#\/schema\/person\/bc222566d95871b37e597b3ed3ba5e1d\",\"name\":\"Cl\u00e9ment\",\"image\":{\"@type\":\"ImageObject\",\"inLanguage\":\"fr-FR\",\"@id\":\"https:\/\/footdavant.fr\/actualites\/#\/schema\/person\/image\/\",\"url\":\"https:\/\/secure.gravatar.com\/avatar\/7728b29aac2719421e1a9159b2254c44?s=96&d=mm&r=g\",\"contentUrl\":\"https:\/\/secure.gravatar.com\/avatar\/7728b29aac2719421e1a9159b2254c44?s=96&d=mm&r=g\",\"caption\":\"Cl\u00e9ment\"},\"sameAs\":[\"https:\/\/footdavant.fr\/\"]}]}<\/script>\n<!-- \/ Yoast SEO plugin. -->","yoast_head_json":{"title":"Notes des joueurs de mi-saison |  ...un blog d'Arsenal","robots":{"index":"index","follow":"follow","max-snippet":"max-snippet:-1","max-image-preview":"max-image-preview:large","max-video-preview":"max-video-preview:-1"},"canonical":"https:\/\/footdavant.fr\/actualites\/notes-des-joueurs-de-mi-saison-un-blog-darsenal\/","og_locale":"fr_FR","og_type":"article","og_title":"Notes des joueurs de mi-saison |  ...un blog d'Arsenal","og_description":"En l&rsquo;absence de nouvelles ou d&rsquo;\u00e9v\u00e9nements substantiels ce matin, j&rsquo;ai pens\u00e9 faire le point et faire quelques \u00e9valuations de joueurs \u00e0 mi-saison. Celles-ci sont bas\u00e9es","og_url":"https:\/\/footdavant.fr\/actualites\/notes-des-joueurs-de-mi-saison-un-blog-darsenal\/","og_site_name":"Foot d&#039;avant","article_publisher":"https:\/\/www.facebook.com\/Footdavant\/","article_published_time":"2024-01-06T04:51:33+00:00","article_modified_time":"2024-01-06T04:51:35+00:00","og_image":[{"width":1500,"height":750,"url":"https:\/\/footdavant.fr\/actualites\/wp-content\/uploads\/2024\/01\/Notes-des-joueurs-de-mi-saison-un-blog-dArsenal.jpg","type":"image\/jpeg"}],"author":"Cl\u00e9ment","twitter_card":"summary_large_image","twitter_creator":"@FootdavantFr","twitter_site":"@FootdavantFr","twitter_misc":{"\u00c9crit par":"Cl\u00e9ment","Dur\u00e9e de lecture estim\u00e9e":"6 minutes"},"schema":{"@context":"https:\/\/schema.org","@graph":[{"@type":"Article","@id":"https:\/\/footdavant.fr\/actualites\/notes-des-joueurs-de-mi-saison-un-blog-darsenal\/#article","isPartOf":{"@id":"https:\/\/footdavant.fr\/actualites\/notes-des-joueurs-de-mi-saison-un-blog-darsenal\/"},"author":{"name":"Cl\u00e9ment","@id":"https:\/\/footdavant.fr\/actualites\/#\/schema\/person\/bc222566d95871b37e597b3ed3ba5e1d"},"headline":"Notes des joueurs de mi-saison | &#8230;un blog d&rsquo;Arsenal","datePublished":"2024-01-06T04:51:33+00:00","dateModified":"2024-01-06T04:51:35+00:00","mainEntityOfPage":{"@id":"https:\/\/footdavant.fr\/actualites\/notes-des-joueurs-de-mi-saison-un-blog-darsenal\/"},"wordCount":1153,"publisher":{"@id":"https:\/\/footdavant.fr\/actualites\/#organization"},"keywords":["...un","blog","dArsenal","des","joueurs","misaison","Notes"],"articleSection":["Football"],"inLanguage":"fr-FR"},{"@type":"WebPage","@id":"https:\/\/footdavant.fr\/actualites\/notes-des-joueurs-de-mi-saison-un-blog-darsenal\/","url":"https:\/\/footdavant.fr\/actualites\/notes-des-joueurs-de-mi-saison-un-blog-darsenal\/","name":"Notes des joueurs de mi-saison | ...un blog d'Arsenal","isPartOf":{"@id":"https:\/\/footdavant.fr\/actualites\/#website"},"datePublished":"2024-01-06T04:51:33+00:00","dateModified":"2024-01-06T04:51:35+00:00","breadcrumb":{"@id":"https:\/\/footdavant.fr\/actualites\/notes-des-joueurs-de-mi-saison-un-blog-darsenal\/#breadcrumb"},"inLanguage":"fr-FR","potentialAction":[{"@type":"ReadAction","target":["https:\/\/footdavant.fr\/actualites\/notes-des-joueurs-de-mi-saison-un-blog-darsenal\/"]}]},{"@type":"BreadcrumbList","@id":"https:\/\/footdavant.fr\/actualites\/notes-des-joueurs-de-mi-saison-un-blog-darsenal\/#breadcrumb","itemListElement":[{"@type":"ListItem","position":1,"name":"Accueil","item":"https:\/\/footdavant.fr\/actualites\/"},{"@type":"ListItem","position":2,"name":"Notes des joueurs de mi-saison | &#8230;un blog d&rsquo;Arsenal"}]},{"@type":"WebSite","@id":"https:\/\/footdavant.fr\/actualites\/#website","url":"https:\/\/footdavant.fr\/actualites\/","name":"Foot d'avant","description":"","publisher":{"@id":"https:\/\/footdavant.fr\/actualites\/#organization"},"potentialAction":[{"@type":"SearchAction","target":{"@type":"EntryPoint","urlTemplate":"https:\/\/footdavant.fr\/actualites\/?s={search_term_string}"},"query-input":"required name=search_term_string"}],"inLanguage":"fr-FR"},{"@type":"Organization","@id":"https:\/\/footdavant.fr\/actualites\/#organization","name":"Foot d'avant","url":"https:\/\/footdavant.fr\/actualites\/","logo":{"@type":"ImageObject","inLanguage":"fr-FR","@id":"https:\/\/footdavant.fr\/actualites\/#\/schema\/logo\/image\/","url":"https:\/\/footdavant.fr\/actualites\/wp-content\/uploads\/2023\/09\/Copy-of-FootDavant-Logo.png","contentUrl":"https:\/\/footdavant.fr\/actualites\/wp-content\/uploads\/2023\/09\/Copy-of-FootDavant-Logo.png","width":936,"height":549,"caption":"Foot d'avant"},"image":{"@id":"https:\/\/footdavant.fr\/actualites\/#\/schema\/logo\/image\/"},"sameAs":["https:\/\/www.facebook.com\/Footdavant\/","https:\/\/twitter.com\/FootdavantFr","https:\/\/www.instagram.com\/footdavant.fr\/"]},{"@type":"Person","@id":"https:\/\/footdavant.fr\/actualites\/#\/schema\/person\/bc222566d95871b37e597b3ed3ba5e1d","name":"Cl\u00e9ment","image":{"@type":"ImageObject","inLanguage":"fr-FR","@id":"https:\/\/footdavant.fr\/actualites\/#\/schema\/person\/image\/","url":"https:\/\/secure.gravatar.com\/avatar\/7728b29aac2719421e1a9159b2254c44?s=96&d=mm&r=g","contentUrl":"https:\/\/secure.gravatar.com\/avatar\/7728b29aac2719421e1a9159b2254c44?s=96&d=mm&r=g","caption":"Cl\u00e9ment"},"sameAs":["https:\/\/footdavant.fr\/"]}]}},"_links":{"self":[{"href":"https:\/\/footdavant.fr\/actualites\/wp-json\/wp\/v2\/posts\/3497"}],"collection":[{"href":"https:\/\/footdavant.fr\/actualites\/wp-json\/wp\/v2\/posts"}],"about":[{"href":"https:\/\/footdavant.fr\/actualites\/wp-json\/wp\/v2\/types\/post"}],"author":[{"embeddable":true,"href":"https:\/\/footdavant.fr\/actualites\/wp-json\/wp\/v2\/users\/1"}],"replies":[{"embeddable":true,"href":"https:\/\/footdavant.fr\/actualites\/wp-json\/wp\/v2\/comments?post=3497"}],"version-history":[{"count":1,"href":"https:\/\/footdavant.fr\/actualites\/wp-json\/wp\/v2\/posts\/3497\/revisions"}],"predecessor-version":[{"id":3499,"href":"https:\/\/footdavant.fr\/actualites\/wp-json\/wp\/v2\/posts\/3497\/revisions\/3499"}],"wp:featuredmedia":[{"embeddable":true,"href":"https:\/\/footdavant.fr\/actualites\/wp-json\/wp\/v2\/media\/3498"}],"wp:attachment":[{"href":"https:\/\/footdavant.fr\/actualites\/wp-json\/wp\/v2\/media?parent=3497"}],"wp:term":[{"taxonomy":"category","embeddable":true,"href":"https:\/\/footdavant.fr\/actualites\/wp-json\/wp\/v2\/categories?post=3497"},{"taxonomy":"post_tag","embeddable":true,"href":"https:\/\/footdavant.fr\/actualites\/wp-json\/wp\/v2\/tags?post=3497"}],"curies":[{"name":"wp","href":"https:\/\/api.w.org\/{rel}","templated":true}]}}