{"id":35762,"date":"2026-03-24T23:48:15","date_gmt":"2026-03-24T22:48:15","guid":{"rendered":"https:\/\/footdavant.fr\/actualites\/andy-robertson-envoie-un-message-emouvant-a-mo-salah\/"},"modified":"2026-03-24T23:48:18","modified_gmt":"2026-03-24T22:48:18","slug":"andy-robertson-envoie-un-message-emouvant-a-mo-salah","status":"publish","type":"post","link":"https:\/\/footdavant.fr\/actualites\/andy-robertson-envoie-un-message-emouvant-a-mo-salah\/","title":{"rendered":"Andy Robertson envoie un message \u00e9mouvant \u00e0 Mo Salah"},"content":{"rendered":"<p><\/p>\n<div id=\"article-body\">\n<!-- Article Start --><\/p>\n<p>Andy Robertson a envoy\u00e9 un message \u00e9mouvant \u00e0 son co\u00e9quipier et bon ami Mo Salah suite \u00e0 l&#39;annonce de l&#39;\u00c9gyptien de son d\u00e9part de Liverpool \u00e0 la fin de la saison.<\/p>\n<p>Bien qu&#39;il ait sign\u00e9 un nouveau contrat de deux ans il y a moins d&#39;un an \u00e0 Anfield, notre num\u00e9ro 11 estime que la fin de la campagne en cours est le bon moment pour quitter le Merseyside.<\/p>\n<p>Robertson a rejoint Liverpool au cours de la m\u00eame fen\u00eatre de transfert que Salah et a donc tout v\u00e9cu aux c\u00f4t\u00e9s de l&#39;attaquant \u2013 remportant entre autres deux titres de champion, une FA Cup, deux Coupes de la Ligue et une Ligue des Champions.<\/p>\n<p>L&#39;\u00c9cossais a qualifi\u00e9 l&#39;ancien homme de Chelsea de \u00ab joie \u00e0 regarder \u00bb et a d\u00e9crit sa mentalit\u00e9 comme \u00ab sans \u00e9gal \u00bb dans une publication touchante sur les r\u00e9seaux sociaux.<\/p>\n<p>La campagne en cours pourrait \u00e9galement s&#39;av\u00e9rer \u00eatre la derni\u00e8re de Robertson sous le maillot rouge. L&#39;arri\u00e8re lat\u00e9ral a failli quitter le club cet \u00e9t\u00e9, l&#39;Atletico Madrid ayant manifest\u00e9 son int\u00e9r\u00eat et en janvier, alors que son compatriote des Spurs, l&#39;\u00e9quipe de Premier League, reniflait.<\/p>\n<p>Son contrat actuel expire \u00e0 la fin de la saison.<\/p>\n<p>Cependant, d\u2019ici l\u00e0, Robertson et Salah seront impatients de faire ce qu\u2019ils peuvent pour garantir que Liverpool termine la saison le plus fort possible.<\/p>\n<p>Une place dans le top quatre est encore \u00e0 gagner tandis que le succ\u00e8s en FA Cup et en Ligue des Champions est encore possible.<\/p>\n<\/p>\n<blockquote class=\"instagram-lazy lazyload\" data-instgrm-captioned=\"\" data-instgrm-permalink=\"https:\/\/www.instagram.com\/p\/DWR3ig_iMT9\/?utm_source=ig_embed&amp;utm_campaign=loading\" data-instgrm-version=\"14\" style=\" background:#FFF; border:0; border-radius:3px; box-shadow:0 0 1px 0 rgba(0,0,0,0.5),0 1px 10px 0 rgba(0,0,0,0.15); margin: 1px; max-width:500px; min-width:326px; padding:0; width:99.375%; width:-webkit-calc(100% - 2px); width:calc(100% - 2px);\">\n<\/blockquote>\n<p><!-- Article End -->\t\t\t\t<\/div>\n<p><script async src=\"\/\/www.instagram.com\/embed.js\"><\/script><\/p>\n","protected":false},"excerpt":{"rendered":"<p>Andy Robertson a envoy\u00e9 un message \u00e9mouvant \u00e0 son co\u00e9quipier et bon ami Mo Salah suite \u00e0 l&#39;annonce de l&#39;\u00c9gyptien de son d\u00e9part de Liverpool<\/p>\n","protected":false},"author":1,"featured_media":35763,"comment_status":"closed","ping_status":"","sticky":false,"template":"","format":"standard","meta":{"footnotes":""},"categories":[3],"tags":[4008,5963,677,678,3364,335],"yoast_head":"<!-- This site is optimized with the Yoast SEO plugin v21.0 - https:\/\/yoast.com\/wordpress\/plugins\/seo\/ -->\n<title>Andy Robertson envoie un message \u00e9mouvant \u00e0 Mo Salah<\/title>\n<meta name=\"robots\" content=\"index, follow, max-snippet:-1, max-image-preview:large, max-video-preview:-1\" \/>\n<link rel=\"canonical\" href=\"https:\/\/footdavant.fr\/actualites\/andy-robertson-envoie-un-message-emouvant-a-mo-salah\/\" \/>\n<meta property=\"og:locale\" content=\"fr_FR\" \/>\n<meta property=\"og:type\" content=\"article\" \/>\n<meta property=\"og:title\" content=\"Andy Robertson envoie un message \u00e9mouvant \u00e0 Mo Salah\" \/>\n<meta property=\"og:description\" content=\"Andy Robertson a envoy\u00e9 un message \u00e9mouvant \u00e0 son co\u00e9quipier et bon ami Mo Salah suite \u00e0 l&#039;annonce de l&#039;\u00c9gyptien de son d\u00e9part de Liverpool\" \/>\n<meta property=\"og:url\" content=\"https:\/\/footdavant.fr\/actualites\/andy-robertson-envoie-un-message-emouvant-a-mo-salah\/\" \/>\n<meta property=\"og:site_name\" content=\"Foot d&#039;avant\" \/>\n<meta property=\"article:publisher\" content=\"https:\/\/www.facebook.com\/Footdavant\/\" \/>\n<meta property=\"article:published_time\" content=\"2026-03-24T22:48:15+00:00\" \/>\n<meta property=\"article:modified_time\" content=\"2026-03-24T22:48:18+00:00\" \/>\n<meta property=\"og:image\" content=\"https:\/\/footdavant.fr\/actualites\/wp-content\/uploads\/2026\/03\/Andy-Robertson-envoie-un-message-emouvant-a-Mo-Salah.jpg\" \/>\n\t<meta property=\"og:image:width\" content=\"1502\" \/>\n\t<meta property=\"og:image:height\" content=\"843\" \/>\n\t<meta property=\"og:image:type\" content=\"image\/jpeg\" \/>\n<meta name=\"author\" content=\"Cl\u00e9ment\" \/>\n<meta name=\"twitter:card\" content=\"summary_large_image\" \/>\n<meta name=\"twitter:creator\" content=\"@FootdavantFr\" \/>\n<meta name=\"twitter:site\" content=\"@FootdavantFr\" \/>\n<meta name=\"twitter:label1\" content=\"\u00c9crit par\" \/>\n\t<meta name=\"twitter:data1\" content=\"Cl\u00e9ment\" \/>\n\t<meta name=\"twitter:label2\" content=\"Dur\u00e9e de lecture estim\u00e9e\" \/>\n\t<meta name=\"twitter:data2\" content=\"1 minute\" \/>\n<script type=\"application\/ld+json\" class=\"yoast-schema-graph\">{\"@context\":\"https:\/\/schema.org\",\"@graph\":[{\"@type\":\"Article\",\"@id\":\"https:\/\/footdavant.fr\/actualites\/andy-robertson-envoie-un-message-emouvant-a-mo-salah\/#article\",\"isPartOf\":{\"@id\":\"https:\/\/footdavant.fr\/actualites\/andy-robertson-envoie-un-message-emouvant-a-mo-salah\/\"},\"author\":{\"name\":\"Cl\u00e9ment\",\"@id\":\"https:\/\/footdavant.fr\/actualites\/#\/schema\/person\/bc222566d95871b37e597b3ed3ba5e1d\"},\"headline\":\"Andy Robertson envoie un message \u00e9mouvant \u00e0 Mo Salah\",\"datePublished\":\"2026-03-24T22:48:15+00:00\",\"dateModified\":\"2026-03-24T22:48:18+00:00\",\"mainEntityOfPage\":{\"@id\":\"https:\/\/footdavant.fr\/actualites\/andy-robertson-envoie-un-message-emouvant-a-mo-salah\/\"},\"wordCount\":273,\"publisher\":{\"@id\":\"https:\/\/footdavant.fr\/actualites\/#organization\"},\"keywords\":[\"Andy\",\"\u00e9mouvant\",\"envoie\",\"message\",\"Robertson\",\"Salah\"],\"articleSection\":[\"Football\"],\"inLanguage\":\"fr-FR\"},{\"@type\":\"WebPage\",\"@id\":\"https:\/\/footdavant.fr\/actualites\/andy-robertson-envoie-un-message-emouvant-a-mo-salah\/\",\"url\":\"https:\/\/footdavant.fr\/actualites\/andy-robertson-envoie-un-message-emouvant-a-mo-salah\/\",\"name\":\"Andy Robertson envoie un message \u00e9mouvant \u00e0 Mo Salah\",\"isPartOf\":{\"@id\":\"https:\/\/footdavant.fr\/actualites\/#website\"},\"datePublished\":\"2026-03-24T22:48:15+00:00\",\"dateModified\":\"2026-03-24T22:48:18+00:00\",\"breadcrumb\":{\"@id\":\"https:\/\/footdavant.fr\/actualites\/andy-robertson-envoie-un-message-emouvant-a-mo-salah\/#breadcrumb\"},\"inLanguage\":\"fr-FR\",\"potentialAction\":[{\"@type\":\"ReadAction\",\"target\":[\"https:\/\/footdavant.fr\/actualites\/andy-robertson-envoie-un-message-emouvant-a-mo-salah\/\"]}]},{\"@type\":\"BreadcrumbList\",\"@id\":\"https:\/\/footdavant.fr\/actualites\/andy-robertson-envoie-un-message-emouvant-a-mo-salah\/#breadcrumb\",\"itemListElement\":[{\"@type\":\"ListItem\",\"position\":1,\"name\":\"Accueil\",\"item\":\"https:\/\/footdavant.fr\/actualites\/\"},{\"@type\":\"ListItem\",\"position\":2,\"name\":\"Andy Robertson envoie un message \u00e9mouvant \u00e0 Mo Salah\"}]},{\"@type\":\"WebSite\",\"@id\":\"https:\/\/footdavant.fr\/actualites\/#website\",\"url\":\"https:\/\/footdavant.fr\/actualites\/\",\"name\":\"Foot d'avant\",\"description\":\"\",\"publisher\":{\"@id\":\"https:\/\/footdavant.fr\/actualites\/#organization\"},\"potentialAction\":[{\"@type\":\"SearchAction\",\"target\":{\"@type\":\"EntryPoint\",\"urlTemplate\":\"https:\/\/footdavant.fr\/actualites\/?s={search_term_string}\"},\"query-input\":\"required name=search_term_string\"}],\"inLanguage\":\"fr-FR\"},{\"@type\":\"Organization\",\"@id\":\"https:\/\/footdavant.fr\/actualites\/#organization\",\"name\":\"Foot d'avant\",\"url\":\"https:\/\/footdavant.fr\/actualites\/\",\"logo\":{\"@type\":\"ImageObject\",\"inLanguage\":\"fr-FR\",\"@id\":\"https:\/\/footdavant.fr\/actualites\/#\/schema\/logo\/image\/\",\"url\":\"https:\/\/footdavant.fr\/actualites\/wp-content\/uploads\/2023\/09\/Copy-of-FootDavant-Logo.png\",\"contentUrl\":\"https:\/\/footdavant.fr\/actualites\/wp-content\/uploads\/2023\/09\/Copy-of-FootDavant-Logo.png\",\"width\":936,\"height\":549,\"caption\":\"Foot d'avant\"},\"image\":{\"@id\":\"https:\/\/footdavant.fr\/actualites\/#\/schema\/logo\/image\/\"},\"sameAs\":[\"https:\/\/www.facebook.com\/Footdavant\/\",\"https:\/\/twitter.com\/FootdavantFr\",\"https:\/\/www.instagram.com\/footdavant.fr\/\"]},{\"@type\":\"Person\",\"@id\":\"https:\/\/footdavant.fr\/actualites\/#\/schema\/person\/bc222566d95871b37e597b3ed3ba5e1d\",\"name\":\"Cl\u00e9ment\",\"image\":{\"@type\":\"ImageObject\",\"inLanguage\":\"fr-FR\",\"@id\":\"https:\/\/footdavant.fr\/actualites\/#\/schema\/person\/image\/\",\"url\":\"https:\/\/secure.gravatar.com\/avatar\/7728b29aac2719421e1a9159b2254c44?s=96&d=mm&r=g\",\"contentUrl\":\"https:\/\/secure.gravatar.com\/avatar\/7728b29aac2719421e1a9159b2254c44?s=96&d=mm&r=g\",\"caption\":\"Cl\u00e9ment\"},\"sameAs\":[\"https:\/\/footdavant.fr\/\"]}]}<\/script>\n<!-- \/ Yoast SEO plugin. -->","yoast_head_json":{"title":"Andy Robertson envoie un message \u00e9mouvant \u00e0 Mo Salah","robots":{"index":"index","follow":"follow","max-snippet":"max-snippet:-1","max-image-preview":"max-image-preview:large","max-video-preview":"max-video-preview:-1"},"canonical":"https:\/\/footdavant.fr\/actualites\/andy-robertson-envoie-un-message-emouvant-a-mo-salah\/","og_locale":"fr_FR","og_type":"article","og_title":"Andy Robertson envoie un message \u00e9mouvant \u00e0 Mo Salah","og_description":"Andy Robertson a envoy\u00e9 un message \u00e9mouvant \u00e0 son co\u00e9quipier et bon ami Mo Salah suite \u00e0 l&#39;annonce de l&#39;\u00c9gyptien de son d\u00e9part de Liverpool","og_url":"https:\/\/footdavant.fr\/actualites\/andy-robertson-envoie-un-message-emouvant-a-mo-salah\/","og_site_name":"Foot d&#039;avant","article_publisher":"https:\/\/www.facebook.com\/Footdavant\/","article_published_time":"2026-03-24T22:48:15+00:00","article_modified_time":"2026-03-24T22:48:18+00:00","og_image":[{"width":1502,"height":843,"url":"https:\/\/footdavant.fr\/actualites\/wp-content\/uploads\/2026\/03\/Andy-Robertson-envoie-un-message-emouvant-a-Mo-Salah.jpg","type":"image\/jpeg"}],"author":"Cl\u00e9ment","twitter_card":"summary_large_image","twitter_creator":"@FootdavantFr","twitter_site":"@FootdavantFr","twitter_misc":{"\u00c9crit par":"Cl\u00e9ment","Dur\u00e9e de lecture estim\u00e9e":"1 minute"},"schema":{"@context":"https:\/\/schema.org","@graph":[{"@type":"Article","@id":"https:\/\/footdavant.fr\/actualites\/andy-robertson-envoie-un-message-emouvant-a-mo-salah\/#article","isPartOf":{"@id":"https:\/\/footdavant.fr\/actualites\/andy-robertson-envoie-un-message-emouvant-a-mo-salah\/"},"author":{"name":"Cl\u00e9ment","@id":"https:\/\/footdavant.fr\/actualites\/#\/schema\/person\/bc222566d95871b37e597b3ed3ba5e1d"},"headline":"Andy Robertson envoie un message \u00e9mouvant \u00e0 Mo Salah","datePublished":"2026-03-24T22:48:15+00:00","dateModified":"2026-03-24T22:48:18+00:00","mainEntityOfPage":{"@id":"https:\/\/footdavant.fr\/actualites\/andy-robertson-envoie-un-message-emouvant-a-mo-salah\/"},"wordCount":273,"publisher":{"@id":"https:\/\/footdavant.fr\/actualites\/#organization"},"keywords":["Andy","\u00e9mouvant","envoie","message","Robertson","Salah"],"articleSection":["Football"],"inLanguage":"fr-FR"},{"@type":"WebPage","@id":"https:\/\/footdavant.fr\/actualites\/andy-robertson-envoie-un-message-emouvant-a-mo-salah\/","url":"https:\/\/footdavant.fr\/actualites\/andy-robertson-envoie-un-message-emouvant-a-mo-salah\/","name":"Andy Robertson envoie un message \u00e9mouvant \u00e0 Mo Salah","isPartOf":{"@id":"https:\/\/footdavant.fr\/actualites\/#website"},"datePublished":"2026-03-24T22:48:15+00:00","dateModified":"2026-03-24T22:48:18+00:00","breadcrumb":{"@id":"https:\/\/footdavant.fr\/actualites\/andy-robertson-envoie-un-message-emouvant-a-mo-salah\/#breadcrumb"},"inLanguage":"fr-FR","potentialAction":[{"@type":"ReadAction","target":["https:\/\/footdavant.fr\/actualites\/andy-robertson-envoie-un-message-emouvant-a-mo-salah\/"]}]},{"@type":"BreadcrumbList","@id":"https:\/\/footdavant.fr\/actualites\/andy-robertson-envoie-un-message-emouvant-a-mo-salah\/#breadcrumb","itemListElement":[{"@type":"ListItem","position":1,"name":"Accueil","item":"https:\/\/footdavant.fr\/actualites\/"},{"@type":"ListItem","position":2,"name":"Andy Robertson envoie un message \u00e9mouvant \u00e0 Mo Salah"}]},{"@type":"WebSite","@id":"https:\/\/footdavant.fr\/actualites\/#website","url":"https:\/\/footdavant.fr\/actualites\/","name":"Foot d'avant","description":"","publisher":{"@id":"https:\/\/footdavant.fr\/actualites\/#organization"},"potentialAction":[{"@type":"SearchAction","target":{"@type":"EntryPoint","urlTemplate":"https:\/\/footdavant.fr\/actualites\/?s={search_term_string}"},"query-input":"required name=search_term_string"}],"inLanguage":"fr-FR"},{"@type":"Organization","@id":"https:\/\/footdavant.fr\/actualites\/#organization","name":"Foot d'avant","url":"https:\/\/footdavant.fr\/actualites\/","logo":{"@type":"ImageObject","inLanguage":"fr-FR","@id":"https:\/\/footdavant.fr\/actualites\/#\/schema\/logo\/image\/","url":"https:\/\/footdavant.fr\/actualites\/wp-content\/uploads\/2023\/09\/Copy-of-FootDavant-Logo.png","contentUrl":"https:\/\/footdavant.fr\/actualites\/wp-content\/uploads\/2023\/09\/Copy-of-FootDavant-Logo.png","width":936,"height":549,"caption":"Foot d'avant"},"image":{"@id":"https:\/\/footdavant.fr\/actualites\/#\/schema\/logo\/image\/"},"sameAs":["https:\/\/www.facebook.com\/Footdavant\/","https:\/\/twitter.com\/FootdavantFr","https:\/\/www.instagram.com\/footdavant.fr\/"]},{"@type":"Person","@id":"https:\/\/footdavant.fr\/actualites\/#\/schema\/person\/bc222566d95871b37e597b3ed3ba5e1d","name":"Cl\u00e9ment","image":{"@type":"ImageObject","inLanguage":"fr-FR","@id":"https:\/\/footdavant.fr\/actualites\/#\/schema\/person\/image\/","url":"https:\/\/secure.gravatar.com\/avatar\/7728b29aac2719421e1a9159b2254c44?s=96&d=mm&r=g","contentUrl":"https:\/\/secure.gravatar.com\/avatar\/7728b29aac2719421e1a9159b2254c44?s=96&d=mm&r=g","caption":"Cl\u00e9ment"},"sameAs":["https:\/\/footdavant.fr\/"]}]}},"_links":{"self":[{"href":"https:\/\/footdavant.fr\/actualites\/wp-json\/wp\/v2\/posts\/35762"}],"collection":[{"href":"https:\/\/footdavant.fr\/actualites\/wp-json\/wp\/v2\/posts"}],"about":[{"href":"https:\/\/footdavant.fr\/actualites\/wp-json\/wp\/v2\/types\/post"}],"author":[{"embeddable":true,"href":"https:\/\/footdavant.fr\/actualites\/wp-json\/wp\/v2\/users\/1"}],"replies":[{"embeddable":true,"href":"https:\/\/footdavant.fr\/actualites\/wp-json\/wp\/v2\/comments?post=35762"}],"version-history":[{"count":1,"href":"https:\/\/footdavant.fr\/actualites\/wp-json\/wp\/v2\/posts\/35762\/revisions"}],"predecessor-version":[{"id":35764,"href":"https:\/\/footdavant.fr\/actualites\/wp-json\/wp\/v2\/posts\/35762\/revisions\/35764"}],"wp:featuredmedia":[{"embeddable":true,"href":"https:\/\/footdavant.fr\/actualites\/wp-json\/wp\/v2\/media\/35763"}],"wp:attachment":[{"href":"https:\/\/footdavant.fr\/actualites\/wp-json\/wp\/v2\/media?parent=35762"}],"wp:term":[{"taxonomy":"category","embeddable":true,"href":"https:\/\/footdavant.fr\/actualites\/wp-json\/wp\/v2\/categories?post=35762"},{"taxonomy":"post_tag","embeddable":true,"href":"https:\/\/footdavant.fr\/actualites\/wp-json\/wp\/v2\/tags?post=35762"}],"curies":[{"name":"wp","href":"https:\/\/api.w.org\/{rel}","templated":true}]}}