{"id":35765,"date":"2026-03-25T01:48:02","date_gmt":"2026-03-25T00:48:02","guid":{"rendered":"https:\/\/footdavant.fr\/actualites\/nouvelles-du-transfert-de-liverpool-la-star-de-newcastle-united-envisagee-dans-le-cadre-dun-double-ailier\/"},"modified":"2026-03-25T01:48:04","modified_gmt":"2026-03-25T00:48:04","slug":"nouvelles-du-transfert-de-liverpool-la-star-de-newcastle-united-envisagee-dans-le-cadre-dun-double-ailier","status":"publish","type":"post","link":"https:\/\/footdavant.fr\/actualites\/nouvelles-du-transfert-de-liverpool-la-star-de-newcastle-united-envisagee-dans-le-cadre-dun-double-ailier\/","title":{"rendered":"Nouvelles du transfert de Liverpool: la star de Newcastle United envisag\u00e9e dans le cadre d\u2019un \u00ab double \u00bb ailier"},"content":{"rendered":"<div itemprop=\"articleBody\">\n<p>Liverpool aurait identifi\u00e9 la star de Newcastle United, Anthony Gordon, comme l&#39;un des deux ailiers qu&#39;ils aimeraient signer lors du mercato estival.<\/p>\n<p>Les g\u00e9ants du Merseyside se concentrent actuellement sur l\u2019obtention de trois points potentiellement cruciaux contre Brighton &#038; Hove Albion samedi apr\u00e8s-midi alors qu\u2019ils tentent de renforcer leurs espoirs de terminer dans le top cinq du classement de la Premier League.<\/p>\n<p>Cependant, apr\u00e8s une campagne sans succ\u00e8s pour le titre, il existe une possibilit\u00e9 de changement significatif \u00e0 Anfield une fois la saison 2025-2026 termin\u00e9e.<\/p>\n<p>En plus d&#39;un \u00e9ventuel changement de manager avec Xabi Alonso li\u00e9 au remplacement d&#39;Arne Slot, Liverpool effectuera des ajouts dans certaines zones du terrain.<\/p>\n<p>Selon TEAMtalk, deux ailiers pourraient \u00eatre sign\u00e9s pendant l&#39;intersaison, avec une approche pour Gordon apparemment en pr\u00e9paration.<\/p>\n<div>\n<div>\n<p>\u00a9 Imago \/ Chaque deuxi\u00e8me m\u00e9dia<\/p>\n<\/div>\n<\/div>\n<h2>Liverpool veut-il courir apr\u00e8s la signature de Gordon ?<\/h2>\n<p>Le rapport sugg\u00e8re que l&#39;ancien jeune d&#39;Everton est consid\u00e9r\u00e9 comme une alternative \u00e0 Cody Gakpo, \u00e0 condition que l&#39;international n\u00e9erlandais quitte Liverpool.<\/p>\n<p>Bien que les dirigeants de Liverpool ne pousseront pas le joueur de 26 ans \u00e0 sortir, son retour de huit buts et quatre passes d\u00e9cisives en 37 apparitions en Premier League et en Ligue des champions signifie qu&#39;il risque de chuter dans la hi\u00e9rarchie.<\/p>\n<p>Avec Gordon ayant un contrat \u00e0 Newcastle jusqu&#39;en 2030 et les relations de club \u00e0 club loin d&#39;\u00eatre parfaites apr\u00e8s le transfert d&#39;Alexander Isak l&#39;\u00e9t\u00e9 dernier, toute d\u00e9cision pour Gordon pourrait s&#39;av\u00e9rer difficile.<\/p>\n<p>N\u00e9anmoins, Liverpool semble vouloir tester la d\u00e9termination des Magpies envers leur joueur vedette.<\/p>\n<p>Pendant ce temps, il y aurait \u00e9galement un int\u00e9r\u00eat pour Maghnes Akliouche de Monaco, qui est pressenti pour un \u00e9ventuel transfert loin de l&#39;\u00e9quipe de Ligue 1.<\/p>\n<p>Un total de 22 buts et 24 passes d\u00e9cisives ont \u00e9t\u00e9 inscrits en 131 apparitions pour Monaco, un retour qui a permis au joueur de 24 ans de remporter cinq s\u00e9lections pour la France.<\/p>\n<div>\n<div><img decoding=\"async\" data-img-id=\"153383\" class=\"lazy\" loading=\"lazy\" src=\"https:\/\/footdavant.fr\/actualites\/wp-content\/uploads\/2025\/10\/Liverpool-contre-Aston-Villa-comment-regarder-date-heure-diffusion.webp\"\/><\/p>\n<p>\u00a9 Imago \/ Photo de propagande<\/p>\n<\/div>\n<\/div>\n<h2>L\u2019heure d\u2019un remaniement \u00e0 Liverpool ?<\/h2>\n<p>Alors que Liverpool peut \u00eatre satisfait du retour de Gakpo de 49 buts et 21 passes d\u00e9cisives en 169 apparitions toutes comp\u00e9titions confondues, ses chiffres cette campagne sont nettement en baisse par rapport \u00e0 2024-25.<\/p>\n<p>Federico Chiesa n&#39;a pas non plus d&#39;avenir \u00e0 long terme \u00e0 Anfield. Slot a remarquablement utilis\u00e9 le meneur de jeu italien \u00e0 26 reprises en dehors du banc des rempla\u00e7ants et ne l&#39;a titularis\u00e9 que cinq fois.<\/p>\n<p>Les points de friction pourraient \u00eatre de savoir si Liverpool peut attirer des offres importantes pour la paire, en particulier Gakpo qui co\u00fbte plus de 40 millions de livres sterling lorsque les modules compl\u00e9mentaires sont pris en compte.<\/p>\n<p>Les d\u00e9penses excessives de Liverpool l&#39;\u00e9t\u00e9 dernier pourraient signifier qu&#39;ils doivent \u00eatre prudents sur le march\u00e9 \u00e0 venir.<\/p>\n<\/div>\n","protected":false},"excerpt":{"rendered":"<p>Liverpool aurait identifi\u00e9 la star de Newcastle United, Anthony Gordon, comme l&#39;un des deux ailiers qu&#39;ils aimeraient signer lors du mercato estival. Les g\u00e9ants du<\/p>\n","protected":false},"author":1,"featured_media":35766,"comment_status":"closed","ping_status":"","sticky":false,"template":"","format":"standard","meta":{"footnotes":""},"categories":[5],"tags":[5159,754,19,317,164,6593,53,22,461,1621,700,13],"yoast_head":"<!-- This site is optimized with the Yoast SEO plugin v21.0 - https:\/\/yoast.com\/wordpress\/plugins\/seo\/ -->\n<title>Nouvelles du transfert de Liverpool: la star de Newcastle United envisag\u00e9e dans le cadre d\u2019un \u00ab double \u00bb ailier<\/title>\n<meta name=\"robots\" content=\"index, follow, max-snippet:-1, max-image-preview:large, max-video-preview:-1\" \/>\n<link rel=\"canonical\" href=\"https:\/\/footdavant.fr\/actualites\/nouvelles-du-transfert-de-liverpool-la-star-de-newcastle-united-envisagee-dans-le-cadre-dun-double-ailier\/\" \/>\n<meta property=\"og:locale\" content=\"fr_FR\" \/>\n<meta property=\"og:type\" content=\"article\" \/>\n<meta property=\"og:title\" content=\"Nouvelles du transfert de Liverpool: la star de Newcastle United envisag\u00e9e dans le cadre d\u2019un \u00ab double \u00bb ailier\" \/>\n<meta property=\"og:description\" content=\"Liverpool aurait identifi\u00e9 la star de Newcastle United, Anthony Gordon, comme l&#039;un des deux ailiers qu&#039;ils aimeraient signer lors du mercato estival. Les g\u00e9ants du\" \/>\n<meta property=\"og:url\" content=\"https:\/\/footdavant.fr\/actualites\/nouvelles-du-transfert-de-liverpool-la-star-de-newcastle-united-envisagee-dans-le-cadre-dun-double-ailier\/\" \/>\n<meta property=\"og:site_name\" content=\"Foot d&#039;avant\" \/>\n<meta property=\"article:publisher\" content=\"https:\/\/www.facebook.com\/Footdavant\/\" \/>\n<meta property=\"article:published_time\" content=\"2026-03-25T00:48:02+00:00\" \/>\n<meta property=\"article:modified_time\" content=\"2026-03-25T00:48:04+00:00\" \/>\n<meta property=\"og:image\" content=\"https:\/\/footdavant.fr\/actualites\/wp-content\/uploads\/2026\/03\/Nouvelles-du-transfert-de-Liverpool-la-star-de-Newcastle-United.net2Fuploads2F20262F022Ficonsport-360609.webp\" \/>\n\t<meta property=\"og:image:width\" content=\"720\" \/>\n\t<meta property=\"og:image:height\" content=\"410\" \/>\n\t<meta property=\"og:image:type\" content=\"image\/webp\" \/>\n<meta name=\"author\" content=\"Cl\u00e9ment\" \/>\n<meta name=\"twitter:card\" content=\"summary_large_image\" \/>\n<meta name=\"twitter:creator\" content=\"@FootdavantFr\" \/>\n<meta name=\"twitter:site\" content=\"@FootdavantFr\" \/>\n<meta name=\"twitter:label1\" content=\"\u00c9crit par\" \/>\n\t<meta name=\"twitter:data1\" content=\"Cl\u00e9ment\" \/>\n\t<meta name=\"twitter:label2\" content=\"Dur\u00e9e de lecture estim\u00e9e\" \/>\n\t<meta name=\"twitter:data2\" content=\"2 minutes\" \/>\n<script type=\"application\/ld+json\" class=\"yoast-schema-graph\">{\"@context\":\"https:\/\/schema.org\",\"@graph\":[{\"@type\":\"Article\",\"@id\":\"https:\/\/footdavant.fr\/actualites\/nouvelles-du-transfert-de-liverpool-la-star-de-newcastle-united-envisagee-dans-le-cadre-dun-double-ailier\/#article\",\"isPartOf\":{\"@id\":\"https:\/\/footdavant.fr\/actualites\/nouvelles-du-transfert-de-liverpool-la-star-de-newcastle-united-envisagee-dans-le-cadre-dun-double-ailier\/\"},\"author\":{\"name\":\"Cl\u00e9ment\",\"@id\":\"https:\/\/footdavant.fr\/actualites\/#\/schema\/person\/bc222566d95871b37e597b3ed3ba5e1d\"},\"headline\":\"Nouvelles du transfert de Liverpool: la star de Newcastle United envisag\u00e9e dans le cadre d\u2019un \u00ab double \u00bb ailier\",\"datePublished\":\"2026-03-25T00:48:02+00:00\",\"dateModified\":\"2026-03-25T00:48:04+00:00\",\"mainEntityOfPage\":{\"@id\":\"https:\/\/footdavant.fr\/actualites\/nouvelles-du-transfert-de-liverpool-la-star-de-newcastle-united-envisagee-dans-le-cadre-dun-double-ailier\/\"},\"wordCount\":496,\"publisher\":{\"@id\":\"https:\/\/footdavant.fr\/actualites\/#organization\"},\"keywords\":[\"ailier\",\"cadre\",\"dans\",\"doubl\u00e9\",\"dun\",\"envisag\u00e9e\",\"Liverpool\",\"Newcastle\",\"Nouvelles\",\"Star\",\"transfert\",\"United\"],\"articleSection\":[\"Premier League\"],\"inLanguage\":\"fr-FR\"},{\"@type\":\"WebPage\",\"@id\":\"https:\/\/footdavant.fr\/actualites\/nouvelles-du-transfert-de-liverpool-la-star-de-newcastle-united-envisagee-dans-le-cadre-dun-double-ailier\/\",\"url\":\"https:\/\/footdavant.fr\/actualites\/nouvelles-du-transfert-de-liverpool-la-star-de-newcastle-united-envisagee-dans-le-cadre-dun-double-ailier\/\",\"name\":\"Nouvelles du transfert de Liverpool: la star de Newcastle United envisag\u00e9e dans le cadre d\u2019un \u00ab double \u00bb ailier\",\"isPartOf\":{\"@id\":\"https:\/\/footdavant.fr\/actualites\/#website\"},\"datePublished\":\"2026-03-25T00:48:02+00:00\",\"dateModified\":\"2026-03-25T00:48:04+00:00\",\"breadcrumb\":{\"@id\":\"https:\/\/footdavant.fr\/actualites\/nouvelles-du-transfert-de-liverpool-la-star-de-newcastle-united-envisagee-dans-le-cadre-dun-double-ailier\/#breadcrumb\"},\"inLanguage\":\"fr-FR\",\"potentialAction\":[{\"@type\":\"ReadAction\",\"target\":[\"https:\/\/footdavant.fr\/actualites\/nouvelles-du-transfert-de-liverpool-la-star-de-newcastle-united-envisagee-dans-le-cadre-dun-double-ailier\/\"]}]},{\"@type\":\"BreadcrumbList\",\"@id\":\"https:\/\/footdavant.fr\/actualites\/nouvelles-du-transfert-de-liverpool-la-star-de-newcastle-united-envisagee-dans-le-cadre-dun-double-ailier\/#breadcrumb\",\"itemListElement\":[{\"@type\":\"ListItem\",\"position\":1,\"name\":\"Accueil\",\"item\":\"https:\/\/footdavant.fr\/actualites\/\"},{\"@type\":\"ListItem\",\"position\":2,\"name\":\"Nouvelles du transfert de Liverpool: la star de Newcastle United envisag\u00e9e dans le cadre d\u2019un \u00ab double \u00bb ailier\"}]},{\"@type\":\"WebSite\",\"@id\":\"https:\/\/footdavant.fr\/actualites\/#website\",\"url\":\"https:\/\/footdavant.fr\/actualites\/\",\"name\":\"Foot d'avant\",\"description\":\"\",\"publisher\":{\"@id\":\"https:\/\/footdavant.fr\/actualites\/#organization\"},\"potentialAction\":[{\"@type\":\"SearchAction\",\"target\":{\"@type\":\"EntryPoint\",\"urlTemplate\":\"https:\/\/footdavant.fr\/actualites\/?s={search_term_string}\"},\"query-input\":\"required name=search_term_string\"}],\"inLanguage\":\"fr-FR\"},{\"@type\":\"Organization\",\"@id\":\"https:\/\/footdavant.fr\/actualites\/#organization\",\"name\":\"Foot d'avant\",\"url\":\"https:\/\/footdavant.fr\/actualites\/\",\"logo\":{\"@type\":\"ImageObject\",\"inLanguage\":\"fr-FR\",\"@id\":\"https:\/\/footdavant.fr\/actualites\/#\/schema\/logo\/image\/\",\"url\":\"https:\/\/footdavant.fr\/actualites\/wp-content\/uploads\/2023\/09\/Copy-of-FootDavant-Logo.png\",\"contentUrl\":\"https:\/\/footdavant.fr\/actualites\/wp-content\/uploads\/2023\/09\/Copy-of-FootDavant-Logo.png\",\"width\":936,\"height\":549,\"caption\":\"Foot d'avant\"},\"image\":{\"@id\":\"https:\/\/footdavant.fr\/actualites\/#\/schema\/logo\/image\/\"},\"sameAs\":[\"https:\/\/www.facebook.com\/Footdavant\/\",\"https:\/\/twitter.com\/FootdavantFr\",\"https:\/\/www.instagram.com\/footdavant.fr\/\"]},{\"@type\":\"Person\",\"@id\":\"https:\/\/footdavant.fr\/actualites\/#\/schema\/person\/bc222566d95871b37e597b3ed3ba5e1d\",\"name\":\"Cl\u00e9ment\",\"image\":{\"@type\":\"ImageObject\",\"inLanguage\":\"fr-FR\",\"@id\":\"https:\/\/footdavant.fr\/actualites\/#\/schema\/person\/image\/\",\"url\":\"https:\/\/secure.gravatar.com\/avatar\/7728b29aac2719421e1a9159b2254c44?s=96&d=mm&r=g\",\"contentUrl\":\"https:\/\/secure.gravatar.com\/avatar\/7728b29aac2719421e1a9159b2254c44?s=96&d=mm&r=g\",\"caption\":\"Cl\u00e9ment\"},\"sameAs\":[\"https:\/\/footdavant.fr\/\"]}]}<\/script>\n<!-- \/ Yoast SEO plugin. -->","yoast_head_json":{"title":"Nouvelles du transfert de Liverpool: la star de Newcastle United envisag\u00e9e dans le cadre d\u2019un \u00ab double \u00bb ailier","robots":{"index":"index","follow":"follow","max-snippet":"max-snippet:-1","max-image-preview":"max-image-preview:large","max-video-preview":"max-video-preview:-1"},"canonical":"https:\/\/footdavant.fr\/actualites\/nouvelles-du-transfert-de-liverpool-la-star-de-newcastle-united-envisagee-dans-le-cadre-dun-double-ailier\/","og_locale":"fr_FR","og_type":"article","og_title":"Nouvelles du transfert de Liverpool: la star de Newcastle United envisag\u00e9e dans le cadre d\u2019un \u00ab double \u00bb ailier","og_description":"Liverpool aurait identifi\u00e9 la star de Newcastle United, Anthony Gordon, comme l&#39;un des deux ailiers qu&#39;ils aimeraient signer lors du mercato estival. Les g\u00e9ants du","og_url":"https:\/\/footdavant.fr\/actualites\/nouvelles-du-transfert-de-liverpool-la-star-de-newcastle-united-envisagee-dans-le-cadre-dun-double-ailier\/","og_site_name":"Foot d&#039;avant","article_publisher":"https:\/\/www.facebook.com\/Footdavant\/","article_published_time":"2026-03-25T00:48:02+00:00","article_modified_time":"2026-03-25T00:48:04+00:00","og_image":[{"width":720,"height":410,"url":"https:\/\/footdavant.fr\/actualites\/wp-content\/uploads\/2026\/03\/Nouvelles-du-transfert-de-Liverpool-la-star-de-Newcastle-United.net2Fuploads2F20262F022Ficonsport-360609.webp","type":"image\/webp"}],"author":"Cl\u00e9ment","twitter_card":"summary_large_image","twitter_creator":"@FootdavantFr","twitter_site":"@FootdavantFr","twitter_misc":{"\u00c9crit par":"Cl\u00e9ment","Dur\u00e9e de lecture estim\u00e9e":"2 minutes"},"schema":{"@context":"https:\/\/schema.org","@graph":[{"@type":"Article","@id":"https:\/\/footdavant.fr\/actualites\/nouvelles-du-transfert-de-liverpool-la-star-de-newcastle-united-envisagee-dans-le-cadre-dun-double-ailier\/#article","isPartOf":{"@id":"https:\/\/footdavant.fr\/actualites\/nouvelles-du-transfert-de-liverpool-la-star-de-newcastle-united-envisagee-dans-le-cadre-dun-double-ailier\/"},"author":{"name":"Cl\u00e9ment","@id":"https:\/\/footdavant.fr\/actualites\/#\/schema\/person\/bc222566d95871b37e597b3ed3ba5e1d"},"headline":"Nouvelles du transfert de Liverpool: la star de Newcastle United envisag\u00e9e dans le cadre d\u2019un \u00ab double \u00bb ailier","datePublished":"2026-03-25T00:48:02+00:00","dateModified":"2026-03-25T00:48:04+00:00","mainEntityOfPage":{"@id":"https:\/\/footdavant.fr\/actualites\/nouvelles-du-transfert-de-liverpool-la-star-de-newcastle-united-envisagee-dans-le-cadre-dun-double-ailier\/"},"wordCount":496,"publisher":{"@id":"https:\/\/footdavant.fr\/actualites\/#organization"},"keywords":["ailier","cadre","dans","doubl\u00e9","dun","envisag\u00e9e","Liverpool","Newcastle","Nouvelles","Star","transfert","United"],"articleSection":["Premier League"],"inLanguage":"fr-FR"},{"@type":"WebPage","@id":"https:\/\/footdavant.fr\/actualites\/nouvelles-du-transfert-de-liverpool-la-star-de-newcastle-united-envisagee-dans-le-cadre-dun-double-ailier\/","url":"https:\/\/footdavant.fr\/actualites\/nouvelles-du-transfert-de-liverpool-la-star-de-newcastle-united-envisagee-dans-le-cadre-dun-double-ailier\/","name":"Nouvelles du transfert de Liverpool: la star de Newcastle United envisag\u00e9e dans le cadre d\u2019un \u00ab double \u00bb ailier","isPartOf":{"@id":"https:\/\/footdavant.fr\/actualites\/#website"},"datePublished":"2026-03-25T00:48:02+00:00","dateModified":"2026-03-25T00:48:04+00:00","breadcrumb":{"@id":"https:\/\/footdavant.fr\/actualites\/nouvelles-du-transfert-de-liverpool-la-star-de-newcastle-united-envisagee-dans-le-cadre-dun-double-ailier\/#breadcrumb"},"inLanguage":"fr-FR","potentialAction":[{"@type":"ReadAction","target":["https:\/\/footdavant.fr\/actualites\/nouvelles-du-transfert-de-liverpool-la-star-de-newcastle-united-envisagee-dans-le-cadre-dun-double-ailier\/"]}]},{"@type":"BreadcrumbList","@id":"https:\/\/footdavant.fr\/actualites\/nouvelles-du-transfert-de-liverpool-la-star-de-newcastle-united-envisagee-dans-le-cadre-dun-double-ailier\/#breadcrumb","itemListElement":[{"@type":"ListItem","position":1,"name":"Accueil","item":"https:\/\/footdavant.fr\/actualites\/"},{"@type":"ListItem","position":2,"name":"Nouvelles du transfert de Liverpool: la star de Newcastle United envisag\u00e9e dans le cadre d\u2019un \u00ab double \u00bb ailier"}]},{"@type":"WebSite","@id":"https:\/\/footdavant.fr\/actualites\/#website","url":"https:\/\/footdavant.fr\/actualites\/","name":"Foot d'avant","description":"","publisher":{"@id":"https:\/\/footdavant.fr\/actualites\/#organization"},"potentialAction":[{"@type":"SearchAction","target":{"@type":"EntryPoint","urlTemplate":"https:\/\/footdavant.fr\/actualites\/?s={search_term_string}"},"query-input":"required name=search_term_string"}],"inLanguage":"fr-FR"},{"@type":"Organization","@id":"https:\/\/footdavant.fr\/actualites\/#organization","name":"Foot d'avant","url":"https:\/\/footdavant.fr\/actualites\/","logo":{"@type":"ImageObject","inLanguage":"fr-FR","@id":"https:\/\/footdavant.fr\/actualites\/#\/schema\/logo\/image\/","url":"https:\/\/footdavant.fr\/actualites\/wp-content\/uploads\/2023\/09\/Copy-of-FootDavant-Logo.png","contentUrl":"https:\/\/footdavant.fr\/actualites\/wp-content\/uploads\/2023\/09\/Copy-of-FootDavant-Logo.png","width":936,"height":549,"caption":"Foot d'avant"},"image":{"@id":"https:\/\/footdavant.fr\/actualites\/#\/schema\/logo\/image\/"},"sameAs":["https:\/\/www.facebook.com\/Footdavant\/","https:\/\/twitter.com\/FootdavantFr","https:\/\/www.instagram.com\/footdavant.fr\/"]},{"@type":"Person","@id":"https:\/\/footdavant.fr\/actualites\/#\/schema\/person\/bc222566d95871b37e597b3ed3ba5e1d","name":"Cl\u00e9ment","image":{"@type":"ImageObject","inLanguage":"fr-FR","@id":"https:\/\/footdavant.fr\/actualites\/#\/schema\/person\/image\/","url":"https:\/\/secure.gravatar.com\/avatar\/7728b29aac2719421e1a9159b2254c44?s=96&d=mm&r=g","contentUrl":"https:\/\/secure.gravatar.com\/avatar\/7728b29aac2719421e1a9159b2254c44?s=96&d=mm&r=g","caption":"Cl\u00e9ment"},"sameAs":["https:\/\/footdavant.fr\/"]}]}},"_links":{"self":[{"href":"https:\/\/footdavant.fr\/actualites\/wp-json\/wp\/v2\/posts\/35765"}],"collection":[{"href":"https:\/\/footdavant.fr\/actualites\/wp-json\/wp\/v2\/posts"}],"about":[{"href":"https:\/\/footdavant.fr\/actualites\/wp-json\/wp\/v2\/types\/post"}],"author":[{"embeddable":true,"href":"https:\/\/footdavant.fr\/actualites\/wp-json\/wp\/v2\/users\/1"}],"replies":[{"embeddable":true,"href":"https:\/\/footdavant.fr\/actualites\/wp-json\/wp\/v2\/comments?post=35765"}],"version-history":[{"count":1,"href":"https:\/\/footdavant.fr\/actualites\/wp-json\/wp\/v2\/posts\/35765\/revisions"}],"predecessor-version":[{"id":35767,"href":"https:\/\/footdavant.fr\/actualites\/wp-json\/wp\/v2\/posts\/35765\/revisions\/35767"}],"wp:featuredmedia":[{"embeddable":true,"href":"https:\/\/footdavant.fr\/actualites\/wp-json\/wp\/v2\/media\/35766"}],"wp:attachment":[{"href":"https:\/\/footdavant.fr\/actualites\/wp-json\/wp\/v2\/media?parent=35765"}],"wp:term":[{"taxonomy":"category","embeddable":true,"href":"https:\/\/footdavant.fr\/actualites\/wp-json\/wp\/v2\/categories?post=35765"},{"taxonomy":"post_tag","embeddable":true,"href":"https:\/\/footdavant.fr\/actualites\/wp-json\/wp\/v2\/tags?post=35765"}],"curies":[{"name":"wp","href":"https:\/\/api.w.org\/{rel}","templated":true}]}}