{"id":35774,"date":"2026-03-25T07:48:05","date_gmt":"2026-03-25T06:48:05","guid":{"rendered":"https:\/\/footdavant.fr\/actualites\/marc-skinner-le-manager-de-united-donne-un-message-optimiste-avant-le-match-crucial\/"},"modified":"2026-03-25T07:48:07","modified_gmt":"2026-03-25T06:48:07","slug":"marc-skinner-le-manager-de-united-donne-un-message-optimiste-avant-le-match-crucial","status":"publish","type":"post","link":"https:\/\/footdavant.fr\/actualites\/marc-skinner-le-manager-de-united-donne-un-message-optimiste-avant-le-match-crucial\/","title":{"rendered":"Marc Skinner: le manager de United donne un message optimiste avant le match crucial \u2013"},"content":{"rendered":"<div id=\"penci-post-entry-inner\">\n<p>\t\t\t<i class=\"penci-post-countview-number-check\" style=\"display:none\">1<\/i><\/p>\n<p>Manchester United Women se pr\u00e9pare pour un match massif contre le Bayern Munich \u00e0 Old Trafford ce soir.<\/p>\n<p>Les Diables Rouges ont facilement battu l&#39;Atletico Madrid au dernier tour et affrontent d\u00e9sormais leur tout premier quart de finale de Ligue des Champions.<\/p>\n<p>United s&#39;est \u00e9chauff\u00e9 avec une derni\u00e8re victoire 2-1 contre Everton, la Fran\u00e7aise Melvine Malard marquant un but vainqueur tardif.<\/p>\n<p>L&#39;entra\u00eeneur-chef Marc Skinner s&#39;est adress\u00e9 aux m\u00e9dias avant le match lors de sa conf\u00e9rence de presse d&#39;avant-match.<\/p>\n<h3>Hinata Miyazawa revient<\/h3>\n<p>Apr\u00e8s avoir remport\u00e9 la Coupe d&#39;Asie avec le Japon ce week-end en Australie, Miyazawa est de retour remarquable dans l&#39;\u00e9quipe.<\/p>\n<p>Commentant la situation, Skinner a r\u00e9v\u00e9l\u00e9 : \u00ab\u00a0Oui, elle va bien, honn\u00eatement. Comme vous pouvez l&#39;imaginer, elle est au plus haut niveau apr\u00e8s avoir remport\u00e9 le tournoi &#8211; un exploit fantastique. Il pourrait y avoir un certain effet, mais elle se sent pr\u00eate \u00e0 partir. Elle s&#39;est bien entra\u00een\u00e9e et est en lice pour commencer.\u00a0\u00bb<\/p>\n<p>Il a \u00e9galement confirm\u00e9 que Jayde Rivi\u00e8re est de retour en lice pour jouer, mais que Dominique Janssen est toujours absent.<\/p>\n<h3>Atteindre les quarts de finale<\/h3>\n<p>Skinner a ensuite parl\u00e9 de la r\u00e9ussite de son \u00e9quipe qui a atteint les huiti\u00e8mes de finale de la plus belle comp\u00e9tition europ\u00e9enne. Il a affirm\u00e9 : \u00ab\u00a0Nous sommes dans un endroit \u00e9trange \u2013 nous appr\u00e9cions le voyage, surtout en Ligue des champions. Mais \u00e0 ce stade, vous ne vous contentez pas de vous pr\u00e9senter et de dire : \u00a0\u00bb Merci, nous avons appr\u00e9ci\u00e9 le voyage. Nous avons deux matchs \u00e9normes \u00e0 jouer \u00e0 Old Trafford et \u00e0 l&#39;Allianz. Nous devons maximiser le moment.<\/p>\n<p>Abordant davantage la question de mener United \u00e0 un quart de finale europ\u00e9en, il a ajout\u00e9 : \u00ab\u00a0C&#39;est \u00e9norme, mais on n&#39;a pas le temps d&#39;y penser. Je n&#39;ai m\u00eame pas f\u00eat\u00e9 mon anniversaire, nous avons du travail \u00e0 faire. Nous voulons cr\u00e9er l&#39;histoire, et nous ne nous arr\u00eatons pas maintenant.\u00a0\u00bb<\/p>\n<h3>Approche tactique<\/h3>\n<p>L&#39;entra\u00eeneur a ensuite \u00e9t\u00e9 interrog\u00e9 sur la fa\u00e7on dont il aborderait le match et il a r\u00e9pondu : \u00ab\u00a0Vous devez g\u00e9rer les deux jambes. Cette \u00e9galit\u00e9 ne se d\u00e9cidera pas en un seul match. Il y aura des changements de dynamique &#8211; les deux \u00e9quipes peuvent se blesser. Nous \u00e9quilibrerons l&#39;attaque et le contr\u00f4le du jeu. Ensuite, nous irons en Allemagne pour un autre match difficile.\u00a0\u00bb<\/p>\n<p>Il a ensuite \u00e9t\u00e9 interrog\u00e9 sur la s\u00e9rie de 22 matches sans d\u00e9faite du Bayern et, tout en respectant cet exploit, il a r\u00e9pondu avec optimisme : \u00ab\u00a0Ils n&#39;ont pas encore jou\u00e9 contre Manchester United. Nous les respectons, mais ce jour-l\u00e0, c&#39;est \u00e0 propos de nous.\u00a0\u00bb<\/p>\n<p>Le match d\u00e9butera ce soir \u00e0 20h00 GMT \u00e0 Old Trafford.<\/p>\n<\/p>\n<hr\/>\n<p>The Peoples Person est l&#39;un des principaux sites d&#39;information de Man United au monde depuis plus d&#39;une d\u00e9cennie. Suivez-nous sur Bluesky\u00a0: @peoplesperson.bsky.social<\/p>\n<p><!-- CONTENT END 2 --><\/p><\/div>\n","protected":false},"excerpt":{"rendered":"<p>1 Manchester United Women se pr\u00e9pare pour un match massif contre le Bayern Munich \u00e0 Old Trafford ce soir. Les Diables Rouges ont facilement battu<\/p>\n","protected":false},"author":1,"featured_media":35775,"comment_status":"closed","ping_status":"","sticky":false,"template":"","format":"standard","meta":{"footnotes":""},"categories":[3],"tags":[491,2557,672,504,1678,257,678,4432,2195,13],"yoast_head":"<!-- This site is optimized with the Yoast SEO plugin v21.0 - https:\/\/yoast.com\/wordpress\/plugins\/seo\/ -->\n<title>Marc Skinner: le manager de United donne un message optimiste avant le match crucial \u2013<\/title>\n<meta name=\"robots\" content=\"index, follow, max-snippet:-1, max-image-preview:large, max-video-preview:-1\" \/>\n<link rel=\"canonical\" href=\"https:\/\/footdavant.fr\/actualites\/marc-skinner-le-manager-de-united-donne-un-message-optimiste-avant-le-match-crucial\/\" \/>\n<meta property=\"og:locale\" content=\"fr_FR\" \/>\n<meta property=\"og:type\" content=\"article\" \/>\n<meta property=\"og:title\" content=\"Marc Skinner: le manager de United donne un message optimiste avant le match crucial \u2013\" \/>\n<meta property=\"og:description\" content=\"1 Manchester United Women se pr\u00e9pare pour un match massif contre le Bayern Munich \u00e0 Old Trafford ce soir. Les Diables Rouges ont facilement battu\" \/>\n<meta property=\"og:url\" content=\"https:\/\/footdavant.fr\/actualites\/marc-skinner-le-manager-de-united-donne-un-message-optimiste-avant-le-match-crucial\/\" \/>\n<meta property=\"og:site_name\" content=\"Foot d&#039;avant\" \/>\n<meta property=\"article:publisher\" content=\"https:\/\/www.facebook.com\/Footdavant\/\" \/>\n<meta property=\"article:published_time\" content=\"2026-03-25T06:48:05+00:00\" \/>\n<meta property=\"article:modified_time\" content=\"2026-03-25T06:48:07+00:00\" \/>\n<meta property=\"og:image\" content=\"https:\/\/footdavant.fr\/actualites\/wp-content\/uploads\/2026\/03\/Marc-Skinner-le-manager-de-United-donne-un-message-optimiste.jpg\" \/>\n\t<meta property=\"og:image:width\" content=\"1200\" \/>\n\t<meta property=\"og:image:height\" content=\"676\" \/>\n\t<meta property=\"og:image:type\" content=\"image\/jpeg\" \/>\n<meta name=\"author\" content=\"Cl\u00e9ment\" \/>\n<meta name=\"twitter:card\" content=\"summary_large_image\" \/>\n<meta name=\"twitter:creator\" content=\"@FootdavantFr\" \/>\n<meta name=\"twitter:site\" content=\"@FootdavantFr\" \/>\n<meta name=\"twitter:label1\" content=\"\u00c9crit par\" \/>\n\t<meta name=\"twitter:data1\" content=\"Cl\u00e9ment\" \/>\n\t<meta name=\"twitter:label2\" content=\"Dur\u00e9e de lecture estim\u00e9e\" \/>\n\t<meta name=\"twitter:data2\" content=\"3 minutes\" \/>\n<script type=\"application\/ld+json\" class=\"yoast-schema-graph\">{\"@context\":\"https:\/\/schema.org\",\"@graph\":[{\"@type\":\"Article\",\"@id\":\"https:\/\/footdavant.fr\/actualites\/marc-skinner-le-manager-de-united-donne-un-message-optimiste-avant-le-match-crucial\/#article\",\"isPartOf\":{\"@id\":\"https:\/\/footdavant.fr\/actualites\/marc-skinner-le-manager-de-united-donne-un-message-optimiste-avant-le-match-crucial\/\"},\"author\":{\"name\":\"Cl\u00e9ment\",\"@id\":\"https:\/\/footdavant.fr\/actualites\/#\/schema\/person\/bc222566d95871b37e597b3ed3ba5e1d\"},\"headline\":\"Marc Skinner: le manager de United donne un message optimiste avant le match crucial \u2013\",\"datePublished\":\"2026-03-25T06:48:05+00:00\",\"dateModified\":\"2026-03-25T06:48:07+00:00\",\"mainEntityOfPage\":{\"@id\":\"https:\/\/footdavant.fr\/actualites\/marc-skinner-le-manager-de-united-donne-un-message-optimiste-avant-le-match-crucial\/\"},\"wordCount\":521,\"publisher\":{\"@id\":\"https:\/\/footdavant.fr\/actualites\/#organization\"},\"keywords\":[\"avant\",\"crucial\",\"donne\",\"manager\",\"Marc\",\"match\",\"message\",\"optimiste\",\"Skinner\",\"United\"],\"articleSection\":[\"Football\"],\"inLanguage\":\"fr-FR\"},{\"@type\":\"WebPage\",\"@id\":\"https:\/\/footdavant.fr\/actualites\/marc-skinner-le-manager-de-united-donne-un-message-optimiste-avant-le-match-crucial\/\",\"url\":\"https:\/\/footdavant.fr\/actualites\/marc-skinner-le-manager-de-united-donne-un-message-optimiste-avant-le-match-crucial\/\",\"name\":\"Marc Skinner: le manager de United donne un message optimiste avant le match crucial \u2013\",\"isPartOf\":{\"@id\":\"https:\/\/footdavant.fr\/actualites\/#website\"},\"datePublished\":\"2026-03-25T06:48:05+00:00\",\"dateModified\":\"2026-03-25T06:48:07+00:00\",\"breadcrumb\":{\"@id\":\"https:\/\/footdavant.fr\/actualites\/marc-skinner-le-manager-de-united-donne-un-message-optimiste-avant-le-match-crucial\/#breadcrumb\"},\"inLanguage\":\"fr-FR\",\"potentialAction\":[{\"@type\":\"ReadAction\",\"target\":[\"https:\/\/footdavant.fr\/actualites\/marc-skinner-le-manager-de-united-donne-un-message-optimiste-avant-le-match-crucial\/\"]}]},{\"@type\":\"BreadcrumbList\",\"@id\":\"https:\/\/footdavant.fr\/actualites\/marc-skinner-le-manager-de-united-donne-un-message-optimiste-avant-le-match-crucial\/#breadcrumb\",\"itemListElement\":[{\"@type\":\"ListItem\",\"position\":1,\"name\":\"Accueil\",\"item\":\"https:\/\/footdavant.fr\/actualites\/\"},{\"@type\":\"ListItem\",\"position\":2,\"name\":\"Marc Skinner: le manager de United donne un message optimiste avant le match crucial \u2013\"}]},{\"@type\":\"WebSite\",\"@id\":\"https:\/\/footdavant.fr\/actualites\/#website\",\"url\":\"https:\/\/footdavant.fr\/actualites\/\",\"name\":\"Foot d'avant\",\"description\":\"\",\"publisher\":{\"@id\":\"https:\/\/footdavant.fr\/actualites\/#organization\"},\"potentialAction\":[{\"@type\":\"SearchAction\",\"target\":{\"@type\":\"EntryPoint\",\"urlTemplate\":\"https:\/\/footdavant.fr\/actualites\/?s={search_term_string}\"},\"query-input\":\"required name=search_term_string\"}],\"inLanguage\":\"fr-FR\"},{\"@type\":\"Organization\",\"@id\":\"https:\/\/footdavant.fr\/actualites\/#organization\",\"name\":\"Foot d'avant\",\"url\":\"https:\/\/footdavant.fr\/actualites\/\",\"logo\":{\"@type\":\"ImageObject\",\"inLanguage\":\"fr-FR\",\"@id\":\"https:\/\/footdavant.fr\/actualites\/#\/schema\/logo\/image\/\",\"url\":\"https:\/\/footdavant.fr\/actualites\/wp-content\/uploads\/2023\/09\/Copy-of-FootDavant-Logo.png\",\"contentUrl\":\"https:\/\/footdavant.fr\/actualites\/wp-content\/uploads\/2023\/09\/Copy-of-FootDavant-Logo.png\",\"width\":936,\"height\":549,\"caption\":\"Foot d'avant\"},\"image\":{\"@id\":\"https:\/\/footdavant.fr\/actualites\/#\/schema\/logo\/image\/\"},\"sameAs\":[\"https:\/\/www.facebook.com\/Footdavant\/\",\"https:\/\/twitter.com\/FootdavantFr\",\"https:\/\/www.instagram.com\/footdavant.fr\/\"]},{\"@type\":\"Person\",\"@id\":\"https:\/\/footdavant.fr\/actualites\/#\/schema\/person\/bc222566d95871b37e597b3ed3ba5e1d\",\"name\":\"Cl\u00e9ment\",\"image\":{\"@type\":\"ImageObject\",\"inLanguage\":\"fr-FR\",\"@id\":\"https:\/\/footdavant.fr\/actualites\/#\/schema\/person\/image\/\",\"url\":\"https:\/\/secure.gravatar.com\/avatar\/7728b29aac2719421e1a9159b2254c44?s=96&d=mm&r=g\",\"contentUrl\":\"https:\/\/secure.gravatar.com\/avatar\/7728b29aac2719421e1a9159b2254c44?s=96&d=mm&r=g\",\"caption\":\"Cl\u00e9ment\"},\"sameAs\":[\"https:\/\/footdavant.fr\/\"]}]}<\/script>\n<!-- \/ Yoast SEO plugin. -->","yoast_head_json":{"title":"Marc Skinner: le manager de United donne un message optimiste avant le match crucial \u2013","robots":{"index":"index","follow":"follow","max-snippet":"max-snippet:-1","max-image-preview":"max-image-preview:large","max-video-preview":"max-video-preview:-1"},"canonical":"https:\/\/footdavant.fr\/actualites\/marc-skinner-le-manager-de-united-donne-un-message-optimiste-avant-le-match-crucial\/","og_locale":"fr_FR","og_type":"article","og_title":"Marc Skinner: le manager de United donne un message optimiste avant le match crucial \u2013","og_description":"1 Manchester United Women se pr\u00e9pare pour un match massif contre le Bayern Munich \u00e0 Old Trafford ce soir. Les Diables Rouges ont facilement battu","og_url":"https:\/\/footdavant.fr\/actualites\/marc-skinner-le-manager-de-united-donne-un-message-optimiste-avant-le-match-crucial\/","og_site_name":"Foot d&#039;avant","article_publisher":"https:\/\/www.facebook.com\/Footdavant\/","article_published_time":"2026-03-25T06:48:05+00:00","article_modified_time":"2026-03-25T06:48:07+00:00","og_image":[{"width":1200,"height":676,"url":"https:\/\/footdavant.fr\/actualites\/wp-content\/uploads\/2026\/03\/Marc-Skinner-le-manager-de-United-donne-un-message-optimiste.jpg","type":"image\/jpeg"}],"author":"Cl\u00e9ment","twitter_card":"summary_large_image","twitter_creator":"@FootdavantFr","twitter_site":"@FootdavantFr","twitter_misc":{"\u00c9crit par":"Cl\u00e9ment","Dur\u00e9e de lecture estim\u00e9e":"3 minutes"},"schema":{"@context":"https:\/\/schema.org","@graph":[{"@type":"Article","@id":"https:\/\/footdavant.fr\/actualites\/marc-skinner-le-manager-de-united-donne-un-message-optimiste-avant-le-match-crucial\/#article","isPartOf":{"@id":"https:\/\/footdavant.fr\/actualites\/marc-skinner-le-manager-de-united-donne-un-message-optimiste-avant-le-match-crucial\/"},"author":{"name":"Cl\u00e9ment","@id":"https:\/\/footdavant.fr\/actualites\/#\/schema\/person\/bc222566d95871b37e597b3ed3ba5e1d"},"headline":"Marc Skinner: le manager de United donne un message optimiste avant le match crucial \u2013","datePublished":"2026-03-25T06:48:05+00:00","dateModified":"2026-03-25T06:48:07+00:00","mainEntityOfPage":{"@id":"https:\/\/footdavant.fr\/actualites\/marc-skinner-le-manager-de-united-donne-un-message-optimiste-avant-le-match-crucial\/"},"wordCount":521,"publisher":{"@id":"https:\/\/footdavant.fr\/actualites\/#organization"},"keywords":["avant","crucial","donne","manager","Marc","match","message","optimiste","Skinner","United"],"articleSection":["Football"],"inLanguage":"fr-FR"},{"@type":"WebPage","@id":"https:\/\/footdavant.fr\/actualites\/marc-skinner-le-manager-de-united-donne-un-message-optimiste-avant-le-match-crucial\/","url":"https:\/\/footdavant.fr\/actualites\/marc-skinner-le-manager-de-united-donne-un-message-optimiste-avant-le-match-crucial\/","name":"Marc Skinner: le manager de United donne un message optimiste avant le match crucial \u2013","isPartOf":{"@id":"https:\/\/footdavant.fr\/actualites\/#website"},"datePublished":"2026-03-25T06:48:05+00:00","dateModified":"2026-03-25T06:48:07+00:00","breadcrumb":{"@id":"https:\/\/footdavant.fr\/actualites\/marc-skinner-le-manager-de-united-donne-un-message-optimiste-avant-le-match-crucial\/#breadcrumb"},"inLanguage":"fr-FR","potentialAction":[{"@type":"ReadAction","target":["https:\/\/footdavant.fr\/actualites\/marc-skinner-le-manager-de-united-donne-un-message-optimiste-avant-le-match-crucial\/"]}]},{"@type":"BreadcrumbList","@id":"https:\/\/footdavant.fr\/actualites\/marc-skinner-le-manager-de-united-donne-un-message-optimiste-avant-le-match-crucial\/#breadcrumb","itemListElement":[{"@type":"ListItem","position":1,"name":"Accueil","item":"https:\/\/footdavant.fr\/actualites\/"},{"@type":"ListItem","position":2,"name":"Marc Skinner: le manager de United donne un message optimiste avant le match crucial \u2013"}]},{"@type":"WebSite","@id":"https:\/\/footdavant.fr\/actualites\/#website","url":"https:\/\/footdavant.fr\/actualites\/","name":"Foot d'avant","description":"","publisher":{"@id":"https:\/\/footdavant.fr\/actualites\/#organization"},"potentialAction":[{"@type":"SearchAction","target":{"@type":"EntryPoint","urlTemplate":"https:\/\/footdavant.fr\/actualites\/?s={search_term_string}"},"query-input":"required name=search_term_string"}],"inLanguage":"fr-FR"},{"@type":"Organization","@id":"https:\/\/footdavant.fr\/actualites\/#organization","name":"Foot d'avant","url":"https:\/\/footdavant.fr\/actualites\/","logo":{"@type":"ImageObject","inLanguage":"fr-FR","@id":"https:\/\/footdavant.fr\/actualites\/#\/schema\/logo\/image\/","url":"https:\/\/footdavant.fr\/actualites\/wp-content\/uploads\/2023\/09\/Copy-of-FootDavant-Logo.png","contentUrl":"https:\/\/footdavant.fr\/actualites\/wp-content\/uploads\/2023\/09\/Copy-of-FootDavant-Logo.png","width":936,"height":549,"caption":"Foot d'avant"},"image":{"@id":"https:\/\/footdavant.fr\/actualites\/#\/schema\/logo\/image\/"},"sameAs":["https:\/\/www.facebook.com\/Footdavant\/","https:\/\/twitter.com\/FootdavantFr","https:\/\/www.instagram.com\/footdavant.fr\/"]},{"@type":"Person","@id":"https:\/\/footdavant.fr\/actualites\/#\/schema\/person\/bc222566d95871b37e597b3ed3ba5e1d","name":"Cl\u00e9ment","image":{"@type":"ImageObject","inLanguage":"fr-FR","@id":"https:\/\/footdavant.fr\/actualites\/#\/schema\/person\/image\/","url":"https:\/\/secure.gravatar.com\/avatar\/7728b29aac2719421e1a9159b2254c44?s=96&d=mm&r=g","contentUrl":"https:\/\/secure.gravatar.com\/avatar\/7728b29aac2719421e1a9159b2254c44?s=96&d=mm&r=g","caption":"Cl\u00e9ment"},"sameAs":["https:\/\/footdavant.fr\/"]}]}},"_links":{"self":[{"href":"https:\/\/footdavant.fr\/actualites\/wp-json\/wp\/v2\/posts\/35774"}],"collection":[{"href":"https:\/\/footdavant.fr\/actualites\/wp-json\/wp\/v2\/posts"}],"about":[{"href":"https:\/\/footdavant.fr\/actualites\/wp-json\/wp\/v2\/types\/post"}],"author":[{"embeddable":true,"href":"https:\/\/footdavant.fr\/actualites\/wp-json\/wp\/v2\/users\/1"}],"replies":[{"embeddable":true,"href":"https:\/\/footdavant.fr\/actualites\/wp-json\/wp\/v2\/comments?post=35774"}],"version-history":[{"count":1,"href":"https:\/\/footdavant.fr\/actualites\/wp-json\/wp\/v2\/posts\/35774\/revisions"}],"predecessor-version":[{"id":35776,"href":"https:\/\/footdavant.fr\/actualites\/wp-json\/wp\/v2\/posts\/35774\/revisions\/35776"}],"wp:featuredmedia":[{"embeddable":true,"href":"https:\/\/footdavant.fr\/actualites\/wp-json\/wp\/v2\/media\/35775"}],"wp:attachment":[{"href":"https:\/\/footdavant.fr\/actualites\/wp-json\/wp\/v2\/media?parent=35774"}],"wp:term":[{"taxonomy":"category","embeddable":true,"href":"https:\/\/footdavant.fr\/actualites\/wp-json\/wp\/v2\/categories?post=35774"},{"taxonomy":"post_tag","embeddable":true,"href":"https:\/\/footdavant.fr\/actualites\/wp-json\/wp\/v2\/tags?post=35774"}],"curies":[{"name":"wp","href":"https:\/\/api.w.org\/{rel}","templated":true}]}}