{"id":35777,"date":"2026-03-25T09:48:10","date_gmt":"2026-03-25T08:48:10","guid":{"rendered":"https:\/\/footdavant.fr\/actualites\/carton-rouge-de-harry-maguire-combien-de-matches-le-defenseur-de-man-united-manquera-t-il-apres-le-limogeage-de-bournemouth\/"},"modified":"2026-03-25T09:48:12","modified_gmt":"2026-03-25T08:48:12","slug":"carton-rouge-de-harry-maguire-combien-de-matches-le-defenseur-de-man-united-manquera-t-il-apres-le-limogeage-de-bournemouth","status":"publish","type":"post","link":"https:\/\/footdavant.fr\/actualites\/carton-rouge-de-harry-maguire-combien-de-matches-le-defenseur-de-man-united-manquera-t-il-apres-le-limogeage-de-bournemouth\/","title":{"rendered":"Carton rouge de Harry Maguire : combien de matches le d\u00e9fenseur de Man United manquera-t-il apr\u00e8s le limogeage de Bournemouth ?"},"content":{"rendered":"<div itemprop=\"articleBody\">\n<p>Le d\u00e9fenseur de Manchester United, Harry Maguire, purgera une suspension d&#39;un match apr\u00e8s avoir \u00e9t\u00e9 expuls\u00e9 lors du match nul 2-2 de vendredi contre Bournemouth.<\/p>\n<p>L&#39;arri\u00e8re central a abord\u00e9 le match de bonne humeur apr\u00e8s son rappel dans l&#39;\u00e9quipe d&#39;Angleterre pour les prochains matchs amicaux contre l&#39;Uruguay et le Japon.<\/p>\n<p>Cependant, la semaine de Maguire s&#39;est finalement termin\u00e9e sur une d\u00e9ception apr\u00e8s avoir re\u00e7u un carton rouge lors du choc \u00e0 l&#39;ext\u00e9rieur de vendredi contre les Cherries.<\/p>\n<p>L&#39;expulsion du joueur de 33 ans n&#39;est que l&#39;un des nombreux \u00e9v\u00e9nements notables qui ont eu lieu au cours d&#39;une seconde p\u00e9riode dramatique, qui a vu Bruno Fernandes marquer depuis le point de penalty, peu de temps avant que Ryan Christie n&#39;\u00e9galise apr\u00e8s qu&#39;Amad Diallo ait vu un appel de penalty rejet\u00e9 \u00e0 l&#39;autre bout du terrain.<\/p>\n<blockquote class=\"twitter-tweet\"><p>&#13;<\/p>\n<p dir=\"ltr\" lang=\"en\">\u00ab\u00a0C&#39;est si facile de nos jours de descendre et d&#39;obtenir un penalty, vous savez, c&#39;est garanti que vous en obtiendrez un&#8230; alors pourquoi rester debout ?<\/p>\n<p>Jamie Redknapp et Andy Cole se prononcent sur le carton rouge d&#39;Harry Maguire ? <a rel=\"nofollow\" href=\"https:\/\/t.co\/8ilpypt0os\">pic.twitter.com\/8ilpypt0os<\/a><\/p>\n<p>\u2013 Sky Sports Premier League (@SkySportsPL) <a rel=\"nofollow\" href=\"https:\/\/twitter.com\/SkySportsPL\/status\/2035120822629593425?ref_src=twsrc%5Etfw\">20 mars 2026<\/a><\/p><\/blockquote>\n<h2>Maguire remet en question les d\u00e9cisions de p\u00e9nalit\u00e9 apr\u00e8s le match nul de Bournemouth<\/h2>\n<p>Man United a repris l&#39;avantage gr\u00e2ce \u00e0 un but contre son camp de James Hill, mais Maguire a ensuite \u00e9t\u00e9 p\u00e9nalis\u00e9 pour avoir repouss\u00e9 Evanilson dans la surface en tant que dernier d\u00e9fenseur.<\/p>\n<p>L&#39;arbitre Stuart Attwell a brandi un carton rouge en direction de Maguire avant que Junior Kroupi ne garde son sang-froid pour marquer un point pour son \u00e9quipe.<\/p>\n<p>Man United a \u00e9t\u00e9 irrit\u00e9 par la d\u00e9cision d&#39;accorder un penalty \u00e0 Bournemouth, estimant qu&#39;ils auraient d\u00fb en avoir un autre pour un incident similaire avant l&#39;\u00e9galisation de l&#39;\u00e9quipe locale, lorsqu&#39;Adrien Truffert a sembl\u00e9 tirer sur le bras de Diallo.<\/p>\n<p>Apr\u00e8s le match, Maguire a \u00e9crit sur Instagram : \u00ab\u00a0Tellement doux mais c&#39;est l\u00e0 qu&#39;en est le football en ce moment, et je devrais le savoir mieux.<\/p>\n<p>\u00ab\u00a0On pourrait penser que les deux d\u00e9cisions aboutiraient au m\u00eame r\u00e9sultat. Nous serons de retour apr\u00e8s la pause. Bon voyage chez les Reds, votre soutien a \u00e9t\u00e9 incroyable.\u00a0\u00bb<\/p>\n<blockquote class=\"twitter-tweet\"><p>&#13;<\/p>\n<p dir=\"ltr\" lang=\"en\">Le troisi\u00e8me carton rouge de la carri\u00e8re de Harry Maguire en Premier League montre quelle diff\u00e9rence sept minutes peuvent faire ! ? <a rel=\"nofollow\" href=\"https:\/\/t.co\/8DcDqPMO4k\">pic.twitter.com\/8DcDqPMO4k<\/a><\/p>\n<p>\u2013 Match du jour (@BBCMOTD) <a rel=\"nofollow\" href=\"https:\/\/twitter.com\/BBCMOTD\/status\/2035109951295955291?ref_src=twsrc%5Etfw\">20 mars 2026<\/a><\/p><\/blockquote>\n<h2>Combien de matchs Maguire est-il suspendu pour avoir suivi un carton rouge \u00e0 Bournemouth ?<\/h2>\n<p>Alors que Maguire a re\u00e7u un carton rouge direct, il ne purgera qu&#39;une suspension d&#39;un match apr\u00e8s avoir \u00e9t\u00e9 expuls\u00e9 pour refus d&#39;occasion de but. <\/p>\n<p>S&#39;il avait \u00e9t\u00e9 expuls\u00e9 pour comportement violent, il aurait \u00e9t\u00e9 sanctionn\u00e9 d&#39;une suspension de trois matches.<\/p>\n<p>Ce limogeage signifie qu&#39;il sera absent du choc \u00e0 domicile de Man United en Premier League contre Leeds United le 13 avril. <\/p>\n<p>Surtout, le d\u00e9fenseur sera disponible pour un match important contre Chelsea \u00e0 Stamford Bridge le 18 avril.<\/p>\n<p>En attendant, Maguire rejoindra l&#39;\u00e9quipe anglaise de Thomas Tuchel dans l&#39;espoir de faire sa premi\u00e8re apparition internationale depuis septembre 2004.<\/p>\n<\/div>\n<p><script async src=\"https:\/\/platform.twitter.com\/widgets.js\" charset=\"utf-8\"><\/script><\/p>\n","protected":false},"excerpt":{"rendered":"<p>Le d\u00e9fenseur de Manchester United, Harry Maguire, purgera une suspension d&#39;un match apr\u00e8s avoir \u00e9t\u00e9 expuls\u00e9 lors du match nul 2-2 de vendredi contre Bournemouth.<\/p>\n","protected":false},"author":1,"featured_media":35778,"comment_status":"closed","ping_status":"","sticky":false,"template":"","format":"standard","meta":{"footnotes":""},"categories":[5],"tags":[25,54,734,1474,928,32,2679,33,24,4819,3395,436,13],"yoast_head":"<!-- This site is optimized with the Yoast SEO plugin v21.0 - https:\/\/yoast.com\/wordpress\/plugins\/seo\/ -->\n<title>Carton rouge de Harry Maguire : combien de matches le d\u00e9fenseur de Man United manquera-t-il apr\u00e8s le limogeage de Bournemouth ?<\/title>\n<meta name=\"robots\" content=\"index, follow, max-snippet:-1, max-image-preview:large, max-video-preview:-1\" \/>\n<link rel=\"canonical\" href=\"https:\/\/footdavant.fr\/actualites\/carton-rouge-de-harry-maguire-combien-de-matches-le-defenseur-de-man-united-manquera-t-il-apres-le-limogeage-de-bournemouth\/\" \/>\n<meta property=\"og:locale\" content=\"fr_FR\" \/>\n<meta property=\"og:type\" content=\"article\" \/>\n<meta property=\"og:title\" content=\"Carton rouge de Harry Maguire : combien de matches le d\u00e9fenseur de Man United manquera-t-il apr\u00e8s le limogeage de Bournemouth ?\" \/>\n<meta property=\"og:description\" content=\"Le d\u00e9fenseur de Manchester United, Harry Maguire, purgera une suspension d&#039;un match apr\u00e8s avoir \u00e9t\u00e9 expuls\u00e9 lors du match nul 2-2 de vendredi contre Bournemouth.\" \/>\n<meta property=\"og:url\" content=\"https:\/\/footdavant.fr\/actualites\/carton-rouge-de-harry-maguire-combien-de-matches-le-defenseur-de-man-united-manquera-t-il-apres-le-limogeage-de-bournemouth\/\" \/>\n<meta property=\"og:site_name\" content=\"Foot d&#039;avant\" \/>\n<meta property=\"article:publisher\" content=\"https:\/\/www.facebook.com\/Footdavant\/\" \/>\n<meta property=\"article:published_time\" content=\"2026-03-25T08:48:10+00:00\" \/>\n<meta property=\"article:modified_time\" content=\"2026-03-25T08:48:12+00:00\" \/>\n<meta property=\"og:image\" content=\"https:\/\/footdavant.fr\/actualites\/wp-content\/uploads\/2026\/03\/Carton-rouge-de-Harry-Maguire-combien-de-matches-le.net2Fuploads2F20262F032Fmaguire-69bddbe2.webp\" \/>\n\t<meta property=\"og:image:width\" content=\"720\" \/>\n\t<meta property=\"og:image:height\" content=\"410\" \/>\n\t<meta property=\"og:image:type\" content=\"image\/webp\" \/>\n<meta name=\"author\" content=\"Cl\u00e9ment\" \/>\n<meta name=\"twitter:card\" content=\"summary_large_image\" \/>\n<meta name=\"twitter:creator\" content=\"@FootdavantFr\" \/>\n<meta name=\"twitter:site\" content=\"@FootdavantFr\" \/>\n<meta name=\"twitter:label1\" content=\"\u00c9crit par\" \/>\n\t<meta name=\"twitter:data1\" content=\"Cl\u00e9ment\" \/>\n\t<meta name=\"twitter:label2\" content=\"Dur\u00e9e de lecture estim\u00e9e\" \/>\n\t<meta name=\"twitter:data2\" content=\"3 minutes\" \/>\n<script type=\"application\/ld+json\" class=\"yoast-schema-graph\">{\"@context\":\"https:\/\/schema.org\",\"@graph\":[{\"@type\":\"Article\",\"@id\":\"https:\/\/footdavant.fr\/actualites\/carton-rouge-de-harry-maguire-combien-de-matches-le-defenseur-de-man-united-manquera-t-il-apres-le-limogeage-de-bournemouth\/#article\",\"isPartOf\":{\"@id\":\"https:\/\/footdavant.fr\/actualites\/carton-rouge-de-harry-maguire-combien-de-matches-le-defenseur-de-man-united-manquera-t-il-apres-le-limogeage-de-bournemouth\/\"},\"author\":{\"name\":\"Cl\u00e9ment\",\"@id\":\"https:\/\/footdavant.fr\/actualites\/#\/schema\/person\/bc222566d95871b37e597b3ed3ba5e1d\"},\"headline\":\"Carton rouge de Harry Maguire : combien de matches le d\u00e9fenseur de Man United manquera-t-il apr\u00e8s le limogeage de Bournemouth ?\",\"datePublished\":\"2026-03-25T08:48:10+00:00\",\"dateModified\":\"2026-03-25T08:48:12+00:00\",\"mainEntityOfPage\":{\"@id\":\"https:\/\/footdavant.fr\/actualites\/carton-rouge-de-harry-maguire-combien-de-matches-le-defenseur-de-man-united-manquera-t-il-apres-le-limogeage-de-bournemouth\/\"},\"wordCount\":571,\"publisher\":{\"@id\":\"https:\/\/footdavant.fr\/actualites\/#organization\"},\"keywords\":[\"apr\u00e8s\",\"Bournemouth\",\"carton\",\"Combien\",\"d\u00e9fenseur\",\"Harry\",\"limogeage\",\"Maguire\",\"Man\",\"manqueratil\",\"matches\",\"rouge\",\"United\"],\"articleSection\":[\"Premier League\"],\"inLanguage\":\"fr-FR\"},{\"@type\":\"WebPage\",\"@id\":\"https:\/\/footdavant.fr\/actualites\/carton-rouge-de-harry-maguire-combien-de-matches-le-defenseur-de-man-united-manquera-t-il-apres-le-limogeage-de-bournemouth\/\",\"url\":\"https:\/\/footdavant.fr\/actualites\/carton-rouge-de-harry-maguire-combien-de-matches-le-defenseur-de-man-united-manquera-t-il-apres-le-limogeage-de-bournemouth\/\",\"name\":\"Carton rouge de Harry Maguire : combien de matches le d\u00e9fenseur de Man United manquera-t-il apr\u00e8s le limogeage de Bournemouth ?\",\"isPartOf\":{\"@id\":\"https:\/\/footdavant.fr\/actualites\/#website\"},\"datePublished\":\"2026-03-25T08:48:10+00:00\",\"dateModified\":\"2026-03-25T08:48:12+00:00\",\"breadcrumb\":{\"@id\":\"https:\/\/footdavant.fr\/actualites\/carton-rouge-de-harry-maguire-combien-de-matches-le-defenseur-de-man-united-manquera-t-il-apres-le-limogeage-de-bournemouth\/#breadcrumb\"},\"inLanguage\":\"fr-FR\",\"potentialAction\":[{\"@type\":\"ReadAction\",\"target\":[\"https:\/\/footdavant.fr\/actualites\/carton-rouge-de-harry-maguire-combien-de-matches-le-defenseur-de-man-united-manquera-t-il-apres-le-limogeage-de-bournemouth\/\"]}]},{\"@type\":\"BreadcrumbList\",\"@id\":\"https:\/\/footdavant.fr\/actualites\/carton-rouge-de-harry-maguire-combien-de-matches-le-defenseur-de-man-united-manquera-t-il-apres-le-limogeage-de-bournemouth\/#breadcrumb\",\"itemListElement\":[{\"@type\":\"ListItem\",\"position\":1,\"name\":\"Accueil\",\"item\":\"https:\/\/footdavant.fr\/actualites\/\"},{\"@type\":\"ListItem\",\"position\":2,\"name\":\"Carton rouge de Harry Maguire : combien de matches le d\u00e9fenseur de Man United manquera-t-il apr\u00e8s le limogeage de Bournemouth ?\"}]},{\"@type\":\"WebSite\",\"@id\":\"https:\/\/footdavant.fr\/actualites\/#website\",\"url\":\"https:\/\/footdavant.fr\/actualites\/\",\"name\":\"Foot d'avant\",\"description\":\"\",\"publisher\":{\"@id\":\"https:\/\/footdavant.fr\/actualites\/#organization\"},\"potentialAction\":[{\"@type\":\"SearchAction\",\"target\":{\"@type\":\"EntryPoint\",\"urlTemplate\":\"https:\/\/footdavant.fr\/actualites\/?s={search_term_string}\"},\"query-input\":\"required name=search_term_string\"}],\"inLanguage\":\"fr-FR\"},{\"@type\":\"Organization\",\"@id\":\"https:\/\/footdavant.fr\/actualites\/#organization\",\"name\":\"Foot d'avant\",\"url\":\"https:\/\/footdavant.fr\/actualites\/\",\"logo\":{\"@type\":\"ImageObject\",\"inLanguage\":\"fr-FR\",\"@id\":\"https:\/\/footdavant.fr\/actualites\/#\/schema\/logo\/image\/\",\"url\":\"https:\/\/footdavant.fr\/actualites\/wp-content\/uploads\/2023\/09\/Copy-of-FootDavant-Logo.png\",\"contentUrl\":\"https:\/\/footdavant.fr\/actualites\/wp-content\/uploads\/2023\/09\/Copy-of-FootDavant-Logo.png\",\"width\":936,\"height\":549,\"caption\":\"Foot d'avant\"},\"image\":{\"@id\":\"https:\/\/footdavant.fr\/actualites\/#\/schema\/logo\/image\/\"},\"sameAs\":[\"https:\/\/www.facebook.com\/Footdavant\/\",\"https:\/\/twitter.com\/FootdavantFr\",\"https:\/\/www.instagram.com\/footdavant.fr\/\"]},{\"@type\":\"Person\",\"@id\":\"https:\/\/footdavant.fr\/actualites\/#\/schema\/person\/bc222566d95871b37e597b3ed3ba5e1d\",\"name\":\"Cl\u00e9ment\",\"image\":{\"@type\":\"ImageObject\",\"inLanguage\":\"fr-FR\",\"@id\":\"https:\/\/footdavant.fr\/actualites\/#\/schema\/person\/image\/\",\"url\":\"https:\/\/secure.gravatar.com\/avatar\/7728b29aac2719421e1a9159b2254c44?s=96&d=mm&r=g\",\"contentUrl\":\"https:\/\/secure.gravatar.com\/avatar\/7728b29aac2719421e1a9159b2254c44?s=96&d=mm&r=g\",\"caption\":\"Cl\u00e9ment\"},\"sameAs\":[\"https:\/\/footdavant.fr\/\"]}]}<\/script>\n<!-- \/ Yoast SEO plugin. -->","yoast_head_json":{"title":"Carton rouge de Harry Maguire : combien de matches le d\u00e9fenseur de Man United manquera-t-il apr\u00e8s le limogeage de Bournemouth ?","robots":{"index":"index","follow":"follow","max-snippet":"max-snippet:-1","max-image-preview":"max-image-preview:large","max-video-preview":"max-video-preview:-1"},"canonical":"https:\/\/footdavant.fr\/actualites\/carton-rouge-de-harry-maguire-combien-de-matches-le-defenseur-de-man-united-manquera-t-il-apres-le-limogeage-de-bournemouth\/","og_locale":"fr_FR","og_type":"article","og_title":"Carton rouge de Harry Maguire : combien de matches le d\u00e9fenseur de Man United manquera-t-il apr\u00e8s le limogeage de Bournemouth ?","og_description":"Le d\u00e9fenseur de Manchester United, Harry Maguire, purgera une suspension d&#39;un match apr\u00e8s avoir \u00e9t\u00e9 expuls\u00e9 lors du match nul 2-2 de vendredi contre Bournemouth.","og_url":"https:\/\/footdavant.fr\/actualites\/carton-rouge-de-harry-maguire-combien-de-matches-le-defenseur-de-man-united-manquera-t-il-apres-le-limogeage-de-bournemouth\/","og_site_name":"Foot d&#039;avant","article_publisher":"https:\/\/www.facebook.com\/Footdavant\/","article_published_time":"2026-03-25T08:48:10+00:00","article_modified_time":"2026-03-25T08:48:12+00:00","og_image":[{"width":720,"height":410,"url":"https:\/\/footdavant.fr\/actualites\/wp-content\/uploads\/2026\/03\/Carton-rouge-de-Harry-Maguire-combien-de-matches-le.net2Fuploads2F20262F032Fmaguire-69bddbe2.webp","type":"image\/webp"}],"author":"Cl\u00e9ment","twitter_card":"summary_large_image","twitter_creator":"@FootdavantFr","twitter_site":"@FootdavantFr","twitter_misc":{"\u00c9crit par":"Cl\u00e9ment","Dur\u00e9e de lecture estim\u00e9e":"3 minutes"},"schema":{"@context":"https:\/\/schema.org","@graph":[{"@type":"Article","@id":"https:\/\/footdavant.fr\/actualites\/carton-rouge-de-harry-maguire-combien-de-matches-le-defenseur-de-man-united-manquera-t-il-apres-le-limogeage-de-bournemouth\/#article","isPartOf":{"@id":"https:\/\/footdavant.fr\/actualites\/carton-rouge-de-harry-maguire-combien-de-matches-le-defenseur-de-man-united-manquera-t-il-apres-le-limogeage-de-bournemouth\/"},"author":{"name":"Cl\u00e9ment","@id":"https:\/\/footdavant.fr\/actualites\/#\/schema\/person\/bc222566d95871b37e597b3ed3ba5e1d"},"headline":"Carton rouge de Harry Maguire : combien de matches le d\u00e9fenseur de Man United manquera-t-il apr\u00e8s le limogeage de Bournemouth ?","datePublished":"2026-03-25T08:48:10+00:00","dateModified":"2026-03-25T08:48:12+00:00","mainEntityOfPage":{"@id":"https:\/\/footdavant.fr\/actualites\/carton-rouge-de-harry-maguire-combien-de-matches-le-defenseur-de-man-united-manquera-t-il-apres-le-limogeage-de-bournemouth\/"},"wordCount":571,"publisher":{"@id":"https:\/\/footdavant.fr\/actualites\/#organization"},"keywords":["apr\u00e8s","Bournemouth","carton","Combien","d\u00e9fenseur","Harry","limogeage","Maguire","Man","manqueratil","matches","rouge","United"],"articleSection":["Premier League"],"inLanguage":"fr-FR"},{"@type":"WebPage","@id":"https:\/\/footdavant.fr\/actualites\/carton-rouge-de-harry-maguire-combien-de-matches-le-defenseur-de-man-united-manquera-t-il-apres-le-limogeage-de-bournemouth\/","url":"https:\/\/footdavant.fr\/actualites\/carton-rouge-de-harry-maguire-combien-de-matches-le-defenseur-de-man-united-manquera-t-il-apres-le-limogeage-de-bournemouth\/","name":"Carton rouge de Harry Maguire : combien de matches le d\u00e9fenseur de Man United manquera-t-il apr\u00e8s le limogeage de Bournemouth ?","isPartOf":{"@id":"https:\/\/footdavant.fr\/actualites\/#website"},"datePublished":"2026-03-25T08:48:10+00:00","dateModified":"2026-03-25T08:48:12+00:00","breadcrumb":{"@id":"https:\/\/footdavant.fr\/actualites\/carton-rouge-de-harry-maguire-combien-de-matches-le-defenseur-de-man-united-manquera-t-il-apres-le-limogeage-de-bournemouth\/#breadcrumb"},"inLanguage":"fr-FR","potentialAction":[{"@type":"ReadAction","target":["https:\/\/footdavant.fr\/actualites\/carton-rouge-de-harry-maguire-combien-de-matches-le-defenseur-de-man-united-manquera-t-il-apres-le-limogeage-de-bournemouth\/"]}]},{"@type":"BreadcrumbList","@id":"https:\/\/footdavant.fr\/actualites\/carton-rouge-de-harry-maguire-combien-de-matches-le-defenseur-de-man-united-manquera-t-il-apres-le-limogeage-de-bournemouth\/#breadcrumb","itemListElement":[{"@type":"ListItem","position":1,"name":"Accueil","item":"https:\/\/footdavant.fr\/actualites\/"},{"@type":"ListItem","position":2,"name":"Carton rouge de Harry Maguire : combien de matches le d\u00e9fenseur de Man United manquera-t-il apr\u00e8s le limogeage de Bournemouth ?"}]},{"@type":"WebSite","@id":"https:\/\/footdavant.fr\/actualites\/#website","url":"https:\/\/footdavant.fr\/actualites\/","name":"Foot d'avant","description":"","publisher":{"@id":"https:\/\/footdavant.fr\/actualites\/#organization"},"potentialAction":[{"@type":"SearchAction","target":{"@type":"EntryPoint","urlTemplate":"https:\/\/footdavant.fr\/actualites\/?s={search_term_string}"},"query-input":"required name=search_term_string"}],"inLanguage":"fr-FR"},{"@type":"Organization","@id":"https:\/\/footdavant.fr\/actualites\/#organization","name":"Foot d'avant","url":"https:\/\/footdavant.fr\/actualites\/","logo":{"@type":"ImageObject","inLanguage":"fr-FR","@id":"https:\/\/footdavant.fr\/actualites\/#\/schema\/logo\/image\/","url":"https:\/\/footdavant.fr\/actualites\/wp-content\/uploads\/2023\/09\/Copy-of-FootDavant-Logo.png","contentUrl":"https:\/\/footdavant.fr\/actualites\/wp-content\/uploads\/2023\/09\/Copy-of-FootDavant-Logo.png","width":936,"height":549,"caption":"Foot d'avant"},"image":{"@id":"https:\/\/footdavant.fr\/actualites\/#\/schema\/logo\/image\/"},"sameAs":["https:\/\/www.facebook.com\/Footdavant\/","https:\/\/twitter.com\/FootdavantFr","https:\/\/www.instagram.com\/footdavant.fr\/"]},{"@type":"Person","@id":"https:\/\/footdavant.fr\/actualites\/#\/schema\/person\/bc222566d95871b37e597b3ed3ba5e1d","name":"Cl\u00e9ment","image":{"@type":"ImageObject","inLanguage":"fr-FR","@id":"https:\/\/footdavant.fr\/actualites\/#\/schema\/person\/image\/","url":"https:\/\/secure.gravatar.com\/avatar\/7728b29aac2719421e1a9159b2254c44?s=96&d=mm&r=g","contentUrl":"https:\/\/secure.gravatar.com\/avatar\/7728b29aac2719421e1a9159b2254c44?s=96&d=mm&r=g","caption":"Cl\u00e9ment"},"sameAs":["https:\/\/footdavant.fr\/"]}]}},"_links":{"self":[{"href":"https:\/\/footdavant.fr\/actualites\/wp-json\/wp\/v2\/posts\/35777"}],"collection":[{"href":"https:\/\/footdavant.fr\/actualites\/wp-json\/wp\/v2\/posts"}],"about":[{"href":"https:\/\/footdavant.fr\/actualites\/wp-json\/wp\/v2\/types\/post"}],"author":[{"embeddable":true,"href":"https:\/\/footdavant.fr\/actualites\/wp-json\/wp\/v2\/users\/1"}],"replies":[{"embeddable":true,"href":"https:\/\/footdavant.fr\/actualites\/wp-json\/wp\/v2\/comments?post=35777"}],"version-history":[{"count":1,"href":"https:\/\/footdavant.fr\/actualites\/wp-json\/wp\/v2\/posts\/35777\/revisions"}],"predecessor-version":[{"id":35779,"href":"https:\/\/footdavant.fr\/actualites\/wp-json\/wp\/v2\/posts\/35777\/revisions\/35779"}],"wp:featuredmedia":[{"embeddable":true,"href":"https:\/\/footdavant.fr\/actualites\/wp-json\/wp\/v2\/media\/35778"}],"wp:attachment":[{"href":"https:\/\/footdavant.fr\/actualites\/wp-json\/wp\/v2\/media?parent=35777"}],"wp:term":[{"taxonomy":"category","embeddable":true,"href":"https:\/\/footdavant.fr\/actualites\/wp-json\/wp\/v2\/categories?post=35777"},{"taxonomy":"post_tag","embeddable":true,"href":"https:\/\/footdavant.fr\/actualites\/wp-json\/wp\/v2\/tags?post=35777"}],"curies":[{"name":"wp","href":"https:\/\/api.w.org\/{rel}","templated":true}]}}