{"id":35780,"date":"2026-03-25T11:48:06","date_gmt":"2026-03-25T10:48:06","guid":{"rendered":"https:\/\/footdavant.fr\/actualites\/pas-lun-ou-lautre-mais-les-deux\/"},"modified":"2026-03-25T11:48:08","modified_gmt":"2026-03-25T10:48:08","slug":"pas-lun-ou-lautre-mais-les-deux","status":"publish","type":"post","link":"https:\/\/footdavant.fr\/actualites\/pas-lun-ou-lautre-mais-les-deux\/","title":{"rendered":"Pas l&#39;un ou l&#39;autre, mais les deux"},"content":{"rendered":"<div>\n<p>Bonjour \u00e0 tous.<\/p>\n<p>Commen\u00e7ons par Arsenal Women ce matin qui a fait un grand pas vers les demi-finales de la Ligue des Champions avec une victoire 3-1 contre Chelsea hier soir. Ce fut un match avec des buts de grande qualit\u00e9, vous pouvez les voir dans le rapport de match ici, et l&#39;\u00e9quipe de Renee Slegers est en bonne forme pour le match retour.<\/p>\n<p>Comme toujours, Tim et l&#39;\u00e9quipe ont tout ce dont vous avez besoin sur Arseblog News, et il y aura un Arsenal Women Arsecast plus tard dans la journ\u00e9e.<\/p>\n<p>\u2014<\/p>\n<p>Pendant ce temps, alors que l&#39;Interlull s&#39;installe, il y a eu hier de mauvaises nouvelles, mais pas particuli\u00e8rement inattendues, concernant Eberechi Eze, puisque Sami Mokbel de la BBC a rapport\u00e9 qu&#39;il allait manquer environ un mois en raison d&#39;une blessure au mollet. Le fait qu&#39;environ la moiti\u00e9 de cette somme soit absorb\u00e9e par la tr\u00eave internationale est en quelque sorte une b\u00e9n\u00e9diction, mais c&#39;est quand m\u00eame un coup dur de perdre un joueur qui semblait commencer \u00e0 trouver un certain rythme dans son jeu.<\/p>\n<p>Dans l&#39;ensemble, ses chiffres cette saison ne sont pas mauvais, avec 9 buts et 6 passes d\u00e9cisives toutes comp\u00e9titions confondues, mais il semble que ces derniers temps il \u00e9tait sur la bonne voie pour vraiment y ajouter. Maintenant, il va manquer certaines rencontres o\u00f9 il aurait \u00e9t\u00e9 tr\u00e8s utile. Man City le 19 avril semble arriver trop t\u00f4t en fonction du calendrier sugg\u00e9r\u00e9. Southampton en coupe, le Sporting \u00e0 l&#39;ext\u00e9rieur et Bournemouth \u00e0 domicile le d\u00e9passeront presque certainement, mais voyons voir.<\/p>\n<p>Je sais que je l&#39;ai d\u00e9j\u00e0 dit, mais je pense que le fait que nous soyons l\u00e0 o\u00f9 nous sommes malgr\u00e9 les blessures que nous avons subies et la fa\u00e7on dont certaines de ces blessures\/absences prolong\u00e9es continuent d&#39;avoir un impact sur les joueurs \u00e0 leur retour est peut-\u00eatre sous-estim\u00e9. Vous n&#39;avez pas besoin de \u00e9num\u00e9rer la myriade de probl\u00e8mes que nous avons rencontr\u00e9s depuis le d\u00e9but de la saison, mais je pense que d&#39;autres \u00e9quipes auraient \u00e9t\u00e9 plus touch\u00e9es que nous.<\/p>\n<p>Je vis actuellement dans un domaine o\u00f9 mon anxi\u00e9t\u00e9 \u00e0 l\u2019id\u00e9e de remporter la Premier League peut modifier consid\u00e9rablement mes intuitions. Dimanche, par exemple, je suis triste de ne pas avoir remport\u00e9 la finale, mais aussi plus inquiet de ce que cela signifie pour le reste de cette campagne. Nous \u00e9tions en quelque sorte au sommet de ce match, apr\u00e8s avoir si bien r\u00e9pondu \u00e0 la d\u00e9ception des Wolves, mais il n&#39;en faut pas beaucoup pour gratter ces blessures. Cependant, la capacit\u00e9 de l&#39;\u00e9quipe \u00e0 r\u00e9pondre \u00e0 la d\u00e9ception et \u00e0 gagner des matchs sans joueurs cl\u00e9s, encore et encore, est une sorte de couverture de s\u00e9curit\u00e9 contre cette peur. J\u2019esp\u00e8re donc que nous pourrons le d\u00e9montrer \u00e0 nouveau.<\/p>\n<p>Il y a de l&#39;espoir que Martin Odegaard soit pr\u00eat apr\u00e8s l&#39;Interlull et ce serait \u00e9videmment le bienvenu. Je pense que nous avons vu dimanche la valeur d&#39;un ou plusieurs joueurs comme lui, cela devient tr\u00e8s \u00e9vident quand on n&#39;a pas ce genre de qualit\u00e9 technique sur le terrain, mais la grande question de savoir \u00e0 quel point il peut se rapprocher de son meilleur niveau est une question raisonnable. Sa saison a \u00e9t\u00e9 marqu\u00e9e par des blessures, et chacune s&#39;est sentie un peu malheureuse, \u00e0 la fois en termes de comment elles se sont produites et de timing.<\/p>\n<p>Il est \u00e9galement juste de dire que, comme quelques autres joueurs \u00e9voluant principalement dans la moiti\u00e9 de terrain adverse, il n&#39;a pas vraiment trouv\u00e9 le genre de rythme et de forme qui le rendent si efficace. Je pense qu&#39;il est \u00e9galement juste de dire que l&#39;id\u00e9e qu&#39;Odegaard \u00e9tait la principale cause des probl\u00e8mes collectifs de l&#39;\u00e9quipe ne se v\u00e9rifie pas non plus quand on nous voit lutter sans lui. Pour moi, et c&#39;est peut-\u00eatre trop id\u00e9aliste dans le jeu moderne, je pense que c&#39;est une \u00e9quipe qui a besoin de plus de joueurs du profil d&#39;Odegaard et d&#39;Eze. Pas seulement l\u2019un ou l\u2019autre, mais ensemble. Dans quelle mesure cela figurait dans les plans d&#39;Arteta avant la saison, je ne le sais pas, mais ce n&#39;est pas quelque chose que nous avons vu assez souvent \u00e0 mon avis, et je reconnais que les blessures ont \u00e9t\u00e9 un facteur consid\u00e9rable expliquant pourquoi.<\/p>\n<p>Je pense que nous pourrions construire un milieu de terrain avec plus de cr\u00e9ativit\u00e9 et de savoir-faire, sans trop perdre des \u00e9l\u00e9ments physiques que Mikel Arteta semble tant appr\u00e9cier. Je sais qu&#39;il est t\u00f4t, mais si je regarde notre \u00e9quipe pour la saison prochaine, je veux que ces deux joueurs soient compl\u00e9t\u00e9s par une autre option. Peut-\u00eatre que ce sera Ethan Nwaneri, un porteur de ballon, un dribbleur, bon dans les espaces restreints et quelqu&#39;un qui veut tirer et marquer des buts, alors esp\u00e9rons que le sort marseillais lui fera du bien \u00e0 cet \u00e9gard. Il y a aussi le potentiel de Max Dowman, ne l&#39;oublions pas, et j&#39;ai vu des gens faire valoir que nous devrions utiliser Myles Lewis-Skelly au milieu de terrain, mais parfois j&#39;ai l&#39;impression que nous sommes all\u00e9s trop loin dans l&#39;autre sens en termes de notre niveau technique. C&#39;est formidable d&#39;avoir des athl\u00e8tes qui courent dur, mais si vous avez le genre de d\u00e9fenseurs que nous pouvons aligner r\u00e9guli\u00e8rement, avec un joueur comme Declan Rice devant eux, pour moi, il y a une plus grande marge de cr\u00e9ativit\u00e9 devant eux.<\/p>\n<p>Arteta a expliqu\u00e9 l&#39;autre semaine \u00e0 quel point l&#39;\u00e9l\u00e9ment homme contre homme de la Premier League est l&#39;une des principales raisons pour lesquelles elle est devenue si difficile et difficile. Nous avons contr\u00e9 cela avec une efficacit\u00e9 et une r\u00e9gularit\u00e9 remarquables sur les coups de pied arr\u00eat\u00e9s, mais le jeu se corrigera comme il le fait toujours. Mon sentiment est que nous allons nous concentrer davantage sur les joueurs ayant des qualit\u00e9s individuelles dans les tiers m\u00e9dians et avant du terrain, et j&#39;aimerais que nous soyons en avance sur cette courbe. C&#39;en est un pour l&#39;\u00e9t\u00e9, d&#39;ici l\u00e0, esp\u00e9rons qu&#39;Eze pourra r\u00e9cup\u00e9rer rapidement et que des joueurs comme Odegaard, Bukayo Saka, Leandro Trossard et m\u00eame Kai Havertz (selon l&#39;endroit o\u00f9 il a jou\u00e9), pourront trouver quelque chose de plus proche de leur meilleur pendant la course.<\/p>\n<p>D&#39;accord, je vais le laisser l\u00e0 pour ce matin. Passez un bon mercredi les amis, \u00e0 demain.<\/p>\n<\/div>\n","protected":false},"excerpt":{"rendered":"<p>Bonjour \u00e0 tous. Commen\u00e7ons par Arsenal Women ce matin qui a fait un grand pas vers les demi-finales de la Ligue des Champions avec une<\/p>\n","protected":false},"author":1,"featured_media":35781,"comment_status":"closed","ping_status":"","sticky":false,"template":"","format":"standard","meta":{"footnotes":""},"categories":[3],"tags":[857,11735,5516,93,365,71],"yoast_head":"<!-- This site is optimized with the Yoast SEO plugin v21.0 - https:\/\/yoast.com\/wordpress\/plugins\/seo\/ -->\n<title>Pas l&#039;un ou l&#039;autre, mais les deux<\/title>\n<meta name=\"robots\" content=\"index, follow, max-snippet:-1, max-image-preview:large, max-video-preview:-1\" \/>\n<link rel=\"canonical\" href=\"https:\/\/footdavant.fr\/actualites\/pas-lun-ou-lautre-mais-les-deux\/\" \/>\n<meta property=\"og:locale\" content=\"fr_FR\" \/>\n<meta property=\"og:type\" content=\"article\" \/>\n<meta property=\"og:title\" content=\"Pas l&#039;un ou l&#039;autre, mais les deux\" \/>\n<meta property=\"og:description\" content=\"Bonjour \u00e0 tous. Commen\u00e7ons par Arsenal Women ce matin qui a fait un grand pas vers les demi-finales de la Ligue des Champions avec une\" \/>\n<meta property=\"og:url\" content=\"https:\/\/footdavant.fr\/actualites\/pas-lun-ou-lautre-mais-les-deux\/\" \/>\n<meta property=\"og:site_name\" content=\"Foot d&#039;avant\" \/>\n<meta property=\"article:publisher\" content=\"https:\/\/www.facebook.com\/Footdavant\/\" \/>\n<meta property=\"article:published_time\" content=\"2026-03-25T10:48:06+00:00\" \/>\n<meta property=\"article:modified_time\" content=\"2026-03-25T10:48:08+00:00\" \/>\n<meta property=\"og:image\" content=\"https:\/\/footdavant.fr\/actualites\/wp-content\/uploads\/2026\/03\/Pas-l39un-ou-l39autre-mais-les-deux.jpg\" \/>\n\t<meta property=\"og:image:width\" content=\"1500\" \/>\n\t<meta property=\"og:image:height\" content=\"750\" \/>\n\t<meta property=\"og:image:type\" content=\"image\/jpeg\" \/>\n<meta name=\"author\" content=\"Cl\u00e9ment\" \/>\n<meta name=\"twitter:card\" content=\"summary_large_image\" \/>\n<meta name=\"twitter:creator\" content=\"@FootdavantFr\" \/>\n<meta name=\"twitter:site\" content=\"@FootdavantFr\" \/>\n<meta name=\"twitter:label1\" content=\"\u00c9crit par\" \/>\n\t<meta name=\"twitter:data1\" content=\"Cl\u00e9ment\" \/>\n\t<meta name=\"twitter:label2\" content=\"Dur\u00e9e de lecture estim\u00e9e\" \/>\n\t<meta name=\"twitter:data2\" content=\"6 minutes\" \/>\n<script type=\"application\/ld+json\" class=\"yoast-schema-graph\">{\"@context\":\"https:\/\/schema.org\",\"@graph\":[{\"@type\":\"Article\",\"@id\":\"https:\/\/footdavant.fr\/actualites\/pas-lun-ou-lautre-mais-les-deux\/#article\",\"isPartOf\":{\"@id\":\"https:\/\/footdavant.fr\/actualites\/pas-lun-ou-lautre-mais-les-deux\/\"},\"author\":{\"name\":\"Cl\u00e9ment\",\"@id\":\"https:\/\/footdavant.fr\/actualites\/#\/schema\/person\/bc222566d95871b37e597b3ed3ba5e1d\"},\"headline\":\"Pas l&#39;un ou l&#39;autre, mais les deux\",\"datePublished\":\"2026-03-25T10:48:06+00:00\",\"dateModified\":\"2026-03-25T10:48:08+00:00\",\"mainEntityOfPage\":{\"@id\":\"https:\/\/footdavant.fr\/actualites\/pas-lun-ou-lautre-mais-les-deux\/\"},\"wordCount\":1159,\"publisher\":{\"@id\":\"https:\/\/footdavant.fr\/actualites\/#organization\"},\"keywords\":[\"deux\",\"l39autre\",\"l39un\",\"les\",\"mais\",\"pas\"],\"articleSection\":[\"Football\"],\"inLanguage\":\"fr-FR\"},{\"@type\":\"WebPage\",\"@id\":\"https:\/\/footdavant.fr\/actualites\/pas-lun-ou-lautre-mais-les-deux\/\",\"url\":\"https:\/\/footdavant.fr\/actualites\/pas-lun-ou-lautre-mais-les-deux\/\",\"name\":\"Pas l&#39;un ou l&#39;autre, mais les deux\",\"isPartOf\":{\"@id\":\"https:\/\/footdavant.fr\/actualites\/#website\"},\"datePublished\":\"2026-03-25T10:48:06+00:00\",\"dateModified\":\"2026-03-25T10:48:08+00:00\",\"breadcrumb\":{\"@id\":\"https:\/\/footdavant.fr\/actualites\/pas-lun-ou-lautre-mais-les-deux\/#breadcrumb\"},\"inLanguage\":\"fr-FR\",\"potentialAction\":[{\"@type\":\"ReadAction\",\"target\":[\"https:\/\/footdavant.fr\/actualites\/pas-lun-ou-lautre-mais-les-deux\/\"]}]},{\"@type\":\"BreadcrumbList\",\"@id\":\"https:\/\/footdavant.fr\/actualites\/pas-lun-ou-lautre-mais-les-deux\/#breadcrumb\",\"itemListElement\":[{\"@type\":\"ListItem\",\"position\":1,\"name\":\"Accueil\",\"item\":\"https:\/\/footdavant.fr\/actualites\/\"},{\"@type\":\"ListItem\",\"position\":2,\"name\":\"Pas l&#39;un ou l&#39;autre, mais les deux\"}]},{\"@type\":\"WebSite\",\"@id\":\"https:\/\/footdavant.fr\/actualites\/#website\",\"url\":\"https:\/\/footdavant.fr\/actualites\/\",\"name\":\"Foot d'avant\",\"description\":\"\",\"publisher\":{\"@id\":\"https:\/\/footdavant.fr\/actualites\/#organization\"},\"potentialAction\":[{\"@type\":\"SearchAction\",\"target\":{\"@type\":\"EntryPoint\",\"urlTemplate\":\"https:\/\/footdavant.fr\/actualites\/?s={search_term_string}\"},\"query-input\":\"required name=search_term_string\"}],\"inLanguage\":\"fr-FR\"},{\"@type\":\"Organization\",\"@id\":\"https:\/\/footdavant.fr\/actualites\/#organization\",\"name\":\"Foot d'avant\",\"url\":\"https:\/\/footdavant.fr\/actualites\/\",\"logo\":{\"@type\":\"ImageObject\",\"inLanguage\":\"fr-FR\",\"@id\":\"https:\/\/footdavant.fr\/actualites\/#\/schema\/logo\/image\/\",\"url\":\"https:\/\/footdavant.fr\/actualites\/wp-content\/uploads\/2023\/09\/Copy-of-FootDavant-Logo.png\",\"contentUrl\":\"https:\/\/footdavant.fr\/actualites\/wp-content\/uploads\/2023\/09\/Copy-of-FootDavant-Logo.png\",\"width\":936,\"height\":549,\"caption\":\"Foot d'avant\"},\"image\":{\"@id\":\"https:\/\/footdavant.fr\/actualites\/#\/schema\/logo\/image\/\"},\"sameAs\":[\"https:\/\/www.facebook.com\/Footdavant\/\",\"https:\/\/twitter.com\/FootdavantFr\",\"https:\/\/www.instagram.com\/footdavant.fr\/\"]},{\"@type\":\"Person\",\"@id\":\"https:\/\/footdavant.fr\/actualites\/#\/schema\/person\/bc222566d95871b37e597b3ed3ba5e1d\",\"name\":\"Cl\u00e9ment\",\"image\":{\"@type\":\"ImageObject\",\"inLanguage\":\"fr-FR\",\"@id\":\"https:\/\/footdavant.fr\/actualites\/#\/schema\/person\/image\/\",\"url\":\"https:\/\/secure.gravatar.com\/avatar\/7728b29aac2719421e1a9159b2254c44?s=96&d=mm&r=g\",\"contentUrl\":\"https:\/\/secure.gravatar.com\/avatar\/7728b29aac2719421e1a9159b2254c44?s=96&d=mm&r=g\",\"caption\":\"Cl\u00e9ment\"},\"sameAs\":[\"https:\/\/footdavant.fr\/\"]}]}<\/script>\n<!-- \/ Yoast SEO plugin. -->","yoast_head_json":{"title":"Pas l&#39;un ou l&#39;autre, mais les deux","robots":{"index":"index","follow":"follow","max-snippet":"max-snippet:-1","max-image-preview":"max-image-preview:large","max-video-preview":"max-video-preview:-1"},"canonical":"https:\/\/footdavant.fr\/actualites\/pas-lun-ou-lautre-mais-les-deux\/","og_locale":"fr_FR","og_type":"article","og_title":"Pas l&#39;un ou l&#39;autre, mais les deux","og_description":"Bonjour \u00e0 tous. Commen\u00e7ons par Arsenal Women ce matin qui a fait un grand pas vers les demi-finales de la Ligue des Champions avec une","og_url":"https:\/\/footdavant.fr\/actualites\/pas-lun-ou-lautre-mais-les-deux\/","og_site_name":"Foot d&#039;avant","article_publisher":"https:\/\/www.facebook.com\/Footdavant\/","article_published_time":"2026-03-25T10:48:06+00:00","article_modified_time":"2026-03-25T10:48:08+00:00","og_image":[{"width":1500,"height":750,"url":"https:\/\/footdavant.fr\/actualites\/wp-content\/uploads\/2026\/03\/Pas-l39un-ou-l39autre-mais-les-deux.jpg","type":"image\/jpeg"}],"author":"Cl\u00e9ment","twitter_card":"summary_large_image","twitter_creator":"@FootdavantFr","twitter_site":"@FootdavantFr","twitter_misc":{"\u00c9crit par":"Cl\u00e9ment","Dur\u00e9e de lecture estim\u00e9e":"6 minutes"},"schema":{"@context":"https:\/\/schema.org","@graph":[{"@type":"Article","@id":"https:\/\/footdavant.fr\/actualites\/pas-lun-ou-lautre-mais-les-deux\/#article","isPartOf":{"@id":"https:\/\/footdavant.fr\/actualites\/pas-lun-ou-lautre-mais-les-deux\/"},"author":{"name":"Cl\u00e9ment","@id":"https:\/\/footdavant.fr\/actualites\/#\/schema\/person\/bc222566d95871b37e597b3ed3ba5e1d"},"headline":"Pas l&#39;un ou l&#39;autre, mais les deux","datePublished":"2026-03-25T10:48:06+00:00","dateModified":"2026-03-25T10:48:08+00:00","mainEntityOfPage":{"@id":"https:\/\/footdavant.fr\/actualites\/pas-lun-ou-lautre-mais-les-deux\/"},"wordCount":1159,"publisher":{"@id":"https:\/\/footdavant.fr\/actualites\/#organization"},"keywords":["deux","l39autre","l39un","les","mais","pas"],"articleSection":["Football"],"inLanguage":"fr-FR"},{"@type":"WebPage","@id":"https:\/\/footdavant.fr\/actualites\/pas-lun-ou-lautre-mais-les-deux\/","url":"https:\/\/footdavant.fr\/actualites\/pas-lun-ou-lautre-mais-les-deux\/","name":"Pas l&#39;un ou l&#39;autre, mais les deux","isPartOf":{"@id":"https:\/\/footdavant.fr\/actualites\/#website"},"datePublished":"2026-03-25T10:48:06+00:00","dateModified":"2026-03-25T10:48:08+00:00","breadcrumb":{"@id":"https:\/\/footdavant.fr\/actualites\/pas-lun-ou-lautre-mais-les-deux\/#breadcrumb"},"inLanguage":"fr-FR","potentialAction":[{"@type":"ReadAction","target":["https:\/\/footdavant.fr\/actualites\/pas-lun-ou-lautre-mais-les-deux\/"]}]},{"@type":"BreadcrumbList","@id":"https:\/\/footdavant.fr\/actualites\/pas-lun-ou-lautre-mais-les-deux\/#breadcrumb","itemListElement":[{"@type":"ListItem","position":1,"name":"Accueil","item":"https:\/\/footdavant.fr\/actualites\/"},{"@type":"ListItem","position":2,"name":"Pas l&#39;un ou l&#39;autre, mais les deux"}]},{"@type":"WebSite","@id":"https:\/\/footdavant.fr\/actualites\/#website","url":"https:\/\/footdavant.fr\/actualites\/","name":"Foot d'avant","description":"","publisher":{"@id":"https:\/\/footdavant.fr\/actualites\/#organization"},"potentialAction":[{"@type":"SearchAction","target":{"@type":"EntryPoint","urlTemplate":"https:\/\/footdavant.fr\/actualites\/?s={search_term_string}"},"query-input":"required name=search_term_string"}],"inLanguage":"fr-FR"},{"@type":"Organization","@id":"https:\/\/footdavant.fr\/actualites\/#organization","name":"Foot d'avant","url":"https:\/\/footdavant.fr\/actualites\/","logo":{"@type":"ImageObject","inLanguage":"fr-FR","@id":"https:\/\/footdavant.fr\/actualites\/#\/schema\/logo\/image\/","url":"https:\/\/footdavant.fr\/actualites\/wp-content\/uploads\/2023\/09\/Copy-of-FootDavant-Logo.png","contentUrl":"https:\/\/footdavant.fr\/actualites\/wp-content\/uploads\/2023\/09\/Copy-of-FootDavant-Logo.png","width":936,"height":549,"caption":"Foot d'avant"},"image":{"@id":"https:\/\/footdavant.fr\/actualites\/#\/schema\/logo\/image\/"},"sameAs":["https:\/\/www.facebook.com\/Footdavant\/","https:\/\/twitter.com\/FootdavantFr","https:\/\/www.instagram.com\/footdavant.fr\/"]},{"@type":"Person","@id":"https:\/\/footdavant.fr\/actualites\/#\/schema\/person\/bc222566d95871b37e597b3ed3ba5e1d","name":"Cl\u00e9ment","image":{"@type":"ImageObject","inLanguage":"fr-FR","@id":"https:\/\/footdavant.fr\/actualites\/#\/schema\/person\/image\/","url":"https:\/\/secure.gravatar.com\/avatar\/7728b29aac2719421e1a9159b2254c44?s=96&d=mm&r=g","contentUrl":"https:\/\/secure.gravatar.com\/avatar\/7728b29aac2719421e1a9159b2254c44?s=96&d=mm&r=g","caption":"Cl\u00e9ment"},"sameAs":["https:\/\/footdavant.fr\/"]}]}},"_links":{"self":[{"href":"https:\/\/footdavant.fr\/actualites\/wp-json\/wp\/v2\/posts\/35780"}],"collection":[{"href":"https:\/\/footdavant.fr\/actualites\/wp-json\/wp\/v2\/posts"}],"about":[{"href":"https:\/\/footdavant.fr\/actualites\/wp-json\/wp\/v2\/types\/post"}],"author":[{"embeddable":true,"href":"https:\/\/footdavant.fr\/actualites\/wp-json\/wp\/v2\/users\/1"}],"replies":[{"embeddable":true,"href":"https:\/\/footdavant.fr\/actualites\/wp-json\/wp\/v2\/comments?post=35780"}],"version-history":[{"count":1,"href":"https:\/\/footdavant.fr\/actualites\/wp-json\/wp\/v2\/posts\/35780\/revisions"}],"predecessor-version":[{"id":35782,"href":"https:\/\/footdavant.fr\/actualites\/wp-json\/wp\/v2\/posts\/35780\/revisions\/35782"}],"wp:featuredmedia":[{"embeddable":true,"href":"https:\/\/footdavant.fr\/actualites\/wp-json\/wp\/v2\/media\/35781"}],"wp:attachment":[{"href":"https:\/\/footdavant.fr\/actualites\/wp-json\/wp\/v2\/media?parent=35780"}],"wp:term":[{"taxonomy":"category","embeddable":true,"href":"https:\/\/footdavant.fr\/actualites\/wp-json\/wp\/v2\/categories?post=35780"},{"taxonomy":"post_tag","embeddable":true,"href":"https:\/\/footdavant.fr\/actualites\/wp-json\/wp\/v2\/tags?post=35780"}],"curies":[{"name":"wp","href":"https:\/\/api.w.org\/{rel}","templated":true}]}}