{"id":35789,"date":"2026-03-25T17:48:09","date_gmt":"2026-03-25T16:48:09","guid":{"rendered":"https:\/\/footdavant.fr\/actualites\/david-raya-revele-que-le-club-de-la-ligue-des-champions-a-tente-de-le-signer-avant-le-transfert-darsenal\/"},"modified":"2026-03-25T17:48:11","modified_gmt":"2026-03-25T16:48:11","slug":"david-raya-revele-que-le-club-de-la-ligue-des-champions-a-tente-de-le-signer-avant-le-transfert-darsenal","status":"publish","type":"post","link":"https:\/\/footdavant.fr\/actualites\/david-raya-revele-que-le-club-de-la-ligue-des-champions-a-tente-de-le-signer-avant-le-transfert-darsenal\/","title":{"rendered":"David Raya r\u00e9v\u00e8le que le club de la Ligue des champions a tent\u00e9 de le signer avant le transfert d&#39;Arsenal"},"content":{"rendered":"<div itemprop=\"articleBody\">\n<p>Le gardien d&#39;Arsenal, David Raya, a admis qu&#39;il \u00e9tait \u00ab\u00a0tr\u00e8s proche\u00a0\u00bb de rejoindre le Bayern Munich avant de rejoindre les Gunners.<\/p>\n<p>Apr\u00e8s avoir pass\u00e9 quatre saisons \u00e0 Brentford, Raya a rejoint Arsenal dans le cadre d&#39;un premier contrat de pr\u00eat d&#39;une saison \u00e0 l&#39;\u00e9t\u00e9 2023. <\/p>\n<p>L&#39;Espagnol a converti son pr\u00eat en un transfert permanent l&#39;\u00e9t\u00e9 suivant dans le cadre d&#39;un accord d&#39;une valeur de 27 millions de livres sterling. <\/p>\n<p>Sous la direction de Mikel Arteta, Raya a d\u00e9velopp\u00e9 une r\u00e9putation comme l&#39;un des meilleurs gardiens d&#39;Europe au sein d&#39;une \u00e9quipe d&#39;Arsenal r\u00e9put\u00e9e pour sa solidit\u00e9 d\u00e9fensive. <\/p>\n<div>\n<div>\n<div>\n<p>\u00a9 Imago<\/p>\n<\/div>\n<\/div>\n<\/div>\n<h2>Raya r\u00e9v\u00e8le son int\u00e9r\u00eat pour le transfert du Bayern<\/h2>\n<p>Alors qu&#39;il est d\u00e9sormais consid\u00e9r\u00e9 comme le num\u00e9ro un incontest\u00e9 d&#39;Arsenal, Raya r\u00e9v\u00e8le d\u00e9sormais qu&#39;il aurait pu emprunter un chemin diff\u00e9rent avant de rejoindre les Gunners.<\/p>\n<p>\u00ab\u00a0J&#39;\u00e9tais sur le point de rejoindre un autre club, mais heureusement, cela ne s&#39;est pas produit, et finalement Arsenal a fait une offre et je suis venu ici\u00a0\u00bb, a d\u00e9clar\u00e9 Raya. <em>Sports a\u00e9riens<\/em>. <\/p>\n<p>Lorsqu&#39;on lui a demand\u00e9 quel club \u00e9tait int\u00e9ress\u00e9, Raya a r\u00e9v\u00e9l\u00e9 : \u00ab\u00a0C&#39;\u00e9tait le Bayern Munich\u00a0\u00bb.<\/p>\n<p>Le transfert \u00e0 Arsenal contre le Bayern s&#39;est av\u00e9r\u00e9 \u00eatre un moment cl\u00e9 dans la carri\u00e8re de Raya, d&#39;autant plus qu&#39;il aurait \u00e9t\u00e9 confront\u00e9 \u00e0 la concurrence de Manuel Neuer s&#39;il avait rejoint les g\u00e9ants allemands. <\/p>\n<div>\n<div>\n<div><img decoding=\"async\" data-img-id=\"157358\" class=\"lazy\" loading=\"lazy\" src=\"https:\/\/footdavant.fr\/actualites\/wp-content\/uploads\/2026\/03\/David-Raya-revele-que-le-club-de-la-Ligue-des.webp\"\/><\/p>\n<p>\u00a9 Imago \/ Chaque deuxi\u00e8me m\u00e9dia<\/p>\n<\/div>\n<\/div>\n<\/div>\n<h2>L&#39;importance de Raya pour Arsenal dans la lutte pour le titre<\/h2>\n<p>Raya a \u00e9t\u00e9 une figure importante dans la derni\u00e8re tentative d&#39;Arsenal pour le titre, ayant enregistr\u00e9 15 blanchissages en 31 matches de Premier League, soit quatre de plus que le deuxi\u00e8me meilleur total de Gianluigi Donnarumma de Manchester City.<\/p>\n<p>Les performances de Raya et de la ligne arri\u00e8re d&#39;Arsenal ont permis \u00e0 l&#39;\u00e9quipe d&#39;Arteta d&#39;ouvrir un \u00e9cart de neuf points en t\u00eate du classement de la Premier League.<\/p>\n<p>L&#39;international espagnol a \u00e9galement produit sur la sc\u00e8ne europ\u00e9enne, remportant six feuilles blanches en neuf matches de Ligue des champions, dont un blanchissage lors de la victoire 2-0 de mardi contre le Bayer Leverkusen lors des huiti\u00e8mes de finale retour.<\/p>\n<p>Bien qu&#39;il soit un joueur cl\u00e9 de l&#39;\u00e9quipe d&#39;Arsenal, Raya devrait regarder la finale de la Coupe EFL dimanche contre Man City depuis le banc, apr\u00e8s avoir confi\u00e9 les fonctions de gardien de but \u00e0 Kepa Arrizabalaga lors des cinq matches sur la route de Wembley.<\/p>\n<\/div>\n","protected":false},"excerpt":{"rendered":"<p>Le gardien d&#39;Arsenal, David Raya, a admis qu&#39;il \u00e9tait \u00ab\u00a0tr\u00e8s proche\u00a0\u00bb de rejoindre le Bayern Munich avant de rejoindre les Gunners. Apr\u00e8s avoir pass\u00e9 quatre<\/p>\n","protected":false},"author":1,"featured_media":35790,"comment_status":"closed","ping_status":"","sticky":false,"template":"","format":"standard","meta":{"footnotes":""},"categories":[5],"tags":[491,31,333,4221,342,12,30,343,415,774,3456,700],"yoast_head":"<!-- This site is optimized with the Yoast SEO plugin v21.0 - https:\/\/yoast.com\/wordpress\/plugins\/seo\/ -->\n<title>David Raya r\u00e9v\u00e8le que le club de la Ligue des champions a tent\u00e9 de le signer avant le transfert d&#039;Arsenal<\/title>\n<meta name=\"robots\" content=\"index, follow, max-snippet:-1, max-image-preview:large, max-video-preview:-1\" \/>\n<link rel=\"canonical\" href=\"https:\/\/footdavant.fr\/actualites\/david-raya-revele-que-le-club-de-la-ligue-des-champions-a-tente-de-le-signer-avant-le-transfert-darsenal\/\" \/>\n<meta property=\"og:locale\" content=\"fr_FR\" \/>\n<meta property=\"og:type\" content=\"article\" \/>\n<meta property=\"og:title\" content=\"David Raya r\u00e9v\u00e8le que le club de la Ligue des champions a tent\u00e9 de le signer avant le transfert d&#039;Arsenal\" \/>\n<meta property=\"og:description\" content=\"Le gardien d&#039;Arsenal, David Raya, a admis qu&#039;il \u00e9tait \u00ab\u00a0tr\u00e8s proche\u00a0\u00bb de rejoindre le Bayern Munich avant de rejoindre les Gunners. Apr\u00e8s avoir pass\u00e9 quatre\" \/>\n<meta property=\"og:url\" content=\"https:\/\/footdavant.fr\/actualites\/david-raya-revele-que-le-club-de-la-ligue-des-champions-a-tente-de-le-signer-avant-le-transfert-darsenal\/\" \/>\n<meta property=\"og:site_name\" content=\"Foot d&#039;avant\" \/>\n<meta property=\"article:publisher\" content=\"https:\/\/www.facebook.com\/Footdavant\/\" \/>\n<meta property=\"article:published_time\" content=\"2026-03-25T16:48:09+00:00\" \/>\n<meta property=\"article:modified_time\" content=\"2026-03-25T16:48:11+00:00\" \/>\n<meta property=\"og:image\" content=\"https:\/\/footdavant.fr\/actualites\/wp-content\/uploads\/2026\/03\/David-Raya-revele-que-le-club-de-la-Ligue-des.net2Fuploads2F20262F032Fraya-2-69bde952b.webp\" \/>\n\t<meta property=\"og:image:width\" content=\"720\" \/>\n\t<meta property=\"og:image:height\" content=\"410\" \/>\n\t<meta property=\"og:image:type\" content=\"image\/webp\" \/>\n<meta name=\"author\" content=\"Cl\u00e9ment\" \/>\n<meta name=\"twitter:card\" content=\"summary_large_image\" \/>\n<meta name=\"twitter:creator\" content=\"@FootdavantFr\" \/>\n<meta name=\"twitter:site\" content=\"@FootdavantFr\" \/>\n<meta name=\"twitter:label1\" content=\"\u00c9crit par\" \/>\n\t<meta name=\"twitter:data1\" content=\"Cl\u00e9ment\" \/>\n\t<meta name=\"twitter:label2\" content=\"Dur\u00e9e de lecture estim\u00e9e\" \/>\n\t<meta name=\"twitter:data2\" content=\"2 minutes\" \/>\n<script type=\"application\/ld+json\" class=\"yoast-schema-graph\">{\"@context\":\"https:\/\/schema.org\",\"@graph\":[{\"@type\":\"Article\",\"@id\":\"https:\/\/footdavant.fr\/actualites\/david-raya-revele-que-le-club-de-la-ligue-des-champions-a-tente-de-le-signer-avant-le-transfert-darsenal\/#article\",\"isPartOf\":{\"@id\":\"https:\/\/footdavant.fr\/actualites\/david-raya-revele-que-le-club-de-la-ligue-des-champions-a-tente-de-le-signer-avant-le-transfert-darsenal\/\"},\"author\":{\"name\":\"Cl\u00e9ment\",\"@id\":\"https:\/\/footdavant.fr\/actualites\/#\/schema\/person\/bc222566d95871b37e597b3ed3ba5e1d\"},\"headline\":\"David Raya r\u00e9v\u00e8le que le club de la Ligue des champions a tent\u00e9 de le signer avant le transfert d&#39;Arsenal\",\"datePublished\":\"2026-03-25T16:48:09+00:00\",\"dateModified\":\"2026-03-25T16:48:11+00:00\",\"mainEntityOfPage\":{\"@id\":\"https:\/\/footdavant.fr\/actualites\/david-raya-revele-que-le-club-de-la-ligue-des-champions-a-tente-de-le-signer-avant-le-transfert-darsenal\/\"},\"wordCount\":470,\"publisher\":{\"@id\":\"https:\/\/footdavant.fr\/actualites\/#organization\"},\"keywords\":[\"avant\",\"champions\",\"club\",\"d39Arsenal\",\"David\",\"des\",\"Ligue\",\"Raya\",\"r\u00e9v\u00e8le\",\"signer\",\"tente\",\"transfert\"],\"articleSection\":[\"Premier League\"],\"inLanguage\":\"fr-FR\"},{\"@type\":\"WebPage\",\"@id\":\"https:\/\/footdavant.fr\/actualites\/david-raya-revele-que-le-club-de-la-ligue-des-champions-a-tente-de-le-signer-avant-le-transfert-darsenal\/\",\"url\":\"https:\/\/footdavant.fr\/actualites\/david-raya-revele-que-le-club-de-la-ligue-des-champions-a-tente-de-le-signer-avant-le-transfert-darsenal\/\",\"name\":\"David Raya r\u00e9v\u00e8le que le club de la Ligue des champions a tent\u00e9 de le signer avant le transfert d&#39;Arsenal\",\"isPartOf\":{\"@id\":\"https:\/\/footdavant.fr\/actualites\/#website\"},\"datePublished\":\"2026-03-25T16:48:09+00:00\",\"dateModified\":\"2026-03-25T16:48:11+00:00\",\"breadcrumb\":{\"@id\":\"https:\/\/footdavant.fr\/actualites\/david-raya-revele-que-le-club-de-la-ligue-des-champions-a-tente-de-le-signer-avant-le-transfert-darsenal\/#breadcrumb\"},\"inLanguage\":\"fr-FR\",\"potentialAction\":[{\"@type\":\"ReadAction\",\"target\":[\"https:\/\/footdavant.fr\/actualites\/david-raya-revele-que-le-club-de-la-ligue-des-champions-a-tente-de-le-signer-avant-le-transfert-darsenal\/\"]}]},{\"@type\":\"BreadcrumbList\",\"@id\":\"https:\/\/footdavant.fr\/actualites\/david-raya-revele-que-le-club-de-la-ligue-des-champions-a-tente-de-le-signer-avant-le-transfert-darsenal\/#breadcrumb\",\"itemListElement\":[{\"@type\":\"ListItem\",\"position\":1,\"name\":\"Accueil\",\"item\":\"https:\/\/footdavant.fr\/actualites\/\"},{\"@type\":\"ListItem\",\"position\":2,\"name\":\"David Raya r\u00e9v\u00e8le que le club de la Ligue des champions a tent\u00e9 de le signer avant le transfert d&#39;Arsenal\"}]},{\"@type\":\"WebSite\",\"@id\":\"https:\/\/footdavant.fr\/actualites\/#website\",\"url\":\"https:\/\/footdavant.fr\/actualites\/\",\"name\":\"Foot d'avant\",\"description\":\"\",\"publisher\":{\"@id\":\"https:\/\/footdavant.fr\/actualites\/#organization\"},\"potentialAction\":[{\"@type\":\"SearchAction\",\"target\":{\"@type\":\"EntryPoint\",\"urlTemplate\":\"https:\/\/footdavant.fr\/actualites\/?s={search_term_string}\"},\"query-input\":\"required name=search_term_string\"}],\"inLanguage\":\"fr-FR\"},{\"@type\":\"Organization\",\"@id\":\"https:\/\/footdavant.fr\/actualites\/#organization\",\"name\":\"Foot d'avant\",\"url\":\"https:\/\/footdavant.fr\/actualites\/\",\"logo\":{\"@type\":\"ImageObject\",\"inLanguage\":\"fr-FR\",\"@id\":\"https:\/\/footdavant.fr\/actualites\/#\/schema\/logo\/image\/\",\"url\":\"https:\/\/footdavant.fr\/actualites\/wp-content\/uploads\/2023\/09\/Copy-of-FootDavant-Logo.png\",\"contentUrl\":\"https:\/\/footdavant.fr\/actualites\/wp-content\/uploads\/2023\/09\/Copy-of-FootDavant-Logo.png\",\"width\":936,\"height\":549,\"caption\":\"Foot d'avant\"},\"image\":{\"@id\":\"https:\/\/footdavant.fr\/actualites\/#\/schema\/logo\/image\/\"},\"sameAs\":[\"https:\/\/www.facebook.com\/Footdavant\/\",\"https:\/\/twitter.com\/FootdavantFr\",\"https:\/\/www.instagram.com\/footdavant.fr\/\"]},{\"@type\":\"Person\",\"@id\":\"https:\/\/footdavant.fr\/actualites\/#\/schema\/person\/bc222566d95871b37e597b3ed3ba5e1d\",\"name\":\"Cl\u00e9ment\",\"image\":{\"@type\":\"ImageObject\",\"inLanguage\":\"fr-FR\",\"@id\":\"https:\/\/footdavant.fr\/actualites\/#\/schema\/person\/image\/\",\"url\":\"https:\/\/secure.gravatar.com\/avatar\/7728b29aac2719421e1a9159b2254c44?s=96&d=mm&r=g\",\"contentUrl\":\"https:\/\/secure.gravatar.com\/avatar\/7728b29aac2719421e1a9159b2254c44?s=96&d=mm&r=g\",\"caption\":\"Cl\u00e9ment\"},\"sameAs\":[\"https:\/\/footdavant.fr\/\"]}]}<\/script>\n<!-- \/ Yoast SEO plugin. -->","yoast_head_json":{"title":"David Raya r\u00e9v\u00e8le que le club de la Ligue des champions a tent\u00e9 de le signer avant le transfert d&#39;Arsenal","robots":{"index":"index","follow":"follow","max-snippet":"max-snippet:-1","max-image-preview":"max-image-preview:large","max-video-preview":"max-video-preview:-1"},"canonical":"https:\/\/footdavant.fr\/actualites\/david-raya-revele-que-le-club-de-la-ligue-des-champions-a-tente-de-le-signer-avant-le-transfert-darsenal\/","og_locale":"fr_FR","og_type":"article","og_title":"David Raya r\u00e9v\u00e8le que le club de la Ligue des champions a tent\u00e9 de le signer avant le transfert d&#39;Arsenal","og_description":"Le gardien d&#39;Arsenal, David Raya, a admis qu&#39;il \u00e9tait \u00ab\u00a0tr\u00e8s proche\u00a0\u00bb de rejoindre le Bayern Munich avant de rejoindre les Gunners. Apr\u00e8s avoir pass\u00e9 quatre","og_url":"https:\/\/footdavant.fr\/actualites\/david-raya-revele-que-le-club-de-la-ligue-des-champions-a-tente-de-le-signer-avant-le-transfert-darsenal\/","og_site_name":"Foot d&#039;avant","article_publisher":"https:\/\/www.facebook.com\/Footdavant\/","article_published_time":"2026-03-25T16:48:09+00:00","article_modified_time":"2026-03-25T16:48:11+00:00","og_image":[{"width":720,"height":410,"url":"https:\/\/footdavant.fr\/actualites\/wp-content\/uploads\/2026\/03\/David-Raya-revele-que-le-club-de-la-Ligue-des.net2Fuploads2F20262F032Fraya-2-69bde952b.webp","type":"image\/webp"}],"author":"Cl\u00e9ment","twitter_card":"summary_large_image","twitter_creator":"@FootdavantFr","twitter_site":"@FootdavantFr","twitter_misc":{"\u00c9crit par":"Cl\u00e9ment","Dur\u00e9e de lecture estim\u00e9e":"2 minutes"},"schema":{"@context":"https:\/\/schema.org","@graph":[{"@type":"Article","@id":"https:\/\/footdavant.fr\/actualites\/david-raya-revele-que-le-club-de-la-ligue-des-champions-a-tente-de-le-signer-avant-le-transfert-darsenal\/#article","isPartOf":{"@id":"https:\/\/footdavant.fr\/actualites\/david-raya-revele-que-le-club-de-la-ligue-des-champions-a-tente-de-le-signer-avant-le-transfert-darsenal\/"},"author":{"name":"Cl\u00e9ment","@id":"https:\/\/footdavant.fr\/actualites\/#\/schema\/person\/bc222566d95871b37e597b3ed3ba5e1d"},"headline":"David Raya r\u00e9v\u00e8le que le club de la Ligue des champions a tent\u00e9 de le signer avant le transfert d&#39;Arsenal","datePublished":"2026-03-25T16:48:09+00:00","dateModified":"2026-03-25T16:48:11+00:00","mainEntityOfPage":{"@id":"https:\/\/footdavant.fr\/actualites\/david-raya-revele-que-le-club-de-la-ligue-des-champions-a-tente-de-le-signer-avant-le-transfert-darsenal\/"},"wordCount":470,"publisher":{"@id":"https:\/\/footdavant.fr\/actualites\/#organization"},"keywords":["avant","champions","club","d39Arsenal","David","des","Ligue","Raya","r\u00e9v\u00e8le","signer","tente","transfert"],"articleSection":["Premier League"],"inLanguage":"fr-FR"},{"@type":"WebPage","@id":"https:\/\/footdavant.fr\/actualites\/david-raya-revele-que-le-club-de-la-ligue-des-champions-a-tente-de-le-signer-avant-le-transfert-darsenal\/","url":"https:\/\/footdavant.fr\/actualites\/david-raya-revele-que-le-club-de-la-ligue-des-champions-a-tente-de-le-signer-avant-le-transfert-darsenal\/","name":"David Raya r\u00e9v\u00e8le que le club de la Ligue des champions a tent\u00e9 de le signer avant le transfert d&#39;Arsenal","isPartOf":{"@id":"https:\/\/footdavant.fr\/actualites\/#website"},"datePublished":"2026-03-25T16:48:09+00:00","dateModified":"2026-03-25T16:48:11+00:00","breadcrumb":{"@id":"https:\/\/footdavant.fr\/actualites\/david-raya-revele-que-le-club-de-la-ligue-des-champions-a-tente-de-le-signer-avant-le-transfert-darsenal\/#breadcrumb"},"inLanguage":"fr-FR","potentialAction":[{"@type":"ReadAction","target":["https:\/\/footdavant.fr\/actualites\/david-raya-revele-que-le-club-de-la-ligue-des-champions-a-tente-de-le-signer-avant-le-transfert-darsenal\/"]}]},{"@type":"BreadcrumbList","@id":"https:\/\/footdavant.fr\/actualites\/david-raya-revele-que-le-club-de-la-ligue-des-champions-a-tente-de-le-signer-avant-le-transfert-darsenal\/#breadcrumb","itemListElement":[{"@type":"ListItem","position":1,"name":"Accueil","item":"https:\/\/footdavant.fr\/actualites\/"},{"@type":"ListItem","position":2,"name":"David Raya r\u00e9v\u00e8le que le club de la Ligue des champions a tent\u00e9 de le signer avant le transfert d&#39;Arsenal"}]},{"@type":"WebSite","@id":"https:\/\/footdavant.fr\/actualites\/#website","url":"https:\/\/footdavant.fr\/actualites\/","name":"Foot d'avant","description":"","publisher":{"@id":"https:\/\/footdavant.fr\/actualites\/#organization"},"potentialAction":[{"@type":"SearchAction","target":{"@type":"EntryPoint","urlTemplate":"https:\/\/footdavant.fr\/actualites\/?s={search_term_string}"},"query-input":"required name=search_term_string"}],"inLanguage":"fr-FR"},{"@type":"Organization","@id":"https:\/\/footdavant.fr\/actualites\/#organization","name":"Foot d'avant","url":"https:\/\/footdavant.fr\/actualites\/","logo":{"@type":"ImageObject","inLanguage":"fr-FR","@id":"https:\/\/footdavant.fr\/actualites\/#\/schema\/logo\/image\/","url":"https:\/\/footdavant.fr\/actualites\/wp-content\/uploads\/2023\/09\/Copy-of-FootDavant-Logo.png","contentUrl":"https:\/\/footdavant.fr\/actualites\/wp-content\/uploads\/2023\/09\/Copy-of-FootDavant-Logo.png","width":936,"height":549,"caption":"Foot d'avant"},"image":{"@id":"https:\/\/footdavant.fr\/actualites\/#\/schema\/logo\/image\/"},"sameAs":["https:\/\/www.facebook.com\/Footdavant\/","https:\/\/twitter.com\/FootdavantFr","https:\/\/www.instagram.com\/footdavant.fr\/"]},{"@type":"Person","@id":"https:\/\/footdavant.fr\/actualites\/#\/schema\/person\/bc222566d95871b37e597b3ed3ba5e1d","name":"Cl\u00e9ment","image":{"@type":"ImageObject","inLanguage":"fr-FR","@id":"https:\/\/footdavant.fr\/actualites\/#\/schema\/person\/image\/","url":"https:\/\/secure.gravatar.com\/avatar\/7728b29aac2719421e1a9159b2254c44?s=96&d=mm&r=g","contentUrl":"https:\/\/secure.gravatar.com\/avatar\/7728b29aac2719421e1a9159b2254c44?s=96&d=mm&r=g","caption":"Cl\u00e9ment"},"sameAs":["https:\/\/footdavant.fr\/"]}]}},"_links":{"self":[{"href":"https:\/\/footdavant.fr\/actualites\/wp-json\/wp\/v2\/posts\/35789"}],"collection":[{"href":"https:\/\/footdavant.fr\/actualites\/wp-json\/wp\/v2\/posts"}],"about":[{"href":"https:\/\/footdavant.fr\/actualites\/wp-json\/wp\/v2\/types\/post"}],"author":[{"embeddable":true,"href":"https:\/\/footdavant.fr\/actualites\/wp-json\/wp\/v2\/users\/1"}],"replies":[{"embeddable":true,"href":"https:\/\/footdavant.fr\/actualites\/wp-json\/wp\/v2\/comments?post=35789"}],"version-history":[{"count":1,"href":"https:\/\/footdavant.fr\/actualites\/wp-json\/wp\/v2\/posts\/35789\/revisions"}],"predecessor-version":[{"id":35791,"href":"https:\/\/footdavant.fr\/actualites\/wp-json\/wp\/v2\/posts\/35789\/revisions\/35791"}],"wp:featuredmedia":[{"embeddable":true,"href":"https:\/\/footdavant.fr\/actualites\/wp-json\/wp\/v2\/media\/35790"}],"wp:attachment":[{"href":"https:\/\/footdavant.fr\/actualites\/wp-json\/wp\/v2\/media?parent=35789"}],"wp:term":[{"taxonomy":"category","embeddable":true,"href":"https:\/\/footdavant.fr\/actualites\/wp-json\/wp\/v2\/categories?post=35789"},{"taxonomy":"post_tag","embeddable":true,"href":"https:\/\/footdavant.fr\/actualites\/wp-json\/wp\/v2\/tags?post=35789"}],"curies":[{"name":"wp","href":"https:\/\/api.w.org\/{rel}","templated":true}]}}