{"id":3579,"date":"2024-01-08T04:49:09","date_gmt":"2024-01-08T03:49:09","guid":{"rendered":"https:\/\/footdavant.fr\/actualites\/thomas-frank-minimise-la-sortie-en-janvier-divan-toney-lie-a-arsenal\/"},"modified":"2024-01-08T04:49:11","modified_gmt":"2024-01-08T03:49:11","slug":"thomas-frank-minimise-la-sortie-en-janvier-divan-toney-lie-a-arsenal","status":"publish","type":"post","link":"https:\/\/footdavant.fr\/actualites\/thomas-frank-minimise-la-sortie-en-janvier-divan-toney-lie-a-arsenal\/","title":{"rendered":"Thomas Frank minimise la sortie en janvier d&rsquo;Ivan Toney, li\u00e9 \u00e0 Arsenal"},"content":{"rendered":"<p>Le patron de Brentford, Thomas Frank, minimise \u00e0 nouveau les suggestions selon lesquelles Ivan Toney pourrait quitter le club ce mois-ci en raison de l&rsquo;int\u00e9r\u00eat d&rsquo;Arsenal.<\/p>\n<div id=\"article_body\" itemprop=\"articleBody\">\n<h3 class=\"firstPara\">\n<strong class=\"autotag\">Brentford<\/strong> l&rsquo;entra\u00eeneur-chef <strong class=\"autotag\">Thomas Franck<\/strong> a encore une fois minimis\u00e9 les suggestions selon lesquelles <strong class=\"autotag\">Ivan Toney<\/strong> pourrait quitter le club lors du mercato de janvier.<\/h3>\n<p>La suspension de huit mois du joueur de 27 ans pour violation des r\u00e8gles de paris de la Football Association prendra fin ce mois-ci, l&rsquo;attaquant proposant de participer au match de Premier League de Brentford avec Nottingham Forest le 20 janvier.<\/p>\n<p>Toney a marqu\u00e9 21 buts et enregistr\u00e9 cinq passes d\u00e9cisives en 35 apparitions pour les Bees la saison derni\u00e8re, dont 20 en Premier League.<\/p>\n<p>Pendant ce temps, l&rsquo;Anglais a r\u00e9ussi 68 buts et 21 passes d\u00e9cisives en 124 apparitions pour son \u00e9quipe actuelle depuis qu&rsquo;il a quitt\u00e9 Peterborough United en 2020.<\/p>\n<p><strong class=\"autotag\">Arsenal<\/strong> continuent d&rsquo;\u00eatre fortement li\u00e9s \u00e0 l&rsquo;attaquant, bien qu&rsquo;il ait \u00e9t\u00e9 sugg\u00e9r\u00e9 que Brentford voudrait jusqu&rsquo;\u00e0 100 millions de livres sterling pour le vendre ce mois-ci.<\/p>\n<p class=\"imgI\">\n<p>Selon <em>FootballTransferts<\/em>Toney esp\u00e8re avoir la chance de d\u00e9m\u00e9nager \u00e0 l&rsquo;Emirates Stadium avant la fin du march\u00e9 d&rsquo;hiver.<\/p>\n<p>Cependant, Arsenal, qui a perdu ses deux derniers matches de Premier League, ne serait pas pr\u00eat \u00e0 payer le prix demand\u00e9 actuellement par Brentford.<\/p>\n<p>Frank a de nouveau \u00e9t\u00e9 interrog\u00e9 sur l&rsquo;avenir de Toney lors de sa conf\u00e9rence de presse pour pr\u00e9visualiser le choc de la FA Cup de vendredi avec Wolverhampton Wanderers, et l&rsquo;entra\u00eeneur-chef a d\u00e9clar\u00e9 qu&rsquo;il s&rsquo;attendait \u00e0 ce que l&rsquo;attaquant reste au club.<\/p>\n<p>Pendant ce temps, il a ajout\u00e9 que le club ne devrait consid\u00e9rer qu&rsquo;une offre \u00ab\u00a0incroyable\u00a0\u00bb pour Toney, qui a \u00e9galement \u00e9t\u00e9 li\u00e9 \u00e0 un transfert \u00e0 la mi-saison vers <strong class=\"autotag\">Chelsea<\/strong>.<\/p>\n<p class=\"imgI\"><img decoding=\"async\" loading=\"lazy\" class=\"l\" src=\"https:\/\/footdavant.fr\/actualites\/wp-content\/uploads\/2024\/01\/Thomas-Frank-minimise-la-sortie-en-janvier-dIvan-Toney-lie.jpg\" title=\"Ivan Toney de Brentford c\u00e9l\u00e8bre son premier but le 11 f\u00e9vrier 2023\" alt=\"Ivan Toney de Brentford c\u00e9l\u00e8bre son premier but le 11 f\u00e9vrier 2023\" width=\"640\" height=\"480\"><\/p>\n<p>\u00ab\u00a0C&rsquo;est un joueur de Brentford, il est ici. De toute \u00e9vidence, il nous manque quelques joueurs offensifs et je ne vois pas pourquoi nous devrions le vendre. J&rsquo;adorerais l&rsquo;avoir ici pendant longtemps\u00a0\u00bb, a d\u00e9clar\u00e9 Frank aux journalistes.<\/p>\n<p>\u00ab\u00a0Si je peux un jour, un jour, recommander quelque chose, et que ce n&rsquo;est pas \u00e0 moi de dire &lsquo;oui&rsquo; ou &lsquo;non&rsquo;, c&rsquo;est \u00e0 Phil de d\u00e9cider. [Giles] et Matthieu [Benham]je dirais qu&rsquo;il faut que ce soit un prix incroyable.\u00a0\u00bb<\/p>\n<p>Arsenal n&rsquo;a plus remport\u00e9 de victoire en Premier League depuis un succ\u00e8s 2-0 \u00e0 domicile contre Brighton &#038; Hove Albion le 17 d\u00e9cembre, r\u00e9coltant un seul point lors de ses trois derni\u00e8res sorties dans l&rsquo;\u00e9lite anglaise.<\/p>\n<p><strong class=\"autotag\">Mikel Arteta<\/strong>L&rsquo;\u00e9quipe d&rsquo;Angleterre affrontera Liverpool au troisi\u00e8me tour de la FA Cup dimanche apr\u00e8s-midi avant de revenir en championnat \u00e0 domicile contre Crystal Palace le 20 janvier.<\/p>\n<\/div>\n","protected":false},"excerpt":{"rendered":"<p>Le patron de Brentford, Thomas Frank, minimise \u00e0 nouveau les suggestions selon lesquelles Ivan Toney pourrait quitter le club ce mois-ci en raison de l&rsquo;int\u00e9r\u00eat<\/p>\n","protected":false},"author":1,"featured_media":3580,"comment_status":"closed","ping_status":"","sticky":false,"template":"","format":"standard","meta":{"footnotes":""},"categories":[5],"tags":[67,2216,662,166,301,1400,1263,235,77],"yoast_head":"<!-- This site is optimized with the Yoast SEO plugin v21.0 - https:\/\/yoast.com\/wordpress\/plugins\/seo\/ -->\n<title>Thomas Frank minimise la sortie en janvier d&#039;Ivan Toney, li\u00e9 \u00e0 Arsenal<\/title>\n<meta name=\"robots\" content=\"index, follow, max-snippet:-1, max-image-preview:large, max-video-preview:-1\" \/>\n<link rel=\"canonical\" href=\"https:\/\/footdavant.fr\/actualites\/thomas-frank-minimise-la-sortie-en-janvier-divan-toney-lie-a-arsenal\/\" \/>\n<meta property=\"og:locale\" content=\"fr_FR\" \/>\n<meta property=\"og:type\" content=\"article\" \/>\n<meta property=\"og:title\" content=\"Thomas Frank minimise la sortie en janvier d&#039;Ivan Toney, li\u00e9 \u00e0 Arsenal\" \/>\n<meta property=\"og:description\" content=\"Le patron de Brentford, Thomas Frank, minimise \u00e0 nouveau les suggestions selon lesquelles Ivan Toney pourrait quitter le club ce mois-ci en raison de l&rsquo;int\u00e9r\u00eat\" \/>\n<meta property=\"og:url\" content=\"https:\/\/footdavant.fr\/actualites\/thomas-frank-minimise-la-sortie-en-janvier-divan-toney-lie-a-arsenal\/\" \/>\n<meta property=\"og:site_name\" content=\"Foot d&#039;avant\" \/>\n<meta property=\"article:publisher\" content=\"https:\/\/www.facebook.com\/Footdavant\/\" \/>\n<meta property=\"article:published_time\" content=\"2024-01-08T03:49:09+00:00\" \/>\n<meta property=\"article:modified_time\" content=\"2024-01-08T03:49:11+00:00\" \/>\n<meta property=\"og:image\" content=\"https:\/\/footdavant.fr\/actualites\/wp-content\/uploads\/2024\/01\/Thomas-Frank-minimise-la-sortie-en-janvier-dIvan-Toney-lie.JPG\" \/>\n\t<meta property=\"og:image:width\" content=\"640\" \/>\n\t<meta property=\"og:image:height\" content=\"480\" \/>\n\t<meta property=\"og:image:type\" content=\"image\/jpeg\" \/>\n<meta name=\"author\" content=\"Cl\u00e9ment\" \/>\n<meta name=\"twitter:card\" content=\"summary_large_image\" \/>\n<meta name=\"twitter:creator\" content=\"@FootdavantFr\" \/>\n<meta name=\"twitter:site\" content=\"@FootdavantFr\" \/>\n<meta name=\"twitter:label1\" content=\"\u00c9crit par\" \/>\n\t<meta name=\"twitter:data1\" content=\"Cl\u00e9ment\" \/>\n\t<meta name=\"twitter:label2\" content=\"Dur\u00e9e de lecture estim\u00e9e\" \/>\n\t<meta name=\"twitter:data2\" content=\"2 minutes\" \/>\n<script type=\"application\/ld+json\" class=\"yoast-schema-graph\">{\"@context\":\"https:\/\/schema.org\",\"@graph\":[{\"@type\":\"Article\",\"@id\":\"https:\/\/footdavant.fr\/actualites\/thomas-frank-minimise-la-sortie-en-janvier-divan-toney-lie-a-arsenal\/#article\",\"isPartOf\":{\"@id\":\"https:\/\/footdavant.fr\/actualites\/thomas-frank-minimise-la-sortie-en-janvier-divan-toney-lie-a-arsenal\/\"},\"author\":{\"name\":\"Cl\u00e9ment\",\"@id\":\"https:\/\/footdavant.fr\/actualites\/#\/schema\/person\/bc222566d95871b37e597b3ed3ba5e1d\"},\"headline\":\"Thomas Frank minimise la sortie en janvier d&rsquo;Ivan Toney, li\u00e9 \u00e0 Arsenal\",\"datePublished\":\"2024-01-08T03:49:09+00:00\",\"dateModified\":\"2024-01-08T03:49:11+00:00\",\"mainEntityOfPage\":{\"@id\":\"https:\/\/footdavant.fr\/actualites\/thomas-frank-minimise-la-sortie-en-janvier-divan-toney-lie-a-arsenal\/\"},\"wordCount\":439,\"publisher\":{\"@id\":\"https:\/\/footdavant.fr\/actualites\/#organization\"},\"keywords\":[\"Arsenal\",\"dIvan\",\"Frank\",\"janvier\",\"li\u00e9\",\"minimise\",\"sortie\",\"Thomas\",\"Toney\"],\"articleSection\":[\"Premier League\"],\"inLanguage\":\"fr-FR\"},{\"@type\":\"WebPage\",\"@id\":\"https:\/\/footdavant.fr\/actualites\/thomas-frank-minimise-la-sortie-en-janvier-divan-toney-lie-a-arsenal\/\",\"url\":\"https:\/\/footdavant.fr\/actualites\/thomas-frank-minimise-la-sortie-en-janvier-divan-toney-lie-a-arsenal\/\",\"name\":\"Thomas Frank minimise la sortie en janvier d'Ivan Toney, li\u00e9 \u00e0 Arsenal\",\"isPartOf\":{\"@id\":\"https:\/\/footdavant.fr\/actualites\/#website\"},\"datePublished\":\"2024-01-08T03:49:09+00:00\",\"dateModified\":\"2024-01-08T03:49:11+00:00\",\"breadcrumb\":{\"@id\":\"https:\/\/footdavant.fr\/actualites\/thomas-frank-minimise-la-sortie-en-janvier-divan-toney-lie-a-arsenal\/#breadcrumb\"},\"inLanguage\":\"fr-FR\",\"potentialAction\":[{\"@type\":\"ReadAction\",\"target\":[\"https:\/\/footdavant.fr\/actualites\/thomas-frank-minimise-la-sortie-en-janvier-divan-toney-lie-a-arsenal\/\"]}]},{\"@type\":\"BreadcrumbList\",\"@id\":\"https:\/\/footdavant.fr\/actualites\/thomas-frank-minimise-la-sortie-en-janvier-divan-toney-lie-a-arsenal\/#breadcrumb\",\"itemListElement\":[{\"@type\":\"ListItem\",\"position\":1,\"name\":\"Accueil\",\"item\":\"https:\/\/footdavant.fr\/actualites\/\"},{\"@type\":\"ListItem\",\"position\":2,\"name\":\"Thomas Frank minimise la sortie en janvier d&rsquo;Ivan Toney, li\u00e9 \u00e0 Arsenal\"}]},{\"@type\":\"WebSite\",\"@id\":\"https:\/\/footdavant.fr\/actualites\/#website\",\"url\":\"https:\/\/footdavant.fr\/actualites\/\",\"name\":\"Foot d'avant\",\"description\":\"\",\"publisher\":{\"@id\":\"https:\/\/footdavant.fr\/actualites\/#organization\"},\"potentialAction\":[{\"@type\":\"SearchAction\",\"target\":{\"@type\":\"EntryPoint\",\"urlTemplate\":\"https:\/\/footdavant.fr\/actualites\/?s={search_term_string}\"},\"query-input\":\"required name=search_term_string\"}],\"inLanguage\":\"fr-FR\"},{\"@type\":\"Organization\",\"@id\":\"https:\/\/footdavant.fr\/actualites\/#organization\",\"name\":\"Foot d'avant\",\"url\":\"https:\/\/footdavant.fr\/actualites\/\",\"logo\":{\"@type\":\"ImageObject\",\"inLanguage\":\"fr-FR\",\"@id\":\"https:\/\/footdavant.fr\/actualites\/#\/schema\/logo\/image\/\",\"url\":\"https:\/\/footdavant.fr\/actualites\/wp-content\/uploads\/2023\/09\/Copy-of-FootDavant-Logo.png\",\"contentUrl\":\"https:\/\/footdavant.fr\/actualites\/wp-content\/uploads\/2023\/09\/Copy-of-FootDavant-Logo.png\",\"width\":936,\"height\":549,\"caption\":\"Foot d'avant\"},\"image\":{\"@id\":\"https:\/\/footdavant.fr\/actualites\/#\/schema\/logo\/image\/\"},\"sameAs\":[\"https:\/\/www.facebook.com\/Footdavant\/\",\"https:\/\/twitter.com\/FootdavantFr\",\"https:\/\/www.instagram.com\/footdavant.fr\/\"]},{\"@type\":\"Person\",\"@id\":\"https:\/\/footdavant.fr\/actualites\/#\/schema\/person\/bc222566d95871b37e597b3ed3ba5e1d\",\"name\":\"Cl\u00e9ment\",\"image\":{\"@type\":\"ImageObject\",\"inLanguage\":\"fr-FR\",\"@id\":\"https:\/\/footdavant.fr\/actualites\/#\/schema\/person\/image\/\",\"url\":\"https:\/\/secure.gravatar.com\/avatar\/7728b29aac2719421e1a9159b2254c44?s=96&d=mm&r=g\",\"contentUrl\":\"https:\/\/secure.gravatar.com\/avatar\/7728b29aac2719421e1a9159b2254c44?s=96&d=mm&r=g\",\"caption\":\"Cl\u00e9ment\"},\"sameAs\":[\"https:\/\/footdavant.fr\/\"]}]}<\/script>\n<!-- \/ Yoast SEO plugin. -->","yoast_head_json":{"title":"Thomas Frank minimise la sortie en janvier d'Ivan Toney, li\u00e9 \u00e0 Arsenal","robots":{"index":"index","follow":"follow","max-snippet":"max-snippet:-1","max-image-preview":"max-image-preview:large","max-video-preview":"max-video-preview:-1"},"canonical":"https:\/\/footdavant.fr\/actualites\/thomas-frank-minimise-la-sortie-en-janvier-divan-toney-lie-a-arsenal\/","og_locale":"fr_FR","og_type":"article","og_title":"Thomas Frank minimise la sortie en janvier d'Ivan Toney, li\u00e9 \u00e0 Arsenal","og_description":"Le patron de Brentford, Thomas Frank, minimise \u00e0 nouveau les suggestions selon lesquelles Ivan Toney pourrait quitter le club ce mois-ci en raison de l&rsquo;int\u00e9r\u00eat","og_url":"https:\/\/footdavant.fr\/actualites\/thomas-frank-minimise-la-sortie-en-janvier-divan-toney-lie-a-arsenal\/","og_site_name":"Foot d&#039;avant","article_publisher":"https:\/\/www.facebook.com\/Footdavant\/","article_published_time":"2024-01-08T03:49:09+00:00","article_modified_time":"2024-01-08T03:49:11+00:00","og_image":[{"width":640,"height":480,"url":"https:\/\/footdavant.fr\/actualites\/wp-content\/uploads\/2024\/01\/Thomas-Frank-minimise-la-sortie-en-janvier-dIvan-Toney-lie.JPG","type":"image\/jpeg"}],"author":"Cl\u00e9ment","twitter_card":"summary_large_image","twitter_creator":"@FootdavantFr","twitter_site":"@FootdavantFr","twitter_misc":{"\u00c9crit par":"Cl\u00e9ment","Dur\u00e9e de lecture estim\u00e9e":"2 minutes"},"schema":{"@context":"https:\/\/schema.org","@graph":[{"@type":"Article","@id":"https:\/\/footdavant.fr\/actualites\/thomas-frank-minimise-la-sortie-en-janvier-divan-toney-lie-a-arsenal\/#article","isPartOf":{"@id":"https:\/\/footdavant.fr\/actualites\/thomas-frank-minimise-la-sortie-en-janvier-divan-toney-lie-a-arsenal\/"},"author":{"name":"Cl\u00e9ment","@id":"https:\/\/footdavant.fr\/actualites\/#\/schema\/person\/bc222566d95871b37e597b3ed3ba5e1d"},"headline":"Thomas Frank minimise la sortie en janvier d&rsquo;Ivan Toney, li\u00e9 \u00e0 Arsenal","datePublished":"2024-01-08T03:49:09+00:00","dateModified":"2024-01-08T03:49:11+00:00","mainEntityOfPage":{"@id":"https:\/\/footdavant.fr\/actualites\/thomas-frank-minimise-la-sortie-en-janvier-divan-toney-lie-a-arsenal\/"},"wordCount":439,"publisher":{"@id":"https:\/\/footdavant.fr\/actualites\/#organization"},"keywords":["Arsenal","dIvan","Frank","janvier","li\u00e9","minimise","sortie","Thomas","Toney"],"articleSection":["Premier League"],"inLanguage":"fr-FR"},{"@type":"WebPage","@id":"https:\/\/footdavant.fr\/actualites\/thomas-frank-minimise-la-sortie-en-janvier-divan-toney-lie-a-arsenal\/","url":"https:\/\/footdavant.fr\/actualites\/thomas-frank-minimise-la-sortie-en-janvier-divan-toney-lie-a-arsenal\/","name":"Thomas Frank minimise la sortie en janvier d'Ivan Toney, li\u00e9 \u00e0 Arsenal","isPartOf":{"@id":"https:\/\/footdavant.fr\/actualites\/#website"},"datePublished":"2024-01-08T03:49:09+00:00","dateModified":"2024-01-08T03:49:11+00:00","breadcrumb":{"@id":"https:\/\/footdavant.fr\/actualites\/thomas-frank-minimise-la-sortie-en-janvier-divan-toney-lie-a-arsenal\/#breadcrumb"},"inLanguage":"fr-FR","potentialAction":[{"@type":"ReadAction","target":["https:\/\/footdavant.fr\/actualites\/thomas-frank-minimise-la-sortie-en-janvier-divan-toney-lie-a-arsenal\/"]}]},{"@type":"BreadcrumbList","@id":"https:\/\/footdavant.fr\/actualites\/thomas-frank-minimise-la-sortie-en-janvier-divan-toney-lie-a-arsenal\/#breadcrumb","itemListElement":[{"@type":"ListItem","position":1,"name":"Accueil","item":"https:\/\/footdavant.fr\/actualites\/"},{"@type":"ListItem","position":2,"name":"Thomas Frank minimise la sortie en janvier d&rsquo;Ivan Toney, li\u00e9 \u00e0 Arsenal"}]},{"@type":"WebSite","@id":"https:\/\/footdavant.fr\/actualites\/#website","url":"https:\/\/footdavant.fr\/actualites\/","name":"Foot d'avant","description":"","publisher":{"@id":"https:\/\/footdavant.fr\/actualites\/#organization"},"potentialAction":[{"@type":"SearchAction","target":{"@type":"EntryPoint","urlTemplate":"https:\/\/footdavant.fr\/actualites\/?s={search_term_string}"},"query-input":"required name=search_term_string"}],"inLanguage":"fr-FR"},{"@type":"Organization","@id":"https:\/\/footdavant.fr\/actualites\/#organization","name":"Foot d'avant","url":"https:\/\/footdavant.fr\/actualites\/","logo":{"@type":"ImageObject","inLanguage":"fr-FR","@id":"https:\/\/footdavant.fr\/actualites\/#\/schema\/logo\/image\/","url":"https:\/\/footdavant.fr\/actualites\/wp-content\/uploads\/2023\/09\/Copy-of-FootDavant-Logo.png","contentUrl":"https:\/\/footdavant.fr\/actualites\/wp-content\/uploads\/2023\/09\/Copy-of-FootDavant-Logo.png","width":936,"height":549,"caption":"Foot d'avant"},"image":{"@id":"https:\/\/footdavant.fr\/actualites\/#\/schema\/logo\/image\/"},"sameAs":["https:\/\/www.facebook.com\/Footdavant\/","https:\/\/twitter.com\/FootdavantFr","https:\/\/www.instagram.com\/footdavant.fr\/"]},{"@type":"Person","@id":"https:\/\/footdavant.fr\/actualites\/#\/schema\/person\/bc222566d95871b37e597b3ed3ba5e1d","name":"Cl\u00e9ment","image":{"@type":"ImageObject","inLanguage":"fr-FR","@id":"https:\/\/footdavant.fr\/actualites\/#\/schema\/person\/image\/","url":"https:\/\/secure.gravatar.com\/avatar\/7728b29aac2719421e1a9159b2254c44?s=96&d=mm&r=g","contentUrl":"https:\/\/secure.gravatar.com\/avatar\/7728b29aac2719421e1a9159b2254c44?s=96&d=mm&r=g","caption":"Cl\u00e9ment"},"sameAs":["https:\/\/footdavant.fr\/"]}]}},"_links":{"self":[{"href":"https:\/\/footdavant.fr\/actualites\/wp-json\/wp\/v2\/posts\/3579"}],"collection":[{"href":"https:\/\/footdavant.fr\/actualites\/wp-json\/wp\/v2\/posts"}],"about":[{"href":"https:\/\/footdavant.fr\/actualites\/wp-json\/wp\/v2\/types\/post"}],"author":[{"embeddable":true,"href":"https:\/\/footdavant.fr\/actualites\/wp-json\/wp\/v2\/users\/1"}],"replies":[{"embeddable":true,"href":"https:\/\/footdavant.fr\/actualites\/wp-json\/wp\/v2\/comments?post=3579"}],"version-history":[{"count":1,"href":"https:\/\/footdavant.fr\/actualites\/wp-json\/wp\/v2\/posts\/3579\/revisions"}],"predecessor-version":[{"id":3581,"href":"https:\/\/footdavant.fr\/actualites\/wp-json\/wp\/v2\/posts\/3579\/revisions\/3581"}],"wp:featuredmedia":[{"embeddable":true,"href":"https:\/\/footdavant.fr\/actualites\/wp-json\/wp\/v2\/media\/3580"}],"wp:attachment":[{"href":"https:\/\/footdavant.fr\/actualites\/wp-json\/wp\/v2\/media?parent=3579"}],"wp:term":[{"taxonomy":"category","embeddable":true,"href":"https:\/\/footdavant.fr\/actualites\/wp-json\/wp\/v2\/categories?post=3579"},{"taxonomy":"post_tag","embeddable":true,"href":"https:\/\/footdavant.fr\/actualites\/wp-json\/wp\/v2\/tags?post=3579"}],"curies":[{"name":"wp","href":"https:\/\/api.w.org\/{rel}","templated":true}]}}