{"id":35797,"date":"2026-03-25T23:48:05","date_gmt":"2026-03-25T22:48:05","guid":{"rendered":"https:\/\/footdavant.fr\/actualites\/marcus-rashford-united-prend-une-grande-decision-a-son-retour-alors-que-sa-position-emerge\/"},"modified":"2026-03-25T23:48:08","modified_gmt":"2026-03-25T22:48:08","slug":"marcus-rashford-united-prend-une-grande-decision-a-son-retour-alors-que-sa-position-emerge","status":"publish","type":"post","link":"https:\/\/footdavant.fr\/actualites\/marcus-rashford-united-prend-une-grande-decision-a-son-retour-alors-que-sa-position-emerge\/","title":{"rendered":"Marcus Rashford: United prend une grande d\u00e9cision \u00e0 son retour alors que sa position \u00e9merge &#8211;"},"content":{"rendered":"<div id=\"penci-post-entry-inner\">\n<p>\t\t\t<i class=\"penci-post-countview-number-check\" style=\"display:none\">2<\/i><\/p>\n<p><!--Article Start--><br \/>Manchester United aurait pris une d\u00e9cision majeure face \u00e0 la possibilit\u00e9 du retour de Marcus Rashford au club \u00e0 la fin de la saison.<\/p>\n<h3>D\u00e9m\u00e9nagement incertain \u00e0 Barcelone<\/h3>\n<p>Rashford a bien r\u00e9ussi \u00e0 Barcelone depuis qu&#39;il a rejoint le club l&#39;\u00e9t\u00e9 dernier dans le cadre d&#39;un pr\u00eat d&#39;une saison. Il a marqu\u00e9 un nombre impressionnant de 10 buts en 39 apparitions pour les champions en titre de la Liga.<\/p>\n<p>Barcelone conserve la possibilit\u00e9 de rendre son s\u00e9jour permanent pour 25,9 millions de livres sterling, mais ils n&#39;ont pas encore clairement indiqu\u00e9 s&#39;ils l&#39;accepteraient. Les Blaugrana veulent le garder, m\u00eame s&#39;ils souhaitent ren\u00e9gocier un tarif r\u00e9duit avec United. Le pr\u00e9sident Joan Laporta a lanc\u00e9 l&#39;id\u00e9e d&#39;un autre accord de pr\u00eat, qui permettrait de reporter d&#39;un an le paiement de Rashford.<\/p>\n<p>Deco, le directeur sportif de Barcelone, a expliqu\u00e9 qu&#39;un certain nombre de facteurs doivent s&#39;aligner pour leur permettre de garder Rashford.<\/p>\n<p>United a clairement indiqu\u00e9 qu&#39;il n&#39;avait pas l&#39;intention d&#39;entamer de nouvelles n\u00e9gociations avec Barcelone sur l&#39;avenir de Rashford. Cela a \u00e9t\u00e9 corrobor\u00e9 par ESPN, qui note que United est pr\u00eat \u00e0 accueillir l&#39;attaquant de retour.<\/p>\n<h3>Mise \u00e0 jour de Rashford<\/h3>\n<p>ESPN rapporte \u00e9galement qu&#39;avec le d\u00e9part de Ruben Amorim, Rashford fera probablement partie de la premi\u00e8re \u00e9quipe s&#39;il revient. La relation fractur\u00e9e du couple a \u00e9t\u00e9 la force motrice de son d\u00e9part, qui a finalement vu Amorim le bannir dans la tristement c\u00e9l\u00e8bre \u00e9quipe anti-bombes.<\/p>\n<p>Le m\u00e9dia affirme que United \u00ab\u00a0est d\u00e9tendu\u00a0\u00bb face \u00e0 la situation et est convaincu que l&#39;int\u00e9r\u00eat pour Rashford ne manquera pas si Barcelone ne le signe pas d\u00e9finitivement.<\/p>\n<p>\u00ab\u00a0Des sources ont d\u00e9clar\u00e9 \u00e0 ESPN que United pensait que la forme de Rashford en Espagne avait augment\u00e9 sa valeur et qu&#39;ils pourraient potentiellement n\u00e9gocier des honoraires plus \u00e9lev\u00e9s avec un autre club.\u00a0\u00bb<\/p>\n<p>\u00ab\u00a0Des sources ont d\u00e9clar\u00e9 \u00e0 ESPN qu&#39;un certain nombre de clubs en Angleterre et en Europe avaient pos\u00e9 des questions sur la disponibilit\u00e9 potentielle de Rashford, dans un contexte d&#39;incertitude quant \u00e0 son avenir.\u00a0\u00bb<\/p>\n<p>Concernant la position de Rashford, ESPN d\u00e9clare : \u00ab\u00a0Rashford, selon des sources proches de l&#39;attaquant, pr\u00e9f\u00e9rerait rester \u00e0 Barcelone, mais n&#39;a pas exclu de retourner \u00e0 United.\u00a0\u00bb<\/p>\n<p>Mais alors que United est activement \u00e0 la recherche d&#39;un nouvel ailier gauche, la r\u00e9int\u00e9gration de Rashford reste une r\u00e9elle possibilit\u00e9.<\/p>\n<p>Yan Diomande (RB Leipzig), Mateus Mane (Wolverhampton Wanderers) et Iliman Ndiaye (Everton) sont quelques ailiers avec lesquels United continue d&#39;\u00eatre li\u00e9.<\/p>\n<\/p>\n<hr\/>\n<p>The Peoples Person est l&#39;un des principaux sites d&#39;information de Man United au monde depuis plus d&#39;une d\u00e9cennie. Suivez-nous sur Bluesky\u00a0: @peoplesperson.bsky.social<\/p>\n<p><!-- CONTENT END 2 --><\/p><\/div>\n","protected":false},"excerpt":{"rendered":"<p>2 Manchester United aurait pris une d\u00e9cision majeure face \u00e0 la possibilit\u00e9 du retour de Marcus Rashford au club \u00e0 la fin de la saison.<\/p>\n","protected":false},"author":1,"featured_media":35798,"comment_status":"closed","ping_status":"","sticky":false,"template":"","format":"standard","meta":{"footnotes":""},"categories":[3],"tags":[318,497,5267,1751,422,2283,88,423,393,86,92,13],"yoast_head":"<!-- This site is optimized with the Yoast SEO plugin v21.0 - https:\/\/yoast.com\/wordpress\/plugins\/seo\/ -->\n<title>Marcus Rashford: United prend une grande d\u00e9cision \u00e0 son retour alors que sa position \u00e9merge -<\/title>\n<meta name=\"robots\" content=\"index, follow, max-snippet:-1, max-image-preview:large, max-video-preview:-1\" \/>\n<link rel=\"canonical\" href=\"https:\/\/footdavant.fr\/actualites\/marcus-rashford-united-prend-une-grande-decision-a-son-retour-alors-que-sa-position-emerge\/\" \/>\n<meta property=\"og:locale\" content=\"fr_FR\" \/>\n<meta property=\"og:type\" content=\"article\" \/>\n<meta property=\"og:title\" content=\"Marcus Rashford: United prend une grande d\u00e9cision \u00e0 son retour alors que sa position \u00e9merge -\" \/>\n<meta property=\"og:description\" content=\"2 Manchester United aurait pris une d\u00e9cision majeure face \u00e0 la possibilit\u00e9 du retour de Marcus Rashford au club \u00e0 la fin de la saison.\" \/>\n<meta property=\"og:url\" content=\"https:\/\/footdavant.fr\/actualites\/marcus-rashford-united-prend-une-grande-decision-a-son-retour-alors-que-sa-position-emerge\/\" \/>\n<meta property=\"og:site_name\" content=\"Foot d&#039;avant\" \/>\n<meta property=\"article:publisher\" content=\"https:\/\/www.facebook.com\/Footdavant\/\" \/>\n<meta property=\"article:published_time\" content=\"2026-03-25T22:48:05+00:00\" \/>\n<meta property=\"article:modified_time\" content=\"2026-03-25T22:48:08+00:00\" \/>\n<meta property=\"og:image\" content=\"https:\/\/footdavant.fr\/actualites\/wp-content\/uploads\/2026\/03\/Marcus-Rashford-United-prend-une-grande-decision-a-son-retour.jpg\" \/>\n\t<meta property=\"og:image:width\" content=\"1600\" \/>\n\t<meta property=\"og:image:height\" content=\"707\" \/>\n\t<meta property=\"og:image:type\" content=\"image\/jpeg\" \/>\n<meta name=\"author\" content=\"Cl\u00e9ment\" \/>\n<meta name=\"twitter:card\" content=\"summary_large_image\" \/>\n<meta name=\"twitter:creator\" content=\"@FootdavantFr\" \/>\n<meta name=\"twitter:site\" content=\"@FootdavantFr\" \/>\n<meta name=\"twitter:label1\" content=\"\u00c9crit par\" \/>\n\t<meta name=\"twitter:data1\" content=\"Cl\u00e9ment\" \/>\n\t<meta name=\"twitter:label2\" content=\"Dur\u00e9e de lecture estim\u00e9e\" \/>\n\t<meta name=\"twitter:data2\" content=\"2 minutes\" \/>\n<script type=\"application\/ld+json\" class=\"yoast-schema-graph\">{\"@context\":\"https:\/\/schema.org\",\"@graph\":[{\"@type\":\"Article\",\"@id\":\"https:\/\/footdavant.fr\/actualites\/marcus-rashford-united-prend-une-grande-decision-a-son-retour-alors-que-sa-position-emerge\/#article\",\"isPartOf\":{\"@id\":\"https:\/\/footdavant.fr\/actualites\/marcus-rashford-united-prend-une-grande-decision-a-son-retour-alors-que-sa-position-emerge\/\"},\"author\":{\"name\":\"Cl\u00e9ment\",\"@id\":\"https:\/\/footdavant.fr\/actualites\/#\/schema\/person\/bc222566d95871b37e597b3ed3ba5e1d\"},\"headline\":\"Marcus Rashford: United prend une grande d\u00e9cision \u00e0 son retour alors que sa position \u00e9merge &#8211;\",\"datePublished\":\"2026-03-25T22:48:05+00:00\",\"dateModified\":\"2026-03-25T22:48:08+00:00\",\"mainEntityOfPage\":{\"@id\":\"https:\/\/footdavant.fr\/actualites\/marcus-rashford-united-prend-une-grande-decision-a-son-retour-alors-que-sa-position-emerge\/\"},\"wordCount\":490,\"publisher\":{\"@id\":\"https:\/\/footdavant.fr\/actualites\/#organization\"},\"keywords\":[\"alors\",\"d\u00e9cision\",\"\u00e9merge\",\"grande\",\"Marcus\",\"position\",\"prend\",\"Rashford\",\"retour\",\"son\",\"une\",\"United\"],\"articleSection\":[\"Football\"],\"inLanguage\":\"fr-FR\"},{\"@type\":\"WebPage\",\"@id\":\"https:\/\/footdavant.fr\/actualites\/marcus-rashford-united-prend-une-grande-decision-a-son-retour-alors-que-sa-position-emerge\/\",\"url\":\"https:\/\/footdavant.fr\/actualites\/marcus-rashford-united-prend-une-grande-decision-a-son-retour-alors-que-sa-position-emerge\/\",\"name\":\"Marcus Rashford: United prend une grande d\u00e9cision \u00e0 son retour alors que sa position \u00e9merge -\",\"isPartOf\":{\"@id\":\"https:\/\/footdavant.fr\/actualites\/#website\"},\"datePublished\":\"2026-03-25T22:48:05+00:00\",\"dateModified\":\"2026-03-25T22:48:08+00:00\",\"breadcrumb\":{\"@id\":\"https:\/\/footdavant.fr\/actualites\/marcus-rashford-united-prend-une-grande-decision-a-son-retour-alors-que-sa-position-emerge\/#breadcrumb\"},\"inLanguage\":\"fr-FR\",\"potentialAction\":[{\"@type\":\"ReadAction\",\"target\":[\"https:\/\/footdavant.fr\/actualites\/marcus-rashford-united-prend-une-grande-decision-a-son-retour-alors-que-sa-position-emerge\/\"]}]},{\"@type\":\"BreadcrumbList\",\"@id\":\"https:\/\/footdavant.fr\/actualites\/marcus-rashford-united-prend-une-grande-decision-a-son-retour-alors-que-sa-position-emerge\/#breadcrumb\",\"itemListElement\":[{\"@type\":\"ListItem\",\"position\":1,\"name\":\"Accueil\",\"item\":\"https:\/\/footdavant.fr\/actualites\/\"},{\"@type\":\"ListItem\",\"position\":2,\"name\":\"Marcus Rashford: United prend une grande d\u00e9cision \u00e0 son retour alors que sa position \u00e9merge &#8211;\"}]},{\"@type\":\"WebSite\",\"@id\":\"https:\/\/footdavant.fr\/actualites\/#website\",\"url\":\"https:\/\/footdavant.fr\/actualites\/\",\"name\":\"Foot d'avant\",\"description\":\"\",\"publisher\":{\"@id\":\"https:\/\/footdavant.fr\/actualites\/#organization\"},\"potentialAction\":[{\"@type\":\"SearchAction\",\"target\":{\"@type\":\"EntryPoint\",\"urlTemplate\":\"https:\/\/footdavant.fr\/actualites\/?s={search_term_string}\"},\"query-input\":\"required name=search_term_string\"}],\"inLanguage\":\"fr-FR\"},{\"@type\":\"Organization\",\"@id\":\"https:\/\/footdavant.fr\/actualites\/#organization\",\"name\":\"Foot d'avant\",\"url\":\"https:\/\/footdavant.fr\/actualites\/\",\"logo\":{\"@type\":\"ImageObject\",\"inLanguage\":\"fr-FR\",\"@id\":\"https:\/\/footdavant.fr\/actualites\/#\/schema\/logo\/image\/\",\"url\":\"https:\/\/footdavant.fr\/actualites\/wp-content\/uploads\/2023\/09\/Copy-of-FootDavant-Logo.png\",\"contentUrl\":\"https:\/\/footdavant.fr\/actualites\/wp-content\/uploads\/2023\/09\/Copy-of-FootDavant-Logo.png\",\"width\":936,\"height\":549,\"caption\":\"Foot d'avant\"},\"image\":{\"@id\":\"https:\/\/footdavant.fr\/actualites\/#\/schema\/logo\/image\/\"},\"sameAs\":[\"https:\/\/www.facebook.com\/Footdavant\/\",\"https:\/\/twitter.com\/FootdavantFr\",\"https:\/\/www.instagram.com\/footdavant.fr\/\"]},{\"@type\":\"Person\",\"@id\":\"https:\/\/footdavant.fr\/actualites\/#\/schema\/person\/bc222566d95871b37e597b3ed3ba5e1d\",\"name\":\"Cl\u00e9ment\",\"image\":{\"@type\":\"ImageObject\",\"inLanguage\":\"fr-FR\",\"@id\":\"https:\/\/footdavant.fr\/actualites\/#\/schema\/person\/image\/\",\"url\":\"https:\/\/secure.gravatar.com\/avatar\/7728b29aac2719421e1a9159b2254c44?s=96&d=mm&r=g\",\"contentUrl\":\"https:\/\/secure.gravatar.com\/avatar\/7728b29aac2719421e1a9159b2254c44?s=96&d=mm&r=g\",\"caption\":\"Cl\u00e9ment\"},\"sameAs\":[\"https:\/\/footdavant.fr\/\"]}]}<\/script>\n<!-- \/ Yoast SEO plugin. -->","yoast_head_json":{"title":"Marcus Rashford: United prend une grande d\u00e9cision \u00e0 son retour alors que sa position \u00e9merge -","robots":{"index":"index","follow":"follow","max-snippet":"max-snippet:-1","max-image-preview":"max-image-preview:large","max-video-preview":"max-video-preview:-1"},"canonical":"https:\/\/footdavant.fr\/actualites\/marcus-rashford-united-prend-une-grande-decision-a-son-retour-alors-que-sa-position-emerge\/","og_locale":"fr_FR","og_type":"article","og_title":"Marcus Rashford: United prend une grande d\u00e9cision \u00e0 son retour alors que sa position \u00e9merge -","og_description":"2 Manchester United aurait pris une d\u00e9cision majeure face \u00e0 la possibilit\u00e9 du retour de Marcus Rashford au club \u00e0 la fin de la saison.","og_url":"https:\/\/footdavant.fr\/actualites\/marcus-rashford-united-prend-une-grande-decision-a-son-retour-alors-que-sa-position-emerge\/","og_site_name":"Foot d&#039;avant","article_publisher":"https:\/\/www.facebook.com\/Footdavant\/","article_published_time":"2026-03-25T22:48:05+00:00","article_modified_time":"2026-03-25T22:48:08+00:00","og_image":[{"width":1600,"height":707,"url":"https:\/\/footdavant.fr\/actualites\/wp-content\/uploads\/2026\/03\/Marcus-Rashford-United-prend-une-grande-decision-a-son-retour.jpg","type":"image\/jpeg"}],"author":"Cl\u00e9ment","twitter_card":"summary_large_image","twitter_creator":"@FootdavantFr","twitter_site":"@FootdavantFr","twitter_misc":{"\u00c9crit par":"Cl\u00e9ment","Dur\u00e9e de lecture estim\u00e9e":"2 minutes"},"schema":{"@context":"https:\/\/schema.org","@graph":[{"@type":"Article","@id":"https:\/\/footdavant.fr\/actualites\/marcus-rashford-united-prend-une-grande-decision-a-son-retour-alors-que-sa-position-emerge\/#article","isPartOf":{"@id":"https:\/\/footdavant.fr\/actualites\/marcus-rashford-united-prend-une-grande-decision-a-son-retour-alors-que-sa-position-emerge\/"},"author":{"name":"Cl\u00e9ment","@id":"https:\/\/footdavant.fr\/actualites\/#\/schema\/person\/bc222566d95871b37e597b3ed3ba5e1d"},"headline":"Marcus Rashford: United prend une grande d\u00e9cision \u00e0 son retour alors que sa position \u00e9merge &#8211;","datePublished":"2026-03-25T22:48:05+00:00","dateModified":"2026-03-25T22:48:08+00:00","mainEntityOfPage":{"@id":"https:\/\/footdavant.fr\/actualites\/marcus-rashford-united-prend-une-grande-decision-a-son-retour-alors-que-sa-position-emerge\/"},"wordCount":490,"publisher":{"@id":"https:\/\/footdavant.fr\/actualites\/#organization"},"keywords":["alors","d\u00e9cision","\u00e9merge","grande","Marcus","position","prend","Rashford","retour","son","une","United"],"articleSection":["Football"],"inLanguage":"fr-FR"},{"@type":"WebPage","@id":"https:\/\/footdavant.fr\/actualites\/marcus-rashford-united-prend-une-grande-decision-a-son-retour-alors-que-sa-position-emerge\/","url":"https:\/\/footdavant.fr\/actualites\/marcus-rashford-united-prend-une-grande-decision-a-son-retour-alors-que-sa-position-emerge\/","name":"Marcus Rashford: United prend une grande d\u00e9cision \u00e0 son retour alors que sa position \u00e9merge -","isPartOf":{"@id":"https:\/\/footdavant.fr\/actualites\/#website"},"datePublished":"2026-03-25T22:48:05+00:00","dateModified":"2026-03-25T22:48:08+00:00","breadcrumb":{"@id":"https:\/\/footdavant.fr\/actualites\/marcus-rashford-united-prend-une-grande-decision-a-son-retour-alors-que-sa-position-emerge\/#breadcrumb"},"inLanguage":"fr-FR","potentialAction":[{"@type":"ReadAction","target":["https:\/\/footdavant.fr\/actualites\/marcus-rashford-united-prend-une-grande-decision-a-son-retour-alors-que-sa-position-emerge\/"]}]},{"@type":"BreadcrumbList","@id":"https:\/\/footdavant.fr\/actualites\/marcus-rashford-united-prend-une-grande-decision-a-son-retour-alors-que-sa-position-emerge\/#breadcrumb","itemListElement":[{"@type":"ListItem","position":1,"name":"Accueil","item":"https:\/\/footdavant.fr\/actualites\/"},{"@type":"ListItem","position":2,"name":"Marcus Rashford: United prend une grande d\u00e9cision \u00e0 son retour alors que sa position \u00e9merge &#8211;"}]},{"@type":"WebSite","@id":"https:\/\/footdavant.fr\/actualites\/#website","url":"https:\/\/footdavant.fr\/actualites\/","name":"Foot d'avant","description":"","publisher":{"@id":"https:\/\/footdavant.fr\/actualites\/#organization"},"potentialAction":[{"@type":"SearchAction","target":{"@type":"EntryPoint","urlTemplate":"https:\/\/footdavant.fr\/actualites\/?s={search_term_string}"},"query-input":"required name=search_term_string"}],"inLanguage":"fr-FR"},{"@type":"Organization","@id":"https:\/\/footdavant.fr\/actualites\/#organization","name":"Foot d'avant","url":"https:\/\/footdavant.fr\/actualites\/","logo":{"@type":"ImageObject","inLanguage":"fr-FR","@id":"https:\/\/footdavant.fr\/actualites\/#\/schema\/logo\/image\/","url":"https:\/\/footdavant.fr\/actualites\/wp-content\/uploads\/2023\/09\/Copy-of-FootDavant-Logo.png","contentUrl":"https:\/\/footdavant.fr\/actualites\/wp-content\/uploads\/2023\/09\/Copy-of-FootDavant-Logo.png","width":936,"height":549,"caption":"Foot d'avant"},"image":{"@id":"https:\/\/footdavant.fr\/actualites\/#\/schema\/logo\/image\/"},"sameAs":["https:\/\/www.facebook.com\/Footdavant\/","https:\/\/twitter.com\/FootdavantFr","https:\/\/www.instagram.com\/footdavant.fr\/"]},{"@type":"Person","@id":"https:\/\/footdavant.fr\/actualites\/#\/schema\/person\/bc222566d95871b37e597b3ed3ba5e1d","name":"Cl\u00e9ment","image":{"@type":"ImageObject","inLanguage":"fr-FR","@id":"https:\/\/footdavant.fr\/actualites\/#\/schema\/person\/image\/","url":"https:\/\/secure.gravatar.com\/avatar\/7728b29aac2719421e1a9159b2254c44?s=96&d=mm&r=g","contentUrl":"https:\/\/secure.gravatar.com\/avatar\/7728b29aac2719421e1a9159b2254c44?s=96&d=mm&r=g","caption":"Cl\u00e9ment"},"sameAs":["https:\/\/footdavant.fr\/"]}]}},"_links":{"self":[{"href":"https:\/\/footdavant.fr\/actualites\/wp-json\/wp\/v2\/posts\/35797"}],"collection":[{"href":"https:\/\/footdavant.fr\/actualites\/wp-json\/wp\/v2\/posts"}],"about":[{"href":"https:\/\/footdavant.fr\/actualites\/wp-json\/wp\/v2\/types\/post"}],"author":[{"embeddable":true,"href":"https:\/\/footdavant.fr\/actualites\/wp-json\/wp\/v2\/users\/1"}],"replies":[{"embeddable":true,"href":"https:\/\/footdavant.fr\/actualites\/wp-json\/wp\/v2\/comments?post=35797"}],"version-history":[{"count":1,"href":"https:\/\/footdavant.fr\/actualites\/wp-json\/wp\/v2\/posts\/35797\/revisions"}],"predecessor-version":[{"id":35799,"href":"https:\/\/footdavant.fr\/actualites\/wp-json\/wp\/v2\/posts\/35797\/revisions\/35799"}],"wp:featuredmedia":[{"embeddable":true,"href":"https:\/\/footdavant.fr\/actualites\/wp-json\/wp\/v2\/media\/35798"}],"wp:attachment":[{"href":"https:\/\/footdavant.fr\/actualites\/wp-json\/wp\/v2\/media?parent=35797"}],"wp:term":[{"taxonomy":"category","embeddable":true,"href":"https:\/\/footdavant.fr\/actualites\/wp-json\/wp\/v2\/categories?post=35797"},{"taxonomy":"post_tag","embeddable":true,"href":"https:\/\/footdavant.fr\/actualites\/wp-json\/wp\/v2\/tags?post=35797"}],"curies":[{"name":"wp","href":"https:\/\/api.w.org\/{rel}","templated":true}]}}