{"id":35805,"date":"2026-03-26T05:48:09","date_gmt":"2026-03-26T04:48:09","guid":{"rendered":"https:\/\/footdavant.fr\/actualites\/bournemouth-news-andoni-iraola-apparait-comme-lun-des-principaux-candidats-pour-le-poste-en-liga\/"},"modified":"2026-03-26T05:48:11","modified_gmt":"2026-03-26T04:48:11","slug":"bournemouth-news-andoni-iraola-apparait-comme-lun-des-principaux-candidats-pour-le-poste-en-liga","status":"publish","type":"post","link":"https:\/\/footdavant.fr\/actualites\/bournemouth-news-andoni-iraola-apparait-comme-lun-des-principaux-candidats-pour-le-poste-en-liga\/","title":{"rendered":"Bournemouth news: Andoni Iraola appara\u00eet comme l&#39;un des \u00ab principaux candidats \u00bb pour le poste en Liga"},"content":{"rendered":"<div itemprop=\"articleBody\">\n<p style=\"line-height:1.38\">Le patron de Bournemouth, Andoni Iraola, serait devenu l&#39;un des favoris pour remplacer Ernesto Valverde en tant qu&#39;entra\u00eeneur-chef de l&#39;Athletic Bilbao.<\/p>\n<p>Le joueur de 43 ans est en fin de contrat \u00e0 la fin de la saison et n&#39;a pas encore conclu de nouvel accord avec le club de la c\u00f4te sud. <\/p>\n<p>Le mois dernier, il a \u00e9t\u00e9 rapport\u00e9 que le propri\u00e9taire de Bournemouth, Bill Foley, \u00ab travaillait sans rel\u00e2che \u00bb pour persuader Iraola de signer un nouvel accord.<\/p>\n<p>Bournemouth est d\u00e9sormais confront\u00e9 \u00e0 une nouvelle pierre d&#39;achoppement dans sa tentative de prolonger le s\u00e9jour d&#39;Iraola au club, avec <em>Ben Jacobs<\/em> rapportant que l&#39;Athletic le consid\u00e8re comme un \u00ab candidat principal \u00bb pour son poste d&#39;entra\u00eeneur-chef.<\/p>\n<blockquote class=\"twitter-tweet\"><p>&#13;<\/p>\n<p dir=\"ltr\" lang=\"en\">\u2139\ufe0f Ernesto Valverde quittera son poste d&#39;entra\u00eeneur-chef de l&#39;Athletic \u00e0 la fin de la saison.<\/p>\n<p>\u00ab\u00a0C&#39;est une d\u00e9cision \u00e0 laquelle j&#39;ai pris au fil du temps et qui a \u00e9t\u00e9 convenue avec le club.\u00a0\u00bb<\/p>\n<p>\u00ab\u00a0Il reste dix matches et nous avons beaucoup \u00e0 gagner.\u00a0\u00bb<\/p>\n<p>Nous vous ferons bient\u00f4t nos adieux en bonne et due forme, Gaffer\u00a0!<\/p>\n<p>\u2013 Club d\u2019athl\u00e9tisme (@Athletic_en) <a rel=\"nofollow\" href=\"https:\/\/twitter.com\/Athletic_en\/status\/2034955613751713857?ref_src=twsrc%5Etfw\">20 mars 2026<\/a><\/p><\/blockquote>\n<h2>Iraola appara\u00eet comme candidat au poste d&#39;Athletic<\/h2>\n<p>L&#39;Athletic a besoin d&#39;un nouvel entra\u00eeneur-chef apr\u00e8s qu&#39;Ernesto Valverde a annonc\u00e9 vendredi matin qu&#39;il quitterait son poste \u00e0 la fin de son contrat \u00e0 la fin de la saison.<\/p>\n<p>Jacobs affirme qu&#39;Iraola voit un \u00ab\u00a0attrait important\u00a0\u00bb \u00e0 revenir dans le club basque, o\u00f9 il est consid\u00e9r\u00e9 comme une figure l\u00e9gendaire apr\u00e8s une longue carri\u00e8re de joueur \u00e0 Bilbao.<\/p>\n<p>On pense qu&#39;Iraola informera Bournemouth d&#39;ici la fin de la fen\u00eatre internationale s&#39;il signera un nouvel accord ou s&#39;il partira cet \u00e9t\u00e9.<\/p>\n<p>Cela signifie que la hi\u00e9rarchie de Bournemouth devrait conna\u00eetre les intentions d&#39;Iraola au moment o\u00f9 le club affrontera Arsenal \u00e0 l&#39;Emirates Stadium le 11 avril.<\/p>\n<div>\n<div>\n<div>\n<p>\u00a9 Imago \/ IMAGO \/ Sportimage<\/p>\n<\/div>\n<\/div>\n<\/div>\n<h2>Pourquoi le retour de l&#39;Athletic semble \u00e9crit dans les \u00e9toiles<\/h2>\n<p>Bournemouth aura d\u00e9sesp\u00e9r\u00e9ment besoin de retenir les services d&#39;un entra\u00eeneur-chef qui a contribu\u00e9 \u00e0 consolider sa place en tant que club \u00e9tabli de Premier League.<\/p>\n<p>Iraola a propuls\u00e9 les Cherries \u00e0 la 12e position en 2023-24 avant que son \u00e9quipe ne s&#39;am\u00e9liore avec une neuvi\u00e8me place en 2024-25. <\/p>\n<p>L&#39;\u00e9quipe de la c\u00f4te sud occupe actuellement la 10e place et est en lice pour la qualification europ\u00e9enne apr\u00e8s avoir prolong\u00e9 son invincibilit\u00e9 \u00e0 11 matches de championnat avec un match nul 2-2 contre Manchester United vendredi soir.<\/p>\n<p>Iraola fait certainement partie d&#39;un projet passionnant au Vitality Stadium, mais un retour \u00e0 l&#39;Athletic serait difficile \u00e0 refuser si une offre lui parvient.<\/p>\n<p>Depuis qu&#39;il a d\u00e9but\u00e9 sa carri\u00e8re d&#39;entra\u00eeneur \u00e0 l&#39;AEK Larnaca en 2018, on a toujours eu le sentiment qu&#39;un retour \u00e0 l&#39;Athletic \u00e9tait \u00e9crit dans les \u00e9toiles. <\/p>\n<p>Apr\u00e8s avoir \u00e9merg\u00e9 du syst\u00e8me de jeunesse de l&#39;Athletic, Iraola est devenu capitaine de l&#39;\u00e9quipe basque et a fait plus de 500 apparitions avant de partir en 2017. <\/p>\n<p>Iraola faisait partie d&#39;une \u00e9quipe de l&#39;Athletic qui a atteint la finale de la Ligue Europa en 2012, ainsi que trois finales de la Copa del Rey.<\/p>\n<p>Compte tenu de ses liens \u00e9troits avec le club, il serait \u00e9galement un candidat appropri\u00e9 pour remplacer la figure l\u00e9gendaire de Valverde.<\/p>\n<p>L&#39;ancien patron de Barcelone laissera de gros chaussures \u00e0 remplir apr\u00e8s avoir men\u00e9 l&#39;Athletic \u00e0 la gloire de la Copa del Rey et \u00e0 la qualification pour la Ligue des champions lors de son troisi\u00e8me mandat \u00e0 la t\u00eate.<\/p>\n<p>Iraola poss\u00e8de le sens de l&#39;entra\u00eenement pour succ\u00e9der \u00e0 quelqu&#39;un du calibre de Valverde, et il serait \u00e9galement bien accueilli par les fans de l&#39;Athletic si un retour se concr\u00e9tise. <\/p>\n<\/div>\n<p><script async src=\"https:\/\/platform.twitter.com\/widgets.js\" charset=\"utf-8\"><\/script><\/p>\n","protected":false},"excerpt":{"rendered":"<p>Le patron de Bournemouth, Andoni Iraola, serait devenu l&#39;un des favoris pour remplacer Ernesto Valverde en tant qu&#39;entra\u00eeneur-chef de l&#39;Athletic Bilbao. Le joueur de 43<\/p>\n","protected":false},"author":1,"featured_media":35806,"comment_status":"closed","ping_status":"","sticky":false,"template":"","format":"standard","meta":{"footnotes":""},"categories":[5],"tags":[6811,1254,54,4342,990,12,6812,5516,1704,409,140,51,8158],"yoast_head":"<!-- This site is optimized with the Yoast SEO plugin v21.0 - https:\/\/yoast.com\/wordpress\/plugins\/seo\/ -->\n<title>Bournemouth news: Andoni Iraola appara\u00eet comme l&#039;un des \u00ab principaux candidats \u00bb pour le poste en Liga<\/title>\n<meta name=\"robots\" content=\"index, follow, max-snippet:-1, max-image-preview:large, max-video-preview:-1\" \/>\n<link rel=\"canonical\" href=\"https:\/\/footdavant.fr\/actualites\/bournemouth-news-andoni-iraola-apparait-comme-lun-des-principaux-candidats-pour-le-poste-en-liga\/\" \/>\n<meta property=\"og:locale\" content=\"fr_FR\" \/>\n<meta property=\"og:type\" content=\"article\" \/>\n<meta property=\"og:title\" content=\"Bournemouth news: Andoni Iraola appara\u00eet comme l&#039;un des \u00ab principaux candidats \u00bb pour le poste en Liga\" \/>\n<meta property=\"og:description\" content=\"Le patron de Bournemouth, Andoni Iraola, serait devenu l&#039;un des favoris pour remplacer Ernesto Valverde en tant qu&#039;entra\u00eeneur-chef de l&#039;Athletic Bilbao. Le joueur de 43\" \/>\n<meta property=\"og:url\" content=\"https:\/\/footdavant.fr\/actualites\/bournemouth-news-andoni-iraola-apparait-comme-lun-des-principaux-candidats-pour-le-poste-en-liga\/\" \/>\n<meta property=\"og:site_name\" content=\"Foot d&#039;avant\" \/>\n<meta property=\"article:publisher\" content=\"https:\/\/www.facebook.com\/Footdavant\/\" \/>\n<meta property=\"article:published_time\" content=\"2026-03-26T04:48:09+00:00\" \/>\n<meta property=\"article:modified_time\" content=\"2026-03-26T04:48:11+00:00\" \/>\n<meta property=\"og:image\" content=\"https:\/\/footdavant.fr\/actualites\/wp-content\/uploads\/2026\/03\/Bournemouth-news-Andoni-Iraola-apparait-comme-l39un-des-principaux.net2Fuploads2F20262F032Firaola-10-69bdd1.webp\" \/>\n\t<meta property=\"og:image:width\" content=\"720\" \/>\n\t<meta property=\"og:image:height\" content=\"410\" \/>\n\t<meta property=\"og:image:type\" content=\"image\/webp\" \/>\n<meta name=\"author\" content=\"Cl\u00e9ment\" \/>\n<meta name=\"twitter:card\" content=\"summary_large_image\" \/>\n<meta name=\"twitter:creator\" content=\"@FootdavantFr\" \/>\n<meta name=\"twitter:site\" content=\"@FootdavantFr\" \/>\n<meta name=\"twitter:label1\" content=\"\u00c9crit par\" \/>\n\t<meta name=\"twitter:data1\" content=\"Cl\u00e9ment\" \/>\n\t<meta name=\"twitter:label2\" content=\"Dur\u00e9e de lecture estim\u00e9e\" \/>\n\t<meta name=\"twitter:data2\" content=\"3 minutes\" \/>\n<script type=\"application\/ld+json\" class=\"yoast-schema-graph\">{\"@context\":\"https:\/\/schema.org\",\"@graph\":[{\"@type\":\"Article\",\"@id\":\"https:\/\/footdavant.fr\/actualites\/bournemouth-news-andoni-iraola-apparait-comme-lun-des-principaux-candidats-pour-le-poste-en-liga\/#article\",\"isPartOf\":{\"@id\":\"https:\/\/footdavant.fr\/actualites\/bournemouth-news-andoni-iraola-apparait-comme-lun-des-principaux-candidats-pour-le-poste-en-liga\/\"},\"author\":{\"name\":\"Cl\u00e9ment\",\"@id\":\"https:\/\/footdavant.fr\/actualites\/#\/schema\/person\/bc222566d95871b37e597b3ed3ba5e1d\"},\"headline\":\"Bournemouth news: Andoni Iraola appara\u00eet comme l&#39;un des \u00ab principaux candidats \u00bb pour le poste en Liga\",\"datePublished\":\"2026-03-26T04:48:09+00:00\",\"dateModified\":\"2026-03-26T04:48:11+00:00\",\"mainEntityOfPage\":{\"@id\":\"https:\/\/footdavant.fr\/actualites\/bournemouth-news-andoni-iraola-apparait-comme-lun-des-principaux-candidats-pour-le-poste-en-liga\/\"},\"wordCount\":657,\"publisher\":{\"@id\":\"https:\/\/footdavant.fr\/actualites\/#organization\"},\"keywords\":[\"Andoni\",\"appara\u00eet\",\"Bournemouth\",\"candidats\",\"comme\",\"des\",\"Iraola\",\"l39un\",\"Liga\",\"News\",\"poste\",\"pour\",\"principaux\"],\"articleSection\":[\"Premier League\"],\"inLanguage\":\"fr-FR\"},{\"@type\":\"WebPage\",\"@id\":\"https:\/\/footdavant.fr\/actualites\/bournemouth-news-andoni-iraola-apparait-comme-lun-des-principaux-candidats-pour-le-poste-en-liga\/\",\"url\":\"https:\/\/footdavant.fr\/actualites\/bournemouth-news-andoni-iraola-apparait-comme-lun-des-principaux-candidats-pour-le-poste-en-liga\/\",\"name\":\"Bournemouth news: Andoni Iraola appara\u00eet comme l&#39;un des \u00ab principaux candidats \u00bb pour le poste en Liga\",\"isPartOf\":{\"@id\":\"https:\/\/footdavant.fr\/actualites\/#website\"},\"datePublished\":\"2026-03-26T04:48:09+00:00\",\"dateModified\":\"2026-03-26T04:48:11+00:00\",\"breadcrumb\":{\"@id\":\"https:\/\/footdavant.fr\/actualites\/bournemouth-news-andoni-iraola-apparait-comme-lun-des-principaux-candidats-pour-le-poste-en-liga\/#breadcrumb\"},\"inLanguage\":\"fr-FR\",\"potentialAction\":[{\"@type\":\"ReadAction\",\"target\":[\"https:\/\/footdavant.fr\/actualites\/bournemouth-news-andoni-iraola-apparait-comme-lun-des-principaux-candidats-pour-le-poste-en-liga\/\"]}]},{\"@type\":\"BreadcrumbList\",\"@id\":\"https:\/\/footdavant.fr\/actualites\/bournemouth-news-andoni-iraola-apparait-comme-lun-des-principaux-candidats-pour-le-poste-en-liga\/#breadcrumb\",\"itemListElement\":[{\"@type\":\"ListItem\",\"position\":1,\"name\":\"Accueil\",\"item\":\"https:\/\/footdavant.fr\/actualites\/\"},{\"@type\":\"ListItem\",\"position\":2,\"name\":\"Bournemouth news: Andoni Iraola appara\u00eet comme l&#39;un des \u00ab principaux candidats \u00bb pour le poste en Liga\"}]},{\"@type\":\"WebSite\",\"@id\":\"https:\/\/footdavant.fr\/actualites\/#website\",\"url\":\"https:\/\/footdavant.fr\/actualites\/\",\"name\":\"Foot d'avant\",\"description\":\"\",\"publisher\":{\"@id\":\"https:\/\/footdavant.fr\/actualites\/#organization\"},\"potentialAction\":[{\"@type\":\"SearchAction\",\"target\":{\"@type\":\"EntryPoint\",\"urlTemplate\":\"https:\/\/footdavant.fr\/actualites\/?s={search_term_string}\"},\"query-input\":\"required name=search_term_string\"}],\"inLanguage\":\"fr-FR\"},{\"@type\":\"Organization\",\"@id\":\"https:\/\/footdavant.fr\/actualites\/#organization\",\"name\":\"Foot d'avant\",\"url\":\"https:\/\/footdavant.fr\/actualites\/\",\"logo\":{\"@type\":\"ImageObject\",\"inLanguage\":\"fr-FR\",\"@id\":\"https:\/\/footdavant.fr\/actualites\/#\/schema\/logo\/image\/\",\"url\":\"https:\/\/footdavant.fr\/actualites\/wp-content\/uploads\/2023\/09\/Copy-of-FootDavant-Logo.png\",\"contentUrl\":\"https:\/\/footdavant.fr\/actualites\/wp-content\/uploads\/2023\/09\/Copy-of-FootDavant-Logo.png\",\"width\":936,\"height\":549,\"caption\":\"Foot d'avant\"},\"image\":{\"@id\":\"https:\/\/footdavant.fr\/actualites\/#\/schema\/logo\/image\/\"},\"sameAs\":[\"https:\/\/www.facebook.com\/Footdavant\/\",\"https:\/\/twitter.com\/FootdavantFr\",\"https:\/\/www.instagram.com\/footdavant.fr\/\"]},{\"@type\":\"Person\",\"@id\":\"https:\/\/footdavant.fr\/actualites\/#\/schema\/person\/bc222566d95871b37e597b3ed3ba5e1d\",\"name\":\"Cl\u00e9ment\",\"image\":{\"@type\":\"ImageObject\",\"inLanguage\":\"fr-FR\",\"@id\":\"https:\/\/footdavant.fr\/actualites\/#\/schema\/person\/image\/\",\"url\":\"https:\/\/secure.gravatar.com\/avatar\/7728b29aac2719421e1a9159b2254c44?s=96&d=mm&r=g\",\"contentUrl\":\"https:\/\/secure.gravatar.com\/avatar\/7728b29aac2719421e1a9159b2254c44?s=96&d=mm&r=g\",\"caption\":\"Cl\u00e9ment\"},\"sameAs\":[\"https:\/\/footdavant.fr\/\"]}]}<\/script>\n<!-- \/ Yoast SEO plugin. -->","yoast_head_json":{"title":"Bournemouth news: Andoni Iraola appara\u00eet comme l&#39;un des \u00ab principaux candidats \u00bb pour le poste en Liga","robots":{"index":"index","follow":"follow","max-snippet":"max-snippet:-1","max-image-preview":"max-image-preview:large","max-video-preview":"max-video-preview:-1"},"canonical":"https:\/\/footdavant.fr\/actualites\/bournemouth-news-andoni-iraola-apparait-comme-lun-des-principaux-candidats-pour-le-poste-en-liga\/","og_locale":"fr_FR","og_type":"article","og_title":"Bournemouth news: Andoni Iraola appara\u00eet comme l&#39;un des \u00ab principaux candidats \u00bb pour le poste en Liga","og_description":"Le patron de Bournemouth, Andoni Iraola, serait devenu l&#39;un des favoris pour remplacer Ernesto Valverde en tant qu&#39;entra\u00eeneur-chef de l&#39;Athletic Bilbao. Le joueur de 43","og_url":"https:\/\/footdavant.fr\/actualites\/bournemouth-news-andoni-iraola-apparait-comme-lun-des-principaux-candidats-pour-le-poste-en-liga\/","og_site_name":"Foot d&#039;avant","article_publisher":"https:\/\/www.facebook.com\/Footdavant\/","article_published_time":"2026-03-26T04:48:09+00:00","article_modified_time":"2026-03-26T04:48:11+00:00","og_image":[{"width":720,"height":410,"url":"https:\/\/footdavant.fr\/actualites\/wp-content\/uploads\/2026\/03\/Bournemouth-news-Andoni-Iraola-apparait-comme-l39un-des-principaux.net2Fuploads2F20262F032Firaola-10-69bdd1.webp","type":"image\/webp"}],"author":"Cl\u00e9ment","twitter_card":"summary_large_image","twitter_creator":"@FootdavantFr","twitter_site":"@FootdavantFr","twitter_misc":{"\u00c9crit par":"Cl\u00e9ment","Dur\u00e9e de lecture estim\u00e9e":"3 minutes"},"schema":{"@context":"https:\/\/schema.org","@graph":[{"@type":"Article","@id":"https:\/\/footdavant.fr\/actualites\/bournemouth-news-andoni-iraola-apparait-comme-lun-des-principaux-candidats-pour-le-poste-en-liga\/#article","isPartOf":{"@id":"https:\/\/footdavant.fr\/actualites\/bournemouth-news-andoni-iraola-apparait-comme-lun-des-principaux-candidats-pour-le-poste-en-liga\/"},"author":{"name":"Cl\u00e9ment","@id":"https:\/\/footdavant.fr\/actualites\/#\/schema\/person\/bc222566d95871b37e597b3ed3ba5e1d"},"headline":"Bournemouth news: Andoni Iraola appara\u00eet comme l&#39;un des \u00ab principaux candidats \u00bb pour le poste en Liga","datePublished":"2026-03-26T04:48:09+00:00","dateModified":"2026-03-26T04:48:11+00:00","mainEntityOfPage":{"@id":"https:\/\/footdavant.fr\/actualites\/bournemouth-news-andoni-iraola-apparait-comme-lun-des-principaux-candidats-pour-le-poste-en-liga\/"},"wordCount":657,"publisher":{"@id":"https:\/\/footdavant.fr\/actualites\/#organization"},"keywords":["Andoni","appara\u00eet","Bournemouth","candidats","comme","des","Iraola","l39un","Liga","News","poste","pour","principaux"],"articleSection":["Premier League"],"inLanguage":"fr-FR"},{"@type":"WebPage","@id":"https:\/\/footdavant.fr\/actualites\/bournemouth-news-andoni-iraola-apparait-comme-lun-des-principaux-candidats-pour-le-poste-en-liga\/","url":"https:\/\/footdavant.fr\/actualites\/bournemouth-news-andoni-iraola-apparait-comme-lun-des-principaux-candidats-pour-le-poste-en-liga\/","name":"Bournemouth news: Andoni Iraola appara\u00eet comme l&#39;un des \u00ab principaux candidats \u00bb pour le poste en Liga","isPartOf":{"@id":"https:\/\/footdavant.fr\/actualites\/#website"},"datePublished":"2026-03-26T04:48:09+00:00","dateModified":"2026-03-26T04:48:11+00:00","breadcrumb":{"@id":"https:\/\/footdavant.fr\/actualites\/bournemouth-news-andoni-iraola-apparait-comme-lun-des-principaux-candidats-pour-le-poste-en-liga\/#breadcrumb"},"inLanguage":"fr-FR","potentialAction":[{"@type":"ReadAction","target":["https:\/\/footdavant.fr\/actualites\/bournemouth-news-andoni-iraola-apparait-comme-lun-des-principaux-candidats-pour-le-poste-en-liga\/"]}]},{"@type":"BreadcrumbList","@id":"https:\/\/footdavant.fr\/actualites\/bournemouth-news-andoni-iraola-apparait-comme-lun-des-principaux-candidats-pour-le-poste-en-liga\/#breadcrumb","itemListElement":[{"@type":"ListItem","position":1,"name":"Accueil","item":"https:\/\/footdavant.fr\/actualites\/"},{"@type":"ListItem","position":2,"name":"Bournemouth news: Andoni Iraola appara\u00eet comme l&#39;un des \u00ab principaux candidats \u00bb pour le poste en Liga"}]},{"@type":"WebSite","@id":"https:\/\/footdavant.fr\/actualites\/#website","url":"https:\/\/footdavant.fr\/actualites\/","name":"Foot d'avant","description":"","publisher":{"@id":"https:\/\/footdavant.fr\/actualites\/#organization"},"potentialAction":[{"@type":"SearchAction","target":{"@type":"EntryPoint","urlTemplate":"https:\/\/footdavant.fr\/actualites\/?s={search_term_string}"},"query-input":"required name=search_term_string"}],"inLanguage":"fr-FR"},{"@type":"Organization","@id":"https:\/\/footdavant.fr\/actualites\/#organization","name":"Foot d'avant","url":"https:\/\/footdavant.fr\/actualites\/","logo":{"@type":"ImageObject","inLanguage":"fr-FR","@id":"https:\/\/footdavant.fr\/actualites\/#\/schema\/logo\/image\/","url":"https:\/\/footdavant.fr\/actualites\/wp-content\/uploads\/2023\/09\/Copy-of-FootDavant-Logo.png","contentUrl":"https:\/\/footdavant.fr\/actualites\/wp-content\/uploads\/2023\/09\/Copy-of-FootDavant-Logo.png","width":936,"height":549,"caption":"Foot d'avant"},"image":{"@id":"https:\/\/footdavant.fr\/actualites\/#\/schema\/logo\/image\/"},"sameAs":["https:\/\/www.facebook.com\/Footdavant\/","https:\/\/twitter.com\/FootdavantFr","https:\/\/www.instagram.com\/footdavant.fr\/"]},{"@type":"Person","@id":"https:\/\/footdavant.fr\/actualites\/#\/schema\/person\/bc222566d95871b37e597b3ed3ba5e1d","name":"Cl\u00e9ment","image":{"@type":"ImageObject","inLanguage":"fr-FR","@id":"https:\/\/footdavant.fr\/actualites\/#\/schema\/person\/image\/","url":"https:\/\/secure.gravatar.com\/avatar\/7728b29aac2719421e1a9159b2254c44?s=96&d=mm&r=g","contentUrl":"https:\/\/secure.gravatar.com\/avatar\/7728b29aac2719421e1a9159b2254c44?s=96&d=mm&r=g","caption":"Cl\u00e9ment"},"sameAs":["https:\/\/footdavant.fr\/"]}]}},"_links":{"self":[{"href":"https:\/\/footdavant.fr\/actualites\/wp-json\/wp\/v2\/posts\/35805"}],"collection":[{"href":"https:\/\/footdavant.fr\/actualites\/wp-json\/wp\/v2\/posts"}],"about":[{"href":"https:\/\/footdavant.fr\/actualites\/wp-json\/wp\/v2\/types\/post"}],"author":[{"embeddable":true,"href":"https:\/\/footdavant.fr\/actualites\/wp-json\/wp\/v2\/users\/1"}],"replies":[{"embeddable":true,"href":"https:\/\/footdavant.fr\/actualites\/wp-json\/wp\/v2\/comments?post=35805"}],"version-history":[{"count":1,"href":"https:\/\/footdavant.fr\/actualites\/wp-json\/wp\/v2\/posts\/35805\/revisions"}],"predecessor-version":[{"id":35807,"href":"https:\/\/footdavant.fr\/actualites\/wp-json\/wp\/v2\/posts\/35805\/revisions\/35807"}],"wp:featuredmedia":[{"embeddable":true,"href":"https:\/\/footdavant.fr\/actualites\/wp-json\/wp\/v2\/media\/35806"}],"wp:attachment":[{"href":"https:\/\/footdavant.fr\/actualites\/wp-json\/wp\/v2\/media?parent=35805"}],"wp:term":[{"taxonomy":"category","embeddable":true,"href":"https:\/\/footdavant.fr\/actualites\/wp-json\/wp\/v2\/categories?post=35805"},{"taxonomy":"post_tag","embeddable":true,"href":"https:\/\/footdavant.fr\/actualites\/wp-json\/wp\/v2\/tags?post=35805"}],"curies":[{"name":"wp","href":"https:\/\/api.w.org\/{rel}","templated":true}]}}