{"id":35826,"date":"2026-03-26T19:48:10","date_gmt":"2026-03-26T18:48:10","guid":{"rendered":"https:\/\/footdavant.fr\/actualites\/harry-maguire-las-de-man-united-a-son-mot-a-dire-sur-le-prochain-entraineur-permanent\/"},"modified":"2026-03-26T19:48:11","modified_gmt":"2026-03-26T18:48:11","slug":"harry-maguire-las-de-man-united-a-son-mot-a-dire-sur-le-prochain-entraineur-permanent","status":"publish","type":"post","link":"https:\/\/footdavant.fr\/actualites\/harry-maguire-las-de-man-united-a-son-mot-a-dire-sur-le-prochain-entraineur-permanent\/","title":{"rendered":"Harry Maguire: l&#39;as de Man United a son mot \u00e0 dire sur le prochain entra\u00eeneur permanent &#8211;"},"content":{"rendered":"<div id=\"penci-post-entry-inner\">\n<p>\t\t\t<i class=\"penci-post-countview-number-check\" style=\"display:none\">4<\/i><\/p>\n<p><!--Article Start--><br \/>L&#39;\u00e9t\u00e9 2026 sera la cl\u00e9 de la reconstruction de Manchester United. INEOS cherchera \u00e0 signer les signatures qui lui permettront enfin de concourir sur plusieurs fronts.<\/p>\n<p>Mais il ne s\u2019agit pas seulement d\u2019ajouts de qualit\u00e9 ; la hi\u00e9rarchie de United doit \u00e9galement nommer l&#39;entra\u00eeneur-chef id\u00e9al pour diriger le projet. Selon MEN, la course \u00e0 la succession de Ruben Amorim s&#39;est r\u00e9duite \u00e0 trois candidats : Julian Nagelsmann, Luis Enrique et Michael Carrick.<\/p>\n<h2>Etat des lieux<\/h2>\n<p>Un rapport relay\u00e9 par The Peoples Person cette semaine a confirm\u00e9 que les Diables Rouges \u00ab\u00a0n&#39;ont toujours pas pris contact avec des candidats potentiels au poste d&#39;entra\u00eeneur-chef\u00a0\u00bb.<\/p>\n<h3>Maguire soutient Carrick pour un r\u00f4le permanent<\/h3>\n<p>Pour beaucoup, cette r\u00e9v\u00e9lation repr\u00e9sente un coup de pouce aux chances de Carrick. Et tandis que beaucoup se r\u00e9jouissent d\u00e9sormais \u00e0 l\u2019id\u00e9e que l\u2019ancien milieu de terrain d\u00e9croche le poste, Harry Maguire a laiss\u00e9 entendre qu\u2019il \u00e9tait dans le train de Carrick.<\/p>\n<p>S&#39;adressant \u00e0 Sky Sports News, o\u00f9 il a abord\u00e9 un certain nombre de sujets, le d\u00e9fenseur a \u00e9galement pes\u00e9 sur la course \u00e0 l&#39;entra\u00eeneur-chef, soutenant Carrick tout en partageant ses attentes pour le mercato estival.<\/p>\n<p>Maguire a d\u00e9clar\u00e9 : \u00ab Nous devons finir en force, et je pense [Carrick] devrait aller directement dans le m\u00e9lange des autres candidats [for the permanent job] et que le processus commence.<\/p>\n<p>\u00ab\u00a0Je suis s\u00fbr que cela fera l&#39;affaire, et je suis s\u00fbr que ce sera un processus approfondi. Ce sera un grand \u00e9t\u00e9. Nous avons besoin de corps, de corps pour aider l&#39;\u00e9quipe. Nous le savons.<\/p>\n<p>\u00ab\u00a0Nous avons besoin d&#39;am\u00e9liorations dans l&#39;\u00e9quipe. Cela va \u00eatre un gros recrutement au sein du d\u00e9partement de direction, et je suis s\u00fbr que la hi\u00e9rarchie y parviendra.\u00a0\u00bb<\/p>\n<h4>Carrick a impressionn\u00e9<\/h4>\n<p>Avant que Carrick n&#39;assume le r\u00f4le de gardien, peu de gens auraient imagin\u00e9 qu&#39;il performerait si merveilleusement qu&#39;il deviendrait le favori pour le poste permanent.<\/p>\n<p>En fait, beaucoup pensaient que m\u00eame le consid\u00e9rer risquait de r\u00e9p\u00e9ter la situation avec Ole Gunnar Solskjaer, qui a \u00e9galement \u00e9t\u00e9 promu de manager par int\u00e9rim \u00e0 manager permanent apr\u00e8s un premier succ\u00e8s.<\/p>\n<p>Solskjaer, apr\u00e8s tout, impressionn\u00e9 pendant son mandat int\u00e9rimaire, a obtenu le poste au m\u00e9rite, mais il est finalement devenu clair qu&#39;il n&#39;\u00e9tait pas l&#39;homme pour redonner de la gloire au Th\u00e9\u00e2tre des r\u00eaves.<\/p>\n<p>Malgr\u00e9 le d\u00e9j\u00e0-vu de Solskjaer, la performance du joueur de 44 ans l&#39;a rendu difficile \u00e0 ignorer pour le poste permanent.<\/p>\n<p>Depuis que Carrick a pris les commandes, United est l\u2019une des \u00e9quipes les plus en forme de la Premier League. Lors de ses 10 matchs \u00e0 la t\u00eate du club, ils ont accumul\u00e9 23 points, avec sept victoires et deux nuls.<\/p>\n<p>Une \u00e9quipe qui, sous Amorim, ne pouvait qu&#39;esp\u00e9rer remporter la Ligue des champions a d\u00e9sormais, selon Opta, une probabilit\u00e9 de 85,57 pour cent de revenir dans la comp\u00e9tition d&#39;\u00e9lite europ\u00e9enne.<\/p>\n<p>Si United, qui se rendra en camp d&#39;entra\u00eenement en Irlande d\u00e9but avril, parvient \u00e0 maintenir son \u00e9lan au cours des sept derniers matchs et \u00e0 s&#39;assurer une place en Ligue des champions gr\u00e2ce \u00e0 des performances de qualit\u00e9, il sera tr\u00e8s difficile de n\u00e9gliger Carrick pour ce r\u00f4le.<\/p>\n<p>Peut-\u00eatre, alors, la sage d\u00e9cision serait-elle de lui confier le poste et de le soutenir avec les ajouts de qualit\u00e9 dont cette \u00e9quipe a d\u00e9sesp\u00e9r\u00e9ment besoin. Esp\u00e9rons que la saison prochaine, s\u2019il se voit confier ce poste, il poursuivra l\u2019excellent travail qu\u2019il a fait \u00e0 Old Trafford.<\/p>\n<\/p>\n<hr\/>\n<p>The Peoples Person est l&#39;un des principaux sites d&#39;information de Man United au monde depuis plus d&#39;une d\u00e9cennie. Suivez-nous sur Bluesky\u00a0: @peoplesperson.bsky.social<\/p>\n<p><!-- CONTENT END 2 --><\/p><\/div>\n","protected":false},"excerpt":{"rendered":"<p>4 L&#39;\u00e9t\u00e9 2026 sera la cl\u00e9 de la reconstruction de Manchester United. INEOS cherchera \u00e0 signer les signatures qui lui permettront enfin de concourir sur<\/p>\n","protected":false},"author":1,"featured_media":35827,"comment_status":"closed","ping_status":"","sticky":false,"template":"","format":"standard","meta":{"footnotes":""},"categories":[3],"tags":[1228,4023,32,4719,33,24,9434,2230,1257,86,103,13],"yoast_head":"<!-- This site is optimized with the Yoast SEO plugin v21.0 - https:\/\/yoast.com\/wordpress\/plugins\/seo\/ -->\n<title>Harry Maguire: l&#039;as de Man United a son mot \u00e0 dire sur le prochain entra\u00eeneur permanent -<\/title>\n<meta name=\"robots\" content=\"index, follow, max-snippet:-1, max-image-preview:large, max-video-preview:-1\" \/>\n<link rel=\"canonical\" href=\"https:\/\/footdavant.fr\/actualites\/harry-maguire-las-de-man-united-a-son-mot-a-dire-sur-le-prochain-entraineur-permanent\/\" \/>\n<meta property=\"og:locale\" content=\"fr_FR\" \/>\n<meta property=\"og:type\" content=\"article\" \/>\n<meta property=\"og:title\" content=\"Harry Maguire: l&#039;as de Man United a son mot \u00e0 dire sur le prochain entra\u00eeneur permanent -\" \/>\n<meta property=\"og:description\" content=\"4 L&#039;\u00e9t\u00e9 2026 sera la cl\u00e9 de la reconstruction de Manchester United. INEOS cherchera \u00e0 signer les signatures qui lui permettront enfin de concourir sur\" \/>\n<meta property=\"og:url\" content=\"https:\/\/footdavant.fr\/actualites\/harry-maguire-las-de-man-united-a-son-mot-a-dire-sur-le-prochain-entraineur-permanent\/\" \/>\n<meta property=\"og:site_name\" content=\"Foot d&#039;avant\" \/>\n<meta property=\"article:publisher\" content=\"https:\/\/www.facebook.com\/Footdavant\/\" \/>\n<meta property=\"article:published_time\" content=\"2026-03-26T18:48:10+00:00\" \/>\n<meta property=\"article:modified_time\" content=\"2026-03-26T18:48:11+00:00\" \/>\n<meta property=\"og:image\" content=\"https:\/\/footdavant.fr\/actualites\/wp-content\/uploads\/2026\/03\/Harry-Maguire-l39as-de-Man-United-a-son-mot-a.jpg\" \/>\n\t<meta property=\"og:image:width\" content=\"1200\" \/>\n\t<meta property=\"og:image:height\" content=\"675\" \/>\n\t<meta property=\"og:image:type\" content=\"image\/jpeg\" \/>\n<meta name=\"author\" content=\"Cl\u00e9ment\" \/>\n<meta name=\"twitter:card\" content=\"summary_large_image\" \/>\n<meta name=\"twitter:creator\" content=\"@FootdavantFr\" \/>\n<meta name=\"twitter:site\" content=\"@FootdavantFr\" \/>\n<meta name=\"twitter:label1\" content=\"\u00c9crit par\" \/>\n\t<meta name=\"twitter:data1\" content=\"Cl\u00e9ment\" \/>\n\t<meta name=\"twitter:label2\" content=\"Dur\u00e9e de lecture estim\u00e9e\" \/>\n\t<meta name=\"twitter:data2\" content=\"3 minutes\" \/>\n<script type=\"application\/ld+json\" class=\"yoast-schema-graph\">{\"@context\":\"https:\/\/schema.org\",\"@graph\":[{\"@type\":\"Article\",\"@id\":\"https:\/\/footdavant.fr\/actualites\/harry-maguire-las-de-man-united-a-son-mot-a-dire-sur-le-prochain-entraineur-permanent\/#article\",\"isPartOf\":{\"@id\":\"https:\/\/footdavant.fr\/actualites\/harry-maguire-las-de-man-united-a-son-mot-a-dire-sur-le-prochain-entraineur-permanent\/\"},\"author\":{\"name\":\"Cl\u00e9ment\",\"@id\":\"https:\/\/footdavant.fr\/actualites\/#\/schema\/person\/bc222566d95871b37e597b3ed3ba5e1d\"},\"headline\":\"Harry Maguire: l&#39;as de Man United a son mot \u00e0 dire sur le prochain entra\u00eeneur permanent &#8211;\",\"datePublished\":\"2026-03-26T18:48:10+00:00\",\"dateModified\":\"2026-03-26T18:48:11+00:00\",\"mainEntityOfPage\":{\"@id\":\"https:\/\/footdavant.fr\/actualites\/harry-maguire-las-de-man-united-a-son-mot-a-dire-sur-le-prochain-entraineur-permanent\/\"},\"wordCount\":671,\"publisher\":{\"@id\":\"https:\/\/footdavant.fr\/actualites\/#organization\"},\"keywords\":[\"dire\",\"entra\u00eeneur\",\"Harry\",\"L39as\",\"Maguire\",\"Man\",\"mot\",\"permanent\",\"prochain\",\"son\",\"sur\",\"United\"],\"articleSection\":[\"Football\"],\"inLanguage\":\"fr-FR\"},{\"@type\":\"WebPage\",\"@id\":\"https:\/\/footdavant.fr\/actualites\/harry-maguire-las-de-man-united-a-son-mot-a-dire-sur-le-prochain-entraineur-permanent\/\",\"url\":\"https:\/\/footdavant.fr\/actualites\/harry-maguire-las-de-man-united-a-son-mot-a-dire-sur-le-prochain-entraineur-permanent\/\",\"name\":\"Harry Maguire: l&#39;as de Man United a son mot \u00e0 dire sur le prochain entra\u00eeneur permanent -\",\"isPartOf\":{\"@id\":\"https:\/\/footdavant.fr\/actualites\/#website\"},\"datePublished\":\"2026-03-26T18:48:10+00:00\",\"dateModified\":\"2026-03-26T18:48:11+00:00\",\"breadcrumb\":{\"@id\":\"https:\/\/footdavant.fr\/actualites\/harry-maguire-las-de-man-united-a-son-mot-a-dire-sur-le-prochain-entraineur-permanent\/#breadcrumb\"},\"inLanguage\":\"fr-FR\",\"potentialAction\":[{\"@type\":\"ReadAction\",\"target\":[\"https:\/\/footdavant.fr\/actualites\/harry-maguire-las-de-man-united-a-son-mot-a-dire-sur-le-prochain-entraineur-permanent\/\"]}]},{\"@type\":\"BreadcrumbList\",\"@id\":\"https:\/\/footdavant.fr\/actualites\/harry-maguire-las-de-man-united-a-son-mot-a-dire-sur-le-prochain-entraineur-permanent\/#breadcrumb\",\"itemListElement\":[{\"@type\":\"ListItem\",\"position\":1,\"name\":\"Accueil\",\"item\":\"https:\/\/footdavant.fr\/actualites\/\"},{\"@type\":\"ListItem\",\"position\":2,\"name\":\"Harry Maguire: l&#39;as de Man United a son mot \u00e0 dire sur le prochain entra\u00eeneur permanent &#8211;\"}]},{\"@type\":\"WebSite\",\"@id\":\"https:\/\/footdavant.fr\/actualites\/#website\",\"url\":\"https:\/\/footdavant.fr\/actualites\/\",\"name\":\"Foot d'avant\",\"description\":\"\",\"publisher\":{\"@id\":\"https:\/\/footdavant.fr\/actualites\/#organization\"},\"potentialAction\":[{\"@type\":\"SearchAction\",\"target\":{\"@type\":\"EntryPoint\",\"urlTemplate\":\"https:\/\/footdavant.fr\/actualites\/?s={search_term_string}\"},\"query-input\":\"required name=search_term_string\"}],\"inLanguage\":\"fr-FR\"},{\"@type\":\"Organization\",\"@id\":\"https:\/\/footdavant.fr\/actualites\/#organization\",\"name\":\"Foot d'avant\",\"url\":\"https:\/\/footdavant.fr\/actualites\/\",\"logo\":{\"@type\":\"ImageObject\",\"inLanguage\":\"fr-FR\",\"@id\":\"https:\/\/footdavant.fr\/actualites\/#\/schema\/logo\/image\/\",\"url\":\"https:\/\/footdavant.fr\/actualites\/wp-content\/uploads\/2023\/09\/Copy-of-FootDavant-Logo.png\",\"contentUrl\":\"https:\/\/footdavant.fr\/actualites\/wp-content\/uploads\/2023\/09\/Copy-of-FootDavant-Logo.png\",\"width\":936,\"height\":549,\"caption\":\"Foot d'avant\"},\"image\":{\"@id\":\"https:\/\/footdavant.fr\/actualites\/#\/schema\/logo\/image\/\"},\"sameAs\":[\"https:\/\/www.facebook.com\/Footdavant\/\",\"https:\/\/twitter.com\/FootdavantFr\",\"https:\/\/www.instagram.com\/footdavant.fr\/\"]},{\"@type\":\"Person\",\"@id\":\"https:\/\/footdavant.fr\/actualites\/#\/schema\/person\/bc222566d95871b37e597b3ed3ba5e1d\",\"name\":\"Cl\u00e9ment\",\"image\":{\"@type\":\"ImageObject\",\"inLanguage\":\"fr-FR\",\"@id\":\"https:\/\/footdavant.fr\/actualites\/#\/schema\/person\/image\/\",\"url\":\"https:\/\/secure.gravatar.com\/avatar\/7728b29aac2719421e1a9159b2254c44?s=96&d=mm&r=g\",\"contentUrl\":\"https:\/\/secure.gravatar.com\/avatar\/7728b29aac2719421e1a9159b2254c44?s=96&d=mm&r=g\",\"caption\":\"Cl\u00e9ment\"},\"sameAs\":[\"https:\/\/footdavant.fr\/\"]}]}<\/script>\n<!-- \/ Yoast SEO plugin. -->","yoast_head_json":{"title":"Harry Maguire: l&#39;as de Man United a son mot \u00e0 dire sur le prochain entra\u00eeneur permanent -","robots":{"index":"index","follow":"follow","max-snippet":"max-snippet:-1","max-image-preview":"max-image-preview:large","max-video-preview":"max-video-preview:-1"},"canonical":"https:\/\/footdavant.fr\/actualites\/harry-maguire-las-de-man-united-a-son-mot-a-dire-sur-le-prochain-entraineur-permanent\/","og_locale":"fr_FR","og_type":"article","og_title":"Harry Maguire: l&#39;as de Man United a son mot \u00e0 dire sur le prochain entra\u00eeneur permanent -","og_description":"4 L&#39;\u00e9t\u00e9 2026 sera la cl\u00e9 de la reconstruction de Manchester United. INEOS cherchera \u00e0 signer les signatures qui lui permettront enfin de concourir sur","og_url":"https:\/\/footdavant.fr\/actualites\/harry-maguire-las-de-man-united-a-son-mot-a-dire-sur-le-prochain-entraineur-permanent\/","og_site_name":"Foot d&#039;avant","article_publisher":"https:\/\/www.facebook.com\/Footdavant\/","article_published_time":"2026-03-26T18:48:10+00:00","article_modified_time":"2026-03-26T18:48:11+00:00","og_image":[{"width":1200,"height":675,"url":"https:\/\/footdavant.fr\/actualites\/wp-content\/uploads\/2026\/03\/Harry-Maguire-l39as-de-Man-United-a-son-mot-a.jpg","type":"image\/jpeg"}],"author":"Cl\u00e9ment","twitter_card":"summary_large_image","twitter_creator":"@FootdavantFr","twitter_site":"@FootdavantFr","twitter_misc":{"\u00c9crit par":"Cl\u00e9ment","Dur\u00e9e de lecture estim\u00e9e":"3 minutes"},"schema":{"@context":"https:\/\/schema.org","@graph":[{"@type":"Article","@id":"https:\/\/footdavant.fr\/actualites\/harry-maguire-las-de-man-united-a-son-mot-a-dire-sur-le-prochain-entraineur-permanent\/#article","isPartOf":{"@id":"https:\/\/footdavant.fr\/actualites\/harry-maguire-las-de-man-united-a-son-mot-a-dire-sur-le-prochain-entraineur-permanent\/"},"author":{"name":"Cl\u00e9ment","@id":"https:\/\/footdavant.fr\/actualites\/#\/schema\/person\/bc222566d95871b37e597b3ed3ba5e1d"},"headline":"Harry Maguire: l&#39;as de Man United a son mot \u00e0 dire sur le prochain entra\u00eeneur permanent &#8211;","datePublished":"2026-03-26T18:48:10+00:00","dateModified":"2026-03-26T18:48:11+00:00","mainEntityOfPage":{"@id":"https:\/\/footdavant.fr\/actualites\/harry-maguire-las-de-man-united-a-son-mot-a-dire-sur-le-prochain-entraineur-permanent\/"},"wordCount":671,"publisher":{"@id":"https:\/\/footdavant.fr\/actualites\/#organization"},"keywords":["dire","entra\u00eeneur","Harry","L39as","Maguire","Man","mot","permanent","prochain","son","sur","United"],"articleSection":["Football"],"inLanguage":"fr-FR"},{"@type":"WebPage","@id":"https:\/\/footdavant.fr\/actualites\/harry-maguire-las-de-man-united-a-son-mot-a-dire-sur-le-prochain-entraineur-permanent\/","url":"https:\/\/footdavant.fr\/actualites\/harry-maguire-las-de-man-united-a-son-mot-a-dire-sur-le-prochain-entraineur-permanent\/","name":"Harry Maguire: l&#39;as de Man United a son mot \u00e0 dire sur le prochain entra\u00eeneur permanent -","isPartOf":{"@id":"https:\/\/footdavant.fr\/actualites\/#website"},"datePublished":"2026-03-26T18:48:10+00:00","dateModified":"2026-03-26T18:48:11+00:00","breadcrumb":{"@id":"https:\/\/footdavant.fr\/actualites\/harry-maguire-las-de-man-united-a-son-mot-a-dire-sur-le-prochain-entraineur-permanent\/#breadcrumb"},"inLanguage":"fr-FR","potentialAction":[{"@type":"ReadAction","target":["https:\/\/footdavant.fr\/actualites\/harry-maguire-las-de-man-united-a-son-mot-a-dire-sur-le-prochain-entraineur-permanent\/"]}]},{"@type":"BreadcrumbList","@id":"https:\/\/footdavant.fr\/actualites\/harry-maguire-las-de-man-united-a-son-mot-a-dire-sur-le-prochain-entraineur-permanent\/#breadcrumb","itemListElement":[{"@type":"ListItem","position":1,"name":"Accueil","item":"https:\/\/footdavant.fr\/actualites\/"},{"@type":"ListItem","position":2,"name":"Harry Maguire: l&#39;as de Man United a son mot \u00e0 dire sur le prochain entra\u00eeneur permanent &#8211;"}]},{"@type":"WebSite","@id":"https:\/\/footdavant.fr\/actualites\/#website","url":"https:\/\/footdavant.fr\/actualites\/","name":"Foot d'avant","description":"","publisher":{"@id":"https:\/\/footdavant.fr\/actualites\/#organization"},"potentialAction":[{"@type":"SearchAction","target":{"@type":"EntryPoint","urlTemplate":"https:\/\/footdavant.fr\/actualites\/?s={search_term_string}"},"query-input":"required name=search_term_string"}],"inLanguage":"fr-FR"},{"@type":"Organization","@id":"https:\/\/footdavant.fr\/actualites\/#organization","name":"Foot d'avant","url":"https:\/\/footdavant.fr\/actualites\/","logo":{"@type":"ImageObject","inLanguage":"fr-FR","@id":"https:\/\/footdavant.fr\/actualites\/#\/schema\/logo\/image\/","url":"https:\/\/footdavant.fr\/actualites\/wp-content\/uploads\/2023\/09\/Copy-of-FootDavant-Logo.png","contentUrl":"https:\/\/footdavant.fr\/actualites\/wp-content\/uploads\/2023\/09\/Copy-of-FootDavant-Logo.png","width":936,"height":549,"caption":"Foot d'avant"},"image":{"@id":"https:\/\/footdavant.fr\/actualites\/#\/schema\/logo\/image\/"},"sameAs":["https:\/\/www.facebook.com\/Footdavant\/","https:\/\/twitter.com\/FootdavantFr","https:\/\/www.instagram.com\/footdavant.fr\/"]},{"@type":"Person","@id":"https:\/\/footdavant.fr\/actualites\/#\/schema\/person\/bc222566d95871b37e597b3ed3ba5e1d","name":"Cl\u00e9ment","image":{"@type":"ImageObject","inLanguage":"fr-FR","@id":"https:\/\/footdavant.fr\/actualites\/#\/schema\/person\/image\/","url":"https:\/\/secure.gravatar.com\/avatar\/7728b29aac2719421e1a9159b2254c44?s=96&d=mm&r=g","contentUrl":"https:\/\/secure.gravatar.com\/avatar\/7728b29aac2719421e1a9159b2254c44?s=96&d=mm&r=g","caption":"Cl\u00e9ment"},"sameAs":["https:\/\/footdavant.fr\/"]}]}},"_links":{"self":[{"href":"https:\/\/footdavant.fr\/actualites\/wp-json\/wp\/v2\/posts\/35826"}],"collection":[{"href":"https:\/\/footdavant.fr\/actualites\/wp-json\/wp\/v2\/posts"}],"about":[{"href":"https:\/\/footdavant.fr\/actualites\/wp-json\/wp\/v2\/types\/post"}],"author":[{"embeddable":true,"href":"https:\/\/footdavant.fr\/actualites\/wp-json\/wp\/v2\/users\/1"}],"replies":[{"embeddable":true,"href":"https:\/\/footdavant.fr\/actualites\/wp-json\/wp\/v2\/comments?post=35826"}],"version-history":[{"count":1,"href":"https:\/\/footdavant.fr\/actualites\/wp-json\/wp\/v2\/posts\/35826\/revisions"}],"predecessor-version":[{"id":35828,"href":"https:\/\/footdavant.fr\/actualites\/wp-json\/wp\/v2\/posts\/35826\/revisions\/35828"}],"wp:featuredmedia":[{"embeddable":true,"href":"https:\/\/footdavant.fr\/actualites\/wp-json\/wp\/v2\/media\/35827"}],"wp:attachment":[{"href":"https:\/\/footdavant.fr\/actualites\/wp-json\/wp\/v2\/media?parent=35826"}],"wp:term":[{"taxonomy":"category","embeddable":true,"href":"https:\/\/footdavant.fr\/actualites\/wp-json\/wp\/v2\/categories?post=35826"},{"taxonomy":"post_tag","embeddable":true,"href":"https:\/\/footdavant.fr\/actualites\/wp-json\/wp\/v2\/tags?post=35826"}],"curies":[{"name":"wp","href":"https:\/\/api.w.org\/{rel}","templated":true}]}}