{"id":35831,"date":"2026-03-27T01:48:03","date_gmt":"2026-03-27T00:48:03","guid":{"rendered":"https:\/\/footdavant.fr\/actualites\/nouvelles-du-transfert-de-tottenham-hotspur-la-star-des-spurs-prend-une-decision-de-transfert-importante-au-milieu-des-relegations\/"},"modified":"2026-03-27T01:48:05","modified_gmt":"2026-03-27T00:48:05","slug":"nouvelles-du-transfert-de-tottenham-hotspur-la-star-des-spurs-prend-une-decision-de-transfert-importante-au-milieu-des-relegations","status":"publish","type":"post","link":"https:\/\/footdavant.fr\/actualites\/nouvelles-du-transfert-de-tottenham-hotspur-la-star-des-spurs-prend-une-decision-de-transfert-importante-au-milieu-des-relegations\/","title":{"rendered":"Nouvelles du transfert de Tottenham Hotspur : la star des Spurs prend une \u00ab d\u00e9cision de transfert \u00bb importante au milieu des rel\u00e9gations"},"content":{"rendered":"<div itemprop=\"articleBody\"><meta charset=\"UTF-8\"\/><\/p>\n<p>Randal Kolo Muani aurait inform\u00e9 le club parent du Paris Saint-Germain de son souhait d&#39;obtenir un transfert permanent \u00e0 la Juventus cet \u00e9t\u00e9. <\/p>\n<p>Kolo Muani, actuellement \u00e0 Tottenham Hotspur pour la saison 2025-26, a eu du mal \u00e0 rester coh\u00e9rent au milieu des d\u00e9fis plus larges des North Londoniens en mati\u00e8re de performances et de r\u00e9sultats.<\/p>\n<p>Les Spurs se situent actuellement juste au-dessus de la zone de rel\u00e9gation apr\u00e8s une forme d\u00e9sastreuse qui les a laiss\u00e9s sans victoire en 11 matches de championnat.<\/p>\n<p>L&#39;entra\u00eeneur-chef par int\u00e9rim Igor Tudor a eu du mal \u00e0 susciter un revirement depuis son arriv\u00e9e il y a quatre semaines, l&#39;\u00e9quipe semblant d\u00e9pourvue de confiance lors de la bataille de survie.<\/p>\n<p>Au milieu de la tourmente actuelle au stade Tottenham Hotspur, Kolo Muani planifierait sa vie loin de la Premier League.<\/p>\n<h2>Kolo Muani \u00ab\u00a0confirme\u00a0\u00bb son d\u00e9sir de retour \u00e0 la Juventus<\/h2>\n<div>\n<div>\n<div>\n<p>\u00a9 Imago \/ IMAGO \/ Actualit\u00e9s Images<\/p>\n<\/div>\n<\/div>\n<\/div>\n<p>Selon <em>football.londres<\/em>le Fran\u00e7ais de 27 ans n&#39;a aucun int\u00e9r\u00eat \u00e0 rester dans l&#39;\u00e9quipe en difficult\u00e9 de Premier League au-del\u00e0 de cette saison.<\/p>\n<p>On pense que la pr\u00e9f\u00e9rence de Kolo Muani va \u00e0 la Juventus, o\u00f9 il a d\u00e9j\u00e0 b\u00e9n\u00e9fici\u00e9 d&#39;un pr\u00eat r\u00e9ussi \u00e0 Turin, enregistrant 10 buts en 22 apparitions, un contraste frappant avec ses r\u00e9centes difficult\u00e9s en Angleterre.<\/p>\n<p>Depuis qu&#39;il a rejoint les Spurs \u00e0 titre temporaire, le Fran\u00e7ais n&#39;a marqu\u00e9 que cinq buts en 33 matches toutes comp\u00e9titions confondues, avec un seul but dans l&#39;\u00e9lite.<\/p>\n<p>La Juventus aurait tent\u00e9 de mettre fin pr\u00e9matur\u00e9ment \u00e0 son pr\u00eat actuel en janvier, mais le PSG attend d\u00e9sormais une indemnit\u00e9 permanente importante.<\/p>\n<h2>Quel avenir pour la ligne de front en difficult\u00e9 des Spurs ?<\/h2>\n<div>\n<div>\n<div>\n<div><img decoding=\"async\" data-img-id=\"150961\" class=\"lazy\" loading=\"lazy\" src=\"https:\/\/footdavant.fr\/actualites\/wp-content\/uploads\/2026\/03\/1774572483_167_Nouvelles-du-transfert-de-Tottenham-Hotspur-la-star-des.webp\"\/><\/p>\n<p>\u00a9 Imago<\/p>\n<\/div>\n<\/div>\n<\/div>\n<\/div>\n<p><meta charset=\"UTF-8\"\/>L&#39;impact du d\u00e9part potentiel d&#39;un joueur pr\u00eat\u00e9 de haut niveau sur la strat\u00e9gie de recrutement du club, s&#39;il parvient \u00e0 conserver son statut d&#39;\u00e9lite, est encore incertain.<\/p>\n<p>La hi\u00e9rarchie des Spurs devrait exiger un rempla\u00e7ant sp\u00e9cialis\u00e9 pour remplacer Richarlison ou Dominic Solanke, d&#39;autant plus que l&#39;avenir du poste de direction reste en suspens pendant la tr\u00eave internationale.<\/p>\n<p>Le PSG visant \u00e0 r\u00e9cup\u00e9rer une grande partie des 76,4 millions de livres sterling d\u00e9pens\u00e9s pour Kolo Muani, un accord avec les g\u00e9ants italiens pourrait d\u00e9pendre de la valorisation finale.<\/p>\n<p>Quoi qu\u2019il en soit, les Lilywhites doivent donner la priorit\u00e9 \u00e0 l\u2019obtention de points imm\u00e9diats avant de s\u2019attaquer \u00e0 la composition \u00e0 long terme d\u2019une \u00e9quipe qui a consid\u00e9rablement sous-perform\u00e9 tout au long de la campagne en cours.<\/p>\n<\/div>\n","protected":false},"excerpt":{"rendered":"<p>Randal Kolo Muani aurait inform\u00e9 le club parent du Paris Saint-Germain de son souhait d&#39;obtenir un transfert permanent \u00e0 la Juventus cet \u00e9t\u00e9. Kolo Muani,<\/p>\n","protected":false},"author":1,"featured_media":35832,"comment_status":"closed","ping_status":"","sticky":false,"template":"","format":"standard","meta":{"footnotes":""},"categories":[5],"tags":[497,12,69,853,441,461,88,11738,1575,1621,68,700,92],"yoast_head":"<!-- This site is optimized with the Yoast SEO plugin v21.0 - https:\/\/yoast.com\/wordpress\/plugins\/seo\/ -->\n<title>Nouvelles du transfert de Tottenham Hotspur : la star des Spurs prend une \u00ab d\u00e9cision de transfert \u00bb importante au milieu des rel\u00e9gations<\/title>\n<meta name=\"robots\" content=\"index, follow, max-snippet:-1, max-image-preview:large, max-video-preview:-1\" \/>\n<link rel=\"canonical\" href=\"https:\/\/footdavant.fr\/actualites\/nouvelles-du-transfert-de-tottenham-hotspur-la-star-des-spurs-prend-une-decision-de-transfert-importante-au-milieu-des-relegations\/\" \/>\n<meta property=\"og:locale\" content=\"fr_FR\" \/>\n<meta property=\"og:type\" content=\"article\" \/>\n<meta property=\"og:title\" content=\"Nouvelles du transfert de Tottenham Hotspur : la star des Spurs prend une \u00ab d\u00e9cision de transfert \u00bb importante au milieu des rel\u00e9gations\" \/>\n<meta property=\"og:description\" content=\"Randal Kolo Muani aurait inform\u00e9 le club parent du Paris Saint-Germain de son souhait d&#039;obtenir un transfert permanent \u00e0 la Juventus cet \u00e9t\u00e9. Kolo Muani,\" \/>\n<meta property=\"og:url\" content=\"https:\/\/footdavant.fr\/actualites\/nouvelles-du-transfert-de-tottenham-hotspur-la-star-des-spurs-prend-une-decision-de-transfert-importante-au-milieu-des-relegations\/\" \/>\n<meta property=\"og:site_name\" content=\"Foot d&#039;avant\" \/>\n<meta property=\"article:publisher\" content=\"https:\/\/www.facebook.com\/Footdavant\/\" \/>\n<meta property=\"article:published_time\" content=\"2026-03-27T00:48:03+00:00\" \/>\n<meta property=\"article:modified_time\" content=\"2026-03-27T00:48:05+00:00\" \/>\n<meta property=\"og:image\" content=\"https:\/\/footdavant.fr\/actualites\/wp-content\/uploads\/2026\/03\/Nouvelles-du-transfert-de-Tottenham-Hotspur-la-star-des.net2Fuploads2F20252F122Fimago1069982604.webp\" \/>\n\t<meta property=\"og:image:width\" content=\"720\" \/>\n\t<meta property=\"og:image:height\" content=\"410\" \/>\n\t<meta property=\"og:image:type\" content=\"image\/webp\" \/>\n<meta name=\"author\" content=\"Cl\u00e9ment\" \/>\n<meta name=\"twitter:card\" content=\"summary_large_image\" \/>\n<meta name=\"twitter:creator\" content=\"@FootdavantFr\" \/>\n<meta name=\"twitter:site\" content=\"@FootdavantFr\" \/>\n<meta name=\"twitter:label1\" content=\"\u00c9crit par\" \/>\n\t<meta name=\"twitter:data1\" content=\"Cl\u00e9ment\" \/>\n\t<meta name=\"twitter:label2\" content=\"Dur\u00e9e de lecture estim\u00e9e\" \/>\n\t<meta name=\"twitter:data2\" content=\"2 minutes\" \/>\n<script type=\"application\/ld+json\" class=\"yoast-schema-graph\">{\"@context\":\"https:\/\/schema.org\",\"@graph\":[{\"@type\":\"Article\",\"@id\":\"https:\/\/footdavant.fr\/actualites\/nouvelles-du-transfert-de-tottenham-hotspur-la-star-des-spurs-prend-une-decision-de-transfert-importante-au-milieu-des-relegations\/#article\",\"isPartOf\":{\"@id\":\"https:\/\/footdavant.fr\/actualites\/nouvelles-du-transfert-de-tottenham-hotspur-la-star-des-spurs-prend-une-decision-de-transfert-importante-au-milieu-des-relegations\/\"},\"author\":{\"name\":\"Cl\u00e9ment\",\"@id\":\"https:\/\/footdavant.fr\/actualites\/#\/schema\/person\/bc222566d95871b37e597b3ed3ba5e1d\"},\"headline\":\"Nouvelles du transfert de Tottenham Hotspur : la star des Spurs prend une \u00ab d\u00e9cision de transfert \u00bb importante au milieu des rel\u00e9gations\",\"datePublished\":\"2026-03-27T00:48:03+00:00\",\"dateModified\":\"2026-03-27T00:48:05+00:00\",\"mainEntityOfPage\":{\"@id\":\"https:\/\/footdavant.fr\/actualites\/nouvelles-du-transfert-de-tottenham-hotspur-la-star-des-spurs-prend-une-decision-de-transfert-importante-au-milieu-des-relegations\/\"},\"wordCount\":464,\"publisher\":{\"@id\":\"https:\/\/footdavant.fr\/actualites\/#organization\"},\"keywords\":[\"d\u00e9cision\",\"des\",\"Hotspur\",\"importante\",\"milieu\",\"Nouvelles\",\"prend\",\"rel\u00e9gations\",\"Spurs\",\"Star\",\"Tottenham\",\"transfert\",\"une\"],\"articleSection\":[\"Premier League\"],\"inLanguage\":\"fr-FR\"},{\"@type\":\"WebPage\",\"@id\":\"https:\/\/footdavant.fr\/actualites\/nouvelles-du-transfert-de-tottenham-hotspur-la-star-des-spurs-prend-une-decision-de-transfert-importante-au-milieu-des-relegations\/\",\"url\":\"https:\/\/footdavant.fr\/actualites\/nouvelles-du-transfert-de-tottenham-hotspur-la-star-des-spurs-prend-une-decision-de-transfert-importante-au-milieu-des-relegations\/\",\"name\":\"Nouvelles du transfert de Tottenham Hotspur : la star des Spurs prend une \u00ab d\u00e9cision de transfert \u00bb importante au milieu des rel\u00e9gations\",\"isPartOf\":{\"@id\":\"https:\/\/footdavant.fr\/actualites\/#website\"},\"datePublished\":\"2026-03-27T00:48:03+00:00\",\"dateModified\":\"2026-03-27T00:48:05+00:00\",\"breadcrumb\":{\"@id\":\"https:\/\/footdavant.fr\/actualites\/nouvelles-du-transfert-de-tottenham-hotspur-la-star-des-spurs-prend-une-decision-de-transfert-importante-au-milieu-des-relegations\/#breadcrumb\"},\"inLanguage\":\"fr-FR\",\"potentialAction\":[{\"@type\":\"ReadAction\",\"target\":[\"https:\/\/footdavant.fr\/actualites\/nouvelles-du-transfert-de-tottenham-hotspur-la-star-des-spurs-prend-une-decision-de-transfert-importante-au-milieu-des-relegations\/\"]}]},{\"@type\":\"BreadcrumbList\",\"@id\":\"https:\/\/footdavant.fr\/actualites\/nouvelles-du-transfert-de-tottenham-hotspur-la-star-des-spurs-prend-une-decision-de-transfert-importante-au-milieu-des-relegations\/#breadcrumb\",\"itemListElement\":[{\"@type\":\"ListItem\",\"position\":1,\"name\":\"Accueil\",\"item\":\"https:\/\/footdavant.fr\/actualites\/\"},{\"@type\":\"ListItem\",\"position\":2,\"name\":\"Nouvelles du transfert de Tottenham Hotspur : la star des Spurs prend une \u00ab d\u00e9cision de transfert \u00bb importante au milieu des rel\u00e9gations\"}]},{\"@type\":\"WebSite\",\"@id\":\"https:\/\/footdavant.fr\/actualites\/#website\",\"url\":\"https:\/\/footdavant.fr\/actualites\/\",\"name\":\"Foot d'avant\",\"description\":\"\",\"publisher\":{\"@id\":\"https:\/\/footdavant.fr\/actualites\/#organization\"},\"potentialAction\":[{\"@type\":\"SearchAction\",\"target\":{\"@type\":\"EntryPoint\",\"urlTemplate\":\"https:\/\/footdavant.fr\/actualites\/?s={search_term_string}\"},\"query-input\":\"required name=search_term_string\"}],\"inLanguage\":\"fr-FR\"},{\"@type\":\"Organization\",\"@id\":\"https:\/\/footdavant.fr\/actualites\/#organization\",\"name\":\"Foot d'avant\",\"url\":\"https:\/\/footdavant.fr\/actualites\/\",\"logo\":{\"@type\":\"ImageObject\",\"inLanguage\":\"fr-FR\",\"@id\":\"https:\/\/footdavant.fr\/actualites\/#\/schema\/logo\/image\/\",\"url\":\"https:\/\/footdavant.fr\/actualites\/wp-content\/uploads\/2023\/09\/Copy-of-FootDavant-Logo.png\",\"contentUrl\":\"https:\/\/footdavant.fr\/actualites\/wp-content\/uploads\/2023\/09\/Copy-of-FootDavant-Logo.png\",\"width\":936,\"height\":549,\"caption\":\"Foot d'avant\"},\"image\":{\"@id\":\"https:\/\/footdavant.fr\/actualites\/#\/schema\/logo\/image\/\"},\"sameAs\":[\"https:\/\/www.facebook.com\/Footdavant\/\",\"https:\/\/twitter.com\/FootdavantFr\",\"https:\/\/www.instagram.com\/footdavant.fr\/\"]},{\"@type\":\"Person\",\"@id\":\"https:\/\/footdavant.fr\/actualites\/#\/schema\/person\/bc222566d95871b37e597b3ed3ba5e1d\",\"name\":\"Cl\u00e9ment\",\"image\":{\"@type\":\"ImageObject\",\"inLanguage\":\"fr-FR\",\"@id\":\"https:\/\/footdavant.fr\/actualites\/#\/schema\/person\/image\/\",\"url\":\"https:\/\/secure.gravatar.com\/avatar\/7728b29aac2719421e1a9159b2254c44?s=96&d=mm&r=g\",\"contentUrl\":\"https:\/\/secure.gravatar.com\/avatar\/7728b29aac2719421e1a9159b2254c44?s=96&d=mm&r=g\",\"caption\":\"Cl\u00e9ment\"},\"sameAs\":[\"https:\/\/footdavant.fr\/\"]}]}<\/script>\n<!-- \/ Yoast SEO plugin. -->","yoast_head_json":{"title":"Nouvelles du transfert de Tottenham Hotspur : la star des Spurs prend une \u00ab d\u00e9cision de transfert \u00bb importante au milieu des rel\u00e9gations","robots":{"index":"index","follow":"follow","max-snippet":"max-snippet:-1","max-image-preview":"max-image-preview:large","max-video-preview":"max-video-preview:-1"},"canonical":"https:\/\/footdavant.fr\/actualites\/nouvelles-du-transfert-de-tottenham-hotspur-la-star-des-spurs-prend-une-decision-de-transfert-importante-au-milieu-des-relegations\/","og_locale":"fr_FR","og_type":"article","og_title":"Nouvelles du transfert de Tottenham Hotspur : la star des Spurs prend une \u00ab d\u00e9cision de transfert \u00bb importante au milieu des rel\u00e9gations","og_description":"Randal Kolo Muani aurait inform\u00e9 le club parent du Paris Saint-Germain de son souhait d&#39;obtenir un transfert permanent \u00e0 la Juventus cet \u00e9t\u00e9. Kolo Muani,","og_url":"https:\/\/footdavant.fr\/actualites\/nouvelles-du-transfert-de-tottenham-hotspur-la-star-des-spurs-prend-une-decision-de-transfert-importante-au-milieu-des-relegations\/","og_site_name":"Foot d&#039;avant","article_publisher":"https:\/\/www.facebook.com\/Footdavant\/","article_published_time":"2026-03-27T00:48:03+00:00","article_modified_time":"2026-03-27T00:48:05+00:00","og_image":[{"width":720,"height":410,"url":"https:\/\/footdavant.fr\/actualites\/wp-content\/uploads\/2026\/03\/Nouvelles-du-transfert-de-Tottenham-Hotspur-la-star-des.net2Fuploads2F20252F122Fimago1069982604.webp","type":"image\/webp"}],"author":"Cl\u00e9ment","twitter_card":"summary_large_image","twitter_creator":"@FootdavantFr","twitter_site":"@FootdavantFr","twitter_misc":{"\u00c9crit par":"Cl\u00e9ment","Dur\u00e9e de lecture estim\u00e9e":"2 minutes"},"schema":{"@context":"https:\/\/schema.org","@graph":[{"@type":"Article","@id":"https:\/\/footdavant.fr\/actualites\/nouvelles-du-transfert-de-tottenham-hotspur-la-star-des-spurs-prend-une-decision-de-transfert-importante-au-milieu-des-relegations\/#article","isPartOf":{"@id":"https:\/\/footdavant.fr\/actualites\/nouvelles-du-transfert-de-tottenham-hotspur-la-star-des-spurs-prend-une-decision-de-transfert-importante-au-milieu-des-relegations\/"},"author":{"name":"Cl\u00e9ment","@id":"https:\/\/footdavant.fr\/actualites\/#\/schema\/person\/bc222566d95871b37e597b3ed3ba5e1d"},"headline":"Nouvelles du transfert de Tottenham Hotspur : la star des Spurs prend une \u00ab d\u00e9cision de transfert \u00bb importante au milieu des rel\u00e9gations","datePublished":"2026-03-27T00:48:03+00:00","dateModified":"2026-03-27T00:48:05+00:00","mainEntityOfPage":{"@id":"https:\/\/footdavant.fr\/actualites\/nouvelles-du-transfert-de-tottenham-hotspur-la-star-des-spurs-prend-une-decision-de-transfert-importante-au-milieu-des-relegations\/"},"wordCount":464,"publisher":{"@id":"https:\/\/footdavant.fr\/actualites\/#organization"},"keywords":["d\u00e9cision","des","Hotspur","importante","milieu","Nouvelles","prend","rel\u00e9gations","Spurs","Star","Tottenham","transfert","une"],"articleSection":["Premier League"],"inLanguage":"fr-FR"},{"@type":"WebPage","@id":"https:\/\/footdavant.fr\/actualites\/nouvelles-du-transfert-de-tottenham-hotspur-la-star-des-spurs-prend-une-decision-de-transfert-importante-au-milieu-des-relegations\/","url":"https:\/\/footdavant.fr\/actualites\/nouvelles-du-transfert-de-tottenham-hotspur-la-star-des-spurs-prend-une-decision-de-transfert-importante-au-milieu-des-relegations\/","name":"Nouvelles du transfert de Tottenham Hotspur : la star des Spurs prend une \u00ab d\u00e9cision de transfert \u00bb importante au milieu des rel\u00e9gations","isPartOf":{"@id":"https:\/\/footdavant.fr\/actualites\/#website"},"datePublished":"2026-03-27T00:48:03+00:00","dateModified":"2026-03-27T00:48:05+00:00","breadcrumb":{"@id":"https:\/\/footdavant.fr\/actualites\/nouvelles-du-transfert-de-tottenham-hotspur-la-star-des-spurs-prend-une-decision-de-transfert-importante-au-milieu-des-relegations\/#breadcrumb"},"inLanguage":"fr-FR","potentialAction":[{"@type":"ReadAction","target":["https:\/\/footdavant.fr\/actualites\/nouvelles-du-transfert-de-tottenham-hotspur-la-star-des-spurs-prend-une-decision-de-transfert-importante-au-milieu-des-relegations\/"]}]},{"@type":"BreadcrumbList","@id":"https:\/\/footdavant.fr\/actualites\/nouvelles-du-transfert-de-tottenham-hotspur-la-star-des-spurs-prend-une-decision-de-transfert-importante-au-milieu-des-relegations\/#breadcrumb","itemListElement":[{"@type":"ListItem","position":1,"name":"Accueil","item":"https:\/\/footdavant.fr\/actualites\/"},{"@type":"ListItem","position":2,"name":"Nouvelles du transfert de Tottenham Hotspur : la star des Spurs prend une \u00ab d\u00e9cision de transfert \u00bb importante au milieu des rel\u00e9gations"}]},{"@type":"WebSite","@id":"https:\/\/footdavant.fr\/actualites\/#website","url":"https:\/\/footdavant.fr\/actualites\/","name":"Foot d'avant","description":"","publisher":{"@id":"https:\/\/footdavant.fr\/actualites\/#organization"},"potentialAction":[{"@type":"SearchAction","target":{"@type":"EntryPoint","urlTemplate":"https:\/\/footdavant.fr\/actualites\/?s={search_term_string}"},"query-input":"required name=search_term_string"}],"inLanguage":"fr-FR"},{"@type":"Organization","@id":"https:\/\/footdavant.fr\/actualites\/#organization","name":"Foot d'avant","url":"https:\/\/footdavant.fr\/actualites\/","logo":{"@type":"ImageObject","inLanguage":"fr-FR","@id":"https:\/\/footdavant.fr\/actualites\/#\/schema\/logo\/image\/","url":"https:\/\/footdavant.fr\/actualites\/wp-content\/uploads\/2023\/09\/Copy-of-FootDavant-Logo.png","contentUrl":"https:\/\/footdavant.fr\/actualites\/wp-content\/uploads\/2023\/09\/Copy-of-FootDavant-Logo.png","width":936,"height":549,"caption":"Foot d'avant"},"image":{"@id":"https:\/\/footdavant.fr\/actualites\/#\/schema\/logo\/image\/"},"sameAs":["https:\/\/www.facebook.com\/Footdavant\/","https:\/\/twitter.com\/FootdavantFr","https:\/\/www.instagram.com\/footdavant.fr\/"]},{"@type":"Person","@id":"https:\/\/footdavant.fr\/actualites\/#\/schema\/person\/bc222566d95871b37e597b3ed3ba5e1d","name":"Cl\u00e9ment","image":{"@type":"ImageObject","inLanguage":"fr-FR","@id":"https:\/\/footdavant.fr\/actualites\/#\/schema\/person\/image\/","url":"https:\/\/secure.gravatar.com\/avatar\/7728b29aac2719421e1a9159b2254c44?s=96&d=mm&r=g","contentUrl":"https:\/\/secure.gravatar.com\/avatar\/7728b29aac2719421e1a9159b2254c44?s=96&d=mm&r=g","caption":"Cl\u00e9ment"},"sameAs":["https:\/\/footdavant.fr\/"]}]}},"_links":{"self":[{"href":"https:\/\/footdavant.fr\/actualites\/wp-json\/wp\/v2\/posts\/35831"}],"collection":[{"href":"https:\/\/footdavant.fr\/actualites\/wp-json\/wp\/v2\/posts"}],"about":[{"href":"https:\/\/footdavant.fr\/actualites\/wp-json\/wp\/v2\/types\/post"}],"author":[{"embeddable":true,"href":"https:\/\/footdavant.fr\/actualites\/wp-json\/wp\/v2\/users\/1"}],"replies":[{"embeddable":true,"href":"https:\/\/footdavant.fr\/actualites\/wp-json\/wp\/v2\/comments?post=35831"}],"version-history":[{"count":1,"href":"https:\/\/footdavant.fr\/actualites\/wp-json\/wp\/v2\/posts\/35831\/revisions"}],"predecessor-version":[{"id":35833,"href":"https:\/\/footdavant.fr\/actualites\/wp-json\/wp\/v2\/posts\/35831\/revisions\/35833"}],"wp:featuredmedia":[{"embeddable":true,"href":"https:\/\/footdavant.fr\/actualites\/wp-json\/wp\/v2\/media\/35832"}],"wp:attachment":[{"href":"https:\/\/footdavant.fr\/actualites\/wp-json\/wp\/v2\/media?parent=35831"}],"wp:term":[{"taxonomy":"category","embeddable":true,"href":"https:\/\/footdavant.fr\/actualites\/wp-json\/wp\/v2\/categories?post=35831"},{"taxonomy":"post_tag","embeddable":true,"href":"https:\/\/footdavant.fr\/actualites\/wp-json\/wp\/v2\/tags?post=35831"}],"curies":[{"name":"wp","href":"https:\/\/api.w.org\/{rel}","templated":true}]}}