{"id":35834,"date":"2026-03-27T03:48:14","date_gmt":"2026-03-27T02:48:14","guid":{"rendered":"https:\/\/footdavant.fr\/actualites\/rien-ne-dure-pour-eze-un-blog-darsenal\/"},"modified":"2026-03-27T03:48:15","modified_gmt":"2026-03-27T02:48:15","slug":"rien-ne-dure-pour-eze-un-blog-darsenal","status":"publish","type":"post","link":"https:\/\/footdavant.fr\/actualites\/rien-ne-dure-pour-eze-un-blog-darsenal\/","title":{"rendered":"Rien ne dure pour Eze |  &#8230;un blog d&#39;Arsenal"},"content":{"rendered":"<div>\n<p>La blessure au mollet d&#39;Eberechi Eze semble symptomatique de la saison offensive d&#39;Arsenal. Chaque fois qu&#39;un joueur offensif ou cr\u00e9atif des Gunners menace de frapper quelque chose qui se rapproche d&#39;un groove, les blessures ont tendance \u00e0 se produire. En Premier League jusqu&#39;\u00e0 pr\u00e9sent cette saison, Bukayo Saka a jou\u00e9 un peu plus de 71 % des minutes disponibles, ce qui en fait l&#39;attaquant le plus fr\u00e9quemment utilis\u00e9 de l&#39;\u00e9quipe.<\/p>\n<p>Viktor Gyokeres a jou\u00e9 68% des minutes disponibles, Trossard 60%, Eze 51%, Odegaard 38%, Merino 36%, Madueke 32%, Martinelli 32%, Havertz et Jesus sont autour de 11%. D&#39;une part, la politique estivale d&#39;Arsenal consistant \u00e0 cumuler les chiffres en ajoutant Eze, Madueke et Gyokeres est justifi\u00e9e par le nombre de blessures subies. D&#39;un autre c\u00f4t\u00e9, il est \u00e9galement vrai qu&#39;il a \u00e9t\u00e9 difficile de trouver du rythme dans le dernier tiers.<\/p>\n<p>Lors des derniers matchs, les blessures d&#39;Odegaard et Merino et la convalescence prolong\u00e9e de Havertz ont permis \u00e0 Eberechi Eze de jouer longtemps dans le r\u00f4le de num\u00e9ro 10. Eze a tir\u00e9 sept tirs lors de la victoire 2-0 contre Everton, bien au-dessus de sa moyenne de la saison de 2,72 par match. Il en a inscrit trois, dont un but du pr\u00e9tendant de la saison, lors du match contre le Bayern Leverkusen. <\/p>\n<p>Sa confiance \u00e9tait telle qu&#39;il s&#39;est bless\u00e9 au mollet lors d&#39;une course folle et en essayant de se cr\u00e9er une chance de tir alors qu&#39;il aurait peut-\u00eatre d\u00fb passer. Eze est c\u00e9l\u00e8bre pour sa capacit\u00e9 \u00e0 d\u00e9ployer ses talents en corr\u00e9lation directe avec l&#39;allongement des heures de clart\u00e9. <\/p>\n<p>Dans une saison o\u00f9 de nombreux fans d&#39;Arsenal attendaient que l&#39;un des attaquants de l&#39;\u00e9quipe \u00ab \u00e9clate \u00bb, \u00e0 la mani\u00e8re de Freddie Ljungberg au printemps 2002, Eze semblait le plus probable. Il \u00e9tait donc \u00e9vident que les dieux des blessures devaient intervenir. Alors qu&#39;Eze a d\u00fb s&#39;habituer \u00e0 jouer pour Arsenal &#8211; \u00e0 ne pas \u00eatre le joueur autour duquel tout le monde tourne, \u00e0 jouer en d\u00e9fense \u00e0 10 chaque semaine, \u00e0 jouer un r\u00f4le l\u00e9g\u00e8rement diff\u00e9rent de celui qu&#39;il jouait dans le demi-espace gauche du Palace &#8211; Arsenal a \u00e9galement d\u00fb s&#39;habituer \u00e0 lui. <\/p>\n<p>Eze est beaucoup plus dans le moule d\u2019un deuxi\u00e8me attaquant en tant que milieu de terrain avanc\u00e9, tandis qu\u2019Odegaard est probablement son oppos\u00e9 en tant que centre technique de haut niveau. Odegaard est le gars qui tient le crayon derri\u00e8re l&#39;oreille tandis qu&#39;Eze fait recouvrir sa combinaison d&#39;huile de moteur. <\/p>\n<p>Il y a une telle divergence entre les deux qu&#39;Arsenal a d\u00fb apprendre \u00e0 fonctionner avec un milieu de terrain avanc\u00e9 totalement diff\u00e9rent \u00e0 Eze apr\u00e8s plusieurs saisons o\u00f9 Odegaard a domin\u00e9 le poste. \u00c0 la seconde o\u00f9 ces connexions commencent \u00e0 s\u2019enflammer et la familiarit\u00e9 fomente ; Arsenal devra \u00e0 nouveau modifier sa m\u00e9moire musculaire.<\/p>\n<p>Le sc\u00e9nario id\u00e9al est que Martin Odegaard revienne dans l&#39;\u00e9quipe, n&#39;ait plus de probl\u00e8mes de forme physique et peut-\u00eatre que certains des probl\u00e8mes cr\u00e9atifs d&#39;Arsenal soient r\u00e9duits dans le processus. Cependant, Odegaard n&#39;a jou\u00e9 qu&#39;un peu plus d&#39;un tiers de la saison avec des blessures persistantes interrompant sa progression. <\/p>\n<p>La saison derni\u00e8re, le Norv\u00e9gien s&#39;est bless\u00e9 \u00e0 la cheville en d\u00e9but de campagne et m\u00eame \u00e0 son retour, sa forme s&#39;est d\u00e9grad\u00e9e. Sa pr\u00e9sence, m\u00eame depuis le banc, a grandement manqu\u00e9 lors des matchs contre Brighton, Leverkusen \u00e0 l&#39;ext\u00e9rieur, Chelsea, Wolves et lors de la finale de la Coupe Carabao, car le niveau technique d&#39;Arsenal \u00e9tait trop faible pour prendre le contr\u00f4le du ballon et du jeu \u00e0 des moments cl\u00e9s. <\/p>\n<p>Les tendances r\u00e9centes n&#39;indiquent pas qu&#39;Odegaard soit capable de jouer le reste de la saison sans blessure et dans sa forme pr\u00e9-blessure \u00e0 la cheville. Nous ne sommes pas exactement dans la phase exp\u00e9rimentale de la saison et, personnellement, Odegaard a encore beaucoup de cr\u00e9dit en banque avec moi. <\/p>\n<p>En supposant qu\u2019il en soit capable, il devrait assumer le r\u00f4le d\u2019Eze et nous devrions tous esp\u00e9rer une renaissance de la forme physique et de la forme. Cela dit, il est peu probable qu\u2019il soit capable de jouer chaque minute de chaque match, m\u00eame avec un bon vent derri\u00e8re lui. J&#39;imagine que Kai Havertz continuera \u00e0 jouer ce r\u00f4le avanc\u00e9 de temps en temps. <\/p>\n<p>Bien que ce plan n&#39;ait pas fonctionn\u00e9 \u00e0 Wembley, il convient de rappeler que Havertz y a jou\u00e9 pour une victoire 3-0 contre Sunderland et une victoire 4-0 contre Leeds plus t\u00f4t cette ann\u00e9e. Il y a aussi la possibilit\u00e9 de d\u00e9placer Bukayo Saka \u00e0 l\u2019int\u00e9rieur et de jouer Madueke par la droite et je parierais que nous verrons cela de temps en temps.<\/p>\n<p>Je ne pense pas avoir vu Saka n\u00e9cessairement mieux jouer dans un r\u00f4le plus central cette saison. Je soup\u00e7onne que Saka a perdu un peu d&#39;explosivit\u00e9 apr\u00e8s sa blessure aux ischio-jambiers la saison derni\u00e8re mais, compte tenu de son \u00e2ge, cela devrait lui revenir. Madueke offre suffisamment de menace pour \u00eatre une option, que ce soit d\u00e8s le d\u00e9but ou sur le banc, et d\u00e9placer Saka \u00e0 l&#39;int\u00e9rieur offrira la possibilit\u00e9 de faire entrer Madueke sans retirer Saka.<\/p>\n<p>Max Dowman est une autre option et si le talent pur \u00e9tait la seule consid\u00e9ration, il serait en t\u00eate de liste pour ce poste. Mais le talent n\u2019est pas la seule consid\u00e9ration pour un gar\u00e7on qui a r\u00e9cemment eu 16 ans. Le fait qu&#39;il ne se soit pas qualifi\u00e9 \u00e0 Wembley \u00e0 0-2 me dit qu&#39;Arteta est conscient de s&#39;occuper de Dowman physiquement et mentalement. Je pense que c&#39;\u00e9tait d\u00e9lib\u00e9r\u00e9 de ne pas essayer de le d\u00e9signer comme le sauveur, d&#39;autant plus que le jeu \u00e9tait pratiquement termin\u00e9.<\/p>\n<p>Je pense que si Arsenal a un but d&#39;avance \u00e0 15 minutes de la fin, nous verrons Max &#8211; ou bien s&#39;ils ont quelques buts d&#39;avance (!) Sinon, je pense qu&#39;Arteta l&#39;utilisera uniquement pour \u00ab\u00a0briser le verre en cas d&#39;urgence\u00a0\u00bb. C&#39;est un gar\u00e7on, avec un peu de chance, avec une longue carri\u00e8re devant lui, prendre soin de son cerveau et de son corps est une consid\u00e9ration importante.<\/p>\n<p>Nous pourrions \u00e9galement voir Myles Lewis Skelly jouer au milieu de terrain, mais je soup\u00e7onne que ce ne sera que dans des sc\u00e9narios de \u00ab restauration minute \u00bb lorsqu&#39;un jeu est s\u00fbr et que Rice ou Zubimendi peuvent b\u00e9n\u00e9ficier de quelques minutes de temps d&#39;arr\u00eat. En dehors du match nul de la Coupe de Southampton, il y aura potentiellement une marge ou une tol\u00e9rance tr\u00e8s limit\u00e9e pour l\u2019exp\u00e9rimentation.<\/p>\n<p>Malgr\u00e9 tous les maux d&#39;Arsenal \u00e0 Wembley, perdre Eze, Merino et Odegaard pour le m\u00eame poste s&#39;est finalement av\u00e9r\u00e9 assez fatal. La bonne nouvelle est qu\u2019ils ne jouent pas \u00e0 Manchester City chaque semaine. Des d\u00e9clics \u00e9taient audibles entre Arsenal et Eze, mais les blessures ont \u00e9t\u00e9 si constantes et vertigineuses que nous ne devrions pas \u00eatre surpris par la derni\u00e8re intervention. Cela signifie qu\u2019Arteta et son \u00e9quipe devront retourner \u00e0 la planche \u00e0 dessin une fois de plus.<\/p>\n<\/div>\n","protected":false},"excerpt":{"rendered":"<p>La blessure au mollet d&#39;Eberechi Eze semble symptomatique de la saison offensive d&#39;Arsenal. Chaque fois qu&#39;un joueur offensif ou cr\u00e9atif des Gunners menace de frapper<\/p>\n","protected":false},"author":1,"featured_media":30392,"comment_status":"closed","ping_status":"","sticky":false,"template":"","format":"standard","meta":{"footnotes":""},"categories":[3],"tags":[57,58,4221,260,5266,51,2832],"yoast_head":"<!-- This site is optimized with the Yoast SEO plugin v21.0 - https:\/\/yoast.com\/wordpress\/plugins\/seo\/ -->\n<title>Rien ne dure pour Eze | ...un blog d&#039;Arsenal<\/title>\n<meta name=\"robots\" content=\"index, follow, max-snippet:-1, max-image-preview:large, max-video-preview:-1\" \/>\n<link rel=\"canonical\" href=\"https:\/\/footdavant.fr\/actualites\/rien-ne-dure-pour-eze-un-blog-darsenal\/\" \/>\n<meta property=\"og:locale\" content=\"fr_FR\" \/>\n<meta property=\"og:type\" content=\"article\" \/>\n<meta property=\"og:title\" content=\"Rien ne dure pour Eze | ...un blog d&#039;Arsenal\" \/>\n<meta property=\"og:description\" content=\"La blessure au mollet d&#039;Eberechi Eze semble symptomatique de la saison offensive d&#039;Arsenal. Chaque fois qu&#039;un joueur offensif ou cr\u00e9atif des Gunners menace de frapper\" \/>\n<meta property=\"og:url\" content=\"https:\/\/footdavant.fr\/actualites\/rien-ne-dure-pour-eze-un-blog-darsenal\/\" \/>\n<meta property=\"og:site_name\" content=\"Foot d&#039;avant\" \/>\n<meta property=\"article:publisher\" content=\"https:\/\/www.facebook.com\/Footdavant\/\" \/>\n<meta property=\"article:published_time\" content=\"2026-03-27T02:48:14+00:00\" \/>\n<meta property=\"article:modified_time\" content=\"2026-03-27T02:48:15+00:00\" \/>\n<meta property=\"og:image\" content=\"https:\/\/footdavant.fr\/actualites\/wp-content\/uploads\/2025\/10\/Arsenal-1-0-Crystal-Palace-le-but-d39Eze-suffit-alors.jpg\" \/>\n\t<meta property=\"og:image:width\" content=\"1500\" \/>\n\t<meta property=\"og:image:height\" content=\"750\" \/>\n\t<meta property=\"og:image:type\" content=\"image\/jpeg\" \/>\n<meta name=\"author\" content=\"Cl\u00e9ment\" \/>\n<meta name=\"twitter:card\" content=\"summary_large_image\" \/>\n<meta name=\"twitter:creator\" content=\"@FootdavantFr\" \/>\n<meta name=\"twitter:site\" content=\"@FootdavantFr\" \/>\n<meta name=\"twitter:label1\" content=\"\u00c9crit par\" \/>\n\t<meta name=\"twitter:data1\" content=\"Cl\u00e9ment\" \/>\n\t<meta name=\"twitter:label2\" content=\"Dur\u00e9e de lecture estim\u00e9e\" \/>\n\t<meta name=\"twitter:data2\" content=\"6 minutes\" \/>\n<script type=\"application\/ld+json\" class=\"yoast-schema-graph\">{\"@context\":\"https:\/\/schema.org\",\"@graph\":[{\"@type\":\"Article\",\"@id\":\"https:\/\/footdavant.fr\/actualites\/rien-ne-dure-pour-eze-un-blog-darsenal\/#article\",\"isPartOf\":{\"@id\":\"https:\/\/footdavant.fr\/actualites\/rien-ne-dure-pour-eze-un-blog-darsenal\/\"},\"author\":{\"name\":\"Cl\u00e9ment\",\"@id\":\"https:\/\/footdavant.fr\/actualites\/#\/schema\/person\/bc222566d95871b37e597b3ed3ba5e1d\"},\"headline\":\"Rien ne dure pour Eze | &#8230;un blog d&#39;Arsenal\",\"datePublished\":\"2026-03-27T02:48:14+00:00\",\"dateModified\":\"2026-03-27T02:48:15+00:00\",\"mainEntityOfPage\":{\"@id\":\"https:\/\/footdavant.fr\/actualites\/rien-ne-dure-pour-eze-un-blog-darsenal\/\"},\"wordCount\":1259,\"publisher\":{\"@id\":\"https:\/\/footdavant.fr\/actualites\/#organization\"},\"keywords\":[\"...un\",\"blog\",\"d39Arsenal\",\"dure\",\"Eze\",\"pour\",\"rien\"],\"articleSection\":[\"Football\"],\"inLanguage\":\"fr-FR\"},{\"@type\":\"WebPage\",\"@id\":\"https:\/\/footdavant.fr\/actualites\/rien-ne-dure-pour-eze-un-blog-darsenal\/\",\"url\":\"https:\/\/footdavant.fr\/actualites\/rien-ne-dure-pour-eze-un-blog-darsenal\/\",\"name\":\"Rien ne dure pour Eze | ...un blog d&#39;Arsenal\",\"isPartOf\":{\"@id\":\"https:\/\/footdavant.fr\/actualites\/#website\"},\"datePublished\":\"2026-03-27T02:48:14+00:00\",\"dateModified\":\"2026-03-27T02:48:15+00:00\",\"breadcrumb\":{\"@id\":\"https:\/\/footdavant.fr\/actualites\/rien-ne-dure-pour-eze-un-blog-darsenal\/#breadcrumb\"},\"inLanguage\":\"fr-FR\",\"potentialAction\":[{\"@type\":\"ReadAction\",\"target\":[\"https:\/\/footdavant.fr\/actualites\/rien-ne-dure-pour-eze-un-blog-darsenal\/\"]}]},{\"@type\":\"BreadcrumbList\",\"@id\":\"https:\/\/footdavant.fr\/actualites\/rien-ne-dure-pour-eze-un-blog-darsenal\/#breadcrumb\",\"itemListElement\":[{\"@type\":\"ListItem\",\"position\":1,\"name\":\"Accueil\",\"item\":\"https:\/\/footdavant.fr\/actualites\/\"},{\"@type\":\"ListItem\",\"position\":2,\"name\":\"Rien ne dure pour Eze | &#8230;un blog d&#39;Arsenal\"}]},{\"@type\":\"WebSite\",\"@id\":\"https:\/\/footdavant.fr\/actualites\/#website\",\"url\":\"https:\/\/footdavant.fr\/actualites\/\",\"name\":\"Foot d'avant\",\"description\":\"\",\"publisher\":{\"@id\":\"https:\/\/footdavant.fr\/actualites\/#organization\"},\"potentialAction\":[{\"@type\":\"SearchAction\",\"target\":{\"@type\":\"EntryPoint\",\"urlTemplate\":\"https:\/\/footdavant.fr\/actualites\/?s={search_term_string}\"},\"query-input\":\"required name=search_term_string\"}],\"inLanguage\":\"fr-FR\"},{\"@type\":\"Organization\",\"@id\":\"https:\/\/footdavant.fr\/actualites\/#organization\",\"name\":\"Foot d'avant\",\"url\":\"https:\/\/footdavant.fr\/actualites\/\",\"logo\":{\"@type\":\"ImageObject\",\"inLanguage\":\"fr-FR\",\"@id\":\"https:\/\/footdavant.fr\/actualites\/#\/schema\/logo\/image\/\",\"url\":\"https:\/\/footdavant.fr\/actualites\/wp-content\/uploads\/2023\/09\/Copy-of-FootDavant-Logo.png\",\"contentUrl\":\"https:\/\/footdavant.fr\/actualites\/wp-content\/uploads\/2023\/09\/Copy-of-FootDavant-Logo.png\",\"width\":936,\"height\":549,\"caption\":\"Foot d'avant\"},\"image\":{\"@id\":\"https:\/\/footdavant.fr\/actualites\/#\/schema\/logo\/image\/\"},\"sameAs\":[\"https:\/\/www.facebook.com\/Footdavant\/\",\"https:\/\/twitter.com\/FootdavantFr\",\"https:\/\/www.instagram.com\/footdavant.fr\/\"]},{\"@type\":\"Person\",\"@id\":\"https:\/\/footdavant.fr\/actualites\/#\/schema\/person\/bc222566d95871b37e597b3ed3ba5e1d\",\"name\":\"Cl\u00e9ment\",\"image\":{\"@type\":\"ImageObject\",\"inLanguage\":\"fr-FR\",\"@id\":\"https:\/\/footdavant.fr\/actualites\/#\/schema\/person\/image\/\",\"url\":\"https:\/\/secure.gravatar.com\/avatar\/7728b29aac2719421e1a9159b2254c44?s=96&d=mm&r=g\",\"contentUrl\":\"https:\/\/secure.gravatar.com\/avatar\/7728b29aac2719421e1a9159b2254c44?s=96&d=mm&r=g\",\"caption\":\"Cl\u00e9ment\"},\"sameAs\":[\"https:\/\/footdavant.fr\/\"]}]}<\/script>\n<!-- \/ Yoast SEO plugin. -->","yoast_head_json":{"title":"Rien ne dure pour Eze | ...un blog d&#39;Arsenal","robots":{"index":"index","follow":"follow","max-snippet":"max-snippet:-1","max-image-preview":"max-image-preview:large","max-video-preview":"max-video-preview:-1"},"canonical":"https:\/\/footdavant.fr\/actualites\/rien-ne-dure-pour-eze-un-blog-darsenal\/","og_locale":"fr_FR","og_type":"article","og_title":"Rien ne dure pour Eze | ...un blog d&#39;Arsenal","og_description":"La blessure au mollet d&#39;Eberechi Eze semble symptomatique de la saison offensive d&#39;Arsenal. Chaque fois qu&#39;un joueur offensif ou cr\u00e9atif des Gunners menace de frapper","og_url":"https:\/\/footdavant.fr\/actualites\/rien-ne-dure-pour-eze-un-blog-darsenal\/","og_site_name":"Foot d&#039;avant","article_publisher":"https:\/\/www.facebook.com\/Footdavant\/","article_published_time":"2026-03-27T02:48:14+00:00","article_modified_time":"2026-03-27T02:48:15+00:00","og_image":[{"width":1500,"height":750,"url":"https:\/\/footdavant.fr\/actualites\/wp-content\/uploads\/2025\/10\/Arsenal-1-0-Crystal-Palace-le-but-d39Eze-suffit-alors.jpg","type":"image\/jpeg"}],"author":"Cl\u00e9ment","twitter_card":"summary_large_image","twitter_creator":"@FootdavantFr","twitter_site":"@FootdavantFr","twitter_misc":{"\u00c9crit par":"Cl\u00e9ment","Dur\u00e9e de lecture estim\u00e9e":"6 minutes"},"schema":{"@context":"https:\/\/schema.org","@graph":[{"@type":"Article","@id":"https:\/\/footdavant.fr\/actualites\/rien-ne-dure-pour-eze-un-blog-darsenal\/#article","isPartOf":{"@id":"https:\/\/footdavant.fr\/actualites\/rien-ne-dure-pour-eze-un-blog-darsenal\/"},"author":{"name":"Cl\u00e9ment","@id":"https:\/\/footdavant.fr\/actualites\/#\/schema\/person\/bc222566d95871b37e597b3ed3ba5e1d"},"headline":"Rien ne dure pour Eze | &#8230;un blog d&#39;Arsenal","datePublished":"2026-03-27T02:48:14+00:00","dateModified":"2026-03-27T02:48:15+00:00","mainEntityOfPage":{"@id":"https:\/\/footdavant.fr\/actualites\/rien-ne-dure-pour-eze-un-blog-darsenal\/"},"wordCount":1259,"publisher":{"@id":"https:\/\/footdavant.fr\/actualites\/#organization"},"keywords":["...un","blog","d39Arsenal","dure","Eze","pour","rien"],"articleSection":["Football"],"inLanguage":"fr-FR"},{"@type":"WebPage","@id":"https:\/\/footdavant.fr\/actualites\/rien-ne-dure-pour-eze-un-blog-darsenal\/","url":"https:\/\/footdavant.fr\/actualites\/rien-ne-dure-pour-eze-un-blog-darsenal\/","name":"Rien ne dure pour Eze | ...un blog d&#39;Arsenal","isPartOf":{"@id":"https:\/\/footdavant.fr\/actualites\/#website"},"datePublished":"2026-03-27T02:48:14+00:00","dateModified":"2026-03-27T02:48:15+00:00","breadcrumb":{"@id":"https:\/\/footdavant.fr\/actualites\/rien-ne-dure-pour-eze-un-blog-darsenal\/#breadcrumb"},"inLanguage":"fr-FR","potentialAction":[{"@type":"ReadAction","target":["https:\/\/footdavant.fr\/actualites\/rien-ne-dure-pour-eze-un-blog-darsenal\/"]}]},{"@type":"BreadcrumbList","@id":"https:\/\/footdavant.fr\/actualites\/rien-ne-dure-pour-eze-un-blog-darsenal\/#breadcrumb","itemListElement":[{"@type":"ListItem","position":1,"name":"Accueil","item":"https:\/\/footdavant.fr\/actualites\/"},{"@type":"ListItem","position":2,"name":"Rien ne dure pour Eze | &#8230;un blog d&#39;Arsenal"}]},{"@type":"WebSite","@id":"https:\/\/footdavant.fr\/actualites\/#website","url":"https:\/\/footdavant.fr\/actualites\/","name":"Foot d'avant","description":"","publisher":{"@id":"https:\/\/footdavant.fr\/actualites\/#organization"},"potentialAction":[{"@type":"SearchAction","target":{"@type":"EntryPoint","urlTemplate":"https:\/\/footdavant.fr\/actualites\/?s={search_term_string}"},"query-input":"required name=search_term_string"}],"inLanguage":"fr-FR"},{"@type":"Organization","@id":"https:\/\/footdavant.fr\/actualites\/#organization","name":"Foot d'avant","url":"https:\/\/footdavant.fr\/actualites\/","logo":{"@type":"ImageObject","inLanguage":"fr-FR","@id":"https:\/\/footdavant.fr\/actualites\/#\/schema\/logo\/image\/","url":"https:\/\/footdavant.fr\/actualites\/wp-content\/uploads\/2023\/09\/Copy-of-FootDavant-Logo.png","contentUrl":"https:\/\/footdavant.fr\/actualites\/wp-content\/uploads\/2023\/09\/Copy-of-FootDavant-Logo.png","width":936,"height":549,"caption":"Foot d'avant"},"image":{"@id":"https:\/\/footdavant.fr\/actualites\/#\/schema\/logo\/image\/"},"sameAs":["https:\/\/www.facebook.com\/Footdavant\/","https:\/\/twitter.com\/FootdavantFr","https:\/\/www.instagram.com\/footdavant.fr\/"]},{"@type":"Person","@id":"https:\/\/footdavant.fr\/actualites\/#\/schema\/person\/bc222566d95871b37e597b3ed3ba5e1d","name":"Cl\u00e9ment","image":{"@type":"ImageObject","inLanguage":"fr-FR","@id":"https:\/\/footdavant.fr\/actualites\/#\/schema\/person\/image\/","url":"https:\/\/secure.gravatar.com\/avatar\/7728b29aac2719421e1a9159b2254c44?s=96&d=mm&r=g","contentUrl":"https:\/\/secure.gravatar.com\/avatar\/7728b29aac2719421e1a9159b2254c44?s=96&d=mm&r=g","caption":"Cl\u00e9ment"},"sameAs":["https:\/\/footdavant.fr\/"]}]}},"_links":{"self":[{"href":"https:\/\/footdavant.fr\/actualites\/wp-json\/wp\/v2\/posts\/35834"}],"collection":[{"href":"https:\/\/footdavant.fr\/actualites\/wp-json\/wp\/v2\/posts"}],"about":[{"href":"https:\/\/footdavant.fr\/actualites\/wp-json\/wp\/v2\/types\/post"}],"author":[{"embeddable":true,"href":"https:\/\/footdavant.fr\/actualites\/wp-json\/wp\/v2\/users\/1"}],"replies":[{"embeddable":true,"href":"https:\/\/footdavant.fr\/actualites\/wp-json\/wp\/v2\/comments?post=35834"}],"version-history":[{"count":1,"href":"https:\/\/footdavant.fr\/actualites\/wp-json\/wp\/v2\/posts\/35834\/revisions"}],"predecessor-version":[{"id":35835,"href":"https:\/\/footdavant.fr\/actualites\/wp-json\/wp\/v2\/posts\/35834\/revisions\/35835"}],"wp:featuredmedia":[{"embeddable":true,"href":"https:\/\/footdavant.fr\/actualites\/wp-json\/wp\/v2\/media\/30392"}],"wp:attachment":[{"href":"https:\/\/footdavant.fr\/actualites\/wp-json\/wp\/v2\/media?parent=35834"}],"wp:term":[{"taxonomy":"category","embeddable":true,"href":"https:\/\/footdavant.fr\/actualites\/wp-json\/wp\/v2\/categories?post=35834"},{"taxonomy":"post_tag","embeddable":true,"href":"https:\/\/footdavant.fr\/actualites\/wp-json\/wp\/v2\/tags?post=35834"}],"curies":[{"name":"wp","href":"https:\/\/api.w.org\/{rel}","templated":true}]}}