{"id":35871,"date":"2026-03-28T07:48:32","date_gmt":"2026-03-28T06:48:32","guid":{"rendered":"https:\/\/footdavant.fr\/actualites\/lionel-messi-sur-le-banc-alors-que-les-equipes-confirmees-et-les-alignements-complets-comprennent-enzo-fernandez-et-alexis-mac-allister-lors-dun-match-amical-international-avant-la-coupe-du-monde\/"},"modified":"2026-03-28T07:48:41","modified_gmt":"2026-03-28T06:48:41","slug":"lionel-messi-sur-le-banc-alors-que-les-equipes-confirmees-et-les-alignements-complets-comprennent-enzo-fernandez-et-alexis-mac-allister-lors-dun-match-amical-international-avant-la-coupe-du-monde","status":"publish","type":"post","link":"https:\/\/footdavant.fr\/actualites\/lionel-messi-sur-le-banc-alors-que-les-equipes-confirmees-et-les-alignements-complets-comprennent-enzo-fernandez-et-alexis-mac-allister-lors-dun-match-amical-international-avant-la-coupe-du-monde\/","title":{"rendered":"Lionel Messi sur le banc alors que les \u00e9quipes confirm\u00e9es et les alignements complets comprennent Enzo Fernandez et Alexis Mac Allister lors d&#39;un match amical international avant la Coupe du monde 2026"},"content":{"rendered":"<div>\n<p>L&#39;Argentine poursuit ses pr\u00e9paratifs pour la Coupe du Monde de la FIFA 2026 en affrontant vendredi la Mauritanie lors du premier de deux matches amicaux organis\u00e9s \u00e0 la h\u00e2te.<\/p>\n<p>L&#39;\u00e9quipe de Lionel Scaloni devait affronter l&#39;Espagne lors de la Finalissima au Qatar le 27 mars avant l&#39;annulation du match en raison du conflit au Moyen-Orient.<\/p>\n<p>Ils ont ensuite organis\u00e9 un match \u00e0 domicile contre le Guatemala, qui a d\u00fb d\u00e9clarer forfait car il affronte l&#39;Alg\u00e9rie \u00e0 G\u00eanes quatre jours plus t\u00f4t et le r\u00e8glement de la FIFA ne permet pas aux \u00e9quipes de jouer sur deux continents dans la m\u00eame fen\u00eatre internationale.<\/p>\n<p>101GreatGoals.com pr\u00e9sente les nouvelles de l&#39;\u00e9quipe et les compositions de d\u00e9part alors que l&#39;Argentine joue \u00e0 La Bombonera \u00e0 Buenos Aires, qui est le domicile de Boca Juniors et a une capacit\u00e9 de plus de 57 000 personnes.<\/p>\n<figure class=\"wp-block-embed is-type-rich is-provider-twitter wp-block-embed-twitter\">\n<div class=\"wp-block-embed__wrapper\">\n<blockquote class=\"twitter-tweet\" data-width=\"500\" data-dnt=\"true\">\n<p lang=\"es\" dir=\"ltr\">\u23f3\ud83d\udd57 | \ud835\udcd4\ud835\udcfc\ud835\udcfd\ud835\udcea\ud835\udced\ud835\udcf2\ud835\udcf8 \ud835\udcd0\ud835\udcf5\ud835\udceb\ud835\udcee\ud835\udcfb\ud835\udcfd\ud835\udcf8 \ud835\udcd9. \ud835\udcd0\ud835\udcfb\ud835\udcf6\ud835\udcea\ud835\udcf7\ud835\udced\ud835\udcf8 \u00ab \ud835\udcf5\ud835\udcea \ud835\udcd1\ud835\udcf8\ud835\udcf6\ud835\udceb\ud835\udcf8\ud835\udcf7\ud835\udcee\ud835\udcfb\ud835\udcea \u00bb <a rel=\"nofollow\" href=\"https:\/\/t.co\/ouxKwVwbbj\" rel=\"nofollow\">pic.twitter.com\/ouxKwVwbbj<\/a><\/p>\n<p>-FFRIM (@ffrim) <a rel=\"nofollow\" href=\"https:\/\/twitter.com\/ffrim\/status\/2037623123344814308?ref_src=twsrc%5Etfw\" rel=\"nofollow noopener\">27 mars 2026<\/a><\/p><\/blockquote>\n<\/div>\n<\/figure>\n<h2 class=\"wp-block-heading\"><span id=\"Argentina_confirmed_team_vs_Mauritania\">L&#39;Argentine confirme son \u00e9quipe contre la Mauritanie<\/span><\/h2>\n<p>Alors que de nombreux fans souhaitent d\u00e9sesp\u00e9r\u00e9ment voir Messi jouer chaque fois que ses \u00e9quipes sont en action, la formation de d\u00e9part de l&#39;entra\u00eeneur-chef Lionel Scaloni semble refl\u00e9ter une d\u00e9cision d&#39;utiliser le joueur de 38 ans avec parcimonie alors que la Coupe du monde est dans moins de trois mois.<\/p>\n<p>Messi, qui est sur le banc, a des ant\u00e9c\u00e9dents de blessures en service international. \u00ab\u00a0Apr\u00e8s son retour, nous surveillerons simplement comment il se sent au jour le jour\u00a0\u00bb, a d\u00e9clar\u00e9 son entra\u00eeneur de l&#39;Inter Miami, Javier Mascherano, apr\u00e8s que son capitaine ait marqu\u00e9 et jou\u00e9 les 90 minutes compl\u00e8tes lors d&#39;une victoire en MLS contre New York dimanche.<\/p>\n<p>\u00ab\u00a0C&#39;est clairement un joueur essentiel pour nous si nous voulons atteindre nos objectifs. Franchement, sans lui, il nous serait impossible d&#39;atteindre les objectifs que nous nous sommes fix\u00e9s.<\/p>\n<p>\u00ab\u00a0Cela dit, nous comprenons aussi qu&#39;il atteint la derni\u00e8re ligne droite [before the World Cup].\u00bb<\/p>\n<p>Scaloni est priv\u00e9 des d\u00e9fenseurs Leonardo Balerdi et Gonzalo Montiel ainsi que du milieu de terrain Giovani Lo Celso en raison d&#39;une blessure.<\/p>\n<p>L&#39;attaquant Lautaro Martinez a un probl\u00e8me mineur, donc Julian Alvarez a une chance de revendiquer une place de titulaire r\u00e9guli\u00e8re.<\/p>\n<p>Emiliano Mart\u00ednez, Nahuel Molina, Cristian Romero, Marcos Senesi, Huevo Acuna ; Enzo Fern\u00e1ndez, Alexis Mac Allister, Nico Paz, Nico Gonzalez, Julian Alvarez, Thiago Almada<\/p>\n<p>  Juan Musso, Geronimo Rulli, Lucas Martinez Quarta, Santiago Rojas, Agustin Giay, Leandro Paredes, Rodrigo De Paul, Lionel Messi, Exequiel Palacios, Maximo Perrone, Giovanni Simeone, Nicolas Otamendi, Nicolas Lopez, Franco Mastantuono, Valentin Barco<\/p>\n<figure class=\"wp-block-image size-large\"><picture decoding=\"async\" class=\"wp-image-98952\"><source type=\"image\/webp\" data-lazy- \/><img loading=\"lazy\" decoding=\"async\" width=\"1024\" height=\"576\" src=\"https:\/\/footdavant.fr\/actualites\/wp-content\/uploads\/2026\/03\/Lionel-Messi-sur-le-banc-alors-que-les-equipes-confirmees.jpg\" alt=\"Enzo Fern\u00e1ndez, joueur de football de Chelsea et de l&#39;Argentine\"  \/>\n<\/picture>\n<\/figure>\n<h2 class=\"wp-block-heading\"><span id=\"Mauritania_full_line_up_vs_Argentina\">La Mauritanie au complet contre l&#39;Argentine<\/span><\/h2>\n<p>L&#39;ailier des Rangers Djeidi Gassama fait ses d\u00e9buts en Mauritanie apr\u00e8s avoir quitt\u00e9 la France.<\/p>\n<p>Le d\u00e9fenseur Nouh Mohamed El Abd \u00e9tait incertain quant \u00e0 sa blessure et est sur le banc.<\/p>\n<p>L&#39;entra\u00eeneur-chef en visite Aritz Lopez Garai, qui a jou\u00e9 et dirig\u00e9 en deuxi\u00e8me division espagnole, a d\u00e9couvert que son \u00e9quipe pourrait jouer contre l&#39;Argentine vendredi dernier.<\/p>\n<p>\u00ab\u00a0Le pr\u00e9sident de la f\u00e9d\u00e9ration m&#39;a dit qu&#39;il y avait une possibilit\u00e9\u00a0\u00bb, a d\u00e9clar\u00e9 Garia en s&#39;adressant \u00e0 Ole. \u00ab\u00a0Il ne l&#39;a pas confirm\u00e9 car les documents \u00e9taient toujours en attente, et tout s&#39;est acc\u00e9l\u00e9r\u00e9 avec l&#39;annonce de la confirmation du match.\u00a0\u00bb<\/p>\n<p>Garia a disput\u00e9 une d\u00e9faite 2-1 et une d\u00e9faite 5-0 contre le Barcelone de Messi alors qu&#39;il \u00e9tait milieu de terrain avec Cordoue.<\/p>\n<p>\u00ab\u00a0Nous aspirons \u00e0 \u00eatre comp\u00e9titifs, mais nous allons affronter le meilleur joueur du monde. Je pense que ce sera une opportunit\u00e9 unique pour mes joueurs de se montrer sur la sc\u00e8ne mondiale.<\/p>\n<p>\u00ab\u00a0Jouer avec Messi \u00e0 La Bombonera, le stade ultime, est une motivation extraordinaire pour n&#39;importe quel joueur, et nous devons savoir contr\u00f4ler cette excitation pour qu&#39;elle ne se retourne pas contre nous.<\/p>\n<p>\u00ab\u00a0Un match de cette ampleur est une grande opportunit\u00e9 ; les circonstances se sont tout simplement d\u00e9roul\u00e9es de cette fa\u00e7on. Pour la Mauritanie, c&#39;est un \u00e9v\u00e9nement unique dans une vie.\u00a0\u00bb<\/p>\n<p>    Babacar Diop, Ibrahima Keita, Lamine Ba, Jordan Lefort, Aly Abeid, Maata Magassa, Oumar Ngom, Beyatt Lekoueiry, Aboubakary Koita, Mamadou Diallo, Djeidi Gassama<\/p>\n<p>  substituts :<\/strong> Abderrahmane Sarr, Khadim Diaw, Demine Saleck, Nouh Med El Abd, Abdalahi Mahmoud, El Hacen El Id, Guessouma Fofana, Yacoub Sidi, Papa Ndiaga Yade, Amar Sidi Bouna, Idrissa Thiam, Souleymane Anne<\/p>\n<h2 class=\"wp-block-heading\"><span id=\"Where_to_watch_Argentina_vs_Mauritania_TV_channel_live_online_streams\">O\u00f9 regarder l\u2019Argentine contre la Mauritanie : cha\u00eene de t\u00e9l\u00e9vision, diffusions en direct en ligne<\/span><\/h2>\n<p>L&#39;Argentine contre la Mauritanie commence \u00e0 20h15 heure locale (23h15 GMT \/ 18h15 ET \/ 15h15 PT) et est diffus\u00e9e en direct sur beIN Sports et Vix.<\/p>\n<h2 class=\"wp-block-heading\"><span id=\"Argentina_v_Mauritania_stats\">Statistiques Argentine contre Mauritanie<\/span><\/h2>\n<ul class=\"wp-block-list\">\n<li>L&#39;Argentine a remport\u00e9 ses trois derniers matches sans encaisser de but<\/li>\n<li>Ils n&#39;ont plus perdu \u00e0 Buenos Aires depuis 2023<\/li>\n<li>L&#39;Argentine n&#39;a plus perdu contre une \u00e9quipe africaine depuis 2017<\/li>\n<\/ul><\/div>\n<p><script async src=\"https:\/\/platform.twitter.com\/widgets.js\" charset=\"utf-8\"><\/script><\/p>\n","protected":false},"excerpt":{"rendered":"<p>L&#39;Argentine poursuit ses pr\u00e9paratifs pour la Coupe du Monde de la FIFA 2026 en affrontant vendredi la Mauritanie lors du premier de deux matches amicaux<\/p>\n","protected":false},"author":1,"featured_media":35872,"comment_status":"closed","ping_status":"","sticky":false,"template":"","format":"standard","meta":{"footnotes":""},"categories":[3],"tags":[2478,7750,84,318,5261,491,1112,7026,11742,5481,1946,4260,1806,242,2599,725,93,1346,64,83,257,451,562,103],"yoast_head":"<!-- This site is optimized with the Yoast SEO plugin v21.0 - https:\/\/yoast.com\/wordpress\/plugins\/seo\/ -->\n<title>Lionel Messi sur le banc alors que les \u00e9quipes confirm\u00e9es et les alignements complets comprennent Enzo Fernandez et Alexis Mac Allister lors d&#039;un match amical international avant la Coupe du monde 2026<\/title>\n<meta name=\"robots\" content=\"index, follow, max-snippet:-1, max-image-preview:large, max-video-preview:-1\" \/>\n<link rel=\"canonical\" href=\"https:\/\/footdavant.fr\/actualites\/lionel-messi-sur-le-banc-alors-que-les-equipes-confirmees-et-les-alignements-complets-comprennent-enzo-fernandez-et-alexis-mac-allister-lors-dun-match-amical-international-avant-la-coupe-du-monde\/\" \/>\n<meta property=\"og:locale\" content=\"fr_FR\" \/>\n<meta property=\"og:type\" content=\"article\" \/>\n<meta property=\"og:title\" content=\"Lionel Messi sur le banc alors que les \u00e9quipes confirm\u00e9es et les alignements complets comprennent Enzo Fernandez et Alexis Mac Allister lors d&#039;un match amical international avant la Coupe du monde 2026\" \/>\n<meta property=\"og:description\" content=\"L&#039;Argentine poursuit ses pr\u00e9paratifs pour la Coupe du Monde de la FIFA 2026 en affrontant vendredi la Mauritanie lors du premier de deux matches amicaux\" \/>\n<meta property=\"og:url\" content=\"https:\/\/footdavant.fr\/actualites\/lionel-messi-sur-le-banc-alors-que-les-equipes-confirmees-et-les-alignements-complets-comprennent-enzo-fernandez-et-alexis-mac-allister-lors-dun-match-amical-international-avant-la-coupe-du-monde\/\" \/>\n<meta property=\"og:site_name\" content=\"Foot d&#039;avant\" \/>\n<meta property=\"article:publisher\" content=\"https:\/\/www.facebook.com\/Footdavant\/\" \/>\n<meta property=\"article:published_time\" content=\"2026-03-28T06:48:32+00:00\" \/>\n<meta property=\"article:modified_time\" content=\"2026-03-28T06:48:41+00:00\" \/>\n<meta property=\"og:image\" content=\"https:\/\/footdavant.fr\/actualites\/wp-content\/uploads\/2026\/03\/1774680515_Lionel-Messi-sur-le-banc-alors-que-les-equipes-confirmees.jpg\" \/>\n\t<meta property=\"og:image:width\" content=\"1199\" \/>\n\t<meta property=\"og:image:height\" content=\"800\" \/>\n\t<meta property=\"og:image:type\" content=\"image\/jpeg\" \/>\n<meta name=\"author\" content=\"Cl\u00e9ment\" \/>\n<meta name=\"twitter:card\" content=\"summary_large_image\" \/>\n<meta name=\"twitter:creator\" content=\"@FootdavantFr\" \/>\n<meta name=\"twitter:site\" content=\"@FootdavantFr\" \/>\n<meta name=\"twitter:label1\" content=\"\u00c9crit par\" \/>\n\t<meta name=\"twitter:data1\" content=\"Cl\u00e9ment\" \/>\n\t<meta name=\"twitter:label2\" content=\"Dur\u00e9e de lecture estim\u00e9e\" \/>\n\t<meta name=\"twitter:data2\" content=\"4 minutes\" \/>\n<script type=\"application\/ld+json\" class=\"yoast-schema-graph\">{\"@context\":\"https:\/\/schema.org\",\"@graph\":[{\"@type\":\"Article\",\"@id\":\"https:\/\/footdavant.fr\/actualites\/lionel-messi-sur-le-banc-alors-que-les-equipes-confirmees-et-les-alignements-complets-comprennent-enzo-fernandez-et-alexis-mac-allister-lors-dun-match-amical-international-avant-la-coupe-du-monde\/#article\",\"isPartOf\":{\"@id\":\"https:\/\/footdavant.fr\/actualites\/lionel-messi-sur-le-banc-alors-que-les-equipes-confirmees-et-les-alignements-complets-comprennent-enzo-fernandez-et-alexis-mac-allister-lors-dun-match-amical-international-avant-la-coupe-du-monde\/\"},\"author\":{\"name\":\"Cl\u00e9ment\",\"@id\":\"https:\/\/footdavant.fr\/actualites\/#\/schema\/person\/bc222566d95871b37e597b3ed3ba5e1d\"},\"headline\":\"Lionel Messi sur le banc alors que les \u00e9quipes confirm\u00e9es et les alignements complets comprennent Enzo Fernandez et Alexis Mac Allister lors d&#39;un match amical international avant la Coupe du monde 2026\",\"datePublished\":\"2026-03-28T06:48:32+00:00\",\"dateModified\":\"2026-03-28T06:48:41+00:00\",\"mainEntityOfPage\":{\"@id\":\"https:\/\/footdavant.fr\/actualites\/lionel-messi-sur-le-banc-alors-que-les-equipes-confirmees-et-les-alignements-complets-comprennent-enzo-fernandez-et-alexis-mac-allister-lors-dun-match-amical-international-avant-la-coupe-du-monde\/\"},\"wordCount\":862,\"publisher\":{\"@id\":\"https:\/\/footdavant.fr\/actualites\/#organization\"},\"keywords\":[\"Alexis\",\"alignements\",\"Allister\",\"alors\",\"amical\",\"avant\",\"banc\",\"complets\",\"comprennent\",\"confirm\u00e9es\",\"Coupe\",\"d39un\",\"Enzo\",\"\u00e9quipes\",\"Fernandez\",\"international\",\"les\",\"Lionel\",\"lors\",\"Mac\",\"match\",\"Messi\",\"monde\",\"sur\"],\"articleSection\":[\"Football\"],\"inLanguage\":\"fr-FR\"},{\"@type\":\"WebPage\",\"@id\":\"https:\/\/footdavant.fr\/actualites\/lionel-messi-sur-le-banc-alors-que-les-equipes-confirmees-et-les-alignements-complets-comprennent-enzo-fernandez-et-alexis-mac-allister-lors-dun-match-amical-international-avant-la-coupe-du-monde\/\",\"url\":\"https:\/\/footdavant.fr\/actualites\/lionel-messi-sur-le-banc-alors-que-les-equipes-confirmees-et-les-alignements-complets-comprennent-enzo-fernandez-et-alexis-mac-allister-lors-dun-match-amical-international-avant-la-coupe-du-monde\/\",\"name\":\"Lionel Messi sur le banc alors que les \u00e9quipes confirm\u00e9es et les alignements complets comprennent Enzo Fernandez et Alexis Mac Allister lors d&#39;un match amical international avant la Coupe du monde 2026\",\"isPartOf\":{\"@id\":\"https:\/\/footdavant.fr\/actualites\/#website\"},\"datePublished\":\"2026-03-28T06:48:32+00:00\",\"dateModified\":\"2026-03-28T06:48:41+00:00\",\"breadcrumb\":{\"@id\":\"https:\/\/footdavant.fr\/actualites\/lionel-messi-sur-le-banc-alors-que-les-equipes-confirmees-et-les-alignements-complets-comprennent-enzo-fernandez-et-alexis-mac-allister-lors-dun-match-amical-international-avant-la-coupe-du-monde\/#breadcrumb\"},\"inLanguage\":\"fr-FR\",\"potentialAction\":[{\"@type\":\"ReadAction\",\"target\":[\"https:\/\/footdavant.fr\/actualites\/lionel-messi-sur-le-banc-alors-que-les-equipes-confirmees-et-les-alignements-complets-comprennent-enzo-fernandez-et-alexis-mac-allister-lors-dun-match-amical-international-avant-la-coupe-du-monde\/\"]}]},{\"@type\":\"BreadcrumbList\",\"@id\":\"https:\/\/footdavant.fr\/actualites\/lionel-messi-sur-le-banc-alors-que-les-equipes-confirmees-et-les-alignements-complets-comprennent-enzo-fernandez-et-alexis-mac-allister-lors-dun-match-amical-international-avant-la-coupe-du-monde\/#breadcrumb\",\"itemListElement\":[{\"@type\":\"ListItem\",\"position\":1,\"name\":\"Accueil\",\"item\":\"https:\/\/footdavant.fr\/actualites\/\"},{\"@type\":\"ListItem\",\"position\":2,\"name\":\"Lionel Messi sur le banc alors que les \u00e9quipes confirm\u00e9es et les alignements complets comprennent Enzo Fernandez et Alexis Mac Allister lors d&#39;un match amical international avant la Coupe du monde 2026\"}]},{\"@type\":\"WebSite\",\"@id\":\"https:\/\/footdavant.fr\/actualites\/#website\",\"url\":\"https:\/\/footdavant.fr\/actualites\/\",\"name\":\"Foot d'avant\",\"description\":\"\",\"publisher\":{\"@id\":\"https:\/\/footdavant.fr\/actualites\/#organization\"},\"potentialAction\":[{\"@type\":\"SearchAction\",\"target\":{\"@type\":\"EntryPoint\",\"urlTemplate\":\"https:\/\/footdavant.fr\/actualites\/?s={search_term_string}\"},\"query-input\":\"required name=search_term_string\"}],\"inLanguage\":\"fr-FR\"},{\"@type\":\"Organization\",\"@id\":\"https:\/\/footdavant.fr\/actualites\/#organization\",\"name\":\"Foot d'avant\",\"url\":\"https:\/\/footdavant.fr\/actualites\/\",\"logo\":{\"@type\":\"ImageObject\",\"inLanguage\":\"fr-FR\",\"@id\":\"https:\/\/footdavant.fr\/actualites\/#\/schema\/logo\/image\/\",\"url\":\"https:\/\/footdavant.fr\/actualites\/wp-content\/uploads\/2023\/09\/Copy-of-FootDavant-Logo.png\",\"contentUrl\":\"https:\/\/footdavant.fr\/actualites\/wp-content\/uploads\/2023\/09\/Copy-of-FootDavant-Logo.png\",\"width\":936,\"height\":549,\"caption\":\"Foot d'avant\"},\"image\":{\"@id\":\"https:\/\/footdavant.fr\/actualites\/#\/schema\/logo\/image\/\"},\"sameAs\":[\"https:\/\/www.facebook.com\/Footdavant\/\",\"https:\/\/twitter.com\/FootdavantFr\",\"https:\/\/www.instagram.com\/footdavant.fr\/\"]},{\"@type\":\"Person\",\"@id\":\"https:\/\/footdavant.fr\/actualites\/#\/schema\/person\/bc222566d95871b37e597b3ed3ba5e1d\",\"name\":\"Cl\u00e9ment\",\"image\":{\"@type\":\"ImageObject\",\"inLanguage\":\"fr-FR\",\"@id\":\"https:\/\/footdavant.fr\/actualites\/#\/schema\/person\/image\/\",\"url\":\"https:\/\/secure.gravatar.com\/avatar\/7728b29aac2719421e1a9159b2254c44?s=96&d=mm&r=g\",\"contentUrl\":\"https:\/\/secure.gravatar.com\/avatar\/7728b29aac2719421e1a9159b2254c44?s=96&d=mm&r=g\",\"caption\":\"Cl\u00e9ment\"},\"sameAs\":[\"https:\/\/footdavant.fr\/\"]}]}<\/script>\n<!-- \/ Yoast SEO plugin. -->","yoast_head_json":{"title":"Lionel Messi sur le banc alors que les \u00e9quipes confirm\u00e9es et les alignements complets comprennent Enzo Fernandez et Alexis Mac Allister lors d&#39;un match amical international avant la Coupe du monde 2026","robots":{"index":"index","follow":"follow","max-snippet":"max-snippet:-1","max-image-preview":"max-image-preview:large","max-video-preview":"max-video-preview:-1"},"canonical":"https:\/\/footdavant.fr\/actualites\/lionel-messi-sur-le-banc-alors-que-les-equipes-confirmees-et-les-alignements-complets-comprennent-enzo-fernandez-et-alexis-mac-allister-lors-dun-match-amical-international-avant-la-coupe-du-monde\/","og_locale":"fr_FR","og_type":"article","og_title":"Lionel Messi sur le banc alors que les \u00e9quipes confirm\u00e9es et les alignements complets comprennent Enzo Fernandez et Alexis Mac Allister lors d&#39;un match amical international avant la Coupe du monde 2026","og_description":"L&#39;Argentine poursuit ses pr\u00e9paratifs pour la Coupe du Monde de la FIFA 2026 en affrontant vendredi la Mauritanie lors du premier de deux matches amicaux","og_url":"https:\/\/footdavant.fr\/actualites\/lionel-messi-sur-le-banc-alors-que-les-equipes-confirmees-et-les-alignements-complets-comprennent-enzo-fernandez-et-alexis-mac-allister-lors-dun-match-amical-international-avant-la-coupe-du-monde\/","og_site_name":"Foot d&#039;avant","article_publisher":"https:\/\/www.facebook.com\/Footdavant\/","article_published_time":"2026-03-28T06:48:32+00:00","article_modified_time":"2026-03-28T06:48:41+00:00","og_image":[{"width":1199,"height":800,"url":"https:\/\/footdavant.fr\/actualites\/wp-content\/uploads\/2026\/03\/1774680515_Lionel-Messi-sur-le-banc-alors-que-les-equipes-confirmees.jpg","type":"image\/jpeg"}],"author":"Cl\u00e9ment","twitter_card":"summary_large_image","twitter_creator":"@FootdavantFr","twitter_site":"@FootdavantFr","twitter_misc":{"\u00c9crit par":"Cl\u00e9ment","Dur\u00e9e de lecture estim\u00e9e":"4 minutes"},"schema":{"@context":"https:\/\/schema.org","@graph":[{"@type":"Article","@id":"https:\/\/footdavant.fr\/actualites\/lionel-messi-sur-le-banc-alors-que-les-equipes-confirmees-et-les-alignements-complets-comprennent-enzo-fernandez-et-alexis-mac-allister-lors-dun-match-amical-international-avant-la-coupe-du-monde\/#article","isPartOf":{"@id":"https:\/\/footdavant.fr\/actualites\/lionel-messi-sur-le-banc-alors-que-les-equipes-confirmees-et-les-alignements-complets-comprennent-enzo-fernandez-et-alexis-mac-allister-lors-dun-match-amical-international-avant-la-coupe-du-monde\/"},"author":{"name":"Cl\u00e9ment","@id":"https:\/\/footdavant.fr\/actualites\/#\/schema\/person\/bc222566d95871b37e597b3ed3ba5e1d"},"headline":"Lionel Messi sur le banc alors que les \u00e9quipes confirm\u00e9es et les alignements complets comprennent Enzo Fernandez et Alexis Mac Allister lors d&#39;un match amical international avant la Coupe du monde 2026","datePublished":"2026-03-28T06:48:32+00:00","dateModified":"2026-03-28T06:48:41+00:00","mainEntityOfPage":{"@id":"https:\/\/footdavant.fr\/actualites\/lionel-messi-sur-le-banc-alors-que-les-equipes-confirmees-et-les-alignements-complets-comprennent-enzo-fernandez-et-alexis-mac-allister-lors-dun-match-amical-international-avant-la-coupe-du-monde\/"},"wordCount":862,"publisher":{"@id":"https:\/\/footdavant.fr\/actualites\/#organization"},"keywords":["Alexis","alignements","Allister","alors","amical","avant","banc","complets","comprennent","confirm\u00e9es","Coupe","d39un","Enzo","\u00e9quipes","Fernandez","international","les","Lionel","lors","Mac","match","Messi","monde","sur"],"articleSection":["Football"],"inLanguage":"fr-FR"},{"@type":"WebPage","@id":"https:\/\/footdavant.fr\/actualites\/lionel-messi-sur-le-banc-alors-que-les-equipes-confirmees-et-les-alignements-complets-comprennent-enzo-fernandez-et-alexis-mac-allister-lors-dun-match-amical-international-avant-la-coupe-du-monde\/","url":"https:\/\/footdavant.fr\/actualites\/lionel-messi-sur-le-banc-alors-que-les-equipes-confirmees-et-les-alignements-complets-comprennent-enzo-fernandez-et-alexis-mac-allister-lors-dun-match-amical-international-avant-la-coupe-du-monde\/","name":"Lionel Messi sur le banc alors que les \u00e9quipes confirm\u00e9es et les alignements complets comprennent Enzo Fernandez et Alexis Mac Allister lors d&#39;un match amical international avant la Coupe du monde 2026","isPartOf":{"@id":"https:\/\/footdavant.fr\/actualites\/#website"},"datePublished":"2026-03-28T06:48:32+00:00","dateModified":"2026-03-28T06:48:41+00:00","breadcrumb":{"@id":"https:\/\/footdavant.fr\/actualites\/lionel-messi-sur-le-banc-alors-que-les-equipes-confirmees-et-les-alignements-complets-comprennent-enzo-fernandez-et-alexis-mac-allister-lors-dun-match-amical-international-avant-la-coupe-du-monde\/#breadcrumb"},"inLanguage":"fr-FR","potentialAction":[{"@type":"ReadAction","target":["https:\/\/footdavant.fr\/actualites\/lionel-messi-sur-le-banc-alors-que-les-equipes-confirmees-et-les-alignements-complets-comprennent-enzo-fernandez-et-alexis-mac-allister-lors-dun-match-amical-international-avant-la-coupe-du-monde\/"]}]},{"@type":"BreadcrumbList","@id":"https:\/\/footdavant.fr\/actualites\/lionel-messi-sur-le-banc-alors-que-les-equipes-confirmees-et-les-alignements-complets-comprennent-enzo-fernandez-et-alexis-mac-allister-lors-dun-match-amical-international-avant-la-coupe-du-monde\/#breadcrumb","itemListElement":[{"@type":"ListItem","position":1,"name":"Accueil","item":"https:\/\/footdavant.fr\/actualites\/"},{"@type":"ListItem","position":2,"name":"Lionel Messi sur le banc alors que les \u00e9quipes confirm\u00e9es et les alignements complets comprennent Enzo Fernandez et Alexis Mac Allister lors d&#39;un match amical international avant la Coupe du monde 2026"}]},{"@type":"WebSite","@id":"https:\/\/footdavant.fr\/actualites\/#website","url":"https:\/\/footdavant.fr\/actualites\/","name":"Foot d'avant","description":"","publisher":{"@id":"https:\/\/footdavant.fr\/actualites\/#organization"},"potentialAction":[{"@type":"SearchAction","target":{"@type":"EntryPoint","urlTemplate":"https:\/\/footdavant.fr\/actualites\/?s={search_term_string}"},"query-input":"required name=search_term_string"}],"inLanguage":"fr-FR"},{"@type":"Organization","@id":"https:\/\/footdavant.fr\/actualites\/#organization","name":"Foot d'avant","url":"https:\/\/footdavant.fr\/actualites\/","logo":{"@type":"ImageObject","inLanguage":"fr-FR","@id":"https:\/\/footdavant.fr\/actualites\/#\/schema\/logo\/image\/","url":"https:\/\/footdavant.fr\/actualites\/wp-content\/uploads\/2023\/09\/Copy-of-FootDavant-Logo.png","contentUrl":"https:\/\/footdavant.fr\/actualites\/wp-content\/uploads\/2023\/09\/Copy-of-FootDavant-Logo.png","width":936,"height":549,"caption":"Foot d'avant"},"image":{"@id":"https:\/\/footdavant.fr\/actualites\/#\/schema\/logo\/image\/"},"sameAs":["https:\/\/www.facebook.com\/Footdavant\/","https:\/\/twitter.com\/FootdavantFr","https:\/\/www.instagram.com\/footdavant.fr\/"]},{"@type":"Person","@id":"https:\/\/footdavant.fr\/actualites\/#\/schema\/person\/bc222566d95871b37e597b3ed3ba5e1d","name":"Cl\u00e9ment","image":{"@type":"ImageObject","inLanguage":"fr-FR","@id":"https:\/\/footdavant.fr\/actualites\/#\/schema\/person\/image\/","url":"https:\/\/secure.gravatar.com\/avatar\/7728b29aac2719421e1a9159b2254c44?s=96&d=mm&r=g","contentUrl":"https:\/\/secure.gravatar.com\/avatar\/7728b29aac2719421e1a9159b2254c44?s=96&d=mm&r=g","caption":"Cl\u00e9ment"},"sameAs":["https:\/\/footdavant.fr\/"]}]}},"_links":{"self":[{"href":"https:\/\/footdavant.fr\/actualites\/wp-json\/wp\/v2\/posts\/35871"}],"collection":[{"href":"https:\/\/footdavant.fr\/actualites\/wp-json\/wp\/v2\/posts"}],"about":[{"href":"https:\/\/footdavant.fr\/actualites\/wp-json\/wp\/v2\/types\/post"}],"author":[{"embeddable":true,"href":"https:\/\/footdavant.fr\/actualites\/wp-json\/wp\/v2\/users\/1"}],"replies":[{"embeddable":true,"href":"https:\/\/footdavant.fr\/actualites\/wp-json\/wp\/v2\/comments?post=35871"}],"version-history":[{"count":1,"href":"https:\/\/footdavant.fr\/actualites\/wp-json\/wp\/v2\/posts\/35871\/revisions"}],"predecessor-version":[{"id":35873,"href":"https:\/\/footdavant.fr\/actualites\/wp-json\/wp\/v2\/posts\/35871\/revisions\/35873"}],"wp:featuredmedia":[{"embeddable":true,"href":"https:\/\/footdavant.fr\/actualites\/wp-json\/wp\/v2\/media\/35872"}],"wp:attachment":[{"href":"https:\/\/footdavant.fr\/actualites\/wp-json\/wp\/v2\/media?parent=35871"}],"wp:term":[{"taxonomy":"category","embeddable":true,"href":"https:\/\/footdavant.fr\/actualites\/wp-json\/wp\/v2\/categories?post=35871"},{"taxonomy":"post_tag","embeddable":true,"href":"https:\/\/footdavant.fr\/actualites\/wp-json\/wp\/v2\/tags?post=35871"}],"curies":[{"name":"wp","href":"https:\/\/api.w.org\/{rel}","templated":true}]}}