{"id":35874,"date":"2026-03-28T09:48:13","date_gmt":"2026-03-28T08:48:13","guid":{"rendered":"https:\/\/footdavant.fr\/actualites\/nouvelles-du-transfert-de-man-united-les-red-devils-subissent-un-coup-dur-dans-la-poursuite-du-defenseur-avec-la-cible-principale-non-disponible\/"},"modified":"2026-03-28T09:48:14","modified_gmt":"2026-03-28T08:48:14","slug":"nouvelles-du-transfert-de-man-united-les-red-devils-subissent-un-coup-dur-dans-la-poursuite-du-defenseur-avec-la-cible-principale-non-disponible","status":"publish","type":"post","link":"https:\/\/footdavant.fr\/actualites\/nouvelles-du-transfert-de-man-united-les-red-devils-subissent-un-coup-dur-dans-la-poursuite-du-defenseur-avec-la-cible-principale-non-disponible\/","title":{"rendered":"Nouvelles du transfert de Man United: les Red Devils subissent un coup dur dans la poursuite du d\u00e9fenseur avec la cible principale \u00ab non disponible \u00bb"},"content":{"rendered":"<div itemprop=\"articleBody\">\n<p>Manchester United aurait du mal \u00e0 recruter le d\u00e9fenseur de Newcastle United, Lewis Hall, lors du mercato de cet \u00e9t\u00e9.<\/p>\n<p>Hall a \u00e9t\u00e9 un joueur remarquable pour les Magpies cette saison, faisant 41 apparitions dans toutes les comp\u00e9titions, marquant une fois et fournissant deux passes d\u00e9cisives.<\/p>\n<p>Le joueur de 21 ans pourrait d\u00e9buter \u00e0 l&#39;arri\u00e8re gauche de l&#39;Angleterre lors de la Coupe du monde 2026, et il est entendu que Man United le consid\u00e8re comme une v\u00e9ritable cible de transfert.<\/p>\n<p>Cependant, le journaliste Ben Jacobs a d\u00e9clar\u00e9 que Newcastle n&#39;\u00e9tait en aucun cas dispos\u00e9 \u00e0 vendre le d\u00e9fenseur cet \u00e9t\u00e9, les Magpies s&#39;effor\u00e7ant de le signer pour un nouvel accord.<\/p>\n<p>Hall a encore trois ans pour ex\u00e9cuter son contrat \u00e0 St James&#39; Park, mais tout nouvel accord inclurait probablement une augmentation de salaire pour refl\u00e9ter son importance pour l&#39;\u00e9quipe.<\/p>\n<div>\n<div>\n<div>\n<div>\n<p>\u00a9 Imago<\/p>\n<\/div>\n<\/div>\n<\/div>\n<\/div>\n<h2>Newcastle n&#39;est \u00ab\u00a0pas pr\u00eat \u00e0 vendre\u00a0\u00bb Hall cet \u00e9t\u00e9<\/h2>\n<p>\u00ab\u00a0Lewis Hall ne va nulle part \u00e0 ma connaissance, et Newcastle essaie de lui faire signer un nouveau contrat, mais ce n&#39;est pas un joueur qu&#39;ils sont pr\u00eats \u00e0 vendre\u00a0\u00bb, a d\u00e9clar\u00e9 Jacobs. <em>La position unie<\/em>.<\/p>\n<p>L&#39;arri\u00e8re gauche a quitt\u00e9 Chelsea pour Newcastle \u00e0 l&#39;\u00e9t\u00e9 2024 et il a repr\u00e9sent\u00e9 les Magpies \u00e0 96 reprises, marquant trois buts et enregistrant sept passes d\u00e9cisives.<\/p>\n<p>Hall a disput\u00e9 11 fois la Ligue des champions au cours de son s\u00e9jour \u00e0 Newcastle, alors qu&#39;il compte d\u00e9sormais 78 apparitions en Premier League \u00e0 son actif.<\/p>\n<p>Luke Shaw reste l&#39;arri\u00e8re gauche de premier choix de Man United, mais l&#39;Anglais aura 31 ans avant le d\u00e9but de la campagne 2026-27, alors que son contrat expire en juin 2027.<\/p>\n<div>\n<div>\n<div>\n<div><img decoding=\"async\" data-img-id=\"140575\" class=\"lazy\" loading=\"lazy\" src=\"https:\/\/footdavant.fr\/actualites\/wp-content\/uploads\/2026\/03\/1774687693_465_Nouvelles-du-transfert-de-Man-United-les-Red-Devils-subissent.jpg\"\/><\/p>\n<p>\u00a9 Imago<\/p>\n<\/div>\n<\/div>\n<\/div>\n<\/div>\n<h2>Man United identifie Hall comme le \u00ab rempla\u00e7ant de Shaw \u00bb<\/h2>\n<p>Tyrell Malacia quittera Man United avec un transfert gratuit cet \u00e9t\u00e9, tandis que Patrick Dorgu \u2013 sign\u00e9 comme arri\u00e8re gauche \u2013 a excell\u00e9 plus loin avant de se blesser aux ischio-jambiers.<\/p>\n<p>Man United compte deux jeunes arri\u00e8res gauches talentueux dans ses rangs, Harry Amass, 19 ans, et Diego Leon, 18 ans, mais il reste \u00e0 voir si l&#39;on fait confiance \u00e0 l&#39;un ou l&#39;autre \u00e0 ce stade de leur d\u00e9veloppement.<\/p>\n<p>Amass a pass\u00e9 la premi\u00e8re moiti\u00e9 de cette saison en pr\u00eat \u00e0 Sheffield mercredi avant de d\u00e9m\u00e9nager \u00e0 Norwich City en janvier, mais le d\u00e9fenseur est absent depuis la fin du premier mois de l&#39;ann\u00e9e en raison d&#39;une blessure.<\/p>\n<p>Leon, quant \u00e0 lui, n&#39;a pas encore fait ses d\u00e9buts en \u00e9quipe premi\u00e8re avec les Diables Rouges apr\u00e8s avoir quitt\u00e9 Cerro Porteno l&#39;\u00e9t\u00e9 dernier, mais l&#39;adolescent a jou\u00e9 11 fois pour les moins de 21 ans en Premier League 2 au cours de la saison en cours.<\/p>\n<\/div>\n","protected":false},"excerpt":{"rendered":"<p>Manchester United aurait du mal \u00e0 recruter le d\u00e9fenseur de Newcastle United, Lewis Hall, lors du mercato de cet \u00e9t\u00e9. Hall a \u00e9t\u00e9 un joueur<\/p>\n","protected":false},"author":1,"featured_media":35875,"comment_status":"closed","ping_status":"","sticky":false,"template":"","format":"standard","meta":{"footnotes":""},"categories":[5],"tags":[91,508,489,19,928,265,2000,2630,93,24,461,1429,3824,536,4831,700,13],"yoast_head":"<!-- This site is optimized with the Yoast SEO plugin v21.0 - https:\/\/yoast.com\/wordpress\/plugins\/seo\/ -->\n<title>Nouvelles du transfert de Man United: les Red Devils subissent un coup dur dans la poursuite du d\u00e9fenseur avec la cible principale \u00ab non disponible \u00bb<\/title>\n<meta name=\"robots\" content=\"index, follow, max-snippet:-1, max-image-preview:large, max-video-preview:-1\" \/>\n<link rel=\"canonical\" href=\"https:\/\/footdavant.fr\/actualites\/nouvelles-du-transfert-de-man-united-les-red-devils-subissent-un-coup-dur-dans-la-poursuite-du-defenseur-avec-la-cible-principale-non-disponible\/\" \/>\n<meta property=\"og:locale\" content=\"fr_FR\" \/>\n<meta property=\"og:type\" content=\"article\" \/>\n<meta property=\"og:title\" content=\"Nouvelles du transfert de Man United: les Red Devils subissent un coup dur dans la poursuite du d\u00e9fenseur avec la cible principale \u00ab non disponible \u00bb\" \/>\n<meta property=\"og:description\" content=\"Manchester United aurait du mal \u00e0 recruter le d\u00e9fenseur de Newcastle United, Lewis Hall, lors du mercato de cet \u00e9t\u00e9. Hall a \u00e9t\u00e9 un joueur\" \/>\n<meta property=\"og:url\" content=\"https:\/\/footdavant.fr\/actualites\/nouvelles-du-transfert-de-man-united-les-red-devils-subissent-un-coup-dur-dans-la-poursuite-du-defenseur-avec-la-cible-principale-non-disponible\/\" \/>\n<meta property=\"og:site_name\" content=\"Foot d&#039;avant\" \/>\n<meta property=\"article:publisher\" content=\"https:\/\/www.facebook.com\/Footdavant\/\" \/>\n<meta property=\"article:published_time\" content=\"2026-03-28T08:48:13+00:00\" \/>\n<meta property=\"article:modified_time\" content=\"2026-03-28T08:48:14+00:00\" \/>\n<meta property=\"og:image\" content=\"https:\/\/footdavant.fr\/actualites\/wp-content\/uploads\/2026\/03\/Nouvelles-du-transfert-de-Man-United-les-Red-Devils-subissent.net2Fuploads2F20262F032Farne-slot-mo-sal.webp\" \/>\n\t<meta property=\"og:image:width\" content=\"720\" \/>\n\t<meta property=\"og:image:height\" content=\"410\" \/>\n\t<meta property=\"og:image:type\" content=\"image\/webp\" \/>\n<meta name=\"author\" content=\"Cl\u00e9ment\" \/>\n<meta name=\"twitter:card\" content=\"summary_large_image\" \/>\n<meta name=\"twitter:creator\" content=\"@FootdavantFr\" \/>\n<meta name=\"twitter:site\" content=\"@FootdavantFr\" \/>\n<meta name=\"twitter:label1\" content=\"\u00c9crit par\" \/>\n\t<meta name=\"twitter:data1\" content=\"Cl\u00e9ment\" \/>\n\t<meta name=\"twitter:label2\" content=\"Dur\u00e9e de lecture estim\u00e9e\" \/>\n\t<meta name=\"twitter:data2\" content=\"2 minutes\" \/>\n<script type=\"application\/ld+json\" class=\"yoast-schema-graph\">{\"@context\":\"https:\/\/schema.org\",\"@graph\":[{\"@type\":\"Article\",\"@id\":\"https:\/\/footdavant.fr\/actualites\/nouvelles-du-transfert-de-man-united-les-red-devils-subissent-un-coup-dur-dans-la-poursuite-du-defenseur-avec-la-cible-principale-non-disponible\/#article\",\"isPartOf\":{\"@id\":\"https:\/\/footdavant.fr\/actualites\/nouvelles-du-transfert-de-man-united-les-red-devils-subissent-un-coup-dur-dans-la-poursuite-du-defenseur-avec-la-cible-principale-non-disponible\/\"},\"author\":{\"name\":\"Cl\u00e9ment\",\"@id\":\"https:\/\/footdavant.fr\/actualites\/#\/schema\/person\/bc222566d95871b37e597b3ed3ba5e1d\"},\"headline\":\"Nouvelles du transfert de Man United: les Red Devils subissent un coup dur dans la poursuite du d\u00e9fenseur avec la cible principale \u00ab non disponible \u00bb\",\"datePublished\":\"2026-03-28T08:48:13+00:00\",\"dateModified\":\"2026-03-28T08:48:14+00:00\",\"mainEntityOfPage\":{\"@id\":\"https:\/\/footdavant.fr\/actualites\/nouvelles-du-transfert-de-man-united-les-red-devils-subissent-un-coup-dur-dans-la-poursuite-du-defenseur-avec-la-cible-principale-non-disponible\/\"},\"wordCount\":485,\"publisher\":{\"@id\":\"https:\/\/footdavant.fr\/actualites\/#organization\"},\"keywords\":[\"avec\",\"cible\",\"coup\",\"dans\",\"d\u00e9fenseur\",\"Devils\",\"disponible\",\"dur\",\"les\",\"Man\",\"Nouvelles\",\"poursuite\",\"principale\",\"Red\",\"subissent\",\"transfert\",\"United\"],\"articleSection\":[\"Premier League\"],\"inLanguage\":\"fr-FR\"},{\"@type\":\"WebPage\",\"@id\":\"https:\/\/footdavant.fr\/actualites\/nouvelles-du-transfert-de-man-united-les-red-devils-subissent-un-coup-dur-dans-la-poursuite-du-defenseur-avec-la-cible-principale-non-disponible\/\",\"url\":\"https:\/\/footdavant.fr\/actualites\/nouvelles-du-transfert-de-man-united-les-red-devils-subissent-un-coup-dur-dans-la-poursuite-du-defenseur-avec-la-cible-principale-non-disponible\/\",\"name\":\"Nouvelles du transfert de Man United: les Red Devils subissent un coup dur dans la poursuite du d\u00e9fenseur avec la cible principale \u00ab non disponible \u00bb\",\"isPartOf\":{\"@id\":\"https:\/\/footdavant.fr\/actualites\/#website\"},\"datePublished\":\"2026-03-28T08:48:13+00:00\",\"dateModified\":\"2026-03-28T08:48:14+00:00\",\"breadcrumb\":{\"@id\":\"https:\/\/footdavant.fr\/actualites\/nouvelles-du-transfert-de-man-united-les-red-devils-subissent-un-coup-dur-dans-la-poursuite-du-defenseur-avec-la-cible-principale-non-disponible\/#breadcrumb\"},\"inLanguage\":\"fr-FR\",\"potentialAction\":[{\"@type\":\"ReadAction\",\"target\":[\"https:\/\/footdavant.fr\/actualites\/nouvelles-du-transfert-de-man-united-les-red-devils-subissent-un-coup-dur-dans-la-poursuite-du-defenseur-avec-la-cible-principale-non-disponible\/\"]}]},{\"@type\":\"BreadcrumbList\",\"@id\":\"https:\/\/footdavant.fr\/actualites\/nouvelles-du-transfert-de-man-united-les-red-devils-subissent-un-coup-dur-dans-la-poursuite-du-defenseur-avec-la-cible-principale-non-disponible\/#breadcrumb\",\"itemListElement\":[{\"@type\":\"ListItem\",\"position\":1,\"name\":\"Accueil\",\"item\":\"https:\/\/footdavant.fr\/actualites\/\"},{\"@type\":\"ListItem\",\"position\":2,\"name\":\"Nouvelles du transfert de Man United: les Red Devils subissent un coup dur dans la poursuite du d\u00e9fenseur avec la cible principale \u00ab non disponible \u00bb\"}]},{\"@type\":\"WebSite\",\"@id\":\"https:\/\/footdavant.fr\/actualites\/#website\",\"url\":\"https:\/\/footdavant.fr\/actualites\/\",\"name\":\"Foot d'avant\",\"description\":\"\",\"publisher\":{\"@id\":\"https:\/\/footdavant.fr\/actualites\/#organization\"},\"potentialAction\":[{\"@type\":\"SearchAction\",\"target\":{\"@type\":\"EntryPoint\",\"urlTemplate\":\"https:\/\/footdavant.fr\/actualites\/?s={search_term_string}\"},\"query-input\":\"required name=search_term_string\"}],\"inLanguage\":\"fr-FR\"},{\"@type\":\"Organization\",\"@id\":\"https:\/\/footdavant.fr\/actualites\/#organization\",\"name\":\"Foot d'avant\",\"url\":\"https:\/\/footdavant.fr\/actualites\/\",\"logo\":{\"@type\":\"ImageObject\",\"inLanguage\":\"fr-FR\",\"@id\":\"https:\/\/footdavant.fr\/actualites\/#\/schema\/logo\/image\/\",\"url\":\"https:\/\/footdavant.fr\/actualites\/wp-content\/uploads\/2023\/09\/Copy-of-FootDavant-Logo.png\",\"contentUrl\":\"https:\/\/footdavant.fr\/actualites\/wp-content\/uploads\/2023\/09\/Copy-of-FootDavant-Logo.png\",\"width\":936,\"height\":549,\"caption\":\"Foot d'avant\"},\"image\":{\"@id\":\"https:\/\/footdavant.fr\/actualites\/#\/schema\/logo\/image\/\"},\"sameAs\":[\"https:\/\/www.facebook.com\/Footdavant\/\",\"https:\/\/twitter.com\/FootdavantFr\",\"https:\/\/www.instagram.com\/footdavant.fr\/\"]},{\"@type\":\"Person\",\"@id\":\"https:\/\/footdavant.fr\/actualites\/#\/schema\/person\/bc222566d95871b37e597b3ed3ba5e1d\",\"name\":\"Cl\u00e9ment\",\"image\":{\"@type\":\"ImageObject\",\"inLanguage\":\"fr-FR\",\"@id\":\"https:\/\/footdavant.fr\/actualites\/#\/schema\/person\/image\/\",\"url\":\"https:\/\/secure.gravatar.com\/avatar\/7728b29aac2719421e1a9159b2254c44?s=96&d=mm&r=g\",\"contentUrl\":\"https:\/\/secure.gravatar.com\/avatar\/7728b29aac2719421e1a9159b2254c44?s=96&d=mm&r=g\",\"caption\":\"Cl\u00e9ment\"},\"sameAs\":[\"https:\/\/footdavant.fr\/\"]}]}<\/script>\n<!-- \/ Yoast SEO plugin. -->","yoast_head_json":{"title":"Nouvelles du transfert de Man United: les Red Devils subissent un coup dur dans la poursuite du d\u00e9fenseur avec la cible principale \u00ab non disponible \u00bb","robots":{"index":"index","follow":"follow","max-snippet":"max-snippet:-1","max-image-preview":"max-image-preview:large","max-video-preview":"max-video-preview:-1"},"canonical":"https:\/\/footdavant.fr\/actualites\/nouvelles-du-transfert-de-man-united-les-red-devils-subissent-un-coup-dur-dans-la-poursuite-du-defenseur-avec-la-cible-principale-non-disponible\/","og_locale":"fr_FR","og_type":"article","og_title":"Nouvelles du transfert de Man United: les Red Devils subissent un coup dur dans la poursuite du d\u00e9fenseur avec la cible principale \u00ab non disponible \u00bb","og_description":"Manchester United aurait du mal \u00e0 recruter le d\u00e9fenseur de Newcastle United, Lewis Hall, lors du mercato de cet \u00e9t\u00e9. Hall a \u00e9t\u00e9 un joueur","og_url":"https:\/\/footdavant.fr\/actualites\/nouvelles-du-transfert-de-man-united-les-red-devils-subissent-un-coup-dur-dans-la-poursuite-du-defenseur-avec-la-cible-principale-non-disponible\/","og_site_name":"Foot d&#039;avant","article_publisher":"https:\/\/www.facebook.com\/Footdavant\/","article_published_time":"2026-03-28T08:48:13+00:00","article_modified_time":"2026-03-28T08:48:14+00:00","og_image":[{"width":720,"height":410,"url":"https:\/\/footdavant.fr\/actualites\/wp-content\/uploads\/2026\/03\/Nouvelles-du-transfert-de-Man-United-les-Red-Devils-subissent.net2Fuploads2F20262F032Farne-slot-mo-sal.webp","type":"image\/webp"}],"author":"Cl\u00e9ment","twitter_card":"summary_large_image","twitter_creator":"@FootdavantFr","twitter_site":"@FootdavantFr","twitter_misc":{"\u00c9crit par":"Cl\u00e9ment","Dur\u00e9e de lecture estim\u00e9e":"2 minutes"},"schema":{"@context":"https:\/\/schema.org","@graph":[{"@type":"Article","@id":"https:\/\/footdavant.fr\/actualites\/nouvelles-du-transfert-de-man-united-les-red-devils-subissent-un-coup-dur-dans-la-poursuite-du-defenseur-avec-la-cible-principale-non-disponible\/#article","isPartOf":{"@id":"https:\/\/footdavant.fr\/actualites\/nouvelles-du-transfert-de-man-united-les-red-devils-subissent-un-coup-dur-dans-la-poursuite-du-defenseur-avec-la-cible-principale-non-disponible\/"},"author":{"name":"Cl\u00e9ment","@id":"https:\/\/footdavant.fr\/actualites\/#\/schema\/person\/bc222566d95871b37e597b3ed3ba5e1d"},"headline":"Nouvelles du transfert de Man United: les Red Devils subissent un coup dur dans la poursuite du d\u00e9fenseur avec la cible principale \u00ab non disponible \u00bb","datePublished":"2026-03-28T08:48:13+00:00","dateModified":"2026-03-28T08:48:14+00:00","mainEntityOfPage":{"@id":"https:\/\/footdavant.fr\/actualites\/nouvelles-du-transfert-de-man-united-les-red-devils-subissent-un-coup-dur-dans-la-poursuite-du-defenseur-avec-la-cible-principale-non-disponible\/"},"wordCount":485,"publisher":{"@id":"https:\/\/footdavant.fr\/actualites\/#organization"},"keywords":["avec","cible","coup","dans","d\u00e9fenseur","Devils","disponible","dur","les","Man","Nouvelles","poursuite","principale","Red","subissent","transfert","United"],"articleSection":["Premier League"],"inLanguage":"fr-FR"},{"@type":"WebPage","@id":"https:\/\/footdavant.fr\/actualites\/nouvelles-du-transfert-de-man-united-les-red-devils-subissent-un-coup-dur-dans-la-poursuite-du-defenseur-avec-la-cible-principale-non-disponible\/","url":"https:\/\/footdavant.fr\/actualites\/nouvelles-du-transfert-de-man-united-les-red-devils-subissent-un-coup-dur-dans-la-poursuite-du-defenseur-avec-la-cible-principale-non-disponible\/","name":"Nouvelles du transfert de Man United: les Red Devils subissent un coup dur dans la poursuite du d\u00e9fenseur avec la cible principale \u00ab non disponible \u00bb","isPartOf":{"@id":"https:\/\/footdavant.fr\/actualites\/#website"},"datePublished":"2026-03-28T08:48:13+00:00","dateModified":"2026-03-28T08:48:14+00:00","breadcrumb":{"@id":"https:\/\/footdavant.fr\/actualites\/nouvelles-du-transfert-de-man-united-les-red-devils-subissent-un-coup-dur-dans-la-poursuite-du-defenseur-avec-la-cible-principale-non-disponible\/#breadcrumb"},"inLanguage":"fr-FR","potentialAction":[{"@type":"ReadAction","target":["https:\/\/footdavant.fr\/actualites\/nouvelles-du-transfert-de-man-united-les-red-devils-subissent-un-coup-dur-dans-la-poursuite-du-defenseur-avec-la-cible-principale-non-disponible\/"]}]},{"@type":"BreadcrumbList","@id":"https:\/\/footdavant.fr\/actualites\/nouvelles-du-transfert-de-man-united-les-red-devils-subissent-un-coup-dur-dans-la-poursuite-du-defenseur-avec-la-cible-principale-non-disponible\/#breadcrumb","itemListElement":[{"@type":"ListItem","position":1,"name":"Accueil","item":"https:\/\/footdavant.fr\/actualites\/"},{"@type":"ListItem","position":2,"name":"Nouvelles du transfert de Man United: les Red Devils subissent un coup dur dans la poursuite du d\u00e9fenseur avec la cible principale \u00ab non disponible \u00bb"}]},{"@type":"WebSite","@id":"https:\/\/footdavant.fr\/actualites\/#website","url":"https:\/\/footdavant.fr\/actualites\/","name":"Foot d'avant","description":"","publisher":{"@id":"https:\/\/footdavant.fr\/actualites\/#organization"},"potentialAction":[{"@type":"SearchAction","target":{"@type":"EntryPoint","urlTemplate":"https:\/\/footdavant.fr\/actualites\/?s={search_term_string}"},"query-input":"required name=search_term_string"}],"inLanguage":"fr-FR"},{"@type":"Organization","@id":"https:\/\/footdavant.fr\/actualites\/#organization","name":"Foot d'avant","url":"https:\/\/footdavant.fr\/actualites\/","logo":{"@type":"ImageObject","inLanguage":"fr-FR","@id":"https:\/\/footdavant.fr\/actualites\/#\/schema\/logo\/image\/","url":"https:\/\/footdavant.fr\/actualites\/wp-content\/uploads\/2023\/09\/Copy-of-FootDavant-Logo.png","contentUrl":"https:\/\/footdavant.fr\/actualites\/wp-content\/uploads\/2023\/09\/Copy-of-FootDavant-Logo.png","width":936,"height":549,"caption":"Foot d'avant"},"image":{"@id":"https:\/\/footdavant.fr\/actualites\/#\/schema\/logo\/image\/"},"sameAs":["https:\/\/www.facebook.com\/Footdavant\/","https:\/\/twitter.com\/FootdavantFr","https:\/\/www.instagram.com\/footdavant.fr\/"]},{"@type":"Person","@id":"https:\/\/footdavant.fr\/actualites\/#\/schema\/person\/bc222566d95871b37e597b3ed3ba5e1d","name":"Cl\u00e9ment","image":{"@type":"ImageObject","inLanguage":"fr-FR","@id":"https:\/\/footdavant.fr\/actualites\/#\/schema\/person\/image\/","url":"https:\/\/secure.gravatar.com\/avatar\/7728b29aac2719421e1a9159b2254c44?s=96&d=mm&r=g","contentUrl":"https:\/\/secure.gravatar.com\/avatar\/7728b29aac2719421e1a9159b2254c44?s=96&d=mm&r=g","caption":"Cl\u00e9ment"},"sameAs":["https:\/\/footdavant.fr\/"]}]}},"_links":{"self":[{"href":"https:\/\/footdavant.fr\/actualites\/wp-json\/wp\/v2\/posts\/35874"}],"collection":[{"href":"https:\/\/footdavant.fr\/actualites\/wp-json\/wp\/v2\/posts"}],"about":[{"href":"https:\/\/footdavant.fr\/actualites\/wp-json\/wp\/v2\/types\/post"}],"author":[{"embeddable":true,"href":"https:\/\/footdavant.fr\/actualites\/wp-json\/wp\/v2\/users\/1"}],"replies":[{"embeddable":true,"href":"https:\/\/footdavant.fr\/actualites\/wp-json\/wp\/v2\/comments?post=35874"}],"version-history":[{"count":1,"href":"https:\/\/footdavant.fr\/actualites\/wp-json\/wp\/v2\/posts\/35874\/revisions"}],"predecessor-version":[{"id":35876,"href":"https:\/\/footdavant.fr\/actualites\/wp-json\/wp\/v2\/posts\/35874\/revisions\/35876"}],"wp:featuredmedia":[{"embeddable":true,"href":"https:\/\/footdavant.fr\/actualites\/wp-json\/wp\/v2\/media\/35875"}],"wp:attachment":[{"href":"https:\/\/footdavant.fr\/actualites\/wp-json\/wp\/v2\/media?parent=35874"}],"wp:term":[{"taxonomy":"category","embeddable":true,"href":"https:\/\/footdavant.fr\/actualites\/wp-json\/wp\/v2\/categories?post=35874"},{"taxonomy":"post_tag","embeddable":true,"href":"https:\/\/footdavant.fr\/actualites\/wp-json\/wp\/v2\/tags?post=35874"}],"curies":[{"name":"wp","href":"https:\/\/api.w.org\/{rel}","templated":true}]}}