{"id":35877,"date":"2026-03-28T11:48:03","date_gmt":"2026-03-28T10:48:03","guid":{"rendered":"https:\/\/footdavant.fr\/actualites\/lee-sharpe-souligne-les-points-positifs-du-passage-de-ruben-amorim-a-united\/"},"modified":"2026-03-28T11:48:04","modified_gmt":"2026-03-28T10:48:04","slug":"lee-sharpe-souligne-les-points-positifs-du-passage-de-ruben-amorim-a-united","status":"publish","type":"post","link":"https:\/\/footdavant.fr\/actualites\/lee-sharpe-souligne-les-points-positifs-du-passage-de-ruben-amorim-a-united\/","title":{"rendered":"Lee Sharpe souligne les points positifs du passage de Ruben Amorim \u00e0 United \u2013"},"content":{"rendered":"<div id=\"penci-post-entry-inner\">\n<p>\t\t\t<i class=\"penci-post-countview-number-check\" style=\"display:none\">9<\/i><\/p>\n<p>Le mandat de 14 mois de l&#39;ancien entra\u00eeneur-chef de Manchester United, Ruben Amorim, au Theatre of Dreams a sans doute \u00e9t\u00e9 l&#39;un des chapitres les plus sombres de l&#39;histoire r\u00e9cente du club. Le Portugais a suscit\u00e9 de grands espoirs apr\u00e8s son arriv\u00e9e du Sporting mais n&#39;a pas tenu ses promesses. <\/p>\n<p>Amorim est devenu un nom familier pendant son s\u00e9jour au club de Primeira Liga. Le Sporting \u00e9tait en lambeaux lorsqu\u2019il a pris ses fonctions en 2020, mais le Portugais s\u2019est rapidement r\u00e9v\u00e9l\u00e9 \u00eatre son sauveur. <\/p>\n<p>Amorim a apport\u00e9 stabilit\u00e9 et identit\u00e9 \u00e0 l&#39;\u00e9quipe et a transform\u00e9 leur fortune. Il les a aid\u00e9s \u00e0 remporter le championnat \u00e0 deux reprises au cours de son s\u00e9jour de quatre ans, tout en jouant un football offensif et passionnant. <\/p>\n<p>Ses efforts ont attir\u00e9 l&#39;attention d&#39;INEOS et, alors qu&#39;Erik ten Hag avait du mal \u00e0 impressionner lors de sa troisi\u00e8me saison, United a pris une d\u00e9cision majeure. Les Diables Rouges ont choisi de remplacer le N\u00e9erlandais par Amorim, esp\u00e9rant que les Portugais pourraient contribuer \u00e0 inaugurer une nouvelle \u00e8re au Th\u00e9\u00e2tre des R\u00eaves. <\/p>\n<h3>Le mandat d&#39;Amorim \u00e0 Old Trafford<\/h3>\n<p>Amorim a apport\u00e9 son syst\u00e8me 3-4-3 \u00e0 Old Trafford mais n&#39;a jamais r\u00e9ussi \u00e0 le mettre en \u0153uvre avec succ\u00e8s. Alors que le Portugais avait du mal \u00e0 se faire une id\u00e9e sur le terrain au cours des premiers mois de son mandat, United a termin\u00e9 15e du classement de la Premier League et a perdu la finale de la Ligue Europa contre Tottenham Hotspur.<\/p>\n<p>INEOS a choisi de conserver sa confiance dans l&#39;ancien manager du Sporting au cours de l&#39;\u00e9t\u00e9, et l&#39;a m\u00eame soutenu sur le march\u00e9 des transferts. Les Diables Rouges ont supervis\u00e9 un exode massif, avec Marcus Rashford, Alejandro Garnacho et Antony se voyant montrer la porte, tandis que plus de 200 millions de livres sterling ont \u00e9t\u00e9 investis dans l&#39;\u00e9quipe. <\/p>\n<p>M\u00eame si United a montr\u00e9 des progr\u00e8s sur le terrain, notamment en attaque, les r\u00e9sultats n&#39;ont pas suivi. Les Diables Rouges ont finalement perdu patience et se sont s\u00e9par\u00e9s d&#39;Amorim en janvier, Michael Carrick \u00e9tant nomm\u00e9 manager int\u00e9rimaire jusqu&#39;\u00e0 la fin de la saison. <\/p>\n<h2 id=\"tablepress-1091-name\" class=\"tablepress-table-name tablepress-table-name-id-1091\">Ruben Amorim Statistiques manag\u00e9riales<\/h2>\n<table id=\"tablepress-1091\" class=\"tablepress tablepress-id-1091\" aria-labelledby=\"tablepress-1091-name\">\n<thead>\n<tr class=\"row-1\">\n<th class=\"column-1\">\u00c9quipe<\/th>\n<th class=\"column-2\">Depuis<\/th>\n<th class=\"column-3\">\u00c0<\/th>\n<th class=\"column-4\">Jeux jou\u00e9s<\/th>\n<th class=\"column-5\">Jeux gagn\u00e9s<\/th>\n<th class=\"column-6\">Jeux tir\u00e9s <\/th>\n<th class=\"column-7\">Jeux perdus<\/th>\n<th class=\"column-8\">Gagner %<\/th>\n<\/tr>\n<\/thead>\n<tbody class=\"row-striping row-hover\">\n<tr class=\"row-2\">\n<td class=\"column-1\">Maison Pia<\/td>\n<td class=\"column-2\">1er juillet 2018<\/td>\n<td class=\"column-3\">7 janvier 2019<\/td>\n<td class=\"column-4\">4<\/td>\n<td class=\"column-5\">3<\/td>\n<td class=\"column-6\">0<\/td>\n<td class=\"column-7\">1<\/td>\n<td class=\"column-8\">75.00<\/td>\n<\/tr>\n<tr class=\"row-3\">\n<td class=\"column-1\">Braga B<\/td>\n<td class=\"column-2\">16 septembre 2019<\/td>\n<td class=\"column-3\">23 d\u00e9cembre 2019<\/td>\n<td class=\"column-4\">11<\/td>\n<td class=\"column-5\">8<\/td>\n<td class=\"column-6\">2<\/td>\n<td class=\"column-7\">1<\/td>\n<td class=\"column-8\">72,73<\/td>\n<\/tr>\n<tr class=\"row-4\">\n<td class=\"column-1\">Braga<\/td>\n<td class=\"column-2\">23 d\u00e9cembre 2019<\/td>\n<td class=\"column-3\">4 mars 2020<\/td>\n<td class=\"column-4\">13<\/td>\n<td class=\"column-5\">10<\/td>\n<td class=\"column-6\">1<\/td>\n<td class=\"column-7\">2<\/td>\n<td class=\"column-8\">76,92<\/td>\n<\/tr>\n<tr class=\"row-5\">\n<td class=\"column-1\">CP sportif<\/td>\n<td class=\"column-2\">4 mars 2020<\/td>\n<td class=\"column-3\">10 novembre 2024<\/td>\n<td class=\"column-4\">231<\/td>\n<td class=\"column-5\">164<\/td>\n<td class=\"column-6\">34<\/td>\n<td class=\"column-7\">33<\/td>\n<td class=\"column-8\">71h00<\/td>\n<\/tr>\n<tr class=\"row-6\">\n<td class=\"column-1\">Manchester United<\/td>\n<td class=\"column-2\">11 novembre 2024<\/td>\n<td class=\"column-3\">5 janvier 2026<\/td>\n<td class=\"column-4\">63<\/td>\n<td class=\"column-5\">24<\/td>\n<td class=\"column-6\">18<\/td>\n<td class=\"column-7\">21<\/td>\n<td class=\"column-8\">38.10<\/td>\n<\/tr>\n<tr class=\"row-7\">\n<td class=\"column-1\"><\/td>\n<td class=\"column-2\">\u2014<\/td>\n<td class=\"column-3\">\u2014<\/td>\n<td class=\"column-4\">322<\/td>\n<td class=\"column-5\">209<\/td>\n<td class=\"column-6\">55<\/td>\n<td class=\"column-7\">58<\/td>\n<td class=\"column-8\">64,91<\/td>\n<\/tr>\n<\/tbody>\n<\/table>\n<p><!-- #tablepress-1091 from cache --><\/p>\n<p>United a retrouv\u00e9 son mojo sous la direction du manager anglais, remportant sept de ses dix derniers matchs de Premier League et occupe d\u00e9sormais la troisi\u00e8me place du classement. L&#39;ancien ailier des Red Devils, Lee Sharpe, estime cependant qu&#39;Amorim m\u00e9rite \u00e9galement d&#39;\u00eatre f\u00e9licit\u00e9 pour une partie du travail accompli au cours de son mandat. <\/p>\n<h3>Amorim \u00e9tait proche du salut<\/h3>\n<p>S&#39;exprimant sur le podcast Let Me Be Frank, Sharpe a insist\u00e9 sur le fait qu&#39;Amorim n&#39;\u00e9tait pas loin de r\u00e9ussir au Th\u00e9\u00e2tre des r\u00eaves. Il a d\u00e9clar\u00e9 : \u00ab\u00a0Oui, je les surveille toujours et je les regarde encore de temps en temps. Je ne pense pas que Ruben Amorim \u00e9tait \u00e0 des millions de kilom\u00e8tres, si je suis absolument honn\u00eate.\u00a0\u00bb <\/p>\n<p>\u00ab\u00a0Je pense que si vous regardez les statistiques, ils ont cr\u00e9\u00e9 plus d&#39;occasions que n&#39;importe quelle autre \u00e9quipe de la ligue pendant qu&#39;il \u00e9tait l\u00e0. Ils n&#39;ont tout simplement pas pu les mettre de c\u00f4t\u00e9. Je pense que la formation \u00e9tait un peu bizarre, et changer de d\u00e9fenseur central pendant les matchs \u00e9tait une tactique un peu \u00e9trange qu&#39;il aimait faire.\u00a0\u00bb<\/p>\n<p>Sharpe a ensuite f\u00e9licit\u00e9 Amorim pour avoir d\u00e9blay\u00e9 le bois mort et apport\u00e9 de la discipline \u00e0 United, ajoutant : \u00ab\u00a0Je pense qu&#39;il a siphonn\u00e9 un peu de b\u00eatises et un peu de probl\u00e8mes hors du club. Je pense qu&#39;il a apport\u00e9 une discipline et une sorte d&#39;\u00e9thos, disons, qui manquait au club.\u00a0\u00bb<\/p>\n<h3>Pens\u00e9es finales<\/h3>\n<p>Amorim a organis\u00e9 un \u00e9t\u00e9 2025 tr\u00e8s r\u00e9ussi au cours duquel il a apport\u00e9 plusieurs changements tr\u00e8s importants \u00e0 l&#39;\u00e9quipe. Cependant, le passage du Portugais \u00e0 United restera largement dans les m\u00e9moires comme celui du chaos et de la d\u00e9ception. <\/p>\n<\/p>\n<hr\/>\n<p>The Peoples Person est l&#39;un des principaux sites d&#39;information de Man United au monde depuis plus d&#39;une d\u00e9cennie. Suivez-nous sur Bluesky\u00a0: @peoplesperson.bsky.social<\/p>\n<p><!-- CONTENT END 2 --><\/p><\/div>\n","protected":false},"excerpt":{"rendered":"<p>9 Le mandat de 14 mois de l&#39;ancien entra\u00eeneur-chef de Manchester United, Ruben Amorim, au Theatre of Dreams a sans doute \u00e9t\u00e9 l&#39;un des chapitres<\/p>\n","protected":false},"author":1,"featured_media":35878,"comment_status":"closed","ping_status":"","sticky":false,"template":"","format":"standard","meta":{"footnotes":""},"categories":[3],"tags":[4477,6024,93,3632,1259,4337,160,6025,2170,13],"yoast_head":"<!-- This site is optimized with the Yoast SEO plugin v21.0 - https:\/\/yoast.com\/wordpress\/plugins\/seo\/ -->\n<title>Lee Sharpe souligne les points positifs du passage de Ruben Amorim \u00e0 United \u2013<\/title>\n<meta name=\"robots\" content=\"index, follow, max-snippet:-1, max-image-preview:large, max-video-preview:-1\" \/>\n<link rel=\"canonical\" href=\"https:\/\/footdavant.fr\/actualites\/lee-sharpe-souligne-les-points-positifs-du-passage-de-ruben-amorim-a-united\/\" \/>\n<meta property=\"og:locale\" content=\"fr_FR\" \/>\n<meta property=\"og:type\" content=\"article\" \/>\n<meta property=\"og:title\" content=\"Lee Sharpe souligne les points positifs du passage de Ruben Amorim \u00e0 United \u2013\" \/>\n<meta property=\"og:description\" content=\"9 Le mandat de 14 mois de l&#039;ancien entra\u00eeneur-chef de Manchester United, Ruben Amorim, au Theatre of Dreams a sans doute \u00e9t\u00e9 l&#039;un des chapitres\" \/>\n<meta property=\"og:url\" content=\"https:\/\/footdavant.fr\/actualites\/lee-sharpe-souligne-les-points-positifs-du-passage-de-ruben-amorim-a-united\/\" \/>\n<meta property=\"og:site_name\" content=\"Foot d&#039;avant\" \/>\n<meta property=\"article:publisher\" content=\"https:\/\/www.facebook.com\/Footdavant\/\" \/>\n<meta property=\"article:published_time\" content=\"2026-03-28T10:48:03+00:00\" \/>\n<meta property=\"article:modified_time\" content=\"2026-03-28T10:48:04+00:00\" \/>\n<meta property=\"og:image\" content=\"https:\/\/footdavant.fr\/actualites\/wp-content\/uploads\/2026\/03\/Lee-Sharpe-souligne-les-points-positifs-du-passage-de-Ruben.jpg\" \/>\n\t<meta property=\"og:image:width\" content=\"1200\" \/>\n\t<meta property=\"og:image:height\" content=\"681\" \/>\n\t<meta property=\"og:image:type\" content=\"image\/jpeg\" \/>\n<meta name=\"author\" content=\"Cl\u00e9ment\" \/>\n<meta name=\"twitter:card\" content=\"summary_large_image\" \/>\n<meta name=\"twitter:creator\" content=\"@FootdavantFr\" \/>\n<meta name=\"twitter:site\" content=\"@FootdavantFr\" \/>\n<meta name=\"twitter:label1\" content=\"\u00c9crit par\" \/>\n\t<meta name=\"twitter:data1\" content=\"Cl\u00e9ment\" \/>\n\t<meta name=\"twitter:label2\" content=\"Dur\u00e9e de lecture estim\u00e9e\" \/>\n\t<meta name=\"twitter:data2\" content=\"4 minutes\" \/>\n<script type=\"application\/ld+json\" class=\"yoast-schema-graph\">{\"@context\":\"https:\/\/schema.org\",\"@graph\":[{\"@type\":\"Article\",\"@id\":\"https:\/\/footdavant.fr\/actualites\/lee-sharpe-souligne-les-points-positifs-du-passage-de-ruben-amorim-a-united\/#article\",\"isPartOf\":{\"@id\":\"https:\/\/footdavant.fr\/actualites\/lee-sharpe-souligne-les-points-positifs-du-passage-de-ruben-amorim-a-united\/\"},\"author\":{\"name\":\"Cl\u00e9ment\",\"@id\":\"https:\/\/footdavant.fr\/actualites\/#\/schema\/person\/bc222566d95871b37e597b3ed3ba5e1d\"},\"headline\":\"Lee Sharpe souligne les points positifs du passage de Ruben Amorim \u00e0 United \u2013\",\"datePublished\":\"2026-03-28T10:48:03+00:00\",\"dateModified\":\"2026-03-28T10:48:04+00:00\",\"mainEntityOfPage\":{\"@id\":\"https:\/\/footdavant.fr\/actualites\/lee-sharpe-souligne-les-points-positifs-du-passage-de-ruben-amorim-a-united\/\"},\"wordCount\":772,\"publisher\":{\"@id\":\"https:\/\/footdavant.fr\/actualites\/#organization\"},\"keywords\":[\"Amorim\",\"Lee\",\"les\",\"passage\",\"points\",\"positifs\",\"Ruben\",\"Sharpe\",\"souligne\",\"United\"],\"articleSection\":[\"Football\"],\"inLanguage\":\"fr-FR\"},{\"@type\":\"WebPage\",\"@id\":\"https:\/\/footdavant.fr\/actualites\/lee-sharpe-souligne-les-points-positifs-du-passage-de-ruben-amorim-a-united\/\",\"url\":\"https:\/\/footdavant.fr\/actualites\/lee-sharpe-souligne-les-points-positifs-du-passage-de-ruben-amorim-a-united\/\",\"name\":\"Lee Sharpe souligne les points positifs du passage de Ruben Amorim \u00e0 United \u2013\",\"isPartOf\":{\"@id\":\"https:\/\/footdavant.fr\/actualites\/#website\"},\"datePublished\":\"2026-03-28T10:48:03+00:00\",\"dateModified\":\"2026-03-28T10:48:04+00:00\",\"breadcrumb\":{\"@id\":\"https:\/\/footdavant.fr\/actualites\/lee-sharpe-souligne-les-points-positifs-du-passage-de-ruben-amorim-a-united\/#breadcrumb\"},\"inLanguage\":\"fr-FR\",\"potentialAction\":[{\"@type\":\"ReadAction\",\"target\":[\"https:\/\/footdavant.fr\/actualites\/lee-sharpe-souligne-les-points-positifs-du-passage-de-ruben-amorim-a-united\/\"]}]},{\"@type\":\"BreadcrumbList\",\"@id\":\"https:\/\/footdavant.fr\/actualites\/lee-sharpe-souligne-les-points-positifs-du-passage-de-ruben-amorim-a-united\/#breadcrumb\",\"itemListElement\":[{\"@type\":\"ListItem\",\"position\":1,\"name\":\"Accueil\",\"item\":\"https:\/\/footdavant.fr\/actualites\/\"},{\"@type\":\"ListItem\",\"position\":2,\"name\":\"Lee Sharpe souligne les points positifs du passage de Ruben Amorim \u00e0 United \u2013\"}]},{\"@type\":\"WebSite\",\"@id\":\"https:\/\/footdavant.fr\/actualites\/#website\",\"url\":\"https:\/\/footdavant.fr\/actualites\/\",\"name\":\"Foot d'avant\",\"description\":\"\",\"publisher\":{\"@id\":\"https:\/\/footdavant.fr\/actualites\/#organization\"},\"potentialAction\":[{\"@type\":\"SearchAction\",\"target\":{\"@type\":\"EntryPoint\",\"urlTemplate\":\"https:\/\/footdavant.fr\/actualites\/?s={search_term_string}\"},\"query-input\":\"required name=search_term_string\"}],\"inLanguage\":\"fr-FR\"},{\"@type\":\"Organization\",\"@id\":\"https:\/\/footdavant.fr\/actualites\/#organization\",\"name\":\"Foot d'avant\",\"url\":\"https:\/\/footdavant.fr\/actualites\/\",\"logo\":{\"@type\":\"ImageObject\",\"inLanguage\":\"fr-FR\",\"@id\":\"https:\/\/footdavant.fr\/actualites\/#\/schema\/logo\/image\/\",\"url\":\"https:\/\/footdavant.fr\/actualites\/wp-content\/uploads\/2023\/09\/Copy-of-FootDavant-Logo.png\",\"contentUrl\":\"https:\/\/footdavant.fr\/actualites\/wp-content\/uploads\/2023\/09\/Copy-of-FootDavant-Logo.png\",\"width\":936,\"height\":549,\"caption\":\"Foot d'avant\"},\"image\":{\"@id\":\"https:\/\/footdavant.fr\/actualites\/#\/schema\/logo\/image\/\"},\"sameAs\":[\"https:\/\/www.facebook.com\/Footdavant\/\",\"https:\/\/twitter.com\/FootdavantFr\",\"https:\/\/www.instagram.com\/footdavant.fr\/\"]},{\"@type\":\"Person\",\"@id\":\"https:\/\/footdavant.fr\/actualites\/#\/schema\/person\/bc222566d95871b37e597b3ed3ba5e1d\",\"name\":\"Cl\u00e9ment\",\"image\":{\"@type\":\"ImageObject\",\"inLanguage\":\"fr-FR\",\"@id\":\"https:\/\/footdavant.fr\/actualites\/#\/schema\/person\/image\/\",\"url\":\"https:\/\/secure.gravatar.com\/avatar\/7728b29aac2719421e1a9159b2254c44?s=96&d=mm&r=g\",\"contentUrl\":\"https:\/\/secure.gravatar.com\/avatar\/7728b29aac2719421e1a9159b2254c44?s=96&d=mm&r=g\",\"caption\":\"Cl\u00e9ment\"},\"sameAs\":[\"https:\/\/footdavant.fr\/\"]}]}<\/script>\n<!-- \/ Yoast SEO plugin. -->","yoast_head_json":{"title":"Lee Sharpe souligne les points positifs du passage de Ruben Amorim \u00e0 United \u2013","robots":{"index":"index","follow":"follow","max-snippet":"max-snippet:-1","max-image-preview":"max-image-preview:large","max-video-preview":"max-video-preview:-1"},"canonical":"https:\/\/footdavant.fr\/actualites\/lee-sharpe-souligne-les-points-positifs-du-passage-de-ruben-amorim-a-united\/","og_locale":"fr_FR","og_type":"article","og_title":"Lee Sharpe souligne les points positifs du passage de Ruben Amorim \u00e0 United \u2013","og_description":"9 Le mandat de 14 mois de l&#39;ancien entra\u00eeneur-chef de Manchester United, Ruben Amorim, au Theatre of Dreams a sans doute \u00e9t\u00e9 l&#39;un des chapitres","og_url":"https:\/\/footdavant.fr\/actualites\/lee-sharpe-souligne-les-points-positifs-du-passage-de-ruben-amorim-a-united\/","og_site_name":"Foot d&#039;avant","article_publisher":"https:\/\/www.facebook.com\/Footdavant\/","article_published_time":"2026-03-28T10:48:03+00:00","article_modified_time":"2026-03-28T10:48:04+00:00","og_image":[{"width":1200,"height":681,"url":"https:\/\/footdavant.fr\/actualites\/wp-content\/uploads\/2026\/03\/Lee-Sharpe-souligne-les-points-positifs-du-passage-de-Ruben.jpg","type":"image\/jpeg"}],"author":"Cl\u00e9ment","twitter_card":"summary_large_image","twitter_creator":"@FootdavantFr","twitter_site":"@FootdavantFr","twitter_misc":{"\u00c9crit par":"Cl\u00e9ment","Dur\u00e9e de lecture estim\u00e9e":"4 minutes"},"schema":{"@context":"https:\/\/schema.org","@graph":[{"@type":"Article","@id":"https:\/\/footdavant.fr\/actualites\/lee-sharpe-souligne-les-points-positifs-du-passage-de-ruben-amorim-a-united\/#article","isPartOf":{"@id":"https:\/\/footdavant.fr\/actualites\/lee-sharpe-souligne-les-points-positifs-du-passage-de-ruben-amorim-a-united\/"},"author":{"name":"Cl\u00e9ment","@id":"https:\/\/footdavant.fr\/actualites\/#\/schema\/person\/bc222566d95871b37e597b3ed3ba5e1d"},"headline":"Lee Sharpe souligne les points positifs du passage de Ruben Amorim \u00e0 United \u2013","datePublished":"2026-03-28T10:48:03+00:00","dateModified":"2026-03-28T10:48:04+00:00","mainEntityOfPage":{"@id":"https:\/\/footdavant.fr\/actualites\/lee-sharpe-souligne-les-points-positifs-du-passage-de-ruben-amorim-a-united\/"},"wordCount":772,"publisher":{"@id":"https:\/\/footdavant.fr\/actualites\/#organization"},"keywords":["Amorim","Lee","les","passage","points","positifs","Ruben","Sharpe","souligne","United"],"articleSection":["Football"],"inLanguage":"fr-FR"},{"@type":"WebPage","@id":"https:\/\/footdavant.fr\/actualites\/lee-sharpe-souligne-les-points-positifs-du-passage-de-ruben-amorim-a-united\/","url":"https:\/\/footdavant.fr\/actualites\/lee-sharpe-souligne-les-points-positifs-du-passage-de-ruben-amorim-a-united\/","name":"Lee Sharpe souligne les points positifs du passage de Ruben Amorim \u00e0 United \u2013","isPartOf":{"@id":"https:\/\/footdavant.fr\/actualites\/#website"},"datePublished":"2026-03-28T10:48:03+00:00","dateModified":"2026-03-28T10:48:04+00:00","breadcrumb":{"@id":"https:\/\/footdavant.fr\/actualites\/lee-sharpe-souligne-les-points-positifs-du-passage-de-ruben-amorim-a-united\/#breadcrumb"},"inLanguage":"fr-FR","potentialAction":[{"@type":"ReadAction","target":["https:\/\/footdavant.fr\/actualites\/lee-sharpe-souligne-les-points-positifs-du-passage-de-ruben-amorim-a-united\/"]}]},{"@type":"BreadcrumbList","@id":"https:\/\/footdavant.fr\/actualites\/lee-sharpe-souligne-les-points-positifs-du-passage-de-ruben-amorim-a-united\/#breadcrumb","itemListElement":[{"@type":"ListItem","position":1,"name":"Accueil","item":"https:\/\/footdavant.fr\/actualites\/"},{"@type":"ListItem","position":2,"name":"Lee Sharpe souligne les points positifs du passage de Ruben Amorim \u00e0 United \u2013"}]},{"@type":"WebSite","@id":"https:\/\/footdavant.fr\/actualites\/#website","url":"https:\/\/footdavant.fr\/actualites\/","name":"Foot d'avant","description":"","publisher":{"@id":"https:\/\/footdavant.fr\/actualites\/#organization"},"potentialAction":[{"@type":"SearchAction","target":{"@type":"EntryPoint","urlTemplate":"https:\/\/footdavant.fr\/actualites\/?s={search_term_string}"},"query-input":"required name=search_term_string"}],"inLanguage":"fr-FR"},{"@type":"Organization","@id":"https:\/\/footdavant.fr\/actualites\/#organization","name":"Foot d'avant","url":"https:\/\/footdavant.fr\/actualites\/","logo":{"@type":"ImageObject","inLanguage":"fr-FR","@id":"https:\/\/footdavant.fr\/actualites\/#\/schema\/logo\/image\/","url":"https:\/\/footdavant.fr\/actualites\/wp-content\/uploads\/2023\/09\/Copy-of-FootDavant-Logo.png","contentUrl":"https:\/\/footdavant.fr\/actualites\/wp-content\/uploads\/2023\/09\/Copy-of-FootDavant-Logo.png","width":936,"height":549,"caption":"Foot d'avant"},"image":{"@id":"https:\/\/footdavant.fr\/actualites\/#\/schema\/logo\/image\/"},"sameAs":["https:\/\/www.facebook.com\/Footdavant\/","https:\/\/twitter.com\/FootdavantFr","https:\/\/www.instagram.com\/footdavant.fr\/"]},{"@type":"Person","@id":"https:\/\/footdavant.fr\/actualites\/#\/schema\/person\/bc222566d95871b37e597b3ed3ba5e1d","name":"Cl\u00e9ment","image":{"@type":"ImageObject","inLanguage":"fr-FR","@id":"https:\/\/footdavant.fr\/actualites\/#\/schema\/person\/image\/","url":"https:\/\/secure.gravatar.com\/avatar\/7728b29aac2719421e1a9159b2254c44?s=96&d=mm&r=g","contentUrl":"https:\/\/secure.gravatar.com\/avatar\/7728b29aac2719421e1a9159b2254c44?s=96&d=mm&r=g","caption":"Cl\u00e9ment"},"sameAs":["https:\/\/footdavant.fr\/"]}]}},"_links":{"self":[{"href":"https:\/\/footdavant.fr\/actualites\/wp-json\/wp\/v2\/posts\/35877"}],"collection":[{"href":"https:\/\/footdavant.fr\/actualites\/wp-json\/wp\/v2\/posts"}],"about":[{"href":"https:\/\/footdavant.fr\/actualites\/wp-json\/wp\/v2\/types\/post"}],"author":[{"embeddable":true,"href":"https:\/\/footdavant.fr\/actualites\/wp-json\/wp\/v2\/users\/1"}],"replies":[{"embeddable":true,"href":"https:\/\/footdavant.fr\/actualites\/wp-json\/wp\/v2\/comments?post=35877"}],"version-history":[{"count":1,"href":"https:\/\/footdavant.fr\/actualites\/wp-json\/wp\/v2\/posts\/35877\/revisions"}],"predecessor-version":[{"id":35879,"href":"https:\/\/footdavant.fr\/actualites\/wp-json\/wp\/v2\/posts\/35877\/revisions\/35879"}],"wp:featuredmedia":[{"embeddable":true,"href":"https:\/\/footdavant.fr\/actualites\/wp-json\/wp\/v2\/media\/35878"}],"wp:attachment":[{"href":"https:\/\/footdavant.fr\/actualites\/wp-json\/wp\/v2\/media?parent=35877"}],"wp:term":[{"taxonomy":"category","embeddable":true,"href":"https:\/\/footdavant.fr\/actualites\/wp-json\/wp\/v2\/categories?post=35877"},{"taxonomy":"post_tag","embeddable":true,"href":"https:\/\/footdavant.fr\/actualites\/wp-json\/wp\/v2\/tags?post=35877"}],"curies":[{"name":"wp","href":"https:\/\/api.w.org\/{rel}","templated":true}]}}