{"id":3588,"date":"2024-01-08T10:51:30","date_gmt":"2024-01-08T09:51:30","guid":{"rendered":"https:\/\/footdavant.fr\/actualites\/le-patron-des-wolverhampton-wanderers-gary-oneil-minimise-les-discussions-sur-le-depart-de-sasa-kalajdzic\/"},"modified":"2024-01-08T10:51:31","modified_gmt":"2024-01-08T09:51:31","slug":"le-patron-des-wolverhampton-wanderers-gary-oneil-minimise-les-discussions-sur-le-depart-de-sasa-kalajdzic","status":"publish","type":"post","link":"https:\/\/footdavant.fr\/actualites\/le-patron-des-wolverhampton-wanderers-gary-oneil-minimise-les-discussions-sur-le-depart-de-sasa-kalajdzic\/","title":{"rendered":"Le patron des Wolverhampton Wanderers, Gary O&rsquo;Neil, minimise les discussions sur le d\u00e9part de Sasa Kalajdzic"},"content":{"rendered":"<p>L&rsquo;entra\u00eeneur-chef Gary O&rsquo;Neil sugg\u00e8re qu&rsquo;il s&rsquo;attend \u00e0 ce que Sasa Kalajdzic reste \u00e0 Wolverhampton Wanderers, malgr\u00e9 les sp\u00e9culations concernant son avenir.<\/p>\n<div id=\"article_body\" itemprop=\"articleBody\">\n<h3 class=\"firstPara\">\n<strong class=\"autotag\">Gary O&rsquo;Neil<\/strong> a sugg\u00e9r\u00e9 d&rsquo;avancer <strong class=\"autotag\">Sasa Kalajdzic<\/strong> pourrait rester \u00e0 <strong class=\"autotag\">Wanderers de Wolverhampton<\/strong> pour le reste de la saison.<\/h3>\n<p>L\u2019\u00e9quipe des West Midlands a connu une solide premi\u00e8re moiti\u00e9 de saison, accumulant 28 points et marquant 30 buts lors de ses 20 matches de Premier League.<\/p>\n<p>En cons\u00e9quence, les Wolves occupent la 11e place et \u00e0 seulement trois points de Brighton &#038; Hove Albion, septi\u00e8me, qu&rsquo;ils affrontent ensuite, mais la forme de leurs trois premiers a conduit certains membres de l&rsquo;\u00e9quipe \u00e0 se retrouver sans temps de jeu r\u00e9gulier.<\/p>\n<p><strong class=\"autotag\">Fabio Silva<\/strong> a d\u00e9j\u00e0 quitt\u00e9 Molineux pour rejoindre les Rangers en pr\u00eat, et les sp\u00e9culations persistent selon lesquelles Kalajdzic pourrait suivre les Portugais hors de la porte de sortie.<\/p>\n<p>Des rapports ont affirm\u00e9 qu&rsquo;un certain nombre de clubs allemands, notamment <strong class=\"autotag\">Eintracht Francfort<\/strong>souhaitent obtenir un accord de pr\u00eat pour l&rsquo;international autrichien.<\/p>\n<p class=\"imgI\">\n<p>Bien qu\u2019il ait marqu\u00e9 des buts gagnants contre Everton et Bournemouth plus t\u00f4t dans la saison, Kalajdzic a \u00e9t\u00e9 limit\u00e9 \u00e0 seulement 159 minutes de football dans l\u2019\u00e9lite et souhaite gagner plus d\u2019action avant l\u2019Euro 2024.<\/p>\n<p>Cependant, s&rsquo;adressant aux journalistes lors d&rsquo;une conf\u00e9rence de presse jeudi, O&rsquo;Neil a laiss\u00e9 entendre que l&rsquo;attaquant pourrait mettre un terme \u00e0 la campagne des Wolves.<\/p>\n<p>L&rsquo;Anglais a d\u00e9clar\u00e9 : \u00ab\u00a0Il y a eu de l&rsquo;int\u00e9r\u00eat pour Sasa Kalajdzic mais nous avons un gros match demain. Il est impliqu\u00e9 dans le match de demain. <\/p>\n<p>\u00ab\u00a0Il est avec nous. Il s&rsquo;engage \u00e0 \u00eatre avec nous. Il travaille dur. Si nous pouvons d\u00e9bloquer des fonds, nous serons des acteurs.\u00a0\u00bb<\/p>\n<p class=\"imgI\"><img decoding=\"async\" loading=\"lazy\" class=\"l\" src=\"https:\/\/footdavant.fr\/actualites\/wp-content\/uploads\/2024\/01\/1704707490_515_Le-patron-des-Wolverhampton-Wanderers-Gary-ONeil-minimise-les-discussions.jpg\" title=\"Gary O'Neil, manager de Wolverhampton Wanderers, le 17 d\u00e9cembre 2023\" alt=\"Gary O'Neil, manager de Wolverhampton Wanderers, le 17 d\u00e9cembre 2023\" width=\"640\" height=\"480\"><\/p>\n<p>Kalajdzic est l&rsquo;un des trois joueurs, les autres \u00e9tant <strong class=\"autotag\">Jean-Ricner Bellegarde<\/strong> et <strong class=\"autotag\">Pedro Neto<\/strong> &#8211; qui sont en comp\u00e9tition pour remplacer <strong class=\"autotag\">Hwang Hee Chan<\/strong>qui est en mission internationale avec la Cor\u00e9e du Sud lors de la Coupe d&rsquo;Asie, sera titulaire contre Brentford au troisi\u00e8me tour de la FA Cup vendredi soir.<\/p>\n<p>Plus t\u00f4t lors de la conf\u00e9rence de presse, O&rsquo;Neil a parl\u00e9 de la fen\u00eatre de transfert de janvier en g\u00e9n\u00e9ral, ajoutant : \u00ab\u00a0Janvier est un mois difficile pour effectuer des transferts, les \u00e9quipes ne veulent pas perdre de joueurs. L&rsquo;\u00e9t\u00e9 est une meilleure fen\u00eatre. Janvier est un transfert d\u00e9licat. march\u00e9.<\/p>\n<p>\u00ab\u00a0Les restrictions financi\u00e8res que nous avons eues cet \u00e9t\u00e9 sont fermement en place. Nous travaillons dur pour am\u00e9liorer le groupe. Je savais o\u00f9 il en \u00e9tait au d\u00e9part, ce n&rsquo;est pas une surprise pour moi. Aucune plainte de ma part.<\/p>\n<p>\u00ab\u00a0Nous tirons le meilleur de ce que nous avons, nous allons essayer de nous am\u00e9liorer. C&rsquo;est d\u00e9j\u00e0 un mois d\u00e9licat, ce sera difficile d&rsquo;am\u00e9liorer le groupe.\u00a0\u00bb<\/p>\n<p>Apr\u00e8s la confrontation avec Brentford, les Wolves ne seront pas de retour en action avant 17 jours lorsqu&rsquo;ils affronteront Brighton au stade Amex le 22 janvier.<\/p>\n<\/div>\n","protected":false},"excerpt":{"rendered":"<p>L&rsquo;entra\u00eeneur-chef Gary O&rsquo;Neil sugg\u00e8re qu&rsquo;il s&rsquo;attend \u00e0 ce que Sasa Kalajdzic reste \u00e0 Wolverhampton Wanderers, malgr\u00e9 les sp\u00e9culations concernant son avenir. Gary O&rsquo;Neil a sugg\u00e9r\u00e9<\/p>\n","protected":false},"author":1,"featured_media":3589,"comment_status":"closed","ping_status":"","sticky":false,"template":"","format":"standard","meta":{"footnotes":""},"categories":[5],"tags":[560,12,713,743,2883,93,1400,444,231,2882,103,745,744],"yoast_head":"<!-- This site is optimized with the Yoast SEO plugin v21.0 - https:\/\/yoast.com\/wordpress\/plugins\/seo\/ -->\n<title>Le patron des Wolverhampton Wanderers, Gary O&#039;Neil, minimise les discussions sur le d\u00e9part de Sasa Kalajdzic<\/title>\n<meta name=\"robots\" content=\"index, follow, max-snippet:-1, max-image-preview:large, max-video-preview:-1\" \/>\n<link rel=\"canonical\" href=\"https:\/\/footdavant.fr\/actualites\/le-patron-des-wolverhampton-wanderers-gary-oneil-minimise-les-discussions-sur-le-depart-de-sasa-kalajdzic\/\" \/>\n<meta property=\"og:locale\" content=\"fr_FR\" \/>\n<meta property=\"og:type\" content=\"article\" \/>\n<meta property=\"og:title\" content=\"Le patron des Wolverhampton Wanderers, Gary O&#039;Neil, minimise les discussions sur le d\u00e9part de Sasa Kalajdzic\" \/>\n<meta property=\"og:description\" content=\"L&rsquo;entra\u00eeneur-chef Gary O&rsquo;Neil sugg\u00e8re qu&rsquo;il s&rsquo;attend \u00e0 ce que Sasa Kalajdzic reste \u00e0 Wolverhampton Wanderers, malgr\u00e9 les sp\u00e9culations concernant son avenir. Gary O&rsquo;Neil a sugg\u00e9r\u00e9\" \/>\n<meta property=\"og:url\" content=\"https:\/\/footdavant.fr\/actualites\/le-patron-des-wolverhampton-wanderers-gary-oneil-minimise-les-discussions-sur-le-depart-de-sasa-kalajdzic\/\" \/>\n<meta property=\"og:site_name\" content=\"Foot d&#039;avant\" \/>\n<meta property=\"article:publisher\" content=\"https:\/\/www.facebook.com\/Footdavant\/\" \/>\n<meta property=\"article:published_time\" content=\"2024-01-08T09:51:30+00:00\" \/>\n<meta property=\"article:modified_time\" content=\"2024-01-08T09:51:31+00:00\" \/>\n<meta property=\"og:image\" content=\"https:\/\/footdavant.fr\/actualites\/wp-content\/uploads\/2024\/01\/Le-patron-des-Wolverhampton-Wanderers-Gary-ONeil-minimise-les-discussions.jpg\" \/>\n\t<meta property=\"og:image:width\" content=\"640\" \/>\n\t<meta property=\"og:image:height\" content=\"480\" \/>\n\t<meta property=\"og:image:type\" content=\"image\/jpeg\" \/>\n<meta name=\"author\" content=\"Cl\u00e9ment\" \/>\n<meta name=\"twitter:card\" content=\"summary_large_image\" \/>\n<meta name=\"twitter:creator\" content=\"@FootdavantFr\" \/>\n<meta name=\"twitter:site\" content=\"@FootdavantFr\" \/>\n<meta name=\"twitter:label1\" content=\"\u00c9crit par\" \/>\n\t<meta name=\"twitter:data1\" content=\"Cl\u00e9ment\" \/>\n\t<meta name=\"twitter:label2\" content=\"Dur\u00e9e de lecture estim\u00e9e\" \/>\n\t<meta name=\"twitter:data2\" content=\"2 minutes\" \/>\n<script type=\"application\/ld+json\" class=\"yoast-schema-graph\">{\"@context\":\"https:\/\/schema.org\",\"@graph\":[{\"@type\":\"Article\",\"@id\":\"https:\/\/footdavant.fr\/actualites\/le-patron-des-wolverhampton-wanderers-gary-oneil-minimise-les-discussions-sur-le-depart-de-sasa-kalajdzic\/#article\",\"isPartOf\":{\"@id\":\"https:\/\/footdavant.fr\/actualites\/le-patron-des-wolverhampton-wanderers-gary-oneil-minimise-les-discussions-sur-le-depart-de-sasa-kalajdzic\/\"},\"author\":{\"name\":\"Cl\u00e9ment\",\"@id\":\"https:\/\/footdavant.fr\/actualites\/#\/schema\/person\/bc222566d95871b37e597b3ed3ba5e1d\"},\"headline\":\"Le patron des Wolverhampton Wanderers, Gary O&rsquo;Neil, minimise les discussions sur le d\u00e9part de Sasa Kalajdzic\",\"datePublished\":\"2024-01-08T09:51:30+00:00\",\"dateModified\":\"2024-01-08T09:51:31+00:00\",\"mainEntityOfPage\":{\"@id\":\"https:\/\/footdavant.fr\/actualites\/le-patron-des-wolverhampton-wanderers-gary-oneil-minimise-les-discussions-sur-le-depart-de-sasa-kalajdzic\/\"},\"wordCount\":507,\"publisher\":{\"@id\":\"https:\/\/footdavant.fr\/actualites\/#organization\"},\"keywords\":[\"d\u00e9part\",\"des\",\"discussions\",\"Gary\",\"Kalajdzic\",\"les\",\"minimise\",\"ONeil\",\"patron\",\"Sasa\",\"sur\",\"Wanderers\",\"Wolverhampton\"],\"articleSection\":[\"Premier League\"],\"inLanguage\":\"fr-FR\"},{\"@type\":\"WebPage\",\"@id\":\"https:\/\/footdavant.fr\/actualites\/le-patron-des-wolverhampton-wanderers-gary-oneil-minimise-les-discussions-sur-le-depart-de-sasa-kalajdzic\/\",\"url\":\"https:\/\/footdavant.fr\/actualites\/le-patron-des-wolverhampton-wanderers-gary-oneil-minimise-les-discussions-sur-le-depart-de-sasa-kalajdzic\/\",\"name\":\"Le patron des Wolverhampton Wanderers, Gary O'Neil, minimise les discussions sur le d\u00e9part de Sasa Kalajdzic\",\"isPartOf\":{\"@id\":\"https:\/\/footdavant.fr\/actualites\/#website\"},\"datePublished\":\"2024-01-08T09:51:30+00:00\",\"dateModified\":\"2024-01-08T09:51:31+00:00\",\"breadcrumb\":{\"@id\":\"https:\/\/footdavant.fr\/actualites\/le-patron-des-wolverhampton-wanderers-gary-oneil-minimise-les-discussions-sur-le-depart-de-sasa-kalajdzic\/#breadcrumb\"},\"inLanguage\":\"fr-FR\",\"potentialAction\":[{\"@type\":\"ReadAction\",\"target\":[\"https:\/\/footdavant.fr\/actualites\/le-patron-des-wolverhampton-wanderers-gary-oneil-minimise-les-discussions-sur-le-depart-de-sasa-kalajdzic\/\"]}]},{\"@type\":\"BreadcrumbList\",\"@id\":\"https:\/\/footdavant.fr\/actualites\/le-patron-des-wolverhampton-wanderers-gary-oneil-minimise-les-discussions-sur-le-depart-de-sasa-kalajdzic\/#breadcrumb\",\"itemListElement\":[{\"@type\":\"ListItem\",\"position\":1,\"name\":\"Accueil\",\"item\":\"https:\/\/footdavant.fr\/actualites\/\"},{\"@type\":\"ListItem\",\"position\":2,\"name\":\"Le patron des Wolverhampton Wanderers, Gary O&rsquo;Neil, minimise les discussions sur le d\u00e9part de Sasa Kalajdzic\"}]},{\"@type\":\"WebSite\",\"@id\":\"https:\/\/footdavant.fr\/actualites\/#website\",\"url\":\"https:\/\/footdavant.fr\/actualites\/\",\"name\":\"Foot d'avant\",\"description\":\"\",\"publisher\":{\"@id\":\"https:\/\/footdavant.fr\/actualites\/#organization\"},\"potentialAction\":[{\"@type\":\"SearchAction\",\"target\":{\"@type\":\"EntryPoint\",\"urlTemplate\":\"https:\/\/footdavant.fr\/actualites\/?s={search_term_string}\"},\"query-input\":\"required name=search_term_string\"}],\"inLanguage\":\"fr-FR\"},{\"@type\":\"Organization\",\"@id\":\"https:\/\/footdavant.fr\/actualites\/#organization\",\"name\":\"Foot d'avant\",\"url\":\"https:\/\/footdavant.fr\/actualites\/\",\"logo\":{\"@type\":\"ImageObject\",\"inLanguage\":\"fr-FR\",\"@id\":\"https:\/\/footdavant.fr\/actualites\/#\/schema\/logo\/image\/\",\"url\":\"https:\/\/footdavant.fr\/actualites\/wp-content\/uploads\/2023\/09\/Copy-of-FootDavant-Logo.png\",\"contentUrl\":\"https:\/\/footdavant.fr\/actualites\/wp-content\/uploads\/2023\/09\/Copy-of-FootDavant-Logo.png\",\"width\":936,\"height\":549,\"caption\":\"Foot d'avant\"},\"image\":{\"@id\":\"https:\/\/footdavant.fr\/actualites\/#\/schema\/logo\/image\/\"},\"sameAs\":[\"https:\/\/www.facebook.com\/Footdavant\/\",\"https:\/\/twitter.com\/FootdavantFr\",\"https:\/\/www.instagram.com\/footdavant.fr\/\"]},{\"@type\":\"Person\",\"@id\":\"https:\/\/footdavant.fr\/actualites\/#\/schema\/person\/bc222566d95871b37e597b3ed3ba5e1d\",\"name\":\"Cl\u00e9ment\",\"image\":{\"@type\":\"ImageObject\",\"inLanguage\":\"fr-FR\",\"@id\":\"https:\/\/footdavant.fr\/actualites\/#\/schema\/person\/image\/\",\"url\":\"https:\/\/secure.gravatar.com\/avatar\/7728b29aac2719421e1a9159b2254c44?s=96&d=mm&r=g\",\"contentUrl\":\"https:\/\/secure.gravatar.com\/avatar\/7728b29aac2719421e1a9159b2254c44?s=96&d=mm&r=g\",\"caption\":\"Cl\u00e9ment\"},\"sameAs\":[\"https:\/\/footdavant.fr\/\"]}]}<\/script>\n<!-- \/ Yoast SEO plugin. -->","yoast_head_json":{"title":"Le patron des Wolverhampton Wanderers, Gary O'Neil, minimise les discussions sur le d\u00e9part de Sasa Kalajdzic","robots":{"index":"index","follow":"follow","max-snippet":"max-snippet:-1","max-image-preview":"max-image-preview:large","max-video-preview":"max-video-preview:-1"},"canonical":"https:\/\/footdavant.fr\/actualites\/le-patron-des-wolverhampton-wanderers-gary-oneil-minimise-les-discussions-sur-le-depart-de-sasa-kalajdzic\/","og_locale":"fr_FR","og_type":"article","og_title":"Le patron des Wolverhampton Wanderers, Gary O'Neil, minimise les discussions sur le d\u00e9part de Sasa Kalajdzic","og_description":"L&rsquo;entra\u00eeneur-chef Gary O&rsquo;Neil sugg\u00e8re qu&rsquo;il s&rsquo;attend \u00e0 ce que Sasa Kalajdzic reste \u00e0 Wolverhampton Wanderers, malgr\u00e9 les sp\u00e9culations concernant son avenir. Gary O&rsquo;Neil a sugg\u00e9r\u00e9","og_url":"https:\/\/footdavant.fr\/actualites\/le-patron-des-wolverhampton-wanderers-gary-oneil-minimise-les-discussions-sur-le-depart-de-sasa-kalajdzic\/","og_site_name":"Foot d&#039;avant","article_publisher":"https:\/\/www.facebook.com\/Footdavant\/","article_published_time":"2024-01-08T09:51:30+00:00","article_modified_time":"2024-01-08T09:51:31+00:00","og_image":[{"width":640,"height":480,"url":"https:\/\/footdavant.fr\/actualites\/wp-content\/uploads\/2024\/01\/Le-patron-des-Wolverhampton-Wanderers-Gary-ONeil-minimise-les-discussions.jpg","type":"image\/jpeg"}],"author":"Cl\u00e9ment","twitter_card":"summary_large_image","twitter_creator":"@FootdavantFr","twitter_site":"@FootdavantFr","twitter_misc":{"\u00c9crit par":"Cl\u00e9ment","Dur\u00e9e de lecture estim\u00e9e":"2 minutes"},"schema":{"@context":"https:\/\/schema.org","@graph":[{"@type":"Article","@id":"https:\/\/footdavant.fr\/actualites\/le-patron-des-wolverhampton-wanderers-gary-oneil-minimise-les-discussions-sur-le-depart-de-sasa-kalajdzic\/#article","isPartOf":{"@id":"https:\/\/footdavant.fr\/actualites\/le-patron-des-wolverhampton-wanderers-gary-oneil-minimise-les-discussions-sur-le-depart-de-sasa-kalajdzic\/"},"author":{"name":"Cl\u00e9ment","@id":"https:\/\/footdavant.fr\/actualites\/#\/schema\/person\/bc222566d95871b37e597b3ed3ba5e1d"},"headline":"Le patron des Wolverhampton Wanderers, Gary O&rsquo;Neil, minimise les discussions sur le d\u00e9part de Sasa Kalajdzic","datePublished":"2024-01-08T09:51:30+00:00","dateModified":"2024-01-08T09:51:31+00:00","mainEntityOfPage":{"@id":"https:\/\/footdavant.fr\/actualites\/le-patron-des-wolverhampton-wanderers-gary-oneil-minimise-les-discussions-sur-le-depart-de-sasa-kalajdzic\/"},"wordCount":507,"publisher":{"@id":"https:\/\/footdavant.fr\/actualites\/#organization"},"keywords":["d\u00e9part","des","discussions","Gary","Kalajdzic","les","minimise","ONeil","patron","Sasa","sur","Wanderers","Wolverhampton"],"articleSection":["Premier League"],"inLanguage":"fr-FR"},{"@type":"WebPage","@id":"https:\/\/footdavant.fr\/actualites\/le-patron-des-wolverhampton-wanderers-gary-oneil-minimise-les-discussions-sur-le-depart-de-sasa-kalajdzic\/","url":"https:\/\/footdavant.fr\/actualites\/le-patron-des-wolverhampton-wanderers-gary-oneil-minimise-les-discussions-sur-le-depart-de-sasa-kalajdzic\/","name":"Le patron des Wolverhampton Wanderers, Gary O'Neil, minimise les discussions sur le d\u00e9part de Sasa Kalajdzic","isPartOf":{"@id":"https:\/\/footdavant.fr\/actualites\/#website"},"datePublished":"2024-01-08T09:51:30+00:00","dateModified":"2024-01-08T09:51:31+00:00","breadcrumb":{"@id":"https:\/\/footdavant.fr\/actualites\/le-patron-des-wolverhampton-wanderers-gary-oneil-minimise-les-discussions-sur-le-depart-de-sasa-kalajdzic\/#breadcrumb"},"inLanguage":"fr-FR","potentialAction":[{"@type":"ReadAction","target":["https:\/\/footdavant.fr\/actualites\/le-patron-des-wolverhampton-wanderers-gary-oneil-minimise-les-discussions-sur-le-depart-de-sasa-kalajdzic\/"]}]},{"@type":"BreadcrumbList","@id":"https:\/\/footdavant.fr\/actualites\/le-patron-des-wolverhampton-wanderers-gary-oneil-minimise-les-discussions-sur-le-depart-de-sasa-kalajdzic\/#breadcrumb","itemListElement":[{"@type":"ListItem","position":1,"name":"Accueil","item":"https:\/\/footdavant.fr\/actualites\/"},{"@type":"ListItem","position":2,"name":"Le patron des Wolverhampton Wanderers, Gary O&rsquo;Neil, minimise les discussions sur le d\u00e9part de Sasa Kalajdzic"}]},{"@type":"WebSite","@id":"https:\/\/footdavant.fr\/actualites\/#website","url":"https:\/\/footdavant.fr\/actualites\/","name":"Foot d'avant","description":"","publisher":{"@id":"https:\/\/footdavant.fr\/actualites\/#organization"},"potentialAction":[{"@type":"SearchAction","target":{"@type":"EntryPoint","urlTemplate":"https:\/\/footdavant.fr\/actualites\/?s={search_term_string}"},"query-input":"required name=search_term_string"}],"inLanguage":"fr-FR"},{"@type":"Organization","@id":"https:\/\/footdavant.fr\/actualites\/#organization","name":"Foot d'avant","url":"https:\/\/footdavant.fr\/actualites\/","logo":{"@type":"ImageObject","inLanguage":"fr-FR","@id":"https:\/\/footdavant.fr\/actualites\/#\/schema\/logo\/image\/","url":"https:\/\/footdavant.fr\/actualites\/wp-content\/uploads\/2023\/09\/Copy-of-FootDavant-Logo.png","contentUrl":"https:\/\/footdavant.fr\/actualites\/wp-content\/uploads\/2023\/09\/Copy-of-FootDavant-Logo.png","width":936,"height":549,"caption":"Foot d'avant"},"image":{"@id":"https:\/\/footdavant.fr\/actualites\/#\/schema\/logo\/image\/"},"sameAs":["https:\/\/www.facebook.com\/Footdavant\/","https:\/\/twitter.com\/FootdavantFr","https:\/\/www.instagram.com\/footdavant.fr\/"]},{"@type":"Person","@id":"https:\/\/footdavant.fr\/actualites\/#\/schema\/person\/bc222566d95871b37e597b3ed3ba5e1d","name":"Cl\u00e9ment","image":{"@type":"ImageObject","inLanguage":"fr-FR","@id":"https:\/\/footdavant.fr\/actualites\/#\/schema\/person\/image\/","url":"https:\/\/secure.gravatar.com\/avatar\/7728b29aac2719421e1a9159b2254c44?s=96&d=mm&r=g","contentUrl":"https:\/\/secure.gravatar.com\/avatar\/7728b29aac2719421e1a9159b2254c44?s=96&d=mm&r=g","caption":"Cl\u00e9ment"},"sameAs":["https:\/\/footdavant.fr\/"]}]}},"_links":{"self":[{"href":"https:\/\/footdavant.fr\/actualites\/wp-json\/wp\/v2\/posts\/3588"}],"collection":[{"href":"https:\/\/footdavant.fr\/actualites\/wp-json\/wp\/v2\/posts"}],"about":[{"href":"https:\/\/footdavant.fr\/actualites\/wp-json\/wp\/v2\/types\/post"}],"author":[{"embeddable":true,"href":"https:\/\/footdavant.fr\/actualites\/wp-json\/wp\/v2\/users\/1"}],"replies":[{"embeddable":true,"href":"https:\/\/footdavant.fr\/actualites\/wp-json\/wp\/v2\/comments?post=3588"}],"version-history":[{"count":1,"href":"https:\/\/footdavant.fr\/actualites\/wp-json\/wp\/v2\/posts\/3588\/revisions"}],"predecessor-version":[{"id":3590,"href":"https:\/\/footdavant.fr\/actualites\/wp-json\/wp\/v2\/posts\/3588\/revisions\/3590"}],"wp:featuredmedia":[{"embeddable":true,"href":"https:\/\/footdavant.fr\/actualites\/wp-json\/wp\/v2\/media\/3589"}],"wp:attachment":[{"href":"https:\/\/footdavant.fr\/actualites\/wp-json\/wp\/v2\/media?parent=3588"}],"wp:term":[{"taxonomy":"category","embeddable":true,"href":"https:\/\/footdavant.fr\/actualites\/wp-json\/wp\/v2\/categories?post=3588"},{"taxonomy":"post_tag","embeddable":true,"href":"https:\/\/footdavant.fr\/actualites\/wp-json\/wp\/v2\/tags?post=3588"}],"curies":[{"name":"wp","href":"https:\/\/api.w.org\/{rel}","templated":true}]}}