{"id":35880,"date":"2026-03-28T15:48:16","date_gmt":"2026-03-28T14:48:16","guid":{"rendered":"https:\/\/footdavant.fr\/actualites\/ben-white-hue-noni-madueke-sinquiete-de-la-blessure\/"},"modified":"2026-03-28T15:48:18","modified_gmt":"2026-03-28T14:48:18","slug":"ben-white-hue-noni-madueke-sinquiete-de-la-blessure","status":"publish","type":"post","link":"https:\/\/footdavant.fr\/actualites\/ben-white-hue-noni-madueke-sinquiete-de-la-blessure\/","title":{"rendered":"Ben White hu\u00e9, Noni Madueke s&#39;inqui\u00e8te de la blessure"},"content":{"rendered":"<div>\n<p>Bonjour \u00e0 tous, voici un petit r\u00e9sum\u00e9 d&#39;Interlull pour vous.<\/p>\n<p>Ce fut une soir\u00e9e mouvement\u00e9e pour Ben White qui, selon certaines informations, a \u00e9t\u00e9 hu\u00e9 lorsqu&#39;il a \u00e9t\u00e9 pr\u00e9sent\u00e9 comme rempla\u00e7ant en seconde p\u00e9riode pour l&#39;Angleterre lors du match nul 1-1 contre l&#39;Uruguay hier soir. Ce n\u2019est pas inattendu, je suppose, mais c\u2019est quand m\u00eame nul. Puis il a marqu\u00e9 un but, \u00e7a devrait lui gagner les faveurs des connards. Cela ne semble pas \u00eatre le cas, selon le rapport du match du Guardian : <\/p>\n<p>Parfois, la vie est compliqu\u00e9e. Il est difficile de savoir quoi penser sur certains sujets, mais \u00e0 mon avis, il y a une clart\u00e9 \u00e9vidente \u00e0 ce sujet. Quiconque hue Ben White est un branleur. Simple. Ensuite, il y a eu un incident tardif au cours duquel un contact mineur de sa part dans la surface a vu l&#39;Uruguay accorder un penalty qui a \u00e9galis\u00e9. Je suppose qu&#39;il y avait plus de hu\u00e9es, mais\u2026 vous savez\u2026 des branleurs.<\/p>\n<p>Peut-\u00eatre que Ben White se demandera pourquoi il s&#39;est d\u00e9rang\u00e9, mais il pourrait aussi penser que ces branleurs ne sont que des branleurs, et il aurait raison. Tu sais pourquoi ? C&#39;est parce qu&#39;ils sont des branleurs. Mais une nouvelle plus inqui\u00e9tante est que Noni Madueke a d\u00e9but\u00e9 le match mais a d\u00fb sortir en premi\u00e8re mi-temps. Cela semble s&#39;\u00eatre produit \u00e0 ce moment-l\u00e0, mais je ne peux pas le dire avec certitude car je n&#39;ai pas regard\u00e9. Il y avait \u00e9galement des images d&#39;apr\u00e8s-match de lui avec une attelle \u00e0 la jambe qui, m\u00eame s&#39;ils font preuve d&#39;une grande prudence face \u00e0 ce probl\u00e8me potentiel, n&#39;est jamais bon signe.<\/p>\n<p>Cela doit \u00eatre un cauchemar pour un manager lorsque des joueurs partent pour ces matchs amicaux d\u00e9nu\u00e9s de sens juste au moment o\u00f9 nous sommes sur le point d&#39;entrer dans les affaires de fin de saison, et qu&#39;ils se blessent. Le d\u00e9fi lanc\u00e9 \u00e0 Phil Foden, m\u00eame si je veux que nous \u00e9liminions Man City et remportions le titre, \u00e9tait une honte absolue de la part du lourdaud en chef de Barcelone, Ronald Araujo, et le type n&#39;\u00e9tait m\u00eame pas r\u00e9serv\u00e9. Nous devrons donc simplement attendre et voir Madueke, et je suis s\u00fbr que Mikel Arteta ne sera pas tr\u00e8s satisfait.<\/p>\n<p>Pour moi, peu importe ce que vous pensez d\u2019un joueur, il n\u2019y a aucun avantage \u00e0 une blessure \u00e0 ce stade de la saison. Nous avons besoin d\u2019autant de personnes sur le pont que possible, d\u2019autant d\u2019options que possible, car chaque match sera un grand d\u00e9fi. Croisons les doigts pour Madueke, mais quand on voit un joueur avec sa jambe dans un corset avec moins de 2 mois de la saison \u00e0 jouer, on ne peut s&#39;emp\u00eacher de craindre que sa course soit courue pour cette campagne. Apr\u00e8s la blessure d&#39;Eberechi Eze la semaine derni\u00e8re, c&#39;est une autre complication dont nous n&#39;avions vraiment pas besoin.<\/p>\n<p>Ailleurs, Kai Havertz a jou\u00e9 62 minutes lors de la victoire 4-3 de l&#39;Allemagne contre la Suisse. Il n&#39;a pas \u00e9t\u00e9 inscrit sur la feuille de match mais a r\u00e9ussi quelques tirs cadr\u00e9s et a rat\u00e9 1 grosse occasion, selon . Esp\u00e9rons que ce soient des minutes utiles pour lui tout de m\u00eame. Martin Zubimendi a remplac\u00e9 Rodri \u00e0 la 77e minute de la victoire 3-0 de l&#39;Espagne contre la Serbie, un match dans lequel Cristhian Mosquera a fait ses d\u00e9buts complets, alors f\u00e9licitations \u00e0 lui. Et \u00e0 Andorre, Ethan Nwaneri et Myles Lewis-Skelly ont tous deux jou\u00e9 les 90 minutes alors que les U21 anglais avaient besoin d&#39;un penalty tardif pour sauver un match nul 1-1 contre la petite nation d&#39;origine.<\/p>\n<p>: On dirait qu&#39;Ethan est sorti en seconde p\u00e9riode.<\/p>\n<p>Je pense que c&#39;est tout jusqu&#39;\u00e0 la semaine prochaine, alors restons l\u00e0 pour ce matin. Je reviendrai avec plus ici demain, nous pourrions perdre une heure de sommeil lorsque les horloges avanceront ce soir, mais nous aurons ces soir\u00e9es plus lumineuses alors que nous nous dirigeons vers l&#39;\u00e9t\u00e9.<\/p>\n<p>Profitez de votre samedi les amis.<\/p>\n<\/div>\n","protected":false},"excerpt":{"rendered":"<p>Bonjour \u00e0 tous, voici un petit r\u00e9sum\u00e9 d&#39;Interlull pour vous. Ce fut une soir\u00e9e mouvement\u00e9e pour Ben White qui, selon certaines informations, a \u00e9t\u00e9 hu\u00e9<\/p>\n","protected":false},"author":1,"featured_media":35881,"comment_status":"closed","ping_status":"","sticky":false,"template":"","format":"standard","meta":{"footnotes":""},"categories":[3],"tags":[1773,15,9204,2602,6221,5892,1774],"yoast_head":"<!-- This site is optimized with the Yoast SEO plugin v21.0 - https:\/\/yoast.com\/wordpress\/plugins\/seo\/ -->\n<title>Ben White hu\u00e9, Noni Madueke s&#039;inqui\u00e8te de la blessure<\/title>\n<meta name=\"robots\" content=\"index, follow, max-snippet:-1, max-image-preview:large, max-video-preview:-1\" \/>\n<link rel=\"canonical\" href=\"https:\/\/footdavant.fr\/actualites\/ben-white-hue-noni-madueke-sinquiete-de-la-blessure\/\" \/>\n<meta property=\"og:locale\" content=\"fr_FR\" \/>\n<meta property=\"og:type\" content=\"article\" \/>\n<meta property=\"og:title\" content=\"Ben White hu\u00e9, Noni Madueke s&#039;inqui\u00e8te de la blessure\" \/>\n<meta property=\"og:description\" content=\"Bonjour \u00e0 tous, voici un petit r\u00e9sum\u00e9 d&#039;Interlull pour vous. Ce fut une soir\u00e9e mouvement\u00e9e pour Ben White qui, selon certaines informations, a \u00e9t\u00e9 hu\u00e9\" \/>\n<meta property=\"og:url\" content=\"https:\/\/footdavant.fr\/actualites\/ben-white-hue-noni-madueke-sinquiete-de-la-blessure\/\" \/>\n<meta property=\"og:site_name\" content=\"Foot d&#039;avant\" \/>\n<meta property=\"article:publisher\" content=\"https:\/\/www.facebook.com\/Footdavant\/\" \/>\n<meta property=\"article:published_time\" content=\"2026-03-28T14:48:16+00:00\" \/>\n<meta property=\"article:modified_time\" content=\"2026-03-28T14:48:18+00:00\" \/>\n<meta property=\"og:image\" content=\"https:\/\/footdavant.fr\/actualites\/wp-content\/uploads\/2026\/03\/Ben-White-hue-Noni-Madueke-s39inquiete-de-la-blessure.jpg\" \/>\n\t<meta property=\"og:image:width\" content=\"1500\" \/>\n\t<meta property=\"og:image:height\" content=\"750\" \/>\n\t<meta property=\"og:image:type\" content=\"image\/jpeg\" \/>\n<meta name=\"author\" content=\"Cl\u00e9ment\" \/>\n<meta name=\"twitter:card\" content=\"summary_large_image\" \/>\n<meta name=\"twitter:creator\" content=\"@FootdavantFr\" \/>\n<meta name=\"twitter:site\" content=\"@FootdavantFr\" \/>\n<meta name=\"twitter:label1\" content=\"\u00c9crit par\" \/>\n\t<meta name=\"twitter:data1\" content=\"Cl\u00e9ment\" \/>\n\t<meta name=\"twitter:label2\" content=\"Dur\u00e9e de lecture estim\u00e9e\" \/>\n\t<meta name=\"twitter:data2\" content=\"4 minutes\" \/>\n<script type=\"application\/ld+json\" class=\"yoast-schema-graph\">{\"@context\":\"https:\/\/schema.org\",\"@graph\":[{\"@type\":\"Article\",\"@id\":\"https:\/\/footdavant.fr\/actualites\/ben-white-hue-noni-madueke-sinquiete-de-la-blessure\/#article\",\"isPartOf\":{\"@id\":\"https:\/\/footdavant.fr\/actualites\/ben-white-hue-noni-madueke-sinquiete-de-la-blessure\/\"},\"author\":{\"name\":\"Cl\u00e9ment\",\"@id\":\"https:\/\/footdavant.fr\/actualites\/#\/schema\/person\/bc222566d95871b37e597b3ed3ba5e1d\"},\"headline\":\"Ben White hu\u00e9, Noni Madueke s&#39;inqui\u00e8te de la blessure\",\"datePublished\":\"2026-03-28T14:48:16+00:00\",\"dateModified\":\"2026-03-28T14:48:18+00:00\",\"mainEntityOfPage\":{\"@id\":\"https:\/\/footdavant.fr\/actualites\/ben-white-hue-noni-madueke-sinquiete-de-la-blessure\/\"},\"wordCount\":728,\"publisher\":{\"@id\":\"https:\/\/footdavant.fr\/actualites\/#organization\"},\"keywords\":[\"Ben\",\"Blessure\",\"hu\u00e9\",\"Madueke\",\"Noni\",\"s39inqui\u00e8te\",\"White\"],\"articleSection\":[\"Football\"],\"inLanguage\":\"fr-FR\"},{\"@type\":\"WebPage\",\"@id\":\"https:\/\/footdavant.fr\/actualites\/ben-white-hue-noni-madueke-sinquiete-de-la-blessure\/\",\"url\":\"https:\/\/footdavant.fr\/actualites\/ben-white-hue-noni-madueke-sinquiete-de-la-blessure\/\",\"name\":\"Ben White hu\u00e9, Noni Madueke s&#39;inqui\u00e8te de la blessure\",\"isPartOf\":{\"@id\":\"https:\/\/footdavant.fr\/actualites\/#website\"},\"datePublished\":\"2026-03-28T14:48:16+00:00\",\"dateModified\":\"2026-03-28T14:48:18+00:00\",\"breadcrumb\":{\"@id\":\"https:\/\/footdavant.fr\/actualites\/ben-white-hue-noni-madueke-sinquiete-de-la-blessure\/#breadcrumb\"},\"inLanguage\":\"fr-FR\",\"potentialAction\":[{\"@type\":\"ReadAction\",\"target\":[\"https:\/\/footdavant.fr\/actualites\/ben-white-hue-noni-madueke-sinquiete-de-la-blessure\/\"]}]},{\"@type\":\"BreadcrumbList\",\"@id\":\"https:\/\/footdavant.fr\/actualites\/ben-white-hue-noni-madueke-sinquiete-de-la-blessure\/#breadcrumb\",\"itemListElement\":[{\"@type\":\"ListItem\",\"position\":1,\"name\":\"Accueil\",\"item\":\"https:\/\/footdavant.fr\/actualites\/\"},{\"@type\":\"ListItem\",\"position\":2,\"name\":\"Ben White hu\u00e9, Noni Madueke s&#39;inqui\u00e8te de la blessure\"}]},{\"@type\":\"WebSite\",\"@id\":\"https:\/\/footdavant.fr\/actualites\/#website\",\"url\":\"https:\/\/footdavant.fr\/actualites\/\",\"name\":\"Foot d'avant\",\"description\":\"\",\"publisher\":{\"@id\":\"https:\/\/footdavant.fr\/actualites\/#organization\"},\"potentialAction\":[{\"@type\":\"SearchAction\",\"target\":{\"@type\":\"EntryPoint\",\"urlTemplate\":\"https:\/\/footdavant.fr\/actualites\/?s={search_term_string}\"},\"query-input\":\"required name=search_term_string\"}],\"inLanguage\":\"fr-FR\"},{\"@type\":\"Organization\",\"@id\":\"https:\/\/footdavant.fr\/actualites\/#organization\",\"name\":\"Foot d'avant\",\"url\":\"https:\/\/footdavant.fr\/actualites\/\",\"logo\":{\"@type\":\"ImageObject\",\"inLanguage\":\"fr-FR\",\"@id\":\"https:\/\/footdavant.fr\/actualites\/#\/schema\/logo\/image\/\",\"url\":\"https:\/\/footdavant.fr\/actualites\/wp-content\/uploads\/2023\/09\/Copy-of-FootDavant-Logo.png\",\"contentUrl\":\"https:\/\/footdavant.fr\/actualites\/wp-content\/uploads\/2023\/09\/Copy-of-FootDavant-Logo.png\",\"width\":936,\"height\":549,\"caption\":\"Foot d'avant\"},\"image\":{\"@id\":\"https:\/\/footdavant.fr\/actualites\/#\/schema\/logo\/image\/\"},\"sameAs\":[\"https:\/\/www.facebook.com\/Footdavant\/\",\"https:\/\/twitter.com\/FootdavantFr\",\"https:\/\/www.instagram.com\/footdavant.fr\/\"]},{\"@type\":\"Person\",\"@id\":\"https:\/\/footdavant.fr\/actualites\/#\/schema\/person\/bc222566d95871b37e597b3ed3ba5e1d\",\"name\":\"Cl\u00e9ment\",\"image\":{\"@type\":\"ImageObject\",\"inLanguage\":\"fr-FR\",\"@id\":\"https:\/\/footdavant.fr\/actualites\/#\/schema\/person\/image\/\",\"url\":\"https:\/\/secure.gravatar.com\/avatar\/7728b29aac2719421e1a9159b2254c44?s=96&d=mm&r=g\",\"contentUrl\":\"https:\/\/secure.gravatar.com\/avatar\/7728b29aac2719421e1a9159b2254c44?s=96&d=mm&r=g\",\"caption\":\"Cl\u00e9ment\"},\"sameAs\":[\"https:\/\/footdavant.fr\/\"]}]}<\/script>\n<!-- \/ Yoast SEO plugin. -->","yoast_head_json":{"title":"Ben White hu\u00e9, Noni Madueke s&#39;inqui\u00e8te de la blessure","robots":{"index":"index","follow":"follow","max-snippet":"max-snippet:-1","max-image-preview":"max-image-preview:large","max-video-preview":"max-video-preview:-1"},"canonical":"https:\/\/footdavant.fr\/actualites\/ben-white-hue-noni-madueke-sinquiete-de-la-blessure\/","og_locale":"fr_FR","og_type":"article","og_title":"Ben White hu\u00e9, Noni Madueke s&#39;inqui\u00e8te de la blessure","og_description":"Bonjour \u00e0 tous, voici un petit r\u00e9sum\u00e9 d&#39;Interlull pour vous. Ce fut une soir\u00e9e mouvement\u00e9e pour Ben White qui, selon certaines informations, a \u00e9t\u00e9 hu\u00e9","og_url":"https:\/\/footdavant.fr\/actualites\/ben-white-hue-noni-madueke-sinquiete-de-la-blessure\/","og_site_name":"Foot d&#039;avant","article_publisher":"https:\/\/www.facebook.com\/Footdavant\/","article_published_time":"2026-03-28T14:48:16+00:00","article_modified_time":"2026-03-28T14:48:18+00:00","og_image":[{"width":1500,"height":750,"url":"https:\/\/footdavant.fr\/actualites\/wp-content\/uploads\/2026\/03\/Ben-White-hue-Noni-Madueke-s39inquiete-de-la-blessure.jpg","type":"image\/jpeg"}],"author":"Cl\u00e9ment","twitter_card":"summary_large_image","twitter_creator":"@FootdavantFr","twitter_site":"@FootdavantFr","twitter_misc":{"\u00c9crit par":"Cl\u00e9ment","Dur\u00e9e de lecture estim\u00e9e":"4 minutes"},"schema":{"@context":"https:\/\/schema.org","@graph":[{"@type":"Article","@id":"https:\/\/footdavant.fr\/actualites\/ben-white-hue-noni-madueke-sinquiete-de-la-blessure\/#article","isPartOf":{"@id":"https:\/\/footdavant.fr\/actualites\/ben-white-hue-noni-madueke-sinquiete-de-la-blessure\/"},"author":{"name":"Cl\u00e9ment","@id":"https:\/\/footdavant.fr\/actualites\/#\/schema\/person\/bc222566d95871b37e597b3ed3ba5e1d"},"headline":"Ben White hu\u00e9, Noni Madueke s&#39;inqui\u00e8te de la blessure","datePublished":"2026-03-28T14:48:16+00:00","dateModified":"2026-03-28T14:48:18+00:00","mainEntityOfPage":{"@id":"https:\/\/footdavant.fr\/actualites\/ben-white-hue-noni-madueke-sinquiete-de-la-blessure\/"},"wordCount":728,"publisher":{"@id":"https:\/\/footdavant.fr\/actualites\/#organization"},"keywords":["Ben","Blessure","hu\u00e9","Madueke","Noni","s39inqui\u00e8te","White"],"articleSection":["Football"],"inLanguage":"fr-FR"},{"@type":"WebPage","@id":"https:\/\/footdavant.fr\/actualites\/ben-white-hue-noni-madueke-sinquiete-de-la-blessure\/","url":"https:\/\/footdavant.fr\/actualites\/ben-white-hue-noni-madueke-sinquiete-de-la-blessure\/","name":"Ben White hu\u00e9, Noni Madueke s&#39;inqui\u00e8te de la blessure","isPartOf":{"@id":"https:\/\/footdavant.fr\/actualites\/#website"},"datePublished":"2026-03-28T14:48:16+00:00","dateModified":"2026-03-28T14:48:18+00:00","breadcrumb":{"@id":"https:\/\/footdavant.fr\/actualites\/ben-white-hue-noni-madueke-sinquiete-de-la-blessure\/#breadcrumb"},"inLanguage":"fr-FR","potentialAction":[{"@type":"ReadAction","target":["https:\/\/footdavant.fr\/actualites\/ben-white-hue-noni-madueke-sinquiete-de-la-blessure\/"]}]},{"@type":"BreadcrumbList","@id":"https:\/\/footdavant.fr\/actualites\/ben-white-hue-noni-madueke-sinquiete-de-la-blessure\/#breadcrumb","itemListElement":[{"@type":"ListItem","position":1,"name":"Accueil","item":"https:\/\/footdavant.fr\/actualites\/"},{"@type":"ListItem","position":2,"name":"Ben White hu\u00e9, Noni Madueke s&#39;inqui\u00e8te de la blessure"}]},{"@type":"WebSite","@id":"https:\/\/footdavant.fr\/actualites\/#website","url":"https:\/\/footdavant.fr\/actualites\/","name":"Foot d'avant","description":"","publisher":{"@id":"https:\/\/footdavant.fr\/actualites\/#organization"},"potentialAction":[{"@type":"SearchAction","target":{"@type":"EntryPoint","urlTemplate":"https:\/\/footdavant.fr\/actualites\/?s={search_term_string}"},"query-input":"required name=search_term_string"}],"inLanguage":"fr-FR"},{"@type":"Organization","@id":"https:\/\/footdavant.fr\/actualites\/#organization","name":"Foot d'avant","url":"https:\/\/footdavant.fr\/actualites\/","logo":{"@type":"ImageObject","inLanguage":"fr-FR","@id":"https:\/\/footdavant.fr\/actualites\/#\/schema\/logo\/image\/","url":"https:\/\/footdavant.fr\/actualites\/wp-content\/uploads\/2023\/09\/Copy-of-FootDavant-Logo.png","contentUrl":"https:\/\/footdavant.fr\/actualites\/wp-content\/uploads\/2023\/09\/Copy-of-FootDavant-Logo.png","width":936,"height":549,"caption":"Foot d'avant"},"image":{"@id":"https:\/\/footdavant.fr\/actualites\/#\/schema\/logo\/image\/"},"sameAs":["https:\/\/www.facebook.com\/Footdavant\/","https:\/\/twitter.com\/FootdavantFr","https:\/\/www.instagram.com\/footdavant.fr\/"]},{"@type":"Person","@id":"https:\/\/footdavant.fr\/actualites\/#\/schema\/person\/bc222566d95871b37e597b3ed3ba5e1d","name":"Cl\u00e9ment","image":{"@type":"ImageObject","inLanguage":"fr-FR","@id":"https:\/\/footdavant.fr\/actualites\/#\/schema\/person\/image\/","url":"https:\/\/secure.gravatar.com\/avatar\/7728b29aac2719421e1a9159b2254c44?s=96&d=mm&r=g","contentUrl":"https:\/\/secure.gravatar.com\/avatar\/7728b29aac2719421e1a9159b2254c44?s=96&d=mm&r=g","caption":"Cl\u00e9ment"},"sameAs":["https:\/\/footdavant.fr\/"]}]}},"_links":{"self":[{"href":"https:\/\/footdavant.fr\/actualites\/wp-json\/wp\/v2\/posts\/35880"}],"collection":[{"href":"https:\/\/footdavant.fr\/actualites\/wp-json\/wp\/v2\/posts"}],"about":[{"href":"https:\/\/footdavant.fr\/actualites\/wp-json\/wp\/v2\/types\/post"}],"author":[{"embeddable":true,"href":"https:\/\/footdavant.fr\/actualites\/wp-json\/wp\/v2\/users\/1"}],"replies":[{"embeddable":true,"href":"https:\/\/footdavant.fr\/actualites\/wp-json\/wp\/v2\/comments?post=35880"}],"version-history":[{"count":1,"href":"https:\/\/footdavant.fr\/actualites\/wp-json\/wp\/v2\/posts\/35880\/revisions"}],"predecessor-version":[{"id":35882,"href":"https:\/\/footdavant.fr\/actualites\/wp-json\/wp\/v2\/posts\/35880\/revisions\/35882"}],"wp:featuredmedia":[{"embeddable":true,"href":"https:\/\/footdavant.fr\/actualites\/wp-json\/wp\/v2\/media\/35881"}],"wp:attachment":[{"href":"https:\/\/footdavant.fr\/actualites\/wp-json\/wp\/v2\/media?parent=35880"}],"wp:term":[{"taxonomy":"category","embeddable":true,"href":"https:\/\/footdavant.fr\/actualites\/wp-json\/wp\/v2\/categories?post=35880"},{"taxonomy":"post_tag","embeddable":true,"href":"https:\/\/footdavant.fr\/actualites\/wp-json\/wp\/v2\/tags?post=35880"}],"curies":[{"name":"wp","href":"https:\/\/api.w.org\/{rel}","templated":true}]}}