{"id":35883,"date":"2026-03-28T17:48:06","date_gmt":"2026-03-28T16:48:06","guid":{"rendered":"https:\/\/footdavant.fr\/actualites\/nouvelles-du-transfert-de-man-city-la-star-des-citizens-prete-a-demenager-a-letranger-au-milieu-dun-retard-de-contrat-preoccupant\/"},"modified":"2026-03-28T17:48:07","modified_gmt":"2026-03-28T16:48:07","slug":"nouvelles-du-transfert-de-man-city-la-star-des-citizens-prete-a-demenager-a-letranger-au-milieu-dun-retard-de-contrat-preoccupant","status":"publish","type":"post","link":"https:\/\/footdavant.fr\/actualites\/nouvelles-du-transfert-de-man-city-la-star-des-citizens-prete-a-demenager-a-letranger-au-milieu-dun-retard-de-contrat-preoccupant\/","title":{"rendered":"Nouvelles du transfert de Man City : la star des Citizens \u00ab pr\u00eate \u00e0 d\u00e9m\u00e9nager \u00e0 l\u2019\u00e9tranger \u00bb au milieu d\u2019un retard de contrat \u00ab pr\u00e9occupant \u00bb"},"content":{"rendered":"<div itemprop=\"articleBody\">\n<p>La star de Manchester City, Phil Foden, serait pr\u00eate \u00e0 d\u00e9m\u00e9nager \u00e0 l&#39;\u00e9tranger lors du prochain mercato estival.<\/p>\n<p>Le joueur de 25 ans a connu une saison difficile avec les Citizens, les experts \u00e9tant intrigu\u00e9s par la baisse des niveaux de performance de l&#39;attaquant.<\/p>\n<p>Foden est en train de n\u00e9gocier un contrat avec Man City, qui cherche \u00e0 retenir les services du joueur.<\/p>\n<p>L&#39;international anglais a disput\u00e9 26 matches de Premier League en 2025-26, marquant sept buts et fournissant trois passes d\u00e9cisives.<\/p>\n<p>Depuis qu&#39;il est dipl\u00f4m\u00e9 de l&#39;acad\u00e9mie du club, Foden a remport\u00e9 18 troph\u00e9es majeurs, dont six titres de Premier League.<\/p>\n<div>\n<div>\n<div>\n<p>\u00a9 Imago \/ Sportimage<\/p>\n<\/div>\n<\/div>\n<\/div>\n<h2>La star de Man City, Foden, se pr\u00e9pare-t-elle \u00e0 passer \u00e0 l\u2019Europe ?<\/h2>\n<p>Selon <em>Initi\u00e9 au football<\/em>la star de Man City, Foden, pourrait changer de d\u00e9cor avant la campagne 2026-27.<\/p>\n<p>Le rapport affirme que le joueur de 25 ans est pr\u00eat \u00e0 partir \u00e0 l&#39;\u00e9tranger cet \u00e9t\u00e9 si un nouvel accord avec les Citizens ne peut \u00eatre conclu.<\/p>\n<p>Foden est actuellement engag\u00e9 aux c\u00f4t\u00e9s de Pep Guardiola jusqu&#39;en juin 2027, apr\u00e8s quoi il pourrait partir avec un transfert gratuit.<\/p>\n<p>Il est entendu que Man City souhaite fortement conserver l\u2019attaquant, malgr\u00e9 sa r\u00e9duction du temps de jeu cette saison.<\/p>\n<p>Sans surprise, compte tenu de son talent incontestable, de nombreux grands clubs europ\u00e9ens seraient int\u00e9ress\u00e9s par Foden.<\/p>\n<div>\n<div>\n<div><img decoding=\"async\" data-img-id=\"155409\" class=\"lazy\" loading=\"lazy\" src=\"https:\/\/footdavant.fr\/actualites\/wp-content\/uploads\/2026\/03\/1774154946_416_Eberechi-Eze-d39Arsenal-poursuit-l39exploit-de-Didier-Drogba-en-finale.webp\"\/><\/p>\n<p>\u00a9 Imago \/ Action Plus<\/p>\n<\/div>\n<\/div>\n<\/div>\n<h2>Pourquoi Foden est-il assis sur le banc ?<\/h2>\n<p>N&#39;ayant effectu\u00e9 qu&#39;un seul d\u00e9part lors des huit derniers matches de Man City, Foden est actuellement en marge de la r\u00e9flexion de Guardiola.<\/p>\n<p>Rayan Cherki a impressionn\u00e9 ces derniers temps, occupant le r\u00f4le d&#39;attaquant central derri\u00e8re Erling Haaland.<\/p>\n<p>Recrut\u00e9 \u00e0 Bournemouth en janvier, Antoine Semenyo a assur\u00e9 davantage de concurrence pour les d\u00e9parts sur les ailes.<\/p>\n<\/div>\n","protected":false},"excerpt":{"rendered":"<p>La star de Manchester City, Phil Foden, serait pr\u00eate \u00e0 d\u00e9m\u00e9nager \u00e0 l&#39;\u00e9tranger lors du prochain mercato estival. Le joueur de 25 ans a connu<\/p>\n","protected":false},"author":1,"featured_media":35884,"comment_status":"closed","ping_status":"","sticky":false,"template":"","format":"standard","meta":{"footnotes":""},"categories":[5],"tags":[5359,27,1218,601,12,164,11743,24,441,461,11744,1602,2884,1621,700],"yoast_head":"<!-- This site is optimized with the Yoast SEO plugin v21.0 - https:\/\/yoast.com\/wordpress\/plugins\/seo\/ -->\n<title>Nouvelles du transfert de Man City : la star des Citizens \u00ab pr\u00eate \u00e0 d\u00e9m\u00e9nager \u00e0 l\u2019\u00e9tranger \u00bb au milieu d\u2019un retard de contrat \u00ab pr\u00e9occupant \u00bb<\/title>\n<meta name=\"robots\" content=\"index, follow, max-snippet:-1, max-image-preview:large, max-video-preview:-1\" \/>\n<link rel=\"canonical\" href=\"https:\/\/footdavant.fr\/actualites\/nouvelles-du-transfert-de-man-city-la-star-des-citizens-prete-a-demenager-a-letranger-au-milieu-dun-retard-de-contrat-preoccupant\/\" \/>\n<meta property=\"og:locale\" content=\"fr_FR\" \/>\n<meta property=\"og:type\" content=\"article\" \/>\n<meta property=\"og:title\" content=\"Nouvelles du transfert de Man City : la star des Citizens \u00ab pr\u00eate \u00e0 d\u00e9m\u00e9nager \u00e0 l\u2019\u00e9tranger \u00bb au milieu d\u2019un retard de contrat \u00ab pr\u00e9occupant \u00bb\" \/>\n<meta property=\"og:description\" content=\"La star de Manchester City, Phil Foden, serait pr\u00eate \u00e0 d\u00e9m\u00e9nager \u00e0 l&#039;\u00e9tranger lors du prochain mercato estival. Le joueur de 25 ans a connu\" \/>\n<meta property=\"og:url\" content=\"https:\/\/footdavant.fr\/actualites\/nouvelles-du-transfert-de-man-city-la-star-des-citizens-prete-a-demenager-a-letranger-au-milieu-dun-retard-de-contrat-preoccupant\/\" \/>\n<meta property=\"og:site_name\" content=\"Foot d&#039;avant\" \/>\n<meta property=\"article:publisher\" content=\"https:\/\/www.facebook.com\/Footdavant\/\" \/>\n<meta property=\"article:published_time\" content=\"2026-03-28T16:48:06+00:00\" \/>\n<meta property=\"article:modified_time\" content=\"2026-03-28T16:48:07+00:00\" \/>\n<meta property=\"og:image\" content=\"https:\/\/footdavant.fr\/actualites\/wp-content\/uploads\/2026\/03\/Nouvelles-du-transfert-de-Man-City-la-star-des.net2Fuploads2F20262F022Fpro-sports-image.webp\" \/>\n\t<meta property=\"og:image:width\" content=\"720\" \/>\n\t<meta property=\"og:image:height\" content=\"410\" \/>\n\t<meta property=\"og:image:type\" content=\"image\/webp\" \/>\n<meta name=\"author\" content=\"Cl\u00e9ment\" \/>\n<meta name=\"twitter:card\" content=\"summary_large_image\" \/>\n<meta name=\"twitter:creator\" content=\"@FootdavantFr\" \/>\n<meta name=\"twitter:site\" content=\"@FootdavantFr\" \/>\n<meta name=\"twitter:label1\" content=\"\u00c9crit par\" \/>\n\t<meta name=\"twitter:data1\" content=\"Cl\u00e9ment\" \/>\n\t<meta name=\"twitter:label2\" content=\"Dur\u00e9e de lecture estim\u00e9e\" \/>\n\t<meta name=\"twitter:data2\" content=\"2 minutes\" \/>\n<script type=\"application\/ld+json\" class=\"yoast-schema-graph\">{\"@context\":\"https:\/\/schema.org\",\"@graph\":[{\"@type\":\"Article\",\"@id\":\"https:\/\/footdavant.fr\/actualites\/nouvelles-du-transfert-de-man-city-la-star-des-citizens-prete-a-demenager-a-letranger-au-milieu-dun-retard-de-contrat-preoccupant\/#article\",\"isPartOf\":{\"@id\":\"https:\/\/footdavant.fr\/actualites\/nouvelles-du-transfert-de-man-city-la-star-des-citizens-prete-a-demenager-a-letranger-au-milieu-dun-retard-de-contrat-preoccupant\/\"},\"author\":{\"name\":\"Cl\u00e9ment\",\"@id\":\"https:\/\/footdavant.fr\/actualites\/#\/schema\/person\/bc222566d95871b37e597b3ed3ba5e1d\"},\"headline\":\"Nouvelles du transfert de Man City : la star des Citizens \u00ab pr\u00eate \u00e0 d\u00e9m\u00e9nager \u00e0 l\u2019\u00e9tranger \u00bb au milieu d\u2019un retard de contrat \u00ab pr\u00e9occupant \u00bb\",\"datePublished\":\"2026-03-28T16:48:06+00:00\",\"dateModified\":\"2026-03-28T16:48:07+00:00\",\"mainEntityOfPage\":{\"@id\":\"https:\/\/footdavant.fr\/actualites\/nouvelles-du-transfert-de-man-city-la-star-des-citizens-prete-a-demenager-a-letranger-au-milieu-dun-retard-de-contrat-preoccupant\/\"},\"wordCount\":333,\"publisher\":{\"@id\":\"https:\/\/footdavant.fr\/actualites\/#organization\"},\"keywords\":[\"Citizens\",\"City\",\"contrat\",\"d\u00e9m\u00e9nager\",\"des\",\"dun\",\"l\u00e9tranger\",\"Man\",\"milieu\",\"Nouvelles\",\"pr\u00e9occupant\",\"pr\u00eat\u00e9\",\"retard\",\"Star\",\"transfert\"],\"articleSection\":[\"Premier League\"],\"inLanguage\":\"fr-FR\"},{\"@type\":\"WebPage\",\"@id\":\"https:\/\/footdavant.fr\/actualites\/nouvelles-du-transfert-de-man-city-la-star-des-citizens-prete-a-demenager-a-letranger-au-milieu-dun-retard-de-contrat-preoccupant\/\",\"url\":\"https:\/\/footdavant.fr\/actualites\/nouvelles-du-transfert-de-man-city-la-star-des-citizens-prete-a-demenager-a-letranger-au-milieu-dun-retard-de-contrat-preoccupant\/\",\"name\":\"Nouvelles du transfert de Man City : la star des Citizens \u00ab pr\u00eate \u00e0 d\u00e9m\u00e9nager \u00e0 l\u2019\u00e9tranger \u00bb au milieu d\u2019un retard de contrat \u00ab pr\u00e9occupant \u00bb\",\"isPartOf\":{\"@id\":\"https:\/\/footdavant.fr\/actualites\/#website\"},\"datePublished\":\"2026-03-28T16:48:06+00:00\",\"dateModified\":\"2026-03-28T16:48:07+00:00\",\"breadcrumb\":{\"@id\":\"https:\/\/footdavant.fr\/actualites\/nouvelles-du-transfert-de-man-city-la-star-des-citizens-prete-a-demenager-a-letranger-au-milieu-dun-retard-de-contrat-preoccupant\/#breadcrumb\"},\"inLanguage\":\"fr-FR\",\"potentialAction\":[{\"@type\":\"ReadAction\",\"target\":[\"https:\/\/footdavant.fr\/actualites\/nouvelles-du-transfert-de-man-city-la-star-des-citizens-prete-a-demenager-a-letranger-au-milieu-dun-retard-de-contrat-preoccupant\/\"]}]},{\"@type\":\"BreadcrumbList\",\"@id\":\"https:\/\/footdavant.fr\/actualites\/nouvelles-du-transfert-de-man-city-la-star-des-citizens-prete-a-demenager-a-letranger-au-milieu-dun-retard-de-contrat-preoccupant\/#breadcrumb\",\"itemListElement\":[{\"@type\":\"ListItem\",\"position\":1,\"name\":\"Accueil\",\"item\":\"https:\/\/footdavant.fr\/actualites\/\"},{\"@type\":\"ListItem\",\"position\":2,\"name\":\"Nouvelles du transfert de Man City : la star des Citizens \u00ab pr\u00eate \u00e0 d\u00e9m\u00e9nager \u00e0 l\u2019\u00e9tranger \u00bb au milieu d\u2019un retard de contrat \u00ab pr\u00e9occupant \u00bb\"}]},{\"@type\":\"WebSite\",\"@id\":\"https:\/\/footdavant.fr\/actualites\/#website\",\"url\":\"https:\/\/footdavant.fr\/actualites\/\",\"name\":\"Foot d'avant\",\"description\":\"\",\"publisher\":{\"@id\":\"https:\/\/footdavant.fr\/actualites\/#organization\"},\"potentialAction\":[{\"@type\":\"SearchAction\",\"target\":{\"@type\":\"EntryPoint\",\"urlTemplate\":\"https:\/\/footdavant.fr\/actualites\/?s={search_term_string}\"},\"query-input\":\"required name=search_term_string\"}],\"inLanguage\":\"fr-FR\"},{\"@type\":\"Organization\",\"@id\":\"https:\/\/footdavant.fr\/actualites\/#organization\",\"name\":\"Foot d'avant\",\"url\":\"https:\/\/footdavant.fr\/actualites\/\",\"logo\":{\"@type\":\"ImageObject\",\"inLanguage\":\"fr-FR\",\"@id\":\"https:\/\/footdavant.fr\/actualites\/#\/schema\/logo\/image\/\",\"url\":\"https:\/\/footdavant.fr\/actualites\/wp-content\/uploads\/2023\/09\/Copy-of-FootDavant-Logo.png\",\"contentUrl\":\"https:\/\/footdavant.fr\/actualites\/wp-content\/uploads\/2023\/09\/Copy-of-FootDavant-Logo.png\",\"width\":936,\"height\":549,\"caption\":\"Foot d'avant\"},\"image\":{\"@id\":\"https:\/\/footdavant.fr\/actualites\/#\/schema\/logo\/image\/\"},\"sameAs\":[\"https:\/\/www.facebook.com\/Footdavant\/\",\"https:\/\/twitter.com\/FootdavantFr\",\"https:\/\/www.instagram.com\/footdavant.fr\/\"]},{\"@type\":\"Person\",\"@id\":\"https:\/\/footdavant.fr\/actualites\/#\/schema\/person\/bc222566d95871b37e597b3ed3ba5e1d\",\"name\":\"Cl\u00e9ment\",\"image\":{\"@type\":\"ImageObject\",\"inLanguage\":\"fr-FR\",\"@id\":\"https:\/\/footdavant.fr\/actualites\/#\/schema\/person\/image\/\",\"url\":\"https:\/\/secure.gravatar.com\/avatar\/7728b29aac2719421e1a9159b2254c44?s=96&d=mm&r=g\",\"contentUrl\":\"https:\/\/secure.gravatar.com\/avatar\/7728b29aac2719421e1a9159b2254c44?s=96&d=mm&r=g\",\"caption\":\"Cl\u00e9ment\"},\"sameAs\":[\"https:\/\/footdavant.fr\/\"]}]}<\/script>\n<!-- \/ Yoast SEO plugin. -->","yoast_head_json":{"title":"Nouvelles du transfert de Man City : la star des Citizens \u00ab pr\u00eate \u00e0 d\u00e9m\u00e9nager \u00e0 l\u2019\u00e9tranger \u00bb au milieu d\u2019un retard de contrat \u00ab pr\u00e9occupant \u00bb","robots":{"index":"index","follow":"follow","max-snippet":"max-snippet:-1","max-image-preview":"max-image-preview:large","max-video-preview":"max-video-preview:-1"},"canonical":"https:\/\/footdavant.fr\/actualites\/nouvelles-du-transfert-de-man-city-la-star-des-citizens-prete-a-demenager-a-letranger-au-milieu-dun-retard-de-contrat-preoccupant\/","og_locale":"fr_FR","og_type":"article","og_title":"Nouvelles du transfert de Man City : la star des Citizens \u00ab pr\u00eate \u00e0 d\u00e9m\u00e9nager \u00e0 l\u2019\u00e9tranger \u00bb au milieu d\u2019un retard de contrat \u00ab pr\u00e9occupant \u00bb","og_description":"La star de Manchester City, Phil Foden, serait pr\u00eate \u00e0 d\u00e9m\u00e9nager \u00e0 l&#39;\u00e9tranger lors du prochain mercato estival. Le joueur de 25 ans a connu","og_url":"https:\/\/footdavant.fr\/actualites\/nouvelles-du-transfert-de-man-city-la-star-des-citizens-prete-a-demenager-a-letranger-au-milieu-dun-retard-de-contrat-preoccupant\/","og_site_name":"Foot d&#039;avant","article_publisher":"https:\/\/www.facebook.com\/Footdavant\/","article_published_time":"2026-03-28T16:48:06+00:00","article_modified_time":"2026-03-28T16:48:07+00:00","og_image":[{"width":720,"height":410,"url":"https:\/\/footdavant.fr\/actualites\/wp-content\/uploads\/2026\/03\/Nouvelles-du-transfert-de-Man-City-la-star-des.net2Fuploads2F20262F022Fpro-sports-image.webp","type":"image\/webp"}],"author":"Cl\u00e9ment","twitter_card":"summary_large_image","twitter_creator":"@FootdavantFr","twitter_site":"@FootdavantFr","twitter_misc":{"\u00c9crit par":"Cl\u00e9ment","Dur\u00e9e de lecture estim\u00e9e":"2 minutes"},"schema":{"@context":"https:\/\/schema.org","@graph":[{"@type":"Article","@id":"https:\/\/footdavant.fr\/actualites\/nouvelles-du-transfert-de-man-city-la-star-des-citizens-prete-a-demenager-a-letranger-au-milieu-dun-retard-de-contrat-preoccupant\/#article","isPartOf":{"@id":"https:\/\/footdavant.fr\/actualites\/nouvelles-du-transfert-de-man-city-la-star-des-citizens-prete-a-demenager-a-letranger-au-milieu-dun-retard-de-contrat-preoccupant\/"},"author":{"name":"Cl\u00e9ment","@id":"https:\/\/footdavant.fr\/actualites\/#\/schema\/person\/bc222566d95871b37e597b3ed3ba5e1d"},"headline":"Nouvelles du transfert de Man City : la star des Citizens \u00ab pr\u00eate \u00e0 d\u00e9m\u00e9nager \u00e0 l\u2019\u00e9tranger \u00bb au milieu d\u2019un retard de contrat \u00ab pr\u00e9occupant \u00bb","datePublished":"2026-03-28T16:48:06+00:00","dateModified":"2026-03-28T16:48:07+00:00","mainEntityOfPage":{"@id":"https:\/\/footdavant.fr\/actualites\/nouvelles-du-transfert-de-man-city-la-star-des-citizens-prete-a-demenager-a-letranger-au-milieu-dun-retard-de-contrat-preoccupant\/"},"wordCount":333,"publisher":{"@id":"https:\/\/footdavant.fr\/actualites\/#organization"},"keywords":["Citizens","City","contrat","d\u00e9m\u00e9nager","des","dun","l\u00e9tranger","Man","milieu","Nouvelles","pr\u00e9occupant","pr\u00eat\u00e9","retard","Star","transfert"],"articleSection":["Premier League"],"inLanguage":"fr-FR"},{"@type":"WebPage","@id":"https:\/\/footdavant.fr\/actualites\/nouvelles-du-transfert-de-man-city-la-star-des-citizens-prete-a-demenager-a-letranger-au-milieu-dun-retard-de-contrat-preoccupant\/","url":"https:\/\/footdavant.fr\/actualites\/nouvelles-du-transfert-de-man-city-la-star-des-citizens-prete-a-demenager-a-letranger-au-milieu-dun-retard-de-contrat-preoccupant\/","name":"Nouvelles du transfert de Man City : la star des Citizens \u00ab pr\u00eate \u00e0 d\u00e9m\u00e9nager \u00e0 l\u2019\u00e9tranger \u00bb au milieu d\u2019un retard de contrat \u00ab pr\u00e9occupant \u00bb","isPartOf":{"@id":"https:\/\/footdavant.fr\/actualites\/#website"},"datePublished":"2026-03-28T16:48:06+00:00","dateModified":"2026-03-28T16:48:07+00:00","breadcrumb":{"@id":"https:\/\/footdavant.fr\/actualites\/nouvelles-du-transfert-de-man-city-la-star-des-citizens-prete-a-demenager-a-letranger-au-milieu-dun-retard-de-contrat-preoccupant\/#breadcrumb"},"inLanguage":"fr-FR","potentialAction":[{"@type":"ReadAction","target":["https:\/\/footdavant.fr\/actualites\/nouvelles-du-transfert-de-man-city-la-star-des-citizens-prete-a-demenager-a-letranger-au-milieu-dun-retard-de-contrat-preoccupant\/"]}]},{"@type":"BreadcrumbList","@id":"https:\/\/footdavant.fr\/actualites\/nouvelles-du-transfert-de-man-city-la-star-des-citizens-prete-a-demenager-a-letranger-au-milieu-dun-retard-de-contrat-preoccupant\/#breadcrumb","itemListElement":[{"@type":"ListItem","position":1,"name":"Accueil","item":"https:\/\/footdavant.fr\/actualites\/"},{"@type":"ListItem","position":2,"name":"Nouvelles du transfert de Man City : la star des Citizens \u00ab pr\u00eate \u00e0 d\u00e9m\u00e9nager \u00e0 l\u2019\u00e9tranger \u00bb au milieu d\u2019un retard de contrat \u00ab pr\u00e9occupant \u00bb"}]},{"@type":"WebSite","@id":"https:\/\/footdavant.fr\/actualites\/#website","url":"https:\/\/footdavant.fr\/actualites\/","name":"Foot d'avant","description":"","publisher":{"@id":"https:\/\/footdavant.fr\/actualites\/#organization"},"potentialAction":[{"@type":"SearchAction","target":{"@type":"EntryPoint","urlTemplate":"https:\/\/footdavant.fr\/actualites\/?s={search_term_string}"},"query-input":"required name=search_term_string"}],"inLanguage":"fr-FR"},{"@type":"Organization","@id":"https:\/\/footdavant.fr\/actualites\/#organization","name":"Foot d'avant","url":"https:\/\/footdavant.fr\/actualites\/","logo":{"@type":"ImageObject","inLanguage":"fr-FR","@id":"https:\/\/footdavant.fr\/actualites\/#\/schema\/logo\/image\/","url":"https:\/\/footdavant.fr\/actualites\/wp-content\/uploads\/2023\/09\/Copy-of-FootDavant-Logo.png","contentUrl":"https:\/\/footdavant.fr\/actualites\/wp-content\/uploads\/2023\/09\/Copy-of-FootDavant-Logo.png","width":936,"height":549,"caption":"Foot d'avant"},"image":{"@id":"https:\/\/footdavant.fr\/actualites\/#\/schema\/logo\/image\/"},"sameAs":["https:\/\/www.facebook.com\/Footdavant\/","https:\/\/twitter.com\/FootdavantFr","https:\/\/www.instagram.com\/footdavant.fr\/"]},{"@type":"Person","@id":"https:\/\/footdavant.fr\/actualites\/#\/schema\/person\/bc222566d95871b37e597b3ed3ba5e1d","name":"Cl\u00e9ment","image":{"@type":"ImageObject","inLanguage":"fr-FR","@id":"https:\/\/footdavant.fr\/actualites\/#\/schema\/person\/image\/","url":"https:\/\/secure.gravatar.com\/avatar\/7728b29aac2719421e1a9159b2254c44?s=96&d=mm&r=g","contentUrl":"https:\/\/secure.gravatar.com\/avatar\/7728b29aac2719421e1a9159b2254c44?s=96&d=mm&r=g","caption":"Cl\u00e9ment"},"sameAs":["https:\/\/footdavant.fr\/"]}]}},"_links":{"self":[{"href":"https:\/\/footdavant.fr\/actualites\/wp-json\/wp\/v2\/posts\/35883"}],"collection":[{"href":"https:\/\/footdavant.fr\/actualites\/wp-json\/wp\/v2\/posts"}],"about":[{"href":"https:\/\/footdavant.fr\/actualites\/wp-json\/wp\/v2\/types\/post"}],"author":[{"embeddable":true,"href":"https:\/\/footdavant.fr\/actualites\/wp-json\/wp\/v2\/users\/1"}],"replies":[{"embeddable":true,"href":"https:\/\/footdavant.fr\/actualites\/wp-json\/wp\/v2\/comments?post=35883"}],"version-history":[{"count":1,"href":"https:\/\/footdavant.fr\/actualites\/wp-json\/wp\/v2\/posts\/35883\/revisions"}],"predecessor-version":[{"id":35885,"href":"https:\/\/footdavant.fr\/actualites\/wp-json\/wp\/v2\/posts\/35883\/revisions\/35885"}],"wp:featuredmedia":[{"embeddable":true,"href":"https:\/\/footdavant.fr\/actualites\/wp-json\/wp\/v2\/media\/35884"}],"wp:attachment":[{"href":"https:\/\/footdavant.fr\/actualites\/wp-json\/wp\/v2\/media?parent=35883"}],"wp:term":[{"taxonomy":"category","embeddable":true,"href":"https:\/\/footdavant.fr\/actualites\/wp-json\/wp\/v2\/categories?post=35883"},{"taxonomy":"post_tag","embeddable":true,"href":"https:\/\/footdavant.fr\/actualites\/wp-json\/wp\/v2\/tags?post=35883"}],"curies":[{"name":"wp","href":"https:\/\/api.w.org\/{rel}","templated":true}]}}