{"id":35886,"date":"2026-03-28T19:48:00","date_gmt":"2026-03-28T18:48:00","guid":{"rendered":"https:\/\/footdavant.fr\/actualites\/nico-schlotterbeck-na-pas-encore-approuve-le-contrat-de-dortmund-sous-le-regard-de-liverpool\/"},"modified":"2026-03-28T19:48:03","modified_gmt":"2026-03-28T18:48:03","slug":"nico-schlotterbeck-na-pas-encore-approuve-le-contrat-de-dortmund-sous-le-regard-de-liverpool","status":"publish","type":"post","link":"https:\/\/footdavant.fr\/actualites\/nico-schlotterbeck-na-pas-encore-approuve-le-contrat-de-dortmund-sous-le-regard-de-liverpool\/","title":{"rendered":"Nico Schlotterbeck n&#39;a pas encore approuv\u00e9 le contrat de Dortmund sous le regard de Liverpool"},"content":{"rendered":"<div id=\"article-body\">\n<!-- Article Start --><\/p>\n<p>Si tout se passe comme pr\u00e9vu, l&#39;international allemand prendra la plume dans de nouvelles conditions, gardant le d\u00e9fenseur central au club jusqu&#39;en 2031.<\/p>\n<hr\/>\n<hr\/>\n<p>Le contrat actuel du joueur de 26 ans devrait expirer en 2027, en raison de l&#39;int\u00e9r\u00eat signal\u00e9 pr\u00e9c\u00e9demment par Liverpool et le Real Madrid.<\/p>\n<h2>Liverpool hors course pour Nico Schlotterbeck<\/h2>\n<p>Le journaliste de Sky Allemagne, Florian Plettenberg, a confirm\u00e9 sur X (anciennement Twitter) que toutes les parties progressaient rapidement dans les n\u00e9gociations contractuelles.<\/p>\n<blockquote class=\"twitter-lazy tweet-img lazyload\" data-width=\"500\" data-dnt=\"true\">\n<p lang=\"en\" dir=\"ltr\">\ud83d\udea8\u23f3 Le Borussia Dortmund a tout convenu avec la direction de Nico Schlotterbeck : contrat jusqu&#39;en 2031, statut de meilleur salari\u00e9 et clause lib\u00e9ratoire \u00e0 partir de 2027.<\/p>\n<p>Il ne manque plus que l&#39;approbation finale de Schlotterbeck. <a rel=\"nofollow\" href=\"https:\/\/twitter.com\/hashtag\/BVB?src=hash&amp;ref_src=twsrc%5Etfw\">#BVB<\/a> <\/p>\n<p>Liverpool et le Real Madrid ne sont pas dans la course. <a rel=\"nofollow\" href=\"https:\/\/twitter.com\/SkySportDE?ref_src=twsrc%5Etfw\">@SkySportDE<\/a>\u2026 <a rel=\"nofollow\" href=\"https:\/\/t.co\/CszrSswDqH\">pic.twitter.com\/CszrSswDqH<\/a><\/p>\n<p>\u2013 Florian Plettenberg (@Plettigoal) <a rel=\"nofollow\" href=\"https:\/\/twitter.com\/Plettigoal\/status\/2037896679337197895?ref_src=twsrc%5Etfw\">28 mars 2026<\/a><\/p>\n<\/blockquote>\n<p>En fait, l&#39;ampleur des progr\u00e8s est telle que ni Liverpool ni le Real Madrid ne sont consid\u00e9r\u00e9s comme \u00e9tant dans la course pour la signature de Schlotterbeck cet \u00e9t\u00e9.<\/p>\n<\/p>\n<p>Il est cependant int\u00e9ressant de noter qu&#39;une clause lib\u00e9ratoire devrait entrer en vigueur \u00e0 partir de 2027 (date d&#39;expiration initiale du contrat du d\u00e9fenseur).<\/p>\n<p>Cela sugg\u00e9rerait fortement que Dortmund est r\u00e9sign\u00e9 \u00e0 perdre son demi-centre vedette dans un an, mais ils souhaitent simplement s&#39;assurer qu&#39;ils recevront une r\u00e9mun\u00e9ration digne du joueur.<\/p>\n<h2>Dortmund pourrait encore perdre Schlotterbeck dans une fen\u00eatre estivale<\/h2>\n<p>Ce ne sera probablement pas cet \u00e9t\u00e9 (\u00e0 moins qu&#39;un pr\u00e9tendant ne soit pr\u00eat \u00e0 d\u00e9bourser beaucoup d&#39;argent), mais nous ne pouvons pas imaginer Nico Schlotterbeck passer le reste de sa carri\u00e8re au Signal Iduna Park.<\/p>\n<p>Reste \u00e0 savoir si Liverpool sera toujours int\u00e9ress\u00e9 par le footballeur.<\/p>\n<p>Giovanni Leoni et Jeremy Jacquet devraient tous deux avoir un avenir extr\u00eamement prometteur.<\/p>\n<p>Cependant, des questions se posent quant \u00e0 ce que l\u2019avenir r\u00e9serve au reste des d\u00e9fenseurs centraux. Virgil van Dijk, par exemple, pourrait tr\u00e8s bien mettre un terme \u00e0 sa carri\u00e8re \u00e0 Anfield lorsque son contrat expirera en 2027. De plus, des points d&#39;interrogation subsistent sur le contrat d&#39;Ibrahima Konate (expirant cet \u00e9t\u00e9) et sur l&#39;avenir de Joe Gomez.<\/p>\n<p>Liverpool n\u2019a peut-\u00eatre pas d\u2019autre choix que d\u2019investir pour un d\u00e9fenseur central suppl\u00e9mentaire, ce qui pourrait signifier que Schlotterbeck ne figure plus sur la liste restreinte au moment o\u00f9 la fen\u00eatre d\u2019\u00e9t\u00e9 2027 arrive.<\/p>\n<p>Nous devrons simplement attendre et voir sur ce front.<\/p>\n<section class=\"more-stories std-mgn-b\">&#13;<\/p>\n<div class=\"row\">\n<header class=\"col-s-12 std-mgn-t\">Plus d&#39;histoires \/ <span class=\"topic\">Derni\u00e8res nouvelles<\/span><\/header>\n<div class=\"post-container col-s-4\">\n<p>\t\t\t&#13;<\/p>\n<div class=\"img-cntr\"><picture><source type=\"image\/webp\" data- data-><\/source><\/picture><\/div>\n<\/p><\/div>\n<div class=\"post-container col-s-4\">\n<p>\t\t\t&#13;<\/p>\n<div class=\"img-cntr\"><picture><source type=\"image\/webp\" data- data-><img decoding=\"async\" loading=\"lazy\" width=\"1468\" height=\"824\" src=\"https:\/\/footdavant.fr\/actualites\/wp-content\/uploads\/2026\/03\/1774723680_816_Nico-Schlotterbeck-n39a-pas-encore-approuve-le-contrat-de-Dortmund.jpg\" class=\"lazyload wp-image-285762 has-webp lazyload\" alt=\"Ryan Gravenberch re\u00e7oit un carton jaune\"  data-\/><\/source><\/picture><\/div>\n<\/p><\/div>\n<div class=\"post-container col-s-4\">\n<p>\t\t\t&#13;<\/p>\n<div class=\"img-cntr\"><picture><source type=\"image\/webp\" data- data-><img decoding=\"async\" loading=\"lazy\" width=\"1465\" height=\"823\" src=\"https:\/\/footdavant.fr\/actualites\/wp-content\/uploads\/2026\/03\/1774723680_957_Nico-Schlotterbeck-n39a-pas-encore-approuve-le-contrat-de-Dortmund.jpg\" class=\"lazyload wp-image-285758 has-webp lazyload\" alt=\"Jay Spearing c\u00e9l\u00e8bre son but lors du match Liverpool Legends\"  data-\/><\/source><\/picture><\/div>\n<\/p><\/div>\n<\/p><\/div>\n<p>&#13;<br \/>\n<\/section>\n<p><!-- Article End -->\t\t\t\t<\/div>\n<p><script async src=\"https:\/\/platform.twitter.com\/widgets.js\" charset=\"utf-8\"><\/script><\/p>\n","protected":false},"excerpt":{"rendered":"<p>Si tout se passe comme pr\u00e9vu, l&#39;international allemand prendra la plume dans de nouvelles conditions, gardant le d\u00e9fenseur central au club jusqu&#39;en 2031. Le contrat<\/p>\n","protected":false},"author":1,"featured_media":35887,"comment_status":"closed","ping_status":"","sticky":false,"template":"","format":"standard","meta":{"footnotes":""},"categories":[3],"tags":[7586,1218,107,611,53,4238,362,71,3130,10788,1301],"yoast_head":"<!-- This site is optimized with the Yoast SEO plugin v21.0 - https:\/\/yoast.com\/wordpress\/plugins\/seo\/ -->\n<title>Nico Schlotterbeck n&#039;a pas encore approuv\u00e9 le contrat de Dortmund sous le regard de Liverpool<\/title>\n<meta name=\"robots\" content=\"index, follow, max-snippet:-1, max-image-preview:large, max-video-preview:-1\" \/>\n<link rel=\"canonical\" href=\"https:\/\/footdavant.fr\/actualites\/nico-schlotterbeck-na-pas-encore-approuve-le-contrat-de-dortmund-sous-le-regard-de-liverpool\/\" \/>\n<meta property=\"og:locale\" content=\"fr_FR\" \/>\n<meta property=\"og:type\" content=\"article\" \/>\n<meta property=\"og:title\" content=\"Nico Schlotterbeck n&#039;a pas encore approuv\u00e9 le contrat de Dortmund sous le regard de Liverpool\" \/>\n<meta property=\"og:description\" content=\"Si tout se passe comme pr\u00e9vu, l&#039;international allemand prendra la plume dans de nouvelles conditions, gardant le d\u00e9fenseur central au club jusqu&#039;en 2031. Le contrat\" \/>\n<meta property=\"og:url\" content=\"https:\/\/footdavant.fr\/actualites\/nico-schlotterbeck-na-pas-encore-approuve-le-contrat-de-dortmund-sous-le-regard-de-liverpool\/\" \/>\n<meta property=\"og:site_name\" content=\"Foot d&#039;avant\" \/>\n<meta property=\"article:publisher\" content=\"https:\/\/www.facebook.com\/Footdavant\/\" \/>\n<meta property=\"article:published_time\" content=\"2026-03-28T18:48:00+00:00\" \/>\n<meta property=\"article:modified_time\" content=\"2026-03-28T18:48:03+00:00\" \/>\n<meta property=\"og:image\" content=\"https:\/\/footdavant.fr\/actualites\/wp-content\/uploads\/2026\/03\/1774723681_Nico-Schlotterbeck-n39a-pas-encore-approuve-le-contrat-de-Dortmund.jpg\" \/>\n\t<meta property=\"og:image:width\" content=\"1200\" \/>\n\t<meta property=\"og:image:height\" content=\"675\" \/>\n\t<meta property=\"og:image:type\" content=\"image\/jpeg\" \/>\n<meta name=\"author\" content=\"Cl\u00e9ment\" \/>\n<meta name=\"twitter:card\" content=\"summary_large_image\" \/>\n<meta name=\"twitter:creator\" content=\"@FootdavantFr\" \/>\n<meta name=\"twitter:site\" content=\"@FootdavantFr\" \/>\n<meta name=\"twitter:label1\" content=\"\u00c9crit par\" \/>\n\t<meta name=\"twitter:data1\" content=\"Cl\u00e9ment\" \/>\n\t<meta name=\"twitter:label2\" content=\"Dur\u00e9e de lecture estim\u00e9e\" \/>\n\t<meta name=\"twitter:data2\" content=\"2 minutes\" \/>\n<script type=\"application\/ld+json\" class=\"yoast-schema-graph\">{\"@context\":\"https:\/\/schema.org\",\"@graph\":[{\"@type\":\"Article\",\"@id\":\"https:\/\/footdavant.fr\/actualites\/nico-schlotterbeck-na-pas-encore-approuve-le-contrat-de-dortmund-sous-le-regard-de-liverpool\/#article\",\"isPartOf\":{\"@id\":\"https:\/\/footdavant.fr\/actualites\/nico-schlotterbeck-na-pas-encore-approuve-le-contrat-de-dortmund-sous-le-regard-de-liverpool\/\"},\"author\":{\"name\":\"Cl\u00e9ment\",\"@id\":\"https:\/\/footdavant.fr\/actualites\/#\/schema\/person\/bc222566d95871b37e597b3ed3ba5e1d\"},\"headline\":\"Nico Schlotterbeck n&#39;a pas encore approuv\u00e9 le contrat de Dortmund sous le regard de Liverpool\",\"datePublished\":\"2026-03-28T18:48:00+00:00\",\"dateModified\":\"2026-03-28T18:48:03+00:00\",\"mainEntityOfPage\":{\"@id\":\"https:\/\/footdavant.fr\/actualites\/nico-schlotterbeck-na-pas-encore-approuve-le-contrat-de-dortmund-sous-le-regard-de-liverpool\/\"},\"wordCount\":440,\"publisher\":{\"@id\":\"https:\/\/footdavant.fr\/actualites\/#organization\"},\"keywords\":[\"approuv\u00e9\",\"contrat\",\"Dortmund\",\"encore\",\"Liverpool\",\"n39a\",\"Nico\",\"pas\",\"regard\",\"Schlotterbeck\",\"sous\"],\"articleSection\":[\"Football\"],\"inLanguage\":\"fr-FR\"},{\"@type\":\"WebPage\",\"@id\":\"https:\/\/footdavant.fr\/actualites\/nico-schlotterbeck-na-pas-encore-approuve-le-contrat-de-dortmund-sous-le-regard-de-liverpool\/\",\"url\":\"https:\/\/footdavant.fr\/actualites\/nico-schlotterbeck-na-pas-encore-approuve-le-contrat-de-dortmund-sous-le-regard-de-liverpool\/\",\"name\":\"Nico Schlotterbeck n&#39;a pas encore approuv\u00e9 le contrat de Dortmund sous le regard de Liverpool\",\"isPartOf\":{\"@id\":\"https:\/\/footdavant.fr\/actualites\/#website\"},\"datePublished\":\"2026-03-28T18:48:00+00:00\",\"dateModified\":\"2026-03-28T18:48:03+00:00\",\"breadcrumb\":{\"@id\":\"https:\/\/footdavant.fr\/actualites\/nico-schlotterbeck-na-pas-encore-approuve-le-contrat-de-dortmund-sous-le-regard-de-liverpool\/#breadcrumb\"},\"inLanguage\":\"fr-FR\",\"potentialAction\":[{\"@type\":\"ReadAction\",\"target\":[\"https:\/\/footdavant.fr\/actualites\/nico-schlotterbeck-na-pas-encore-approuve-le-contrat-de-dortmund-sous-le-regard-de-liverpool\/\"]}]},{\"@type\":\"BreadcrumbList\",\"@id\":\"https:\/\/footdavant.fr\/actualites\/nico-schlotterbeck-na-pas-encore-approuve-le-contrat-de-dortmund-sous-le-regard-de-liverpool\/#breadcrumb\",\"itemListElement\":[{\"@type\":\"ListItem\",\"position\":1,\"name\":\"Accueil\",\"item\":\"https:\/\/footdavant.fr\/actualites\/\"},{\"@type\":\"ListItem\",\"position\":2,\"name\":\"Nico Schlotterbeck n&#39;a pas encore approuv\u00e9 le contrat de Dortmund sous le regard de Liverpool\"}]},{\"@type\":\"WebSite\",\"@id\":\"https:\/\/footdavant.fr\/actualites\/#website\",\"url\":\"https:\/\/footdavant.fr\/actualites\/\",\"name\":\"Foot d'avant\",\"description\":\"\",\"publisher\":{\"@id\":\"https:\/\/footdavant.fr\/actualites\/#organization\"},\"potentialAction\":[{\"@type\":\"SearchAction\",\"target\":{\"@type\":\"EntryPoint\",\"urlTemplate\":\"https:\/\/footdavant.fr\/actualites\/?s={search_term_string}\"},\"query-input\":\"required name=search_term_string\"}],\"inLanguage\":\"fr-FR\"},{\"@type\":\"Organization\",\"@id\":\"https:\/\/footdavant.fr\/actualites\/#organization\",\"name\":\"Foot d'avant\",\"url\":\"https:\/\/footdavant.fr\/actualites\/\",\"logo\":{\"@type\":\"ImageObject\",\"inLanguage\":\"fr-FR\",\"@id\":\"https:\/\/footdavant.fr\/actualites\/#\/schema\/logo\/image\/\",\"url\":\"https:\/\/footdavant.fr\/actualites\/wp-content\/uploads\/2023\/09\/Copy-of-FootDavant-Logo.png\",\"contentUrl\":\"https:\/\/footdavant.fr\/actualites\/wp-content\/uploads\/2023\/09\/Copy-of-FootDavant-Logo.png\",\"width\":936,\"height\":549,\"caption\":\"Foot d'avant\"},\"image\":{\"@id\":\"https:\/\/footdavant.fr\/actualites\/#\/schema\/logo\/image\/\"},\"sameAs\":[\"https:\/\/www.facebook.com\/Footdavant\/\",\"https:\/\/twitter.com\/FootdavantFr\",\"https:\/\/www.instagram.com\/footdavant.fr\/\"]},{\"@type\":\"Person\",\"@id\":\"https:\/\/footdavant.fr\/actualites\/#\/schema\/person\/bc222566d95871b37e597b3ed3ba5e1d\",\"name\":\"Cl\u00e9ment\",\"image\":{\"@type\":\"ImageObject\",\"inLanguage\":\"fr-FR\",\"@id\":\"https:\/\/footdavant.fr\/actualites\/#\/schema\/person\/image\/\",\"url\":\"https:\/\/secure.gravatar.com\/avatar\/7728b29aac2719421e1a9159b2254c44?s=96&d=mm&r=g\",\"contentUrl\":\"https:\/\/secure.gravatar.com\/avatar\/7728b29aac2719421e1a9159b2254c44?s=96&d=mm&r=g\",\"caption\":\"Cl\u00e9ment\"},\"sameAs\":[\"https:\/\/footdavant.fr\/\"]}]}<\/script>\n<!-- \/ Yoast SEO plugin. -->","yoast_head_json":{"title":"Nico Schlotterbeck n&#39;a pas encore approuv\u00e9 le contrat de Dortmund sous le regard de Liverpool","robots":{"index":"index","follow":"follow","max-snippet":"max-snippet:-1","max-image-preview":"max-image-preview:large","max-video-preview":"max-video-preview:-1"},"canonical":"https:\/\/footdavant.fr\/actualites\/nico-schlotterbeck-na-pas-encore-approuve-le-contrat-de-dortmund-sous-le-regard-de-liverpool\/","og_locale":"fr_FR","og_type":"article","og_title":"Nico Schlotterbeck n&#39;a pas encore approuv\u00e9 le contrat de Dortmund sous le regard de Liverpool","og_description":"Si tout se passe comme pr\u00e9vu, l&#39;international allemand prendra la plume dans de nouvelles conditions, gardant le d\u00e9fenseur central au club jusqu&#39;en 2031. Le contrat","og_url":"https:\/\/footdavant.fr\/actualites\/nico-schlotterbeck-na-pas-encore-approuve-le-contrat-de-dortmund-sous-le-regard-de-liverpool\/","og_site_name":"Foot d&#039;avant","article_publisher":"https:\/\/www.facebook.com\/Footdavant\/","article_published_time":"2026-03-28T18:48:00+00:00","article_modified_time":"2026-03-28T18:48:03+00:00","og_image":[{"width":1200,"height":675,"url":"https:\/\/footdavant.fr\/actualites\/wp-content\/uploads\/2026\/03\/1774723681_Nico-Schlotterbeck-n39a-pas-encore-approuve-le-contrat-de-Dortmund.jpg","type":"image\/jpeg"}],"author":"Cl\u00e9ment","twitter_card":"summary_large_image","twitter_creator":"@FootdavantFr","twitter_site":"@FootdavantFr","twitter_misc":{"\u00c9crit par":"Cl\u00e9ment","Dur\u00e9e de lecture estim\u00e9e":"2 minutes"},"schema":{"@context":"https:\/\/schema.org","@graph":[{"@type":"Article","@id":"https:\/\/footdavant.fr\/actualites\/nico-schlotterbeck-na-pas-encore-approuve-le-contrat-de-dortmund-sous-le-regard-de-liverpool\/#article","isPartOf":{"@id":"https:\/\/footdavant.fr\/actualites\/nico-schlotterbeck-na-pas-encore-approuve-le-contrat-de-dortmund-sous-le-regard-de-liverpool\/"},"author":{"name":"Cl\u00e9ment","@id":"https:\/\/footdavant.fr\/actualites\/#\/schema\/person\/bc222566d95871b37e597b3ed3ba5e1d"},"headline":"Nico Schlotterbeck n&#39;a pas encore approuv\u00e9 le contrat de Dortmund sous le regard de Liverpool","datePublished":"2026-03-28T18:48:00+00:00","dateModified":"2026-03-28T18:48:03+00:00","mainEntityOfPage":{"@id":"https:\/\/footdavant.fr\/actualites\/nico-schlotterbeck-na-pas-encore-approuve-le-contrat-de-dortmund-sous-le-regard-de-liverpool\/"},"wordCount":440,"publisher":{"@id":"https:\/\/footdavant.fr\/actualites\/#organization"},"keywords":["approuv\u00e9","contrat","Dortmund","encore","Liverpool","n39a","Nico","pas","regard","Schlotterbeck","sous"],"articleSection":["Football"],"inLanguage":"fr-FR"},{"@type":"WebPage","@id":"https:\/\/footdavant.fr\/actualites\/nico-schlotterbeck-na-pas-encore-approuve-le-contrat-de-dortmund-sous-le-regard-de-liverpool\/","url":"https:\/\/footdavant.fr\/actualites\/nico-schlotterbeck-na-pas-encore-approuve-le-contrat-de-dortmund-sous-le-regard-de-liverpool\/","name":"Nico Schlotterbeck n&#39;a pas encore approuv\u00e9 le contrat de Dortmund sous le regard de Liverpool","isPartOf":{"@id":"https:\/\/footdavant.fr\/actualites\/#website"},"datePublished":"2026-03-28T18:48:00+00:00","dateModified":"2026-03-28T18:48:03+00:00","breadcrumb":{"@id":"https:\/\/footdavant.fr\/actualites\/nico-schlotterbeck-na-pas-encore-approuve-le-contrat-de-dortmund-sous-le-regard-de-liverpool\/#breadcrumb"},"inLanguage":"fr-FR","potentialAction":[{"@type":"ReadAction","target":["https:\/\/footdavant.fr\/actualites\/nico-schlotterbeck-na-pas-encore-approuve-le-contrat-de-dortmund-sous-le-regard-de-liverpool\/"]}]},{"@type":"BreadcrumbList","@id":"https:\/\/footdavant.fr\/actualites\/nico-schlotterbeck-na-pas-encore-approuve-le-contrat-de-dortmund-sous-le-regard-de-liverpool\/#breadcrumb","itemListElement":[{"@type":"ListItem","position":1,"name":"Accueil","item":"https:\/\/footdavant.fr\/actualites\/"},{"@type":"ListItem","position":2,"name":"Nico Schlotterbeck n&#39;a pas encore approuv\u00e9 le contrat de Dortmund sous le regard de Liverpool"}]},{"@type":"WebSite","@id":"https:\/\/footdavant.fr\/actualites\/#website","url":"https:\/\/footdavant.fr\/actualites\/","name":"Foot d'avant","description":"","publisher":{"@id":"https:\/\/footdavant.fr\/actualites\/#organization"},"potentialAction":[{"@type":"SearchAction","target":{"@type":"EntryPoint","urlTemplate":"https:\/\/footdavant.fr\/actualites\/?s={search_term_string}"},"query-input":"required name=search_term_string"}],"inLanguage":"fr-FR"},{"@type":"Organization","@id":"https:\/\/footdavant.fr\/actualites\/#organization","name":"Foot d'avant","url":"https:\/\/footdavant.fr\/actualites\/","logo":{"@type":"ImageObject","inLanguage":"fr-FR","@id":"https:\/\/footdavant.fr\/actualites\/#\/schema\/logo\/image\/","url":"https:\/\/footdavant.fr\/actualites\/wp-content\/uploads\/2023\/09\/Copy-of-FootDavant-Logo.png","contentUrl":"https:\/\/footdavant.fr\/actualites\/wp-content\/uploads\/2023\/09\/Copy-of-FootDavant-Logo.png","width":936,"height":549,"caption":"Foot d'avant"},"image":{"@id":"https:\/\/footdavant.fr\/actualites\/#\/schema\/logo\/image\/"},"sameAs":["https:\/\/www.facebook.com\/Footdavant\/","https:\/\/twitter.com\/FootdavantFr","https:\/\/www.instagram.com\/footdavant.fr\/"]},{"@type":"Person","@id":"https:\/\/footdavant.fr\/actualites\/#\/schema\/person\/bc222566d95871b37e597b3ed3ba5e1d","name":"Cl\u00e9ment","image":{"@type":"ImageObject","inLanguage":"fr-FR","@id":"https:\/\/footdavant.fr\/actualites\/#\/schema\/person\/image\/","url":"https:\/\/secure.gravatar.com\/avatar\/7728b29aac2719421e1a9159b2254c44?s=96&d=mm&r=g","contentUrl":"https:\/\/secure.gravatar.com\/avatar\/7728b29aac2719421e1a9159b2254c44?s=96&d=mm&r=g","caption":"Cl\u00e9ment"},"sameAs":["https:\/\/footdavant.fr\/"]}]}},"_links":{"self":[{"href":"https:\/\/footdavant.fr\/actualites\/wp-json\/wp\/v2\/posts\/35886"}],"collection":[{"href":"https:\/\/footdavant.fr\/actualites\/wp-json\/wp\/v2\/posts"}],"about":[{"href":"https:\/\/footdavant.fr\/actualites\/wp-json\/wp\/v2\/types\/post"}],"author":[{"embeddable":true,"href":"https:\/\/footdavant.fr\/actualites\/wp-json\/wp\/v2\/users\/1"}],"replies":[{"embeddable":true,"href":"https:\/\/footdavant.fr\/actualites\/wp-json\/wp\/v2\/comments?post=35886"}],"version-history":[{"count":1,"href":"https:\/\/footdavant.fr\/actualites\/wp-json\/wp\/v2\/posts\/35886\/revisions"}],"predecessor-version":[{"id":35888,"href":"https:\/\/footdavant.fr\/actualites\/wp-json\/wp\/v2\/posts\/35886\/revisions\/35888"}],"wp:featuredmedia":[{"embeddable":true,"href":"https:\/\/footdavant.fr\/actualites\/wp-json\/wp\/v2\/media\/35887"}],"wp:attachment":[{"href":"https:\/\/footdavant.fr\/actualites\/wp-json\/wp\/v2\/media?parent=35886"}],"wp:term":[{"taxonomy":"category","embeddable":true,"href":"https:\/\/footdavant.fr\/actualites\/wp-json\/wp\/v2\/categories?post=35886"},{"taxonomy":"post_tag","embeddable":true,"href":"https:\/\/footdavant.fr\/actualites\/wp-json\/wp\/v2\/tags?post=35886"}],"curies":[{"name":"wp","href":"https:\/\/api.w.org\/{rel}","templated":true}]}}