{"id":35889,"date":"2026-03-28T21:48:03","date_gmt":"2026-03-28T20:48:03","guid":{"rendered":"https:\/\/footdavant.fr\/actualites\/nouvelles-du-transfert-de-tottenham-la-verite-sur-le-contrat-de-cristian-romero-revelee-au-milieu-de-linteret-de-la-liga\/"},"modified":"2026-03-28T21:48:05","modified_gmt":"2026-03-28T20:48:05","slug":"nouvelles-du-transfert-de-tottenham-la-verite-sur-le-contrat-de-cristian-romero-revelee-au-milieu-de-linteret-de-la-liga","status":"publish","type":"post","link":"https:\/\/footdavant.fr\/actualites\/nouvelles-du-transfert-de-tottenham-la-verite-sur-le-contrat-de-cristian-romero-revelee-au-milieu-de-linteret-de-la-liga\/","title":{"rendered":"Nouvelles du transfert de Tottenham: la v\u00e9rit\u00e9 sur le contrat de Cristian Romero \u00ab r\u00e9v\u00e9l\u00e9e \u00bb au milieu de l&#39;int\u00e9r\u00eat de la Liga"},"content":{"rendered":"<div itemprop=\"articleBody\">\n<p>Tottenham Hotspur aurait obtenu un coup de pouce dans sa qu\u00eate pour garder Cristian Romero au club.<\/p>\n<p>Le joueur de 27 ans a r\u00e9cemment refus\u00e9 d&#39;exclure de quitter le club du nord de Londres \u00e0 la fin de la saison.<\/p>\n<p>Romero pourrait courir le risque de partir, les Lilywhites pr\u00e9voyant une refonte majeure de leur \u00e9quipe cet \u00e9t\u00e9.<\/p>\n<p>Le vainqueur de la Coupe du monde 2022 a particip\u00e9 \u00e0 22 matches de Premier League cette saison, offrant cinq buts.<\/p>\n<p>Le solide partenariat de Romero avec le N\u00e9erlandais Micky van de Ven a \u00e9t\u00e9 affect\u00e9 par des blessures en 2025-2026.<\/p>\n<div>\n<div>\n<div>\n<div>\n<p>\u00a9 Imago\/Zuma Press Wire<\/p>\n<\/div>\n<\/div>\n<\/div>\n<\/div>\n<h2>La v\u00e9rit\u00e9 sur le contrat de Romero \u00ab\u00a0r\u00e9v\u00e9l\u00e9\u00a0\u00bb au milieu des liens avec l&#39;Espagne<\/h2>\n<p>Selon <em>football.londres<\/em>Tottenham est en position de force pour garder Romero s\u2019il le souhaite cet \u00e9t\u00e9.<\/p>\n<p>Le joueur de 27 ans a sign\u00e9 un nouveau contrat exceptionnel dans le nord de Londres l&#39;\u00e9t\u00e9 dernier, engageant ses services jusqu&#39;en juin 2029.<\/p>\n<p>Certains m\u00e9dias espagnols ont affirm\u00e9 que l&#39;accord contenait une clause lib\u00e9ratoire de 51,8 millions de livres sterling qui ne pourrait \u00eatre d\u00e9clench\u00e9e que par l&#39;Atletico Madrid, le Real Madrid et Barcelone.<\/p>\n<p>Cependant, il est entendu que les conditions actuelles de Romero avec Tottenham n&#39;incluent aucun accord de ce type.<\/p>\n<p>Dans le pass\u00e9, le d\u00e9fenseur argentin a parl\u00e9 ouvertement de son d\u00e9sir de jouer en Liga avant la fin de sa carri\u00e8re.<\/p>\n<div>\n<div>\n<div>\n<div><img decoding=\"async\" data-img-id=\"158588\" class=\"lazy\" loading=\"lazy\" src=\"https:\/\/footdavant.fr\/actualites\/wp-content\/uploads\/2026\/03\/Nouvelles-du-transfert-de-Tottenham-la-verite-sur-le-contrat.webp\"\/><\/p>\n<p>\u00a9 Iconsport \/ Mark Pain \/ Alamy Live News<\/p>\n<\/div>\n<\/div>\n<\/div>\n<\/div>\n<h2>La bataille de rel\u00e9gation des Spurs \u00e9valu\u00e9e au milieu des liens de sortie de Cristian Romero<\/h2>\n<p>Si l&#39;avenir de Romero est certainement important pour les Spurs, tous les esprits sont fermement concentr\u00e9s sur le maintien du club en Premier League.<\/p>\n<p>Les Lilywhites ont perdu dimanche un match de rel\u00e9gation \u00e0 six points contre Nottingham Forest, lorsque les Tricky Trees ont marqu\u00e9 trois buts sans r\u00e9ponse.<\/p>\n<p>Ce r\u00e9sultat dommageable laisse les troupes d&#39;Igor Tudor 17\u00e8mes de Premier League, \u00e0 un point au-dessus de la redoutable baisse.<\/p>\n<\/div>\n","protected":false},"excerpt":{"rendered":"<p>Tottenham Hotspur aurait obtenu un coup de pouce dans sa qu\u00eate pour garder Cristian Romero au club. Le joueur de 27 ans a r\u00e9cemment refus\u00e9<\/p>\n","protected":false},"author":1,"featured_media":35890,"comment_status":"closed","ping_status":"","sticky":false,"template":"","format":"standard","meta":{"footnotes":""},"categories":[5],"tags":[1218,3069,4310,1704,441,461,4750,3070,103,68,700,585],"yoast_head":"<!-- This site is optimized with the Yoast SEO plugin v21.0 - https:\/\/yoast.com\/wordpress\/plugins\/seo\/ -->\n<title>Nouvelles du transfert de Tottenham: la v\u00e9rit\u00e9 sur le contrat de Cristian Romero \u00ab r\u00e9v\u00e9l\u00e9e \u00bb au milieu de l&#039;int\u00e9r\u00eat de la Liga<\/title>\n<meta name=\"robots\" content=\"index, follow, max-snippet:-1, max-image-preview:large, max-video-preview:-1\" \/>\n<link rel=\"canonical\" href=\"https:\/\/footdavant.fr\/actualites\/nouvelles-du-transfert-de-tottenham-la-verite-sur-le-contrat-de-cristian-romero-revelee-au-milieu-de-linteret-de-la-liga\/\" \/>\n<meta property=\"og:locale\" content=\"fr_FR\" \/>\n<meta property=\"og:type\" content=\"article\" \/>\n<meta property=\"og:title\" content=\"Nouvelles du transfert de Tottenham: la v\u00e9rit\u00e9 sur le contrat de Cristian Romero \u00ab r\u00e9v\u00e9l\u00e9e \u00bb au milieu de l&#039;int\u00e9r\u00eat de la Liga\" \/>\n<meta property=\"og:description\" content=\"Tottenham Hotspur aurait obtenu un coup de pouce dans sa qu\u00eate pour garder Cristian Romero au club. Le joueur de 27 ans a r\u00e9cemment refus\u00e9\" \/>\n<meta property=\"og:url\" content=\"https:\/\/footdavant.fr\/actualites\/nouvelles-du-transfert-de-tottenham-la-verite-sur-le-contrat-de-cristian-romero-revelee-au-milieu-de-linteret-de-la-liga\/\" \/>\n<meta property=\"og:site_name\" content=\"Foot d&#039;avant\" \/>\n<meta property=\"article:publisher\" content=\"https:\/\/www.facebook.com\/Footdavant\/\" \/>\n<meta property=\"article:published_time\" content=\"2026-03-28T20:48:03+00:00\" \/>\n<meta property=\"article:modified_time\" content=\"2026-03-28T20:48:05+00:00\" \/>\n<meta property=\"og:image\" content=\"https:\/\/footdavant.fr\/actualites\/wp-content\/uploads\/2026\/03\/Nouvelles-du-transfert-de-Tottenham-la-verite-sur-le-contrat.net2Fuploads2F20262F022Fimago1071834398.webp\" \/>\n\t<meta property=\"og:image:width\" content=\"720\" \/>\n\t<meta property=\"og:image:height\" content=\"410\" \/>\n\t<meta property=\"og:image:type\" content=\"image\/webp\" \/>\n<meta name=\"author\" content=\"Cl\u00e9ment\" \/>\n<meta name=\"twitter:card\" content=\"summary_large_image\" \/>\n<meta name=\"twitter:creator\" content=\"@FootdavantFr\" \/>\n<meta name=\"twitter:site\" content=\"@FootdavantFr\" \/>\n<meta name=\"twitter:label1\" content=\"\u00c9crit par\" \/>\n\t<meta name=\"twitter:data1\" content=\"Cl\u00e9ment\" \/>\n\t<meta name=\"twitter:label2\" content=\"Dur\u00e9e de lecture estim\u00e9e\" \/>\n\t<meta name=\"twitter:data2\" content=\"2 minutes\" \/>\n<script type=\"application\/ld+json\" class=\"yoast-schema-graph\">{\"@context\":\"https:\/\/schema.org\",\"@graph\":[{\"@type\":\"Article\",\"@id\":\"https:\/\/footdavant.fr\/actualites\/nouvelles-du-transfert-de-tottenham-la-verite-sur-le-contrat-de-cristian-romero-revelee-au-milieu-de-linteret-de-la-liga\/#article\",\"isPartOf\":{\"@id\":\"https:\/\/footdavant.fr\/actualites\/nouvelles-du-transfert-de-tottenham-la-verite-sur-le-contrat-de-cristian-romero-revelee-au-milieu-de-linteret-de-la-liga\/\"},\"author\":{\"name\":\"Cl\u00e9ment\",\"@id\":\"https:\/\/footdavant.fr\/actualites\/#\/schema\/person\/bc222566d95871b37e597b3ed3ba5e1d\"},\"headline\":\"Nouvelles du transfert de Tottenham: la v\u00e9rit\u00e9 sur le contrat de Cristian Romero \u00ab r\u00e9v\u00e9l\u00e9e \u00bb au milieu de l&#39;int\u00e9r\u00eat de la Liga\",\"datePublished\":\"2026-03-28T20:48:03+00:00\",\"dateModified\":\"2026-03-28T20:48:05+00:00\",\"mainEntityOfPage\":{\"@id\":\"https:\/\/footdavant.fr\/actualites\/nouvelles-du-transfert-de-tottenham-la-verite-sur-le-contrat-de-cristian-romero-revelee-au-milieu-de-linteret-de-la-liga\/\"},\"wordCount\":367,\"publisher\":{\"@id\":\"https:\/\/footdavant.fr\/actualites\/#organization\"},\"keywords\":[\"contrat\",\"Cristian\",\"l39int\u00e9r\u00eat\",\"Liga\",\"milieu\",\"Nouvelles\",\"r\u00e9v\u00e9l\u00e9e\",\"Romero\",\"sur\",\"Tottenham\",\"transfert\",\"v\u00e9rit\u00e9\"],\"articleSection\":[\"Premier League\"],\"inLanguage\":\"fr-FR\"},{\"@type\":\"WebPage\",\"@id\":\"https:\/\/footdavant.fr\/actualites\/nouvelles-du-transfert-de-tottenham-la-verite-sur-le-contrat-de-cristian-romero-revelee-au-milieu-de-linteret-de-la-liga\/\",\"url\":\"https:\/\/footdavant.fr\/actualites\/nouvelles-du-transfert-de-tottenham-la-verite-sur-le-contrat-de-cristian-romero-revelee-au-milieu-de-linteret-de-la-liga\/\",\"name\":\"Nouvelles du transfert de Tottenham: la v\u00e9rit\u00e9 sur le contrat de Cristian Romero \u00ab r\u00e9v\u00e9l\u00e9e \u00bb au milieu de l&#39;int\u00e9r\u00eat de la Liga\",\"isPartOf\":{\"@id\":\"https:\/\/footdavant.fr\/actualites\/#website\"},\"datePublished\":\"2026-03-28T20:48:03+00:00\",\"dateModified\":\"2026-03-28T20:48:05+00:00\",\"breadcrumb\":{\"@id\":\"https:\/\/footdavant.fr\/actualites\/nouvelles-du-transfert-de-tottenham-la-verite-sur-le-contrat-de-cristian-romero-revelee-au-milieu-de-linteret-de-la-liga\/#breadcrumb\"},\"inLanguage\":\"fr-FR\",\"potentialAction\":[{\"@type\":\"ReadAction\",\"target\":[\"https:\/\/footdavant.fr\/actualites\/nouvelles-du-transfert-de-tottenham-la-verite-sur-le-contrat-de-cristian-romero-revelee-au-milieu-de-linteret-de-la-liga\/\"]}]},{\"@type\":\"BreadcrumbList\",\"@id\":\"https:\/\/footdavant.fr\/actualites\/nouvelles-du-transfert-de-tottenham-la-verite-sur-le-contrat-de-cristian-romero-revelee-au-milieu-de-linteret-de-la-liga\/#breadcrumb\",\"itemListElement\":[{\"@type\":\"ListItem\",\"position\":1,\"name\":\"Accueil\",\"item\":\"https:\/\/footdavant.fr\/actualites\/\"},{\"@type\":\"ListItem\",\"position\":2,\"name\":\"Nouvelles du transfert de Tottenham: la v\u00e9rit\u00e9 sur le contrat de Cristian Romero \u00ab r\u00e9v\u00e9l\u00e9e \u00bb au milieu de l&#39;int\u00e9r\u00eat de la Liga\"}]},{\"@type\":\"WebSite\",\"@id\":\"https:\/\/footdavant.fr\/actualites\/#website\",\"url\":\"https:\/\/footdavant.fr\/actualites\/\",\"name\":\"Foot d'avant\",\"description\":\"\",\"publisher\":{\"@id\":\"https:\/\/footdavant.fr\/actualites\/#organization\"},\"potentialAction\":[{\"@type\":\"SearchAction\",\"target\":{\"@type\":\"EntryPoint\",\"urlTemplate\":\"https:\/\/footdavant.fr\/actualites\/?s={search_term_string}\"},\"query-input\":\"required name=search_term_string\"}],\"inLanguage\":\"fr-FR\"},{\"@type\":\"Organization\",\"@id\":\"https:\/\/footdavant.fr\/actualites\/#organization\",\"name\":\"Foot d'avant\",\"url\":\"https:\/\/footdavant.fr\/actualites\/\",\"logo\":{\"@type\":\"ImageObject\",\"inLanguage\":\"fr-FR\",\"@id\":\"https:\/\/footdavant.fr\/actualites\/#\/schema\/logo\/image\/\",\"url\":\"https:\/\/footdavant.fr\/actualites\/wp-content\/uploads\/2023\/09\/Copy-of-FootDavant-Logo.png\",\"contentUrl\":\"https:\/\/footdavant.fr\/actualites\/wp-content\/uploads\/2023\/09\/Copy-of-FootDavant-Logo.png\",\"width\":936,\"height\":549,\"caption\":\"Foot d'avant\"},\"image\":{\"@id\":\"https:\/\/footdavant.fr\/actualites\/#\/schema\/logo\/image\/\"},\"sameAs\":[\"https:\/\/www.facebook.com\/Footdavant\/\",\"https:\/\/twitter.com\/FootdavantFr\",\"https:\/\/www.instagram.com\/footdavant.fr\/\"]},{\"@type\":\"Person\",\"@id\":\"https:\/\/footdavant.fr\/actualites\/#\/schema\/person\/bc222566d95871b37e597b3ed3ba5e1d\",\"name\":\"Cl\u00e9ment\",\"image\":{\"@type\":\"ImageObject\",\"inLanguage\":\"fr-FR\",\"@id\":\"https:\/\/footdavant.fr\/actualites\/#\/schema\/person\/image\/\",\"url\":\"https:\/\/secure.gravatar.com\/avatar\/7728b29aac2719421e1a9159b2254c44?s=96&d=mm&r=g\",\"contentUrl\":\"https:\/\/secure.gravatar.com\/avatar\/7728b29aac2719421e1a9159b2254c44?s=96&d=mm&r=g\",\"caption\":\"Cl\u00e9ment\"},\"sameAs\":[\"https:\/\/footdavant.fr\/\"]}]}<\/script>\n<!-- \/ Yoast SEO plugin. -->","yoast_head_json":{"title":"Nouvelles du transfert de Tottenham: la v\u00e9rit\u00e9 sur le contrat de Cristian Romero \u00ab r\u00e9v\u00e9l\u00e9e \u00bb au milieu de l&#39;int\u00e9r\u00eat de la Liga","robots":{"index":"index","follow":"follow","max-snippet":"max-snippet:-1","max-image-preview":"max-image-preview:large","max-video-preview":"max-video-preview:-1"},"canonical":"https:\/\/footdavant.fr\/actualites\/nouvelles-du-transfert-de-tottenham-la-verite-sur-le-contrat-de-cristian-romero-revelee-au-milieu-de-linteret-de-la-liga\/","og_locale":"fr_FR","og_type":"article","og_title":"Nouvelles du transfert de Tottenham: la v\u00e9rit\u00e9 sur le contrat de Cristian Romero \u00ab r\u00e9v\u00e9l\u00e9e \u00bb au milieu de l&#39;int\u00e9r\u00eat de la Liga","og_description":"Tottenham Hotspur aurait obtenu un coup de pouce dans sa qu\u00eate pour garder Cristian Romero au club. Le joueur de 27 ans a r\u00e9cemment refus\u00e9","og_url":"https:\/\/footdavant.fr\/actualites\/nouvelles-du-transfert-de-tottenham-la-verite-sur-le-contrat-de-cristian-romero-revelee-au-milieu-de-linteret-de-la-liga\/","og_site_name":"Foot d&#039;avant","article_publisher":"https:\/\/www.facebook.com\/Footdavant\/","article_published_time":"2026-03-28T20:48:03+00:00","article_modified_time":"2026-03-28T20:48:05+00:00","og_image":[{"width":720,"height":410,"url":"https:\/\/footdavant.fr\/actualites\/wp-content\/uploads\/2026\/03\/Nouvelles-du-transfert-de-Tottenham-la-verite-sur-le-contrat.net2Fuploads2F20262F022Fimago1071834398.webp","type":"image\/webp"}],"author":"Cl\u00e9ment","twitter_card":"summary_large_image","twitter_creator":"@FootdavantFr","twitter_site":"@FootdavantFr","twitter_misc":{"\u00c9crit par":"Cl\u00e9ment","Dur\u00e9e de lecture estim\u00e9e":"2 minutes"},"schema":{"@context":"https:\/\/schema.org","@graph":[{"@type":"Article","@id":"https:\/\/footdavant.fr\/actualites\/nouvelles-du-transfert-de-tottenham-la-verite-sur-le-contrat-de-cristian-romero-revelee-au-milieu-de-linteret-de-la-liga\/#article","isPartOf":{"@id":"https:\/\/footdavant.fr\/actualites\/nouvelles-du-transfert-de-tottenham-la-verite-sur-le-contrat-de-cristian-romero-revelee-au-milieu-de-linteret-de-la-liga\/"},"author":{"name":"Cl\u00e9ment","@id":"https:\/\/footdavant.fr\/actualites\/#\/schema\/person\/bc222566d95871b37e597b3ed3ba5e1d"},"headline":"Nouvelles du transfert de Tottenham: la v\u00e9rit\u00e9 sur le contrat de Cristian Romero \u00ab r\u00e9v\u00e9l\u00e9e \u00bb au milieu de l&#39;int\u00e9r\u00eat de la Liga","datePublished":"2026-03-28T20:48:03+00:00","dateModified":"2026-03-28T20:48:05+00:00","mainEntityOfPage":{"@id":"https:\/\/footdavant.fr\/actualites\/nouvelles-du-transfert-de-tottenham-la-verite-sur-le-contrat-de-cristian-romero-revelee-au-milieu-de-linteret-de-la-liga\/"},"wordCount":367,"publisher":{"@id":"https:\/\/footdavant.fr\/actualites\/#organization"},"keywords":["contrat","Cristian","l39int\u00e9r\u00eat","Liga","milieu","Nouvelles","r\u00e9v\u00e9l\u00e9e","Romero","sur","Tottenham","transfert","v\u00e9rit\u00e9"],"articleSection":["Premier League"],"inLanguage":"fr-FR"},{"@type":"WebPage","@id":"https:\/\/footdavant.fr\/actualites\/nouvelles-du-transfert-de-tottenham-la-verite-sur-le-contrat-de-cristian-romero-revelee-au-milieu-de-linteret-de-la-liga\/","url":"https:\/\/footdavant.fr\/actualites\/nouvelles-du-transfert-de-tottenham-la-verite-sur-le-contrat-de-cristian-romero-revelee-au-milieu-de-linteret-de-la-liga\/","name":"Nouvelles du transfert de Tottenham: la v\u00e9rit\u00e9 sur le contrat de Cristian Romero \u00ab r\u00e9v\u00e9l\u00e9e \u00bb au milieu de l&#39;int\u00e9r\u00eat de la Liga","isPartOf":{"@id":"https:\/\/footdavant.fr\/actualites\/#website"},"datePublished":"2026-03-28T20:48:03+00:00","dateModified":"2026-03-28T20:48:05+00:00","breadcrumb":{"@id":"https:\/\/footdavant.fr\/actualites\/nouvelles-du-transfert-de-tottenham-la-verite-sur-le-contrat-de-cristian-romero-revelee-au-milieu-de-linteret-de-la-liga\/#breadcrumb"},"inLanguage":"fr-FR","potentialAction":[{"@type":"ReadAction","target":["https:\/\/footdavant.fr\/actualites\/nouvelles-du-transfert-de-tottenham-la-verite-sur-le-contrat-de-cristian-romero-revelee-au-milieu-de-linteret-de-la-liga\/"]}]},{"@type":"BreadcrumbList","@id":"https:\/\/footdavant.fr\/actualites\/nouvelles-du-transfert-de-tottenham-la-verite-sur-le-contrat-de-cristian-romero-revelee-au-milieu-de-linteret-de-la-liga\/#breadcrumb","itemListElement":[{"@type":"ListItem","position":1,"name":"Accueil","item":"https:\/\/footdavant.fr\/actualites\/"},{"@type":"ListItem","position":2,"name":"Nouvelles du transfert de Tottenham: la v\u00e9rit\u00e9 sur le contrat de Cristian Romero \u00ab r\u00e9v\u00e9l\u00e9e \u00bb au milieu de l&#39;int\u00e9r\u00eat de la Liga"}]},{"@type":"WebSite","@id":"https:\/\/footdavant.fr\/actualites\/#website","url":"https:\/\/footdavant.fr\/actualites\/","name":"Foot d'avant","description":"","publisher":{"@id":"https:\/\/footdavant.fr\/actualites\/#organization"},"potentialAction":[{"@type":"SearchAction","target":{"@type":"EntryPoint","urlTemplate":"https:\/\/footdavant.fr\/actualites\/?s={search_term_string}"},"query-input":"required name=search_term_string"}],"inLanguage":"fr-FR"},{"@type":"Organization","@id":"https:\/\/footdavant.fr\/actualites\/#organization","name":"Foot d'avant","url":"https:\/\/footdavant.fr\/actualites\/","logo":{"@type":"ImageObject","inLanguage":"fr-FR","@id":"https:\/\/footdavant.fr\/actualites\/#\/schema\/logo\/image\/","url":"https:\/\/footdavant.fr\/actualites\/wp-content\/uploads\/2023\/09\/Copy-of-FootDavant-Logo.png","contentUrl":"https:\/\/footdavant.fr\/actualites\/wp-content\/uploads\/2023\/09\/Copy-of-FootDavant-Logo.png","width":936,"height":549,"caption":"Foot d'avant"},"image":{"@id":"https:\/\/footdavant.fr\/actualites\/#\/schema\/logo\/image\/"},"sameAs":["https:\/\/www.facebook.com\/Footdavant\/","https:\/\/twitter.com\/FootdavantFr","https:\/\/www.instagram.com\/footdavant.fr\/"]},{"@type":"Person","@id":"https:\/\/footdavant.fr\/actualites\/#\/schema\/person\/bc222566d95871b37e597b3ed3ba5e1d","name":"Cl\u00e9ment","image":{"@type":"ImageObject","inLanguage":"fr-FR","@id":"https:\/\/footdavant.fr\/actualites\/#\/schema\/person\/image\/","url":"https:\/\/secure.gravatar.com\/avatar\/7728b29aac2719421e1a9159b2254c44?s=96&d=mm&r=g","contentUrl":"https:\/\/secure.gravatar.com\/avatar\/7728b29aac2719421e1a9159b2254c44?s=96&d=mm&r=g","caption":"Cl\u00e9ment"},"sameAs":["https:\/\/footdavant.fr\/"]}]}},"_links":{"self":[{"href":"https:\/\/footdavant.fr\/actualites\/wp-json\/wp\/v2\/posts\/35889"}],"collection":[{"href":"https:\/\/footdavant.fr\/actualites\/wp-json\/wp\/v2\/posts"}],"about":[{"href":"https:\/\/footdavant.fr\/actualites\/wp-json\/wp\/v2\/types\/post"}],"author":[{"embeddable":true,"href":"https:\/\/footdavant.fr\/actualites\/wp-json\/wp\/v2\/users\/1"}],"replies":[{"embeddable":true,"href":"https:\/\/footdavant.fr\/actualites\/wp-json\/wp\/v2\/comments?post=35889"}],"version-history":[{"count":1,"href":"https:\/\/footdavant.fr\/actualites\/wp-json\/wp\/v2\/posts\/35889\/revisions"}],"predecessor-version":[{"id":35891,"href":"https:\/\/footdavant.fr\/actualites\/wp-json\/wp\/v2\/posts\/35889\/revisions\/35891"}],"wp:featuredmedia":[{"embeddable":true,"href":"https:\/\/footdavant.fr\/actualites\/wp-json\/wp\/v2\/media\/35890"}],"wp:attachment":[{"href":"https:\/\/footdavant.fr\/actualites\/wp-json\/wp\/v2\/media?parent=35889"}],"wp:term":[{"taxonomy":"category","embeddable":true,"href":"https:\/\/footdavant.fr\/actualites\/wp-json\/wp\/v2\/categories?post=35889"},{"taxonomy":"post_tag","embeddable":true,"href":"https:\/\/footdavant.fr\/actualites\/wp-json\/wp\/v2\/tags?post=35889"}],"curies":[{"name":"wp","href":"https:\/\/api.w.org\/{rel}","templated":true}]}}