{"id":35892,"date":"2026-03-28T23:48:03","date_gmt":"2026-03-28T22:48:03","guid":{"rendered":"https:\/\/footdavant.fr\/actualites\/les-co-organisateurs-de-la-coupe-du-monde-battus-par-les-diables-rouges-a-domicile\/"},"modified":"2026-03-28T23:48:06","modified_gmt":"2026-03-28T22:48:06","slug":"les-co-organisateurs-de-la-coupe-du-monde-battus-par-les-diables-rouges-a-domicile","status":"publish","type":"post","link":"https:\/\/footdavant.fr\/actualites\/les-co-organisateurs-de-la-coupe-du-monde-battus-par-les-diables-rouges-a-domicile\/","title":{"rendered":"Les co-organisateurs de la Coupe du monde battus par les Diables Rouges \u00e0 domicile"},"content":{"rendered":"<div>\n<p>Les \u00c9tats-Unis, co-organisateurs de la Coupe du monde, ont \u00e9t\u00e9 battus par la Belgique, qui s&#39;est impos\u00e9e 5-2 au stade Mercedes-Benz d&#39;Atlanta samedi. <\/p>\n<p>Weston McKennie a ouvert le score pour les \u00c9tats-Unis en premi\u00e8re mi-temps, mais les visiteurs ont ripost\u00e9 avec cinq buts sans r\u00e9ponse gr\u00e2ce \u00e0 Zeno Debast, Amadou Onana, un penalty de Charles De Ketelaere et un doubl\u00e9 du rempla\u00e7ant Dodi Lukebakio. <\/p>\n<p>Patrick Agyemang en a retir\u00e9 un pour les h\u00f4tes tardivement, mais ce n&#39;\u00e9tait gu\u00e8re plus qu&#39;une consolation alors que la course incoh\u00e9rente des \u00c9tats-Unis sous la direction de Mauricio Pochettino se poursuit \u00e0 quelques mois seulement du coup d&#39;envoi de l&#39;\u00e9v\u00e9nement phare. <\/p>\n<figure class=\"wp-block-embed is-type-rich is-provider-twitter wp-block-embed-twitter\"\/>\n<h2 class=\"wp-block-heading\"><span id=\"An_even_first_half\">Une premi\u00e8re mi-temps \u00e9quilibr\u00e9e<\/span><\/h2>\n<p>La Belgique accueillait de nouveau le talismanique Kevin De Bruyne dans l&#39;\u00e9quipe, mais le premier but est revenu aux h\u00f4tes. <\/p>\n<p>Avec des hectares d&#39;espace aux abords de la surface, Antonee Robinson de Fulham a forc\u00e9 un bel arr\u00eat de Senne Lammens de Manchester United dans le but belge apr\u00e8s un joli une-deux entre Malik Tillman et Christian Pulisic dans la pr\u00e9paration. <\/p>\n<p>Lammens et Tillman \u00e9taient \u00e0 nouveau impliqu\u00e9s quelques instants plus tard lorsque le corner de ce dernier se fraya un chemin \u00e0 travers une collection de corps jusqu&#39;\u00e0 McKennie banalis\u00e9, mais encore une fois le Belge \u00e9tait sur place pour refuser un certain but.<\/p>\n<p>De l&#39;autre c\u00f4t\u00e9, Matt Turner entre les b\u00e2tons pour les \u00c9tats-Unis a \u00e9t\u00e9 contraint d&#39;effectuer un arr\u00eat lorsqu&#39;un tir de De Bruyne \u00e0 distance a d\u00e9vi\u00e9 sur Mark McKenzie. <\/p>\n<p>\u00c0 la 37e minute, les visiteurs se voyaient refuser un but apr\u00e8s que le ballon de Jeremy Doku ait finalement \u00e9t\u00e9 repouss\u00e9 par le bras de De Ketelaere. <\/p>\n<p>Mais alors qu&#39;il semblait que la Belgique commen\u00e7ait \u00e0 poser des probl\u00e8mes, elle prenait du retard lorsque McKennie se retrouvait \u00e0 nouveau seul sur un corner et ne commettait cette fois aucune erreur \u00e0 bout portant. <\/p>\n<p>Mais l&#39;avance n&#39;a dur\u00e9 que six minutes. Juste avant la mi-temps, Debast a tir\u00e9 devant Turner \u00e0 distance, le tir bas du milieu de terrain battant le joueur pr\u00eat\u00e9 de la New England Revolution avant de se nicher dans le coin le plus \u00e9loign\u00e9. <\/p>\n<figure class=\"wp-block-image size-large\"><picture decoding=\"async\" class=\"wp-image-64781\"><source type=\"image\/webp\" data-lazy- \/><img loading=\"lazy\" decoding=\"async\" width=\"1024\" height=\"576\" src=\"https:\/\/footdavant.fr\/actualites\/wp-content\/uploads\/2026\/03\/Les-co-organisateurs-de-la-Coupe-du-monde-battus-par-les.jpg\" alt=\"Mauricio Pochettino, le patron de l&#39;USMNT\"  \/>\n<\/picture>\n<\/figure>\n<h2 class=\"wp-block-heading\"><span id=\"Belgium_run_riot_after_the_break\">La Belgique se d\u00e9cha\u00eene apr\u00e8s la pause<\/span><\/h2>\n<p>Apr\u00e8s la pause, Pulisic aurait peut-\u00eatre d\u00fb faire mieux en dansant \u00e0 travers la d\u00e9fense belge, mais sa finition \u00e9tait sauvage et le ballon a travers\u00e9 la barre sans danger. <\/p>\n<p>Les h\u00f4tes avaient bien commenc\u00e9 la mi-temps, mais ce sont les visiteurs qui ont pris les devants gr\u00e2ce \u00e0 Onana, l&#39;homme d&#39;Aston Villa trouvant le chemin des filets depuis l&#39;entr\u00e9e de la surface apr\u00e8s avoir \u00e9t\u00e9 rep\u00e9r\u00e9 par Alexis Saelemaekers suite \u00e0 un travail plus impressionnant de Doku. <\/p>\n<p>Un peu plus de cinq minutes plus tard, la Belgique augmentait son avantage apr\u00e8s que le ballon ait touch\u00e9 la main du capitaine am\u00e9ricain Tim Ream, De Ketelaere convertissant le coup de pied qui en r\u00e9sultait. <\/p>\n<p>Les visiteurs se d\u00e9cha\u00eenaient d\u00e9sormais \u00e0 Atlanta et en ajoutaient un quatri\u00e8me peu apr\u00e8s l&#39;heure de jeu lorsque le rempla\u00e7ant Lukebakio a r\u00e9alis\u00e9 une belle finition devant Turner.<\/p>\n<p>Lukebakio a marqu\u00e9 son deuxi\u00e8me et le cinqui\u00e8me de la Belgique en fin de match avant que les \u00c9tats-Unis ne marquent un but de consolation \u00e0 trois minutes des 90 restantes apr\u00e8s que Ricardo Pepi ait d\u00e9poss\u00e9d\u00e9 Youri Tielemans et nourri Agyemang, qui a marqu\u00e9. <\/p>\n<p>Ce fut la derni\u00e8re action du match. Pour la Belgique, la victoire est retentissante. Pour les \u00c9tats-Unis, en revanche, ce r\u00e9sultat ne contribuera gu\u00e8re \u00e0 renforcer les espoirs d&#39;une nation en attente de la Coupe du monde de cet \u00e9t\u00e9. <\/p>\n<\/p><\/div>\n","protected":false},"excerpt":{"rendered":"<p>Les \u00c9tats-Unis, co-organisateurs de la Coupe du monde, ont \u00e9t\u00e9 battus par la Belgique, qui s&#39;est impos\u00e9e 5-2 au stade Mercedes-Benz d&#39;Atlanta samedi. Weston McKennie<\/p>\n","protected":false},"author":1,"featured_media":35893,"comment_status":"closed","ping_status":"","sticky":false,"template":"","format":"standard","meta":{"footnotes":""},"categories":[3],"tags":[4990,11745,1946,9964,5209,93,562,75,325],"yoast_head":"<!-- This site is optimized with the Yoast SEO plugin v21.0 - https:\/\/yoast.com\/wordpress\/plugins\/seo\/ -->\n<title>Les co-organisateurs de la Coupe du monde battus par les Diables Rouges \u00e0 domicile<\/title>\n<meta name=\"robots\" content=\"index, follow, max-snippet:-1, max-image-preview:large, max-video-preview:-1\" \/>\n<link rel=\"canonical\" href=\"https:\/\/footdavant.fr\/actualites\/les-co-organisateurs-de-la-coupe-du-monde-battus-par-les-diables-rouges-a-domicile\/\" \/>\n<meta property=\"og:locale\" content=\"fr_FR\" \/>\n<meta property=\"og:type\" content=\"article\" \/>\n<meta property=\"og:title\" content=\"Les co-organisateurs de la Coupe du monde battus par les Diables Rouges \u00e0 domicile\" \/>\n<meta property=\"og:description\" content=\"Les \u00c9tats-Unis, co-organisateurs de la Coupe du monde, ont \u00e9t\u00e9 battus par la Belgique, qui s&#039;est impos\u00e9e 5-2 au stade Mercedes-Benz d&#039;Atlanta samedi. Weston McKennie\" \/>\n<meta property=\"og:url\" content=\"https:\/\/footdavant.fr\/actualites\/les-co-organisateurs-de-la-coupe-du-monde-battus-par-les-diables-rouges-a-domicile\/\" \/>\n<meta property=\"og:site_name\" content=\"Foot d&#039;avant\" \/>\n<meta property=\"article:publisher\" content=\"https:\/\/www.facebook.com\/Footdavant\/\" \/>\n<meta property=\"article:published_time\" content=\"2026-03-28T22:48:03+00:00\" \/>\n<meta property=\"article:modified_time\" content=\"2026-03-28T22:48:06+00:00\" \/>\n<meta property=\"og:image\" content=\"https:\/\/footdavant.fr\/actualites\/wp-content\/uploads\/2026\/03\/1774738084_Les-co-organisateurs-de-la-Coupe-du-monde-battus-par-les.jpg\" \/>\n\t<meta property=\"og:image:width\" content=\"1200\" \/>\n\t<meta property=\"og:image:height\" content=\"800\" \/>\n\t<meta property=\"og:image:type\" content=\"image\/jpeg\" \/>\n<meta name=\"author\" content=\"Cl\u00e9ment\" \/>\n<meta name=\"twitter:card\" content=\"summary_large_image\" \/>\n<meta name=\"twitter:creator\" content=\"@FootdavantFr\" \/>\n<meta name=\"twitter:site\" content=\"@FootdavantFr\" \/>\n<meta name=\"twitter:label1\" content=\"\u00c9crit par\" \/>\n\t<meta name=\"twitter:data1\" content=\"Cl\u00e9ment\" \/>\n\t<meta name=\"twitter:label2\" content=\"Dur\u00e9e de lecture estim\u00e9e\" \/>\n\t<meta name=\"twitter:data2\" content=\"3 minutes\" \/>\n<script type=\"application\/ld+json\" class=\"yoast-schema-graph\">{\"@context\":\"https:\/\/schema.org\",\"@graph\":[{\"@type\":\"Article\",\"@id\":\"https:\/\/footdavant.fr\/actualites\/les-co-organisateurs-de-la-coupe-du-monde-battus-par-les-diables-rouges-a-domicile\/#article\",\"isPartOf\":{\"@id\":\"https:\/\/footdavant.fr\/actualites\/les-co-organisateurs-de-la-coupe-du-monde-battus-par-les-diables-rouges-a-domicile\/\"},\"author\":{\"name\":\"Cl\u00e9ment\",\"@id\":\"https:\/\/footdavant.fr\/actualites\/#\/schema\/person\/bc222566d95871b37e597b3ed3ba5e1d\"},\"headline\":\"Les co-organisateurs de la Coupe du monde battus par les Diables Rouges \u00e0 domicile\",\"datePublished\":\"2026-03-28T22:48:03+00:00\",\"dateModified\":\"2026-03-28T22:48:06+00:00\",\"mainEntityOfPage\":{\"@id\":\"https:\/\/footdavant.fr\/actualites\/les-co-organisateurs-de-la-coupe-du-monde-battus-par-les-diables-rouges-a-domicile\/\"},\"wordCount\":654,\"publisher\":{\"@id\":\"https:\/\/footdavant.fr\/actualites\/#organization\"},\"keywords\":[\"battus\",\"coorganisateurs\",\"Coupe\",\"diables\",\"domicile\",\"les\",\"monde\",\"par\",\"rouges\"],\"articleSection\":[\"Football\"],\"inLanguage\":\"fr-FR\"},{\"@type\":\"WebPage\",\"@id\":\"https:\/\/footdavant.fr\/actualites\/les-co-organisateurs-de-la-coupe-du-monde-battus-par-les-diables-rouges-a-domicile\/\",\"url\":\"https:\/\/footdavant.fr\/actualites\/les-co-organisateurs-de-la-coupe-du-monde-battus-par-les-diables-rouges-a-domicile\/\",\"name\":\"Les co-organisateurs de la Coupe du monde battus par les Diables Rouges \u00e0 domicile\",\"isPartOf\":{\"@id\":\"https:\/\/footdavant.fr\/actualites\/#website\"},\"datePublished\":\"2026-03-28T22:48:03+00:00\",\"dateModified\":\"2026-03-28T22:48:06+00:00\",\"breadcrumb\":{\"@id\":\"https:\/\/footdavant.fr\/actualites\/les-co-organisateurs-de-la-coupe-du-monde-battus-par-les-diables-rouges-a-domicile\/#breadcrumb\"},\"inLanguage\":\"fr-FR\",\"potentialAction\":[{\"@type\":\"ReadAction\",\"target\":[\"https:\/\/footdavant.fr\/actualites\/les-co-organisateurs-de-la-coupe-du-monde-battus-par-les-diables-rouges-a-domicile\/\"]}]},{\"@type\":\"BreadcrumbList\",\"@id\":\"https:\/\/footdavant.fr\/actualites\/les-co-organisateurs-de-la-coupe-du-monde-battus-par-les-diables-rouges-a-domicile\/#breadcrumb\",\"itemListElement\":[{\"@type\":\"ListItem\",\"position\":1,\"name\":\"Accueil\",\"item\":\"https:\/\/footdavant.fr\/actualites\/\"},{\"@type\":\"ListItem\",\"position\":2,\"name\":\"Les co-organisateurs de la Coupe du monde battus par les Diables Rouges \u00e0 domicile\"}]},{\"@type\":\"WebSite\",\"@id\":\"https:\/\/footdavant.fr\/actualites\/#website\",\"url\":\"https:\/\/footdavant.fr\/actualites\/\",\"name\":\"Foot d'avant\",\"description\":\"\",\"publisher\":{\"@id\":\"https:\/\/footdavant.fr\/actualites\/#organization\"},\"potentialAction\":[{\"@type\":\"SearchAction\",\"target\":{\"@type\":\"EntryPoint\",\"urlTemplate\":\"https:\/\/footdavant.fr\/actualites\/?s={search_term_string}\"},\"query-input\":\"required name=search_term_string\"}],\"inLanguage\":\"fr-FR\"},{\"@type\":\"Organization\",\"@id\":\"https:\/\/footdavant.fr\/actualites\/#organization\",\"name\":\"Foot d'avant\",\"url\":\"https:\/\/footdavant.fr\/actualites\/\",\"logo\":{\"@type\":\"ImageObject\",\"inLanguage\":\"fr-FR\",\"@id\":\"https:\/\/footdavant.fr\/actualites\/#\/schema\/logo\/image\/\",\"url\":\"https:\/\/footdavant.fr\/actualites\/wp-content\/uploads\/2023\/09\/Copy-of-FootDavant-Logo.png\",\"contentUrl\":\"https:\/\/footdavant.fr\/actualites\/wp-content\/uploads\/2023\/09\/Copy-of-FootDavant-Logo.png\",\"width\":936,\"height\":549,\"caption\":\"Foot d'avant\"},\"image\":{\"@id\":\"https:\/\/footdavant.fr\/actualites\/#\/schema\/logo\/image\/\"},\"sameAs\":[\"https:\/\/www.facebook.com\/Footdavant\/\",\"https:\/\/twitter.com\/FootdavantFr\",\"https:\/\/www.instagram.com\/footdavant.fr\/\"]},{\"@type\":\"Person\",\"@id\":\"https:\/\/footdavant.fr\/actualites\/#\/schema\/person\/bc222566d95871b37e597b3ed3ba5e1d\",\"name\":\"Cl\u00e9ment\",\"image\":{\"@type\":\"ImageObject\",\"inLanguage\":\"fr-FR\",\"@id\":\"https:\/\/footdavant.fr\/actualites\/#\/schema\/person\/image\/\",\"url\":\"https:\/\/secure.gravatar.com\/avatar\/7728b29aac2719421e1a9159b2254c44?s=96&d=mm&r=g\",\"contentUrl\":\"https:\/\/secure.gravatar.com\/avatar\/7728b29aac2719421e1a9159b2254c44?s=96&d=mm&r=g\",\"caption\":\"Cl\u00e9ment\"},\"sameAs\":[\"https:\/\/footdavant.fr\/\"]}]}<\/script>\n<!-- \/ Yoast SEO plugin. -->","yoast_head_json":{"title":"Les co-organisateurs de la Coupe du monde battus par les Diables Rouges \u00e0 domicile","robots":{"index":"index","follow":"follow","max-snippet":"max-snippet:-1","max-image-preview":"max-image-preview:large","max-video-preview":"max-video-preview:-1"},"canonical":"https:\/\/footdavant.fr\/actualites\/les-co-organisateurs-de-la-coupe-du-monde-battus-par-les-diables-rouges-a-domicile\/","og_locale":"fr_FR","og_type":"article","og_title":"Les co-organisateurs de la Coupe du monde battus par les Diables Rouges \u00e0 domicile","og_description":"Les \u00c9tats-Unis, co-organisateurs de la Coupe du monde, ont \u00e9t\u00e9 battus par la Belgique, qui s&#39;est impos\u00e9e 5-2 au stade Mercedes-Benz d&#39;Atlanta samedi. Weston McKennie","og_url":"https:\/\/footdavant.fr\/actualites\/les-co-organisateurs-de-la-coupe-du-monde-battus-par-les-diables-rouges-a-domicile\/","og_site_name":"Foot d&#039;avant","article_publisher":"https:\/\/www.facebook.com\/Footdavant\/","article_published_time":"2026-03-28T22:48:03+00:00","article_modified_time":"2026-03-28T22:48:06+00:00","og_image":[{"width":1200,"height":800,"url":"https:\/\/footdavant.fr\/actualites\/wp-content\/uploads\/2026\/03\/1774738084_Les-co-organisateurs-de-la-Coupe-du-monde-battus-par-les.jpg","type":"image\/jpeg"}],"author":"Cl\u00e9ment","twitter_card":"summary_large_image","twitter_creator":"@FootdavantFr","twitter_site":"@FootdavantFr","twitter_misc":{"\u00c9crit par":"Cl\u00e9ment","Dur\u00e9e de lecture estim\u00e9e":"3 minutes"},"schema":{"@context":"https:\/\/schema.org","@graph":[{"@type":"Article","@id":"https:\/\/footdavant.fr\/actualites\/les-co-organisateurs-de-la-coupe-du-monde-battus-par-les-diables-rouges-a-domicile\/#article","isPartOf":{"@id":"https:\/\/footdavant.fr\/actualites\/les-co-organisateurs-de-la-coupe-du-monde-battus-par-les-diables-rouges-a-domicile\/"},"author":{"name":"Cl\u00e9ment","@id":"https:\/\/footdavant.fr\/actualites\/#\/schema\/person\/bc222566d95871b37e597b3ed3ba5e1d"},"headline":"Les co-organisateurs de la Coupe du monde battus par les Diables Rouges \u00e0 domicile","datePublished":"2026-03-28T22:48:03+00:00","dateModified":"2026-03-28T22:48:06+00:00","mainEntityOfPage":{"@id":"https:\/\/footdavant.fr\/actualites\/les-co-organisateurs-de-la-coupe-du-monde-battus-par-les-diables-rouges-a-domicile\/"},"wordCount":654,"publisher":{"@id":"https:\/\/footdavant.fr\/actualites\/#organization"},"keywords":["battus","coorganisateurs","Coupe","diables","domicile","les","monde","par","rouges"],"articleSection":["Football"],"inLanguage":"fr-FR"},{"@type":"WebPage","@id":"https:\/\/footdavant.fr\/actualites\/les-co-organisateurs-de-la-coupe-du-monde-battus-par-les-diables-rouges-a-domicile\/","url":"https:\/\/footdavant.fr\/actualites\/les-co-organisateurs-de-la-coupe-du-monde-battus-par-les-diables-rouges-a-domicile\/","name":"Les co-organisateurs de la Coupe du monde battus par les Diables Rouges \u00e0 domicile","isPartOf":{"@id":"https:\/\/footdavant.fr\/actualites\/#website"},"datePublished":"2026-03-28T22:48:03+00:00","dateModified":"2026-03-28T22:48:06+00:00","breadcrumb":{"@id":"https:\/\/footdavant.fr\/actualites\/les-co-organisateurs-de-la-coupe-du-monde-battus-par-les-diables-rouges-a-domicile\/#breadcrumb"},"inLanguage":"fr-FR","potentialAction":[{"@type":"ReadAction","target":["https:\/\/footdavant.fr\/actualites\/les-co-organisateurs-de-la-coupe-du-monde-battus-par-les-diables-rouges-a-domicile\/"]}]},{"@type":"BreadcrumbList","@id":"https:\/\/footdavant.fr\/actualites\/les-co-organisateurs-de-la-coupe-du-monde-battus-par-les-diables-rouges-a-domicile\/#breadcrumb","itemListElement":[{"@type":"ListItem","position":1,"name":"Accueil","item":"https:\/\/footdavant.fr\/actualites\/"},{"@type":"ListItem","position":2,"name":"Les co-organisateurs de la Coupe du monde battus par les Diables Rouges \u00e0 domicile"}]},{"@type":"WebSite","@id":"https:\/\/footdavant.fr\/actualites\/#website","url":"https:\/\/footdavant.fr\/actualites\/","name":"Foot d'avant","description":"","publisher":{"@id":"https:\/\/footdavant.fr\/actualites\/#organization"},"potentialAction":[{"@type":"SearchAction","target":{"@type":"EntryPoint","urlTemplate":"https:\/\/footdavant.fr\/actualites\/?s={search_term_string}"},"query-input":"required name=search_term_string"}],"inLanguage":"fr-FR"},{"@type":"Organization","@id":"https:\/\/footdavant.fr\/actualites\/#organization","name":"Foot d'avant","url":"https:\/\/footdavant.fr\/actualites\/","logo":{"@type":"ImageObject","inLanguage":"fr-FR","@id":"https:\/\/footdavant.fr\/actualites\/#\/schema\/logo\/image\/","url":"https:\/\/footdavant.fr\/actualites\/wp-content\/uploads\/2023\/09\/Copy-of-FootDavant-Logo.png","contentUrl":"https:\/\/footdavant.fr\/actualites\/wp-content\/uploads\/2023\/09\/Copy-of-FootDavant-Logo.png","width":936,"height":549,"caption":"Foot d'avant"},"image":{"@id":"https:\/\/footdavant.fr\/actualites\/#\/schema\/logo\/image\/"},"sameAs":["https:\/\/www.facebook.com\/Footdavant\/","https:\/\/twitter.com\/FootdavantFr","https:\/\/www.instagram.com\/footdavant.fr\/"]},{"@type":"Person","@id":"https:\/\/footdavant.fr\/actualites\/#\/schema\/person\/bc222566d95871b37e597b3ed3ba5e1d","name":"Cl\u00e9ment","image":{"@type":"ImageObject","inLanguage":"fr-FR","@id":"https:\/\/footdavant.fr\/actualites\/#\/schema\/person\/image\/","url":"https:\/\/secure.gravatar.com\/avatar\/7728b29aac2719421e1a9159b2254c44?s=96&d=mm&r=g","contentUrl":"https:\/\/secure.gravatar.com\/avatar\/7728b29aac2719421e1a9159b2254c44?s=96&d=mm&r=g","caption":"Cl\u00e9ment"},"sameAs":["https:\/\/footdavant.fr\/"]}]}},"_links":{"self":[{"href":"https:\/\/footdavant.fr\/actualites\/wp-json\/wp\/v2\/posts\/35892"}],"collection":[{"href":"https:\/\/footdavant.fr\/actualites\/wp-json\/wp\/v2\/posts"}],"about":[{"href":"https:\/\/footdavant.fr\/actualites\/wp-json\/wp\/v2\/types\/post"}],"author":[{"embeddable":true,"href":"https:\/\/footdavant.fr\/actualites\/wp-json\/wp\/v2\/users\/1"}],"replies":[{"embeddable":true,"href":"https:\/\/footdavant.fr\/actualites\/wp-json\/wp\/v2\/comments?post=35892"}],"version-history":[{"count":1,"href":"https:\/\/footdavant.fr\/actualites\/wp-json\/wp\/v2\/posts\/35892\/revisions"}],"predecessor-version":[{"id":35894,"href":"https:\/\/footdavant.fr\/actualites\/wp-json\/wp\/v2\/posts\/35892\/revisions\/35894"}],"wp:featuredmedia":[{"embeddable":true,"href":"https:\/\/footdavant.fr\/actualites\/wp-json\/wp\/v2\/media\/35893"}],"wp:attachment":[{"href":"https:\/\/footdavant.fr\/actualites\/wp-json\/wp\/v2\/media?parent=35892"}],"wp:term":[{"taxonomy":"category","embeddable":true,"href":"https:\/\/footdavant.fr\/actualites\/wp-json\/wp\/v2\/categories?post=35892"},{"taxonomy":"post_tag","embeddable":true,"href":"https:\/\/footdavant.fr\/actualites\/wp-json\/wp\/v2\/tags?post=35892"}],"curies":[{"name":"wp","href":"https:\/\/api.w.org\/{rel}","templated":true}]}}