{"id":35895,"date":"2026-03-29T01:48:03","date_gmt":"2026-03-29T00:48:03","guid":{"rendered":"https:\/\/footdavant.fr\/actualites\/la-position-du-paris-saint-germain-et-de-khvicha-kvaratskhelia-sur-le-transfert-estival-revelee-au-milieu-de-linteret-darsenal\/"},"modified":"2026-03-29T01:48:06","modified_gmt":"2026-03-29T00:48:06","slug":"la-position-du-paris-saint-germain-et-de-khvicha-kvaratskhelia-sur-le-transfert-estival-revelee-au-milieu-de-linteret-darsenal","status":"publish","type":"post","link":"https:\/\/footdavant.fr\/actualites\/la-position-du-paris-saint-germain-et-de-khvicha-kvaratskhelia-sur-le-transfert-estival-revelee-au-milieu-de-linteret-darsenal\/","title":{"rendered":"La position du Paris Saint-Germain et de Khvicha Kvaratskhelia sur le transfert estival \u00ab\u00a0r\u00e9v\u00e9l\u00e9e\u00a0\u00bb au milieu de l&#39;int\u00e9r\u00eat d&#39;Arsenal"},"content":{"rendered":"<div itemprop=\"articleBody\">\n<p>Le Paris Saint-Germain serait d\u00e9termin\u00e9 \u00e0 retenir les services de Khvicha Kvaratskhelia, la cible d&#39;Arsenal, cet \u00e9t\u00e9.<\/p>\n<p>Les Gunners en qu\u00eate de titre ont \u00e9t\u00e9 associ\u00e9s \u00e0 une d\u00e9cision ambitieuse pour l\u2019international g\u00e9orgien ces derniers temps.<\/p>\n<p>Kvaratskhelia continue d&#39;\u00eatre une pi\u00e8ce importante du puzzle des Parisiens cette saison, marquant quatre buts en 22 matches de Ligue 1.<\/p>\n<p>L&#39;\u00e9quipe de Luis Enrique est qualifi\u00e9e pour les quarts de finale de la Ligue des champions et se pr\u00e9pare \u00e0 affronter Liverpool le mois prochain.<\/p>\n<p>Depuis qu&#39;il a quitt\u00e9 Naples lors de la fen\u00eatre hivernale 2025, Kvaratskhelia a d\u00e9j\u00e0 remport\u00e9 la Ligue 1 et la Ligue des champions.<\/p>\n<div>\n<div>\n<div>\n<p>\u00a9 Imago \/ NurPhoto<\/p>\n<\/div>\n<\/div>\n<\/div>\n<h2>Le PSG r\u00e9v\u00e8le la \u00ab\u00a0position\u00a0\u00bb de Kvaratskhelia au milieu de l&#39;affection d&#39;Arsenal<\/h2>\n<p>Selon <em>Actualit\u00e9s Sky Sports<\/em>la star du PSG Kvaratskhelia est une option pour l&#39;am\u00e9lioration d&#39;Arsenal sur l&#39;aile gauche au cours de l&#39;\u00e9t\u00e9.<\/p>\n<p>Cependant, il est entendu que ni les Parisiens ni le joueur lui-m\u00eame ne souhaitent un transfert avant la campagne 2026-27.<\/p>\n<p>On dit qu&#39;Arsenal envisage \u00e9galement de recruter Anthony Gordon, un habitu\u00e9 de la Premier League et de l&#39;Angleterre.<\/p>\n<p>En plus de l&#39;ancien ailier d&#39;Everton, les Gunners seraient \u00e9galement des admirateurs du Real Madrid, Rodrygo.<\/p>\n<p>Mikel Arteta compte actuellement Gabriel Martinelli et Leandro Trossard comme choix de gauche reconnus aux Emirats.<\/p>\n<div>\n<div>\n<div><img decoding=\"async\" data-img-id=\"156244\" class=\"lazy\" loading=\"lazy\" src=\"https:\/\/footdavant.fr\/actualites\/wp-content\/uploads\/2026\/03\/1774745283_181_La-position-du-Paris-Saint-Germain-et-de-Khvicha-Kvaratskhelia-sur.webp\"\/><\/p>\n<p>\u00a9 Iconsport \/ PA Images<\/p>\n<\/div>\n<\/div>\n<\/div>\n<h2>O\u00f9 d\u2019autre Arsenal pourrait-il se renforcer ?<\/h2>\n<p>M\u00eame s\u2019ils r\u00e9ussissent un tripl\u00e9 historique cette saison, Arsenal aura \u00e0 c\u0153ur d\u2019am\u00e9liorer son \u00e9quipe au cours de l\u2019\u00e9t\u00e9.<\/p>\n<p>Au sommet de l&#39;aile gauche, le milieu du parc a \u00e9galement \u00e9t\u00e9 mis en avant comme un espace de discussion pour les Gunners.<\/p>\n<p>Le rapport ci-dessus affirme qu&#39;Elliot Anderson et Sandro Tonali int\u00e9ressent les pr\u00e9tendants au titre.<\/p>\n<\/div>\n","protected":false},"excerpt":{"rendered":"<p>Le Paris Saint-Germain serait d\u00e9termin\u00e9 \u00e0 retenir les services de Khvicha Kvaratskhelia, la cible d&#39;Arsenal, cet \u00e9t\u00e9. Les Gunners en qu\u00eate de titre ont \u00e9t\u00e9<\/p>\n","protected":false},"author":1,"featured_media":35489,"comment_status":"closed","ping_status":"","sticky":false,"template":"","format":"standard","meta":{"footnotes":""},"categories":[5],"tags":[4221,2750,1495,1496,4310,441,100,2283,4750,249,103,700],"yoast_head":"<!-- This site is optimized with the Yoast SEO plugin v21.0 - https:\/\/yoast.com\/wordpress\/plugins\/seo\/ -->\n<title>La position du Paris Saint-Germain et de Khvicha Kvaratskhelia sur le transfert estival &quot;r\u00e9v\u00e9l\u00e9e&quot; au milieu de l&#039;int\u00e9r\u00eat d&#039;Arsenal<\/title>\n<meta name=\"robots\" content=\"index, follow, max-snippet:-1, max-image-preview:large, max-video-preview:-1\" \/>\n<link rel=\"canonical\" href=\"https:\/\/footdavant.fr\/actualites\/la-position-du-paris-saint-germain-et-de-khvicha-kvaratskhelia-sur-le-transfert-estival-revelee-au-milieu-de-linteret-darsenal\/\" \/>\n<meta property=\"og:locale\" content=\"fr_FR\" \/>\n<meta property=\"og:type\" content=\"article\" \/>\n<meta property=\"og:title\" content=\"La position du Paris Saint-Germain et de Khvicha Kvaratskhelia sur le transfert estival &quot;r\u00e9v\u00e9l\u00e9e&quot; au milieu de l&#039;int\u00e9r\u00eat d&#039;Arsenal\" \/>\n<meta property=\"og:description\" content=\"Le Paris Saint-Germain serait d\u00e9termin\u00e9 \u00e0 retenir les services de Khvicha Kvaratskhelia, la cible d&#039;Arsenal, cet \u00e9t\u00e9. Les Gunners en qu\u00eate de titre ont \u00e9t\u00e9\" \/>\n<meta property=\"og:url\" content=\"https:\/\/footdavant.fr\/actualites\/la-position-du-paris-saint-germain-et-de-khvicha-kvaratskhelia-sur-le-transfert-estival-revelee-au-milieu-de-linteret-darsenal\/\" \/>\n<meta property=\"og:site_name\" content=\"Foot d&#039;avant\" \/>\n<meta property=\"article:publisher\" content=\"https:\/\/www.facebook.com\/Footdavant\/\" \/>\n<meta property=\"article:published_time\" content=\"2026-03-29T00:48:03+00:00\" \/>\n<meta property=\"article:modified_time\" content=\"2026-03-29T00:48:06+00:00\" \/>\n<meta property=\"og:image\" content=\"https:\/\/footdavant.fr\/actualites\/wp-content\/uploads\/2026\/03\/Chelsea-vs-Paris-Saint-Germain-comment-regarder-date-heure-diffusion.net2Fuploads2F20262F032Ficonsport-360351.webp\" \/>\n\t<meta property=\"og:image:width\" content=\"720\" \/>\n\t<meta property=\"og:image:height\" content=\"410\" \/>\n\t<meta property=\"og:image:type\" content=\"image\/webp\" \/>\n<meta name=\"author\" content=\"Cl\u00e9ment\" \/>\n<meta name=\"twitter:card\" content=\"summary_large_image\" \/>\n<meta name=\"twitter:creator\" content=\"@FootdavantFr\" \/>\n<meta name=\"twitter:site\" content=\"@FootdavantFr\" \/>\n<meta name=\"twitter:label1\" content=\"\u00c9crit par\" \/>\n\t<meta name=\"twitter:data1\" content=\"Cl\u00e9ment\" \/>\n\t<meta name=\"twitter:label2\" content=\"Dur\u00e9e de lecture estim\u00e9e\" \/>\n\t<meta name=\"twitter:data2\" content=\"2 minutes\" \/>\n<script type=\"application\/ld+json\" class=\"yoast-schema-graph\">{\"@context\":\"https:\/\/schema.org\",\"@graph\":[{\"@type\":\"Article\",\"@id\":\"https:\/\/footdavant.fr\/actualites\/la-position-du-paris-saint-germain-et-de-khvicha-kvaratskhelia-sur-le-transfert-estival-revelee-au-milieu-de-linteret-darsenal\/#article\",\"isPartOf\":{\"@id\":\"https:\/\/footdavant.fr\/actualites\/la-position-du-paris-saint-germain-et-de-khvicha-kvaratskhelia-sur-le-transfert-estival-revelee-au-milieu-de-linteret-darsenal\/\"},\"author\":{\"name\":\"Cl\u00e9ment\",\"@id\":\"https:\/\/footdavant.fr\/actualites\/#\/schema\/person\/bc222566d95871b37e597b3ed3ba5e1d\"},\"headline\":\"La position du Paris Saint-Germain et de Khvicha Kvaratskhelia sur le transfert estival \u00ab\u00a0r\u00e9v\u00e9l\u00e9e\u00a0\u00bb au milieu de l&#39;int\u00e9r\u00eat d&#39;Arsenal\",\"datePublished\":\"2026-03-29T00:48:03+00:00\",\"dateModified\":\"2026-03-29T00:48:06+00:00\",\"mainEntityOfPage\":{\"@id\":\"https:\/\/footdavant.fr\/actualites\/la-position-du-paris-saint-germain-et-de-khvicha-kvaratskhelia-sur-le-transfert-estival-revelee-au-milieu-de-linteret-darsenal\/\"},\"wordCount\":335,\"publisher\":{\"@id\":\"https:\/\/footdavant.fr\/actualites\/#organization\"},\"keywords\":[\"d39Arsenal\",\"estival\",\"Khvicha\",\"Kvaratskhelia\",\"l39int\u00e9r\u00eat\",\"milieu\",\"paris\",\"position\",\"r\u00e9v\u00e9l\u00e9e\",\"SaintGermain\",\"sur\",\"transfert\"],\"articleSection\":[\"Premier League\"],\"inLanguage\":\"fr-FR\"},{\"@type\":\"WebPage\",\"@id\":\"https:\/\/footdavant.fr\/actualites\/la-position-du-paris-saint-germain-et-de-khvicha-kvaratskhelia-sur-le-transfert-estival-revelee-au-milieu-de-linteret-darsenal\/\",\"url\":\"https:\/\/footdavant.fr\/actualites\/la-position-du-paris-saint-germain-et-de-khvicha-kvaratskhelia-sur-le-transfert-estival-revelee-au-milieu-de-linteret-darsenal\/\",\"name\":\"La position du Paris Saint-Germain et de Khvicha Kvaratskhelia sur le transfert estival \\\"r\u00e9v\u00e9l\u00e9e\\\" au milieu de l&#39;int\u00e9r\u00eat d&#39;Arsenal\",\"isPartOf\":{\"@id\":\"https:\/\/footdavant.fr\/actualites\/#website\"},\"datePublished\":\"2026-03-29T00:48:03+00:00\",\"dateModified\":\"2026-03-29T00:48:06+00:00\",\"breadcrumb\":{\"@id\":\"https:\/\/footdavant.fr\/actualites\/la-position-du-paris-saint-germain-et-de-khvicha-kvaratskhelia-sur-le-transfert-estival-revelee-au-milieu-de-linteret-darsenal\/#breadcrumb\"},\"inLanguage\":\"fr-FR\",\"potentialAction\":[{\"@type\":\"ReadAction\",\"target\":[\"https:\/\/footdavant.fr\/actualites\/la-position-du-paris-saint-germain-et-de-khvicha-kvaratskhelia-sur-le-transfert-estival-revelee-au-milieu-de-linteret-darsenal\/\"]}]},{\"@type\":\"BreadcrumbList\",\"@id\":\"https:\/\/footdavant.fr\/actualites\/la-position-du-paris-saint-germain-et-de-khvicha-kvaratskhelia-sur-le-transfert-estival-revelee-au-milieu-de-linteret-darsenal\/#breadcrumb\",\"itemListElement\":[{\"@type\":\"ListItem\",\"position\":1,\"name\":\"Accueil\",\"item\":\"https:\/\/footdavant.fr\/actualites\/\"},{\"@type\":\"ListItem\",\"position\":2,\"name\":\"La position du Paris Saint-Germain et de Khvicha Kvaratskhelia sur le transfert estival \u00ab\u00a0r\u00e9v\u00e9l\u00e9e\u00a0\u00bb au milieu de l&#39;int\u00e9r\u00eat d&#39;Arsenal\"}]},{\"@type\":\"WebSite\",\"@id\":\"https:\/\/footdavant.fr\/actualites\/#website\",\"url\":\"https:\/\/footdavant.fr\/actualites\/\",\"name\":\"Foot d'avant\",\"description\":\"\",\"publisher\":{\"@id\":\"https:\/\/footdavant.fr\/actualites\/#organization\"},\"potentialAction\":[{\"@type\":\"SearchAction\",\"target\":{\"@type\":\"EntryPoint\",\"urlTemplate\":\"https:\/\/footdavant.fr\/actualites\/?s={search_term_string}\"},\"query-input\":\"required name=search_term_string\"}],\"inLanguage\":\"fr-FR\"},{\"@type\":\"Organization\",\"@id\":\"https:\/\/footdavant.fr\/actualites\/#organization\",\"name\":\"Foot d'avant\",\"url\":\"https:\/\/footdavant.fr\/actualites\/\",\"logo\":{\"@type\":\"ImageObject\",\"inLanguage\":\"fr-FR\",\"@id\":\"https:\/\/footdavant.fr\/actualites\/#\/schema\/logo\/image\/\",\"url\":\"https:\/\/footdavant.fr\/actualites\/wp-content\/uploads\/2023\/09\/Copy-of-FootDavant-Logo.png\",\"contentUrl\":\"https:\/\/footdavant.fr\/actualites\/wp-content\/uploads\/2023\/09\/Copy-of-FootDavant-Logo.png\",\"width\":936,\"height\":549,\"caption\":\"Foot d'avant\"},\"image\":{\"@id\":\"https:\/\/footdavant.fr\/actualites\/#\/schema\/logo\/image\/\"},\"sameAs\":[\"https:\/\/www.facebook.com\/Footdavant\/\",\"https:\/\/twitter.com\/FootdavantFr\",\"https:\/\/www.instagram.com\/footdavant.fr\/\"]},{\"@type\":\"Person\",\"@id\":\"https:\/\/footdavant.fr\/actualites\/#\/schema\/person\/bc222566d95871b37e597b3ed3ba5e1d\",\"name\":\"Cl\u00e9ment\",\"image\":{\"@type\":\"ImageObject\",\"inLanguage\":\"fr-FR\",\"@id\":\"https:\/\/footdavant.fr\/actualites\/#\/schema\/person\/image\/\",\"url\":\"https:\/\/secure.gravatar.com\/avatar\/7728b29aac2719421e1a9159b2254c44?s=96&d=mm&r=g\",\"contentUrl\":\"https:\/\/secure.gravatar.com\/avatar\/7728b29aac2719421e1a9159b2254c44?s=96&d=mm&r=g\",\"caption\":\"Cl\u00e9ment\"},\"sameAs\":[\"https:\/\/footdavant.fr\/\"]}]}<\/script>\n<!-- \/ Yoast SEO plugin. -->","yoast_head_json":{"title":"La position du Paris Saint-Germain et de Khvicha Kvaratskhelia sur le transfert estival \"r\u00e9v\u00e9l\u00e9e\" au milieu de l&#39;int\u00e9r\u00eat d&#39;Arsenal","robots":{"index":"index","follow":"follow","max-snippet":"max-snippet:-1","max-image-preview":"max-image-preview:large","max-video-preview":"max-video-preview:-1"},"canonical":"https:\/\/footdavant.fr\/actualites\/la-position-du-paris-saint-germain-et-de-khvicha-kvaratskhelia-sur-le-transfert-estival-revelee-au-milieu-de-linteret-darsenal\/","og_locale":"fr_FR","og_type":"article","og_title":"La position du Paris Saint-Germain et de Khvicha Kvaratskhelia sur le transfert estival \"r\u00e9v\u00e9l\u00e9e\" au milieu de l&#39;int\u00e9r\u00eat d&#39;Arsenal","og_description":"Le Paris Saint-Germain serait d\u00e9termin\u00e9 \u00e0 retenir les services de Khvicha Kvaratskhelia, la cible d&#39;Arsenal, cet \u00e9t\u00e9. Les Gunners en qu\u00eate de titre ont \u00e9t\u00e9","og_url":"https:\/\/footdavant.fr\/actualites\/la-position-du-paris-saint-germain-et-de-khvicha-kvaratskhelia-sur-le-transfert-estival-revelee-au-milieu-de-linteret-darsenal\/","og_site_name":"Foot d&#039;avant","article_publisher":"https:\/\/www.facebook.com\/Footdavant\/","article_published_time":"2026-03-29T00:48:03+00:00","article_modified_time":"2026-03-29T00:48:06+00:00","og_image":[{"width":720,"height":410,"url":"https:\/\/footdavant.fr\/actualites\/wp-content\/uploads\/2026\/03\/Chelsea-vs-Paris-Saint-Germain-comment-regarder-date-heure-diffusion.net2Fuploads2F20262F032Ficonsport-360351.webp","type":"image\/webp"}],"author":"Cl\u00e9ment","twitter_card":"summary_large_image","twitter_creator":"@FootdavantFr","twitter_site":"@FootdavantFr","twitter_misc":{"\u00c9crit par":"Cl\u00e9ment","Dur\u00e9e de lecture estim\u00e9e":"2 minutes"},"schema":{"@context":"https:\/\/schema.org","@graph":[{"@type":"Article","@id":"https:\/\/footdavant.fr\/actualites\/la-position-du-paris-saint-germain-et-de-khvicha-kvaratskhelia-sur-le-transfert-estival-revelee-au-milieu-de-linteret-darsenal\/#article","isPartOf":{"@id":"https:\/\/footdavant.fr\/actualites\/la-position-du-paris-saint-germain-et-de-khvicha-kvaratskhelia-sur-le-transfert-estival-revelee-au-milieu-de-linteret-darsenal\/"},"author":{"name":"Cl\u00e9ment","@id":"https:\/\/footdavant.fr\/actualites\/#\/schema\/person\/bc222566d95871b37e597b3ed3ba5e1d"},"headline":"La position du Paris Saint-Germain et de Khvicha Kvaratskhelia sur le transfert estival \u00ab\u00a0r\u00e9v\u00e9l\u00e9e\u00a0\u00bb au milieu de l&#39;int\u00e9r\u00eat d&#39;Arsenal","datePublished":"2026-03-29T00:48:03+00:00","dateModified":"2026-03-29T00:48:06+00:00","mainEntityOfPage":{"@id":"https:\/\/footdavant.fr\/actualites\/la-position-du-paris-saint-germain-et-de-khvicha-kvaratskhelia-sur-le-transfert-estival-revelee-au-milieu-de-linteret-darsenal\/"},"wordCount":335,"publisher":{"@id":"https:\/\/footdavant.fr\/actualites\/#organization"},"keywords":["d39Arsenal","estival","Khvicha","Kvaratskhelia","l39int\u00e9r\u00eat","milieu","paris","position","r\u00e9v\u00e9l\u00e9e","SaintGermain","sur","transfert"],"articleSection":["Premier League"],"inLanguage":"fr-FR"},{"@type":"WebPage","@id":"https:\/\/footdavant.fr\/actualites\/la-position-du-paris-saint-germain-et-de-khvicha-kvaratskhelia-sur-le-transfert-estival-revelee-au-milieu-de-linteret-darsenal\/","url":"https:\/\/footdavant.fr\/actualites\/la-position-du-paris-saint-germain-et-de-khvicha-kvaratskhelia-sur-le-transfert-estival-revelee-au-milieu-de-linteret-darsenal\/","name":"La position du Paris Saint-Germain et de Khvicha Kvaratskhelia sur le transfert estival \"r\u00e9v\u00e9l\u00e9e\" au milieu de l&#39;int\u00e9r\u00eat d&#39;Arsenal","isPartOf":{"@id":"https:\/\/footdavant.fr\/actualites\/#website"},"datePublished":"2026-03-29T00:48:03+00:00","dateModified":"2026-03-29T00:48:06+00:00","breadcrumb":{"@id":"https:\/\/footdavant.fr\/actualites\/la-position-du-paris-saint-germain-et-de-khvicha-kvaratskhelia-sur-le-transfert-estival-revelee-au-milieu-de-linteret-darsenal\/#breadcrumb"},"inLanguage":"fr-FR","potentialAction":[{"@type":"ReadAction","target":["https:\/\/footdavant.fr\/actualites\/la-position-du-paris-saint-germain-et-de-khvicha-kvaratskhelia-sur-le-transfert-estival-revelee-au-milieu-de-linteret-darsenal\/"]}]},{"@type":"BreadcrumbList","@id":"https:\/\/footdavant.fr\/actualites\/la-position-du-paris-saint-germain-et-de-khvicha-kvaratskhelia-sur-le-transfert-estival-revelee-au-milieu-de-linteret-darsenal\/#breadcrumb","itemListElement":[{"@type":"ListItem","position":1,"name":"Accueil","item":"https:\/\/footdavant.fr\/actualites\/"},{"@type":"ListItem","position":2,"name":"La position du Paris Saint-Germain et de Khvicha Kvaratskhelia sur le transfert estival \u00ab\u00a0r\u00e9v\u00e9l\u00e9e\u00a0\u00bb au milieu de l&#39;int\u00e9r\u00eat d&#39;Arsenal"}]},{"@type":"WebSite","@id":"https:\/\/footdavant.fr\/actualites\/#website","url":"https:\/\/footdavant.fr\/actualites\/","name":"Foot d'avant","description":"","publisher":{"@id":"https:\/\/footdavant.fr\/actualites\/#organization"},"potentialAction":[{"@type":"SearchAction","target":{"@type":"EntryPoint","urlTemplate":"https:\/\/footdavant.fr\/actualites\/?s={search_term_string}"},"query-input":"required name=search_term_string"}],"inLanguage":"fr-FR"},{"@type":"Organization","@id":"https:\/\/footdavant.fr\/actualites\/#organization","name":"Foot d'avant","url":"https:\/\/footdavant.fr\/actualites\/","logo":{"@type":"ImageObject","inLanguage":"fr-FR","@id":"https:\/\/footdavant.fr\/actualites\/#\/schema\/logo\/image\/","url":"https:\/\/footdavant.fr\/actualites\/wp-content\/uploads\/2023\/09\/Copy-of-FootDavant-Logo.png","contentUrl":"https:\/\/footdavant.fr\/actualites\/wp-content\/uploads\/2023\/09\/Copy-of-FootDavant-Logo.png","width":936,"height":549,"caption":"Foot d'avant"},"image":{"@id":"https:\/\/footdavant.fr\/actualites\/#\/schema\/logo\/image\/"},"sameAs":["https:\/\/www.facebook.com\/Footdavant\/","https:\/\/twitter.com\/FootdavantFr","https:\/\/www.instagram.com\/footdavant.fr\/"]},{"@type":"Person","@id":"https:\/\/footdavant.fr\/actualites\/#\/schema\/person\/bc222566d95871b37e597b3ed3ba5e1d","name":"Cl\u00e9ment","image":{"@type":"ImageObject","inLanguage":"fr-FR","@id":"https:\/\/footdavant.fr\/actualites\/#\/schema\/person\/image\/","url":"https:\/\/secure.gravatar.com\/avatar\/7728b29aac2719421e1a9159b2254c44?s=96&d=mm&r=g","contentUrl":"https:\/\/secure.gravatar.com\/avatar\/7728b29aac2719421e1a9159b2254c44?s=96&d=mm&r=g","caption":"Cl\u00e9ment"},"sameAs":["https:\/\/footdavant.fr\/"]}]}},"_links":{"self":[{"href":"https:\/\/footdavant.fr\/actualites\/wp-json\/wp\/v2\/posts\/35895"}],"collection":[{"href":"https:\/\/footdavant.fr\/actualites\/wp-json\/wp\/v2\/posts"}],"about":[{"href":"https:\/\/footdavant.fr\/actualites\/wp-json\/wp\/v2\/types\/post"}],"author":[{"embeddable":true,"href":"https:\/\/footdavant.fr\/actualites\/wp-json\/wp\/v2\/users\/1"}],"replies":[{"embeddable":true,"href":"https:\/\/footdavant.fr\/actualites\/wp-json\/wp\/v2\/comments?post=35895"}],"version-history":[{"count":1,"href":"https:\/\/footdavant.fr\/actualites\/wp-json\/wp\/v2\/posts\/35895\/revisions"}],"predecessor-version":[{"id":35896,"href":"https:\/\/footdavant.fr\/actualites\/wp-json\/wp\/v2\/posts\/35895\/revisions\/35896"}],"wp:featuredmedia":[{"embeddable":true,"href":"https:\/\/footdavant.fr\/actualites\/wp-json\/wp\/v2\/media\/35489"}],"wp:attachment":[{"href":"https:\/\/footdavant.fr\/actualites\/wp-json\/wp\/v2\/media?parent=35895"}],"wp:term":[{"taxonomy":"category","embeddable":true,"href":"https:\/\/footdavant.fr\/actualites\/wp-json\/wp\/v2\/categories?post=35895"},{"taxonomy":"post_tag","embeddable":true,"href":"https:\/\/footdavant.fr\/actualites\/wp-json\/wp\/v2\/tags?post=35895"}],"curies":[{"name":"wp","href":"https:\/\/api.w.org\/{rel}","templated":true}]}}