{"id":35897,"date":"2026-03-29T04:48:07","date_gmt":"2026-03-29T03:48:07","guid":{"rendered":"https:\/\/footdavant.fr\/actualites\/james-garner-thomas-tuchel-fait-une-declaration-audacieuse-sur-lobjectif-de-united\/"},"modified":"2026-03-29T04:48:28","modified_gmt":"2026-03-29T03:48:28","slug":"james-garner-thomas-tuchel-fait-une-declaration-audacieuse-sur-lobjectif-de-united","status":"publish","type":"post","link":"https:\/\/footdavant.fr\/actualites\/james-garner-thomas-tuchel-fait-une-declaration-audacieuse-sur-lobjectif-de-united\/","title":{"rendered":"James Garner: Thomas Tuchel fait une d\u00e9claration audacieuse sur l&#39;objectif de United &#8211;"},"content":{"rendered":"<div id=\"penci-post-entry-inner\">\n<p>\t\t\t<i class=\"penci-post-countview-number-check\" style=\"display:none\">1<\/i><\/p>\n<p>Le manager anglais Thomas Tuchel a fait l&#39;\u00e9loge de James Garner, dipl\u00f4m\u00e9 de l&#39;acad\u00e9mie de Manchester United, apr\u00e8s sa performance contre l&#39;Uruguay. Le milieu de terrain anglais a pass\u00e9 ses ann\u00e9es de formation \u00e0 Carrington et \u00e9tait autrefois pressenti pour devenir un pilier du onze de d\u00e9part. <\/p>\n<p>Cependant, les Red Devils ont pris la d\u00e9cision surprenante de permettre \u00e0 Garner de partir d\u00e9finitivement \u00e0 l&#39;\u00e9t\u00e9 2022. Avec Erik ten Hag prenant la t\u00eate de la premi\u00e8re \u00e9quipe, le joueur a \u00e9t\u00e9 jug\u00e9 exc\u00e9dentaire par rapport aux besoins et il a rejoint Everton dans le cadre d&#39;un accord de 15 millions de livres sterling. <\/p>\n<p>La d\u00e9cision est depuis revenue hanter United, Garner s\u2019\u00e9tant impos\u00e9 comme un habitu\u00e9 de la premi\u00e8re \u00e9quipe des Toffees. United, quant \u00e0 lui, manque un joueur de son calibre dans l\u2019\u00e9quipe et se pr\u00e9pare \u00e0 investir massivement au milieu de terrain cet \u00e9t\u00e9.<\/p>\n<h3>L&#39;\u00e9nigme du milieu de terrain de United<\/h3>\n<p>United devrait se s\u00e9parer de Casemiro \u00e0 la fin de cette saison, une fois son contrat expir\u00e9. Manuel Ugarte, quant \u00e0 lui, a \u00e9t\u00e9 rel\u00e9gu\u00e9 sur le banc par le Br\u00e9silien cette saison et pourrait \u00e9galement \u00eatre sur le d\u00e9part cette ann\u00e9e. <\/p>\n<p>Les Diables Rouges recherchent un rempla\u00e7ant appropri\u00e9 pour Casemiro et envisageraient plusieurs candidats \u00e9prouv\u00e9s en Premier League pour le poste. Elliot Anderson, Carlos Baleba, Adam Wharton et Sandro Tonali font actuellement partie d&#39;une multitude de noms li\u00e9s \u00e0 United. <\/p>\n<p>Des rapports r\u00e9cents sugg\u00e8rent que les Red Devils envisagent \u00e9galement de retrouver Garner, qui a excell\u00e9 pour Everton cette saison. L&#39;Anglais a inscrit trois buts et six passes d\u00e9cisives en 34 apparitions pour le club du Merseyside, toutes titularis\u00e9es. <\/p>\n<h2 id=\"tablepress-1070-name\" class=\"tablepress-table-name tablepress-table-name-id-1070\">Statistiques de James Garner\u00a0: saison 2025\/26<\/h2>\n<table id=\"tablepress-1070\" class=\"tablepress tablepress-id-1070\" aria-labelledby=\"tablepress-1070-name\">\n<thead>\n<tr class=\"row-1\">\n<th class=\"column-1\">Concours<\/th>\n<th class=\"column-2\">Apparitions<\/th>\n<th class=\"column-3\">Commence<\/th>\n<th class=\"column-4\">Objectifs<\/th>\n<th class=\"column-5\">Aides<\/th>\n<th class=\"column-6\">Cartons jaunes<\/th>\n<th class=\"column-7\">Cartons rouges<\/th>\n<th class=\"column-8\">Minutes jou\u00e9es<\/th>\n<\/tr>\n<\/thead>\n<tbody class=\"row-striping row-hover\">\n<tr class=\"row-2\">\n<td class=\"column-1\">Premi\u00e8re Ligue<\/td>\n<td class=\"column-2\">31<\/td>\n<td class=\"column-3\">31<\/td>\n<td class=\"column-4\">2<\/td>\n<td class=\"column-5\">6<\/td>\n<td class=\"column-6\">7<\/td>\n<td class=\"column-7\">&#8211;<\/td>\n<td class=\"column-8\">2 784&#39;<\/td>\n<\/tr>\n<tr class=\"row-3\">\n<td class=\"column-1\">Coupe EFL<\/td>\n<td class=\"column-2\">2<\/td>\n<td class=\"column-3\">2<\/td>\n<td class=\"column-4\">&#8211;<\/td>\n<td class=\"column-5\">&#8211;<\/td>\n<td class=\"column-6\">1<\/td>\n<td class=\"column-7\">&#8211;<\/td>\n<td class=\"column-8\">180&#39;<\/td>\n<\/tr>\n<tr class=\"row-4\">\n<td class=\"column-1\">Coupe d&#39;Angleterre<\/td>\n<td class=\"column-2\">1<\/td>\n<td class=\"column-3\">1<\/td>\n<td class=\"column-4\">1<\/td>\n<td class=\"column-5\">&#8211;<\/td>\n<td class=\"column-6\">&#8211;<\/td>\n<td class=\"column-7\">&#8211;<\/td>\n<td class=\"column-8\">120&#39;<\/td>\n<\/tr>\n<tr class=\"row-5\">\n<td class=\"column-1\"><\/td>\n<td class=\"column-2\"><\/td>\n<td class=\"column-3\"><\/td>\n<td class=\"column-4\"><\/td>\n<td class=\"column-5\"><\/td>\n<td class=\"column-6\"><\/td>\n<td class=\"column-7\"><\/td>\n<td class=\"column-8\"><\/td>\n<\/tr>\n<\/tbody>\n<\/table>\n<p><!-- #tablepress-1070 from cache --><\/p>\n<p>Garner faisait partie du onze de d\u00e9part pour le match amical des Trois Lions vendredi, avant d&#39;\u00eatre remplac\u00e9 par Kobbie Mainoo \u00e0 la 70e minute. L&#39;Angleterre a pris l&#39;avantage \u00e0 la 82e minute gr\u00e2ce \u00e0 Ben White, mais Federico Valverde a \u00e9galis\u00e9 sur place \u00e0 la quatri\u00e8me minute du temps additionnel de la deuxi\u00e8me mi-temps. <\/p>\n<h3>Tuchel salue Garner<\/h3>\n<p>S&#39;exprimant apr\u00e8s le match, Tuchel a salu\u00e9 Garner comme un \u00ab\u00a0mini-Valverde\u00a0\u00bb, mais a insist\u00e9 sur le fait que l&#39;homme d&#39;Everton pouvait encore s&#39;am\u00e9liorer. Tuchel a d\u00e9clar\u00e9 : \u00ab\u00a0Je suis tr\u00e8s heureux, c&#39;est notre mini [Federico] Valverde. Il y arrive et il a tr\u00e8s, tr\u00e8s bien jou\u00e9. <\/p>\n<p>\u00ab\u00a0J&#39;\u00e9tais s\u00fbr qu&#39;il jouerait bien car il a cette confiance naturelle et il est tr\u00e8s physique ; il a gagn\u00e9 beaucoup de ballons. Il y a des situations o\u00f9 il peut \u00eatre un peu plus ouvert et traverser le milieu de terrain avec le ballon avec un peu plus de confiance.\u00a0\u00bb <\/p>\n<p>\u00ab\u00a0Au cours des 10 derni\u00e8res minutes de la premi\u00e8re mi-temps, il a \u00e9t\u00e9 impliqu\u00e9 dans quelques pertes de ballon, ce qui nous a co\u00fbt\u00e9 un peu de confiance dans les 10 derni\u00e8res minutes. Mais je suis tr\u00e8s impressionn\u00e9 par la fa\u00e7on dont il s&#39;est entra\u00een\u00e9, par son comportement et par la fa\u00e7on dont il a jou\u00e9 ce soir.\u00a0\u00bb<\/p>\n<p>Garner a sign\u00e9 un nouveau contrat avec Everton en janvier de cette ann\u00e9e et est d\u00e9sormais li\u00e9 au stade Hill Dickinson jusqu&#39;en 2030.<\/p>\n<h3>Pens\u00e9es finales<\/h3>\n<p>Autoriser Garner \u00e0 partir a \u00e9t\u00e9 l&#39;une des d\u00e9cisions les plus controvers\u00e9es de United ces derniers temps et cela s&#39;av\u00e8re rapidement \u00eatre une erreur co\u00fbteuse. Cependant, les Diables Rouges mettent d\u00e9sormais davantage l&#39;accent sur la jeunesse, et il est peu probable qu&#39;une telle erreur se reproduise. <\/p>\n<\/p>\n<hr\/>\n<p>The Peoples Person est l&#39;un des principaux sites d&#39;information de Man United au monde depuis plus d&#39;une d\u00e9cennie. Suivez-nous sur Bluesky\u00a0: @peoplesperson.bsky.social<\/p>\n<p><!-- CONTENT END 2 --><\/p><\/div>\n","protected":false},"excerpt":{"rendered":"<p>1 Le manager anglais Thomas Tuchel a fait l&#39;\u00e9loge de James Garner, dipl\u00f4m\u00e9 de l&#39;acad\u00e9mie de Manchester United, apr\u00e8s sa performance contre l&#39;Uruguay. Le milieu<\/p>\n","protected":false},"author":1,"featured_media":35898,"comment_status":"closed","ping_status":"","sticky":false,"template":"","format":"standard","meta":{"footnotes":""},"categories":[3],"tags":[4419,749,152,10799,111,5238,103,235,2298,92,13],"yoast_head":"<!-- This site is optimized with the Yoast SEO plugin v21.0 - https:\/\/yoast.com\/wordpress\/plugins\/seo\/ -->\n<title>James Garner: Thomas Tuchel fait une d\u00e9claration audacieuse sur l&#039;objectif de United -<\/title>\n<meta name=\"robots\" content=\"index, follow, max-snippet:-1, max-image-preview:large, max-video-preview:-1\" \/>\n<link rel=\"canonical\" href=\"https:\/\/footdavant.fr\/actualites\/james-garner-thomas-tuchel-fait-une-declaration-audacieuse-sur-lobjectif-de-united\/\" \/>\n<meta property=\"og:locale\" content=\"fr_FR\" \/>\n<meta property=\"og:type\" content=\"article\" \/>\n<meta property=\"og:title\" content=\"James Garner: Thomas Tuchel fait une d\u00e9claration audacieuse sur l&#039;objectif de United -\" \/>\n<meta property=\"og:description\" content=\"1 Le manager anglais Thomas Tuchel a fait l&#039;\u00e9loge de James Garner, dipl\u00f4m\u00e9 de l&#039;acad\u00e9mie de Manchester United, apr\u00e8s sa performance contre l&#039;Uruguay. Le milieu\" \/>\n<meta property=\"og:url\" content=\"https:\/\/footdavant.fr\/actualites\/james-garner-thomas-tuchel-fait-une-declaration-audacieuse-sur-lobjectif-de-united\/\" \/>\n<meta property=\"og:site_name\" content=\"Foot d&#039;avant\" \/>\n<meta property=\"article:publisher\" content=\"https:\/\/www.facebook.com\/Footdavant\/\" \/>\n<meta property=\"article:published_time\" content=\"2026-03-29T02:48:07+00:00\" \/>\n<meta property=\"article:modified_time\" content=\"2026-03-29T02:48:28+00:00\" \/>\n<meta property=\"og:image\" content=\"https:\/\/footdavant.fr\/actualites\/wp-content\/uploads\/2026\/03\/James-Garner-Thomas-Tuchel-fait-une-declaration-audacieuse-sur-l39objectif.jpg\" \/>\n\t<meta property=\"og:image:width\" content=\"1600\" \/>\n\t<meta property=\"og:image:height\" content=\"724\" \/>\n\t<meta property=\"og:image:type\" content=\"image\/jpeg\" \/>\n<meta name=\"author\" content=\"Cl\u00e9ment\" \/>\n<meta name=\"twitter:card\" content=\"summary_large_image\" \/>\n<meta name=\"twitter:creator\" content=\"@FootdavantFr\" \/>\n<meta name=\"twitter:site\" content=\"@FootdavantFr\" \/>\n<meta name=\"twitter:label1\" content=\"\u00c9crit par\" \/>\n\t<meta name=\"twitter:data1\" content=\"Cl\u00e9ment\" \/>\n\t<meta name=\"twitter:label2\" content=\"Dur\u00e9e de lecture estim\u00e9e\" \/>\n\t<meta name=\"twitter:data2\" content=\"3 minutes\" \/>\n<script type=\"application\/ld+json\" class=\"yoast-schema-graph\">{\"@context\":\"https:\/\/schema.org\",\"@graph\":[{\"@type\":\"Article\",\"@id\":\"https:\/\/footdavant.fr\/actualites\/james-garner-thomas-tuchel-fait-une-declaration-audacieuse-sur-lobjectif-de-united\/#article\",\"isPartOf\":{\"@id\":\"https:\/\/footdavant.fr\/actualites\/james-garner-thomas-tuchel-fait-une-declaration-audacieuse-sur-lobjectif-de-united\/\"},\"author\":{\"name\":\"Cl\u00e9ment\",\"@id\":\"https:\/\/footdavant.fr\/actualites\/#\/schema\/person\/bc222566d95871b37e597b3ed3ba5e1d\"},\"headline\":\"James Garner: Thomas Tuchel fait une d\u00e9claration audacieuse sur l&#39;objectif de United &#8211;\",\"datePublished\":\"2026-03-29T02:48:07+00:00\",\"dateModified\":\"2026-03-29T02:48:28+00:00\",\"mainEntityOfPage\":{\"@id\":\"https:\/\/footdavant.fr\/actualites\/james-garner-thomas-tuchel-fait-une-declaration-audacieuse-sur-lobjectif-de-united\/\"},\"wordCount\":690,\"publisher\":{\"@id\":\"https:\/\/footdavant.fr\/actualites\/#organization\"},\"keywords\":[\"audacieuse\",\"D\u00e9claration\",\"fait\",\"Garner\",\"James\",\"l39objectif\",\"sur\",\"Thomas\",\"Tuchel\",\"une\",\"United\"],\"articleSection\":[\"Football\"],\"inLanguage\":\"fr-FR\"},{\"@type\":\"WebPage\",\"@id\":\"https:\/\/footdavant.fr\/actualites\/james-garner-thomas-tuchel-fait-une-declaration-audacieuse-sur-lobjectif-de-united\/\",\"url\":\"https:\/\/footdavant.fr\/actualites\/james-garner-thomas-tuchel-fait-une-declaration-audacieuse-sur-lobjectif-de-united\/\",\"name\":\"James Garner: Thomas Tuchel fait une d\u00e9claration audacieuse sur l&#39;objectif de United -\",\"isPartOf\":{\"@id\":\"https:\/\/footdavant.fr\/actualites\/#website\"},\"datePublished\":\"2026-03-29T02:48:07+00:00\",\"dateModified\":\"2026-03-29T02:48:28+00:00\",\"breadcrumb\":{\"@id\":\"https:\/\/footdavant.fr\/actualites\/james-garner-thomas-tuchel-fait-une-declaration-audacieuse-sur-lobjectif-de-united\/#breadcrumb\"},\"inLanguage\":\"fr-FR\",\"potentialAction\":[{\"@type\":\"ReadAction\",\"target\":[\"https:\/\/footdavant.fr\/actualites\/james-garner-thomas-tuchel-fait-une-declaration-audacieuse-sur-lobjectif-de-united\/\"]}]},{\"@type\":\"BreadcrumbList\",\"@id\":\"https:\/\/footdavant.fr\/actualites\/james-garner-thomas-tuchel-fait-une-declaration-audacieuse-sur-lobjectif-de-united\/#breadcrumb\",\"itemListElement\":[{\"@type\":\"ListItem\",\"position\":1,\"name\":\"Accueil\",\"item\":\"https:\/\/footdavant.fr\/actualites\/\"},{\"@type\":\"ListItem\",\"position\":2,\"name\":\"James Garner: Thomas Tuchel fait une d\u00e9claration audacieuse sur l&#39;objectif de United &#8211;\"}]},{\"@type\":\"WebSite\",\"@id\":\"https:\/\/footdavant.fr\/actualites\/#website\",\"url\":\"https:\/\/footdavant.fr\/actualites\/\",\"name\":\"Foot d'avant\",\"description\":\"\",\"publisher\":{\"@id\":\"https:\/\/footdavant.fr\/actualites\/#organization\"},\"potentialAction\":[{\"@type\":\"SearchAction\",\"target\":{\"@type\":\"EntryPoint\",\"urlTemplate\":\"https:\/\/footdavant.fr\/actualites\/?s={search_term_string}\"},\"query-input\":\"required name=search_term_string\"}],\"inLanguage\":\"fr-FR\"},{\"@type\":\"Organization\",\"@id\":\"https:\/\/footdavant.fr\/actualites\/#organization\",\"name\":\"Foot d'avant\",\"url\":\"https:\/\/footdavant.fr\/actualites\/\",\"logo\":{\"@type\":\"ImageObject\",\"inLanguage\":\"fr-FR\",\"@id\":\"https:\/\/footdavant.fr\/actualites\/#\/schema\/logo\/image\/\",\"url\":\"https:\/\/footdavant.fr\/actualites\/wp-content\/uploads\/2023\/09\/Copy-of-FootDavant-Logo.png\",\"contentUrl\":\"https:\/\/footdavant.fr\/actualites\/wp-content\/uploads\/2023\/09\/Copy-of-FootDavant-Logo.png\",\"width\":936,\"height\":549,\"caption\":\"Foot d'avant\"},\"image\":{\"@id\":\"https:\/\/footdavant.fr\/actualites\/#\/schema\/logo\/image\/\"},\"sameAs\":[\"https:\/\/www.facebook.com\/Footdavant\/\",\"https:\/\/twitter.com\/FootdavantFr\",\"https:\/\/www.instagram.com\/footdavant.fr\/\"]},{\"@type\":\"Person\",\"@id\":\"https:\/\/footdavant.fr\/actualites\/#\/schema\/person\/bc222566d95871b37e597b3ed3ba5e1d\",\"name\":\"Cl\u00e9ment\",\"image\":{\"@type\":\"ImageObject\",\"inLanguage\":\"fr-FR\",\"@id\":\"https:\/\/footdavant.fr\/actualites\/#\/schema\/person\/image\/\",\"url\":\"https:\/\/secure.gravatar.com\/avatar\/7728b29aac2719421e1a9159b2254c44?s=96&d=mm&r=g\",\"contentUrl\":\"https:\/\/secure.gravatar.com\/avatar\/7728b29aac2719421e1a9159b2254c44?s=96&d=mm&r=g\",\"caption\":\"Cl\u00e9ment\"},\"sameAs\":[\"https:\/\/footdavant.fr\/\"]}]}<\/script>\n<!-- \/ Yoast SEO plugin. -->","yoast_head_json":{"title":"James Garner: Thomas Tuchel fait une d\u00e9claration audacieuse sur l&#39;objectif de United -","robots":{"index":"index","follow":"follow","max-snippet":"max-snippet:-1","max-image-preview":"max-image-preview:large","max-video-preview":"max-video-preview:-1"},"canonical":"https:\/\/footdavant.fr\/actualites\/james-garner-thomas-tuchel-fait-une-declaration-audacieuse-sur-lobjectif-de-united\/","og_locale":"fr_FR","og_type":"article","og_title":"James Garner: Thomas Tuchel fait une d\u00e9claration audacieuse sur l&#39;objectif de United -","og_description":"1 Le manager anglais Thomas Tuchel a fait l&#39;\u00e9loge de James Garner, dipl\u00f4m\u00e9 de l&#39;acad\u00e9mie de Manchester United, apr\u00e8s sa performance contre l&#39;Uruguay. Le milieu","og_url":"https:\/\/footdavant.fr\/actualites\/james-garner-thomas-tuchel-fait-une-declaration-audacieuse-sur-lobjectif-de-united\/","og_site_name":"Foot d&#039;avant","article_publisher":"https:\/\/www.facebook.com\/Footdavant\/","article_published_time":"2026-03-29T02:48:07+00:00","article_modified_time":"2026-03-29T02:48:28+00:00","og_image":[{"width":1600,"height":724,"url":"https:\/\/footdavant.fr\/actualites\/wp-content\/uploads\/2026\/03\/James-Garner-Thomas-Tuchel-fait-une-declaration-audacieuse-sur-l39objectif.jpg","type":"image\/jpeg"}],"author":"Cl\u00e9ment","twitter_card":"summary_large_image","twitter_creator":"@FootdavantFr","twitter_site":"@FootdavantFr","twitter_misc":{"\u00c9crit par":"Cl\u00e9ment","Dur\u00e9e de lecture estim\u00e9e":"3 minutes"},"schema":{"@context":"https:\/\/schema.org","@graph":[{"@type":"Article","@id":"https:\/\/footdavant.fr\/actualites\/james-garner-thomas-tuchel-fait-une-declaration-audacieuse-sur-lobjectif-de-united\/#article","isPartOf":{"@id":"https:\/\/footdavant.fr\/actualites\/james-garner-thomas-tuchel-fait-une-declaration-audacieuse-sur-lobjectif-de-united\/"},"author":{"name":"Cl\u00e9ment","@id":"https:\/\/footdavant.fr\/actualites\/#\/schema\/person\/bc222566d95871b37e597b3ed3ba5e1d"},"headline":"James Garner: Thomas Tuchel fait une d\u00e9claration audacieuse sur l&#39;objectif de United &#8211;","datePublished":"2026-03-29T02:48:07+00:00","dateModified":"2026-03-29T02:48:28+00:00","mainEntityOfPage":{"@id":"https:\/\/footdavant.fr\/actualites\/james-garner-thomas-tuchel-fait-une-declaration-audacieuse-sur-lobjectif-de-united\/"},"wordCount":690,"publisher":{"@id":"https:\/\/footdavant.fr\/actualites\/#organization"},"keywords":["audacieuse","D\u00e9claration","fait","Garner","James","l39objectif","sur","Thomas","Tuchel","une","United"],"articleSection":["Football"],"inLanguage":"fr-FR"},{"@type":"WebPage","@id":"https:\/\/footdavant.fr\/actualites\/james-garner-thomas-tuchel-fait-une-declaration-audacieuse-sur-lobjectif-de-united\/","url":"https:\/\/footdavant.fr\/actualites\/james-garner-thomas-tuchel-fait-une-declaration-audacieuse-sur-lobjectif-de-united\/","name":"James Garner: Thomas Tuchel fait une d\u00e9claration audacieuse sur l&#39;objectif de United -","isPartOf":{"@id":"https:\/\/footdavant.fr\/actualites\/#website"},"datePublished":"2026-03-29T02:48:07+00:00","dateModified":"2026-03-29T02:48:28+00:00","breadcrumb":{"@id":"https:\/\/footdavant.fr\/actualites\/james-garner-thomas-tuchel-fait-une-declaration-audacieuse-sur-lobjectif-de-united\/#breadcrumb"},"inLanguage":"fr-FR","potentialAction":[{"@type":"ReadAction","target":["https:\/\/footdavant.fr\/actualites\/james-garner-thomas-tuchel-fait-une-declaration-audacieuse-sur-lobjectif-de-united\/"]}]},{"@type":"BreadcrumbList","@id":"https:\/\/footdavant.fr\/actualites\/james-garner-thomas-tuchel-fait-une-declaration-audacieuse-sur-lobjectif-de-united\/#breadcrumb","itemListElement":[{"@type":"ListItem","position":1,"name":"Accueil","item":"https:\/\/footdavant.fr\/actualites\/"},{"@type":"ListItem","position":2,"name":"James Garner: Thomas Tuchel fait une d\u00e9claration audacieuse sur l&#39;objectif de United &#8211;"}]},{"@type":"WebSite","@id":"https:\/\/footdavant.fr\/actualites\/#website","url":"https:\/\/footdavant.fr\/actualites\/","name":"Foot d'avant","description":"","publisher":{"@id":"https:\/\/footdavant.fr\/actualites\/#organization"},"potentialAction":[{"@type":"SearchAction","target":{"@type":"EntryPoint","urlTemplate":"https:\/\/footdavant.fr\/actualites\/?s={search_term_string}"},"query-input":"required name=search_term_string"}],"inLanguage":"fr-FR"},{"@type":"Organization","@id":"https:\/\/footdavant.fr\/actualites\/#organization","name":"Foot d'avant","url":"https:\/\/footdavant.fr\/actualites\/","logo":{"@type":"ImageObject","inLanguage":"fr-FR","@id":"https:\/\/footdavant.fr\/actualites\/#\/schema\/logo\/image\/","url":"https:\/\/footdavant.fr\/actualites\/wp-content\/uploads\/2023\/09\/Copy-of-FootDavant-Logo.png","contentUrl":"https:\/\/footdavant.fr\/actualites\/wp-content\/uploads\/2023\/09\/Copy-of-FootDavant-Logo.png","width":936,"height":549,"caption":"Foot d'avant"},"image":{"@id":"https:\/\/footdavant.fr\/actualites\/#\/schema\/logo\/image\/"},"sameAs":["https:\/\/www.facebook.com\/Footdavant\/","https:\/\/twitter.com\/FootdavantFr","https:\/\/www.instagram.com\/footdavant.fr\/"]},{"@type":"Person","@id":"https:\/\/footdavant.fr\/actualites\/#\/schema\/person\/bc222566d95871b37e597b3ed3ba5e1d","name":"Cl\u00e9ment","image":{"@type":"ImageObject","inLanguage":"fr-FR","@id":"https:\/\/footdavant.fr\/actualites\/#\/schema\/person\/image\/","url":"https:\/\/secure.gravatar.com\/avatar\/7728b29aac2719421e1a9159b2254c44?s=96&d=mm&r=g","contentUrl":"https:\/\/secure.gravatar.com\/avatar\/7728b29aac2719421e1a9159b2254c44?s=96&d=mm&r=g","caption":"Cl\u00e9ment"},"sameAs":["https:\/\/footdavant.fr\/"]}]}},"_links":{"self":[{"href":"https:\/\/footdavant.fr\/actualites\/wp-json\/wp\/v2\/posts\/35897"}],"collection":[{"href":"https:\/\/footdavant.fr\/actualites\/wp-json\/wp\/v2\/posts"}],"about":[{"href":"https:\/\/footdavant.fr\/actualites\/wp-json\/wp\/v2\/types\/post"}],"author":[{"embeddable":true,"href":"https:\/\/footdavant.fr\/actualites\/wp-json\/wp\/v2\/users\/1"}],"replies":[{"embeddable":true,"href":"https:\/\/footdavant.fr\/actualites\/wp-json\/wp\/v2\/comments?post=35897"}],"version-history":[{"count":1,"href":"https:\/\/footdavant.fr\/actualites\/wp-json\/wp\/v2\/posts\/35897\/revisions"}],"predecessor-version":[{"id":35899,"href":"https:\/\/footdavant.fr\/actualites\/wp-json\/wp\/v2\/posts\/35897\/revisions\/35899"}],"wp:featuredmedia":[{"embeddable":true,"href":"https:\/\/footdavant.fr\/actualites\/wp-json\/wp\/v2\/media\/35898"}],"wp:attachment":[{"href":"https:\/\/footdavant.fr\/actualites\/wp-json\/wp\/v2\/media?parent=35897"}],"wp:term":[{"taxonomy":"category","embeddable":true,"href":"https:\/\/footdavant.fr\/actualites\/wp-json\/wp\/v2\/categories?post=35897"},{"taxonomy":"post_tag","embeddable":true,"href":"https:\/\/footdavant.fr\/actualites\/wp-json\/wp\/v2\/tags?post=35897"}],"curies":[{"name":"wp","href":"https:\/\/api.w.org\/{rel}","templated":true}]}}