{"id":35900,"date":"2026-03-29T06:48:07","date_gmt":"2026-03-29T04:48:07","guid":{"rendered":"https:\/\/footdavant.fr\/actualites\/nouvelles-du-transfert-de-man-city-une-position-claire-sur-lavenir-de-rodri-revelee-apres-les-commentaires-explosifs-du-real-madrid\/"},"modified":"2026-03-29T06:48:09","modified_gmt":"2026-03-29T04:48:09","slug":"nouvelles-du-transfert-de-man-city-une-position-claire-sur-lavenir-de-rodri-revelee-apres-les-commentaires-explosifs-du-real-madrid","status":"publish","type":"post","link":"https:\/\/footdavant.fr\/actualites\/nouvelles-du-transfert-de-man-city-une-position-claire-sur-lavenir-de-rodri-revelee-apres-les-commentaires-explosifs-du-real-madrid\/","title":{"rendered":"Nouvelles du transfert de Man City: une position claire sur l&#39;avenir de Rodri \u00ab\u00a0r\u00e9v\u00e9l\u00e9e\u00a0\u00bb apr\u00e8s les commentaires explosifs du Real Madrid"},"content":{"rendered":"<div itemprop=\"articleBody\">\n<p style=\"margin-bottom:11px\">La position de Manchester City sur l&#39;avenir de Rodri serait devenue claire \u00e0 la suite des commentaires explosifs du milieu de terrain sur un projet de transfert au Real Madrid dans le futur.<\/p>\n<p>Le joueur de 29 ans a rejoint les Citizens en provenance de l&#39;Atletico Madrid, rival du Real, en 2019 et s&#39;est depuis impos\u00e9 comme l&#39;un des meilleurs milieux de terrain du football mondial.<\/p>\n<p>Rodri est quatre fois vainqueur de la Premier League et a remport\u00e9 12 troph\u00e9es au total en tant que joueur de City, marquant de mani\u00e8re m\u00e9morable le but vainqueur lors de la finale de la Ligue des champions 2023 pour r\u00e9aliser un tripl\u00e9 historique pour le club cette saison-l\u00e0.<\/p>\n<p>L&#39;international espagnol a fait pr\u00e8s de 300 apparitions toutes comp\u00e9titions confondues pour Man City, marquant 28 buts et ajoutant 32 passes d\u00e9cisives, et a \u00e9t\u00e9 extr\u00eamement influent \u00e0 la base du milieu de terrain de Pep Guardiola, son absence \u00e9tant souvent ressentie par les Citizens.<\/p>\n<p>Apr\u00e8s avoir \u00e9t\u00e9 reconnu comme le meilleur joueur de la plan\u00e8te avec son triomphe au Ballon d&#39;Or 2024, Rodri a connu une p\u00e9riode difficile de 18 mois en marge, apr\u00e8s avoir subi une blessure au LCA en septembre 2024.<\/p>\n<p>Rodri a depuis jou\u00e9 r\u00e9guli\u00e8rement pour l&#39;\u00e9quipe de Pep Guardiola en 2026 et faisait partie de l&#39;\u00e9quipe des Citizens qui a battu Arsenal en finale de la Coupe EFL au stade de Wembley le week-end dernier.<\/p>\n<div>\n<div>\n<div>\n<div>\n<p>\u00a9 Imago \/ Visionhaus<\/p>\n<\/div>\n<\/div>\n<\/div>\n<\/div>\n<p>Rodri est d\u00e9sormais en mission internationale avec l&#39;Espagne, mais il a sonn\u00e9 l&#39;alarme \u00e0 l&#39;Etihad apr\u00e8s avoir admis qu&#39;il aimerait retourner dans son pays natal \u00e0 l&#39;avenir, et rejoindre le Real Madrid \u00ab\u00a0n&#39;est pas une porte ferm\u00e9e pour moi\u00a0\u00bb.<\/p>\n<p>En cons\u00e9quence, les sp\u00e9culations sur son avenir se sont intensifi\u00e9es, le milieu de terrain devant entamer les 12 derniers mois de son contrat du c\u00f4t\u00e9 bleu de Manchester cet \u00e9t\u00e9.<\/p>\n<p>Rodri a d\u00e9clar\u00e9 que lui et la hi\u00e9rarchie de Man City \u00ab\u00a0devront s&#39;asseoir et parler\u00a0\u00bb de sa situation contractuelle \u00ab\u00a0\u00e0 un moment donn\u00e9\u00a0\u00bb.<\/p>\n<h2>Man City souhaite garder Rodri malgr\u00e9 son admission au Real Madrid<\/h2>\n<p>Selon <em>Actualit\u00e9s Sky Sports<\/em>Rodri reste un joueur que Man City pr\u00e9f\u00e9rerait garder et ils aimeraient conclure un nouveau contrat avec l&#39;Espagnol.<\/p>\n<p>Le rapport ajoute que les Citizens ne commentent pas la derni\u00e8re interview de Rodri, r\u00e9alis\u00e9e avant les matches amicaux internationaux de l&#39;Espagne contre la Serbie et l&#39;\u00c9gypte au cours des deux prochaines semaines.<\/p>\n<div>\n<div>\n<div>\n<div><img decoding=\"async\" data-img-id=\"157400\" class=\"lazy\" loading=\"lazy\" src=\"https:\/\/footdavant.fr\/actualites\/wp-content\/uploads\/2026\/03\/1774759686_63_Nouvelles-du-transfert-de-Man-City-une-position-claire-sur.webp\"\/><\/p>\n<p>\u00a9 Imago \/ Sportimage<\/p>\n<\/div>\n<\/div>\n<\/div>\n<\/div>\n<h2>Man City a eu un gros mal de t\u00eate lors du transfert de Rodri avant l\u2019\u00e9t\u00e9<\/h2>\n<p>Si Man City ne parvenait pas \u00e0 convenir de nouvelles conditions avec Rodri sur un nouveau contrat, le club pourrait envisager de tirer profit du milieu de terrain cet \u00e9t\u00e9 pour \u00e9viter de le perdre gratuitement en juin 2027.<\/p>\n<p>Chaque fois que viendra le temps pour Man City de se s\u00e9parer de Rodri, remplacer un joueur que Guardiola a pr\u00e9c\u00e9demment qualifi\u00e9 d&#39;\u00a0\u00bbirrempla\u00e7able\u00a0\u00bb sera une t\u00e2che monumentale.<\/p>\n<p>Les sp\u00e9culations sur l&#39;avenir de Rodri surviennent \u00e0 un moment o\u00f9 les Citizens se pr\u00e9parent d\u00e9j\u00e0 \u00e0 perdre le capitaine Bernardo Silva, qui est en fin de contrat cet \u00e9t\u00e9.<\/p>\n<p>La perspective de perdre non pas un, mais deux milieux de terrain cl\u00e9s, deux dirigeants cl\u00e9s du club, est intimidante pour les supporters de Man City, et elle met en \u00e9vidence la n\u00e9cessit\u00e9 pour les Sky Blues de donner la priorit\u00e9 de mani\u00e8re imminente aux renforts au milieu de terrain.<\/p>\n<p>Elliott Anderson de Nottingham Forest est consid\u00e9r\u00e9 comme l&#39;une des principales cibles de City, tandis qu&#39;Adam Wharton de Crystal Palace et Carlos Baleba de Brighton &#038; Hove Albion seraient \u00e9galement sur leur radar.<\/p>\n<p>Comment le Real Madrid pourrait aligner Rodri et trois autres recrues estivales la saison prochaine<\/p>\n<\/div>\n","protected":false},"excerpt":{"rendered":"<p>La position de Manchester City sur l&#39;avenir de Rodri serait devenue claire \u00e0 la suite des commentaires explosifs du milieu de terrain sur un projet<\/p>\n","protected":false},"author":1,"featured_media":35901,"comment_status":"closed","ping_status":"","sticky":false,"template":"","format":"standard","meta":{"footnotes":""},"categories":[5],"tags":[25,27,4855,716,11746,4309,93,303,24,461,2283,302,4750,1225,103,700,92],"yoast_head":"<!-- This site is optimized with the Yoast SEO plugin v21.0 - https:\/\/yoast.com\/wordpress\/plugins\/seo\/ -->\n<title>Nouvelles du transfert de Man City: une position claire sur l&#039;avenir de Rodri &quot;r\u00e9v\u00e9l\u00e9e&quot; apr\u00e8s les commentaires explosifs du Real Madrid<\/title>\n<meta name=\"robots\" content=\"index, follow, max-snippet:-1, max-image-preview:large, max-video-preview:-1\" \/>\n<link rel=\"canonical\" href=\"https:\/\/footdavant.fr\/actualites\/nouvelles-du-transfert-de-man-city-une-position-claire-sur-lavenir-de-rodri-revelee-apres-les-commentaires-explosifs-du-real-madrid\/\" \/>\n<meta property=\"og:locale\" content=\"fr_FR\" \/>\n<meta property=\"og:type\" content=\"article\" \/>\n<meta property=\"og:title\" content=\"Nouvelles du transfert de Man City: une position claire sur l&#039;avenir de Rodri &quot;r\u00e9v\u00e9l\u00e9e&quot; apr\u00e8s les commentaires explosifs du Real Madrid\" \/>\n<meta property=\"og:description\" content=\"La position de Manchester City sur l&#039;avenir de Rodri serait devenue claire \u00e0 la suite des commentaires explosifs du milieu de terrain sur un projet\" \/>\n<meta property=\"og:url\" content=\"https:\/\/footdavant.fr\/actualites\/nouvelles-du-transfert-de-man-city-une-position-claire-sur-lavenir-de-rodri-revelee-apres-les-commentaires-explosifs-du-real-madrid\/\" \/>\n<meta property=\"og:site_name\" content=\"Foot d&#039;avant\" \/>\n<meta property=\"article:publisher\" content=\"https:\/\/www.facebook.com\/Footdavant\/\" \/>\n<meta property=\"article:published_time\" content=\"2026-03-29T04:48:07+00:00\" \/>\n<meta property=\"article:modified_time\" content=\"2026-03-29T04:48:09+00:00\" \/>\n<meta property=\"og:image\" content=\"https:\/\/footdavant.fr\/actualites\/wp-content\/uploads\/2026\/03\/Nouvelles-du-transfert-de-Man-City-une-position-claire-sur.net2Fuploads2F20262F032Fsm-azzuu-rodri-6.webp\" \/>\n\t<meta property=\"og:image:width\" content=\"720\" \/>\n\t<meta property=\"og:image:height\" content=\"410\" \/>\n\t<meta property=\"og:image:type\" content=\"image\/webp\" \/>\n<meta name=\"author\" content=\"Cl\u00e9ment\" \/>\n<meta name=\"twitter:card\" content=\"summary_large_image\" \/>\n<meta name=\"twitter:creator\" content=\"@FootdavantFr\" \/>\n<meta name=\"twitter:site\" content=\"@FootdavantFr\" \/>\n<meta name=\"twitter:label1\" content=\"\u00c9crit par\" \/>\n\t<meta name=\"twitter:data1\" content=\"Cl\u00e9ment\" \/>\n\t<meta name=\"twitter:label2\" content=\"Dur\u00e9e de lecture estim\u00e9e\" \/>\n\t<meta name=\"twitter:data2\" content=\"3 minutes\" \/>\n<script type=\"application\/ld+json\" class=\"yoast-schema-graph\">{\"@context\":\"https:\/\/schema.org\",\"@graph\":[{\"@type\":\"Article\",\"@id\":\"https:\/\/footdavant.fr\/actualites\/nouvelles-du-transfert-de-man-city-une-position-claire-sur-lavenir-de-rodri-revelee-apres-les-commentaires-explosifs-du-real-madrid\/#article\",\"isPartOf\":{\"@id\":\"https:\/\/footdavant.fr\/actualites\/nouvelles-du-transfert-de-man-city-une-position-claire-sur-lavenir-de-rodri-revelee-apres-les-commentaires-explosifs-du-real-madrid\/\"},\"author\":{\"name\":\"Cl\u00e9ment\",\"@id\":\"https:\/\/footdavant.fr\/actualites\/#\/schema\/person\/bc222566d95871b37e597b3ed3ba5e1d\"},\"headline\":\"Nouvelles du transfert de Man City: une position claire sur l&#39;avenir de Rodri \u00ab\u00a0r\u00e9v\u00e9l\u00e9e\u00a0\u00bb apr\u00e8s les commentaires explosifs du Real Madrid\",\"datePublished\":\"2026-03-29T04:48:07+00:00\",\"dateModified\":\"2026-03-29T04:48:09+00:00\",\"mainEntityOfPage\":{\"@id\":\"https:\/\/footdavant.fr\/actualites\/nouvelles-du-transfert-de-man-city-une-position-claire-sur-lavenir-de-rodri-revelee-apres-les-commentaires-explosifs-du-real-madrid\/\"},\"wordCount\":676,\"publisher\":{\"@id\":\"https:\/\/footdavant.fr\/actualites\/#organization\"},\"keywords\":[\"apr\u00e8s\",\"City\",\"claire\",\"commentaires\",\"explosifs\",\"l39avenir\",\"les\",\"Madrid\",\"Man\",\"Nouvelles\",\"position\",\"Real\",\"r\u00e9v\u00e9l\u00e9e\",\"Rodri\",\"sur\",\"transfert\",\"une\"],\"articleSection\":[\"Premier League\"],\"inLanguage\":\"fr-FR\"},{\"@type\":\"WebPage\",\"@id\":\"https:\/\/footdavant.fr\/actualites\/nouvelles-du-transfert-de-man-city-une-position-claire-sur-lavenir-de-rodri-revelee-apres-les-commentaires-explosifs-du-real-madrid\/\",\"url\":\"https:\/\/footdavant.fr\/actualites\/nouvelles-du-transfert-de-man-city-une-position-claire-sur-lavenir-de-rodri-revelee-apres-les-commentaires-explosifs-du-real-madrid\/\",\"name\":\"Nouvelles du transfert de Man City: une position claire sur l&#39;avenir de Rodri \\\"r\u00e9v\u00e9l\u00e9e\\\" apr\u00e8s les commentaires explosifs du Real Madrid\",\"isPartOf\":{\"@id\":\"https:\/\/footdavant.fr\/actualites\/#website\"},\"datePublished\":\"2026-03-29T04:48:07+00:00\",\"dateModified\":\"2026-03-29T04:48:09+00:00\",\"breadcrumb\":{\"@id\":\"https:\/\/footdavant.fr\/actualites\/nouvelles-du-transfert-de-man-city-une-position-claire-sur-lavenir-de-rodri-revelee-apres-les-commentaires-explosifs-du-real-madrid\/#breadcrumb\"},\"inLanguage\":\"fr-FR\",\"potentialAction\":[{\"@type\":\"ReadAction\",\"target\":[\"https:\/\/footdavant.fr\/actualites\/nouvelles-du-transfert-de-man-city-une-position-claire-sur-lavenir-de-rodri-revelee-apres-les-commentaires-explosifs-du-real-madrid\/\"]}]},{\"@type\":\"BreadcrumbList\",\"@id\":\"https:\/\/footdavant.fr\/actualites\/nouvelles-du-transfert-de-man-city-une-position-claire-sur-lavenir-de-rodri-revelee-apres-les-commentaires-explosifs-du-real-madrid\/#breadcrumb\",\"itemListElement\":[{\"@type\":\"ListItem\",\"position\":1,\"name\":\"Accueil\",\"item\":\"https:\/\/footdavant.fr\/actualites\/\"},{\"@type\":\"ListItem\",\"position\":2,\"name\":\"Nouvelles du transfert de Man City: une position claire sur l&#39;avenir de Rodri \u00ab\u00a0r\u00e9v\u00e9l\u00e9e\u00a0\u00bb apr\u00e8s les commentaires explosifs du Real Madrid\"}]},{\"@type\":\"WebSite\",\"@id\":\"https:\/\/footdavant.fr\/actualites\/#website\",\"url\":\"https:\/\/footdavant.fr\/actualites\/\",\"name\":\"Foot d'avant\",\"description\":\"\",\"publisher\":{\"@id\":\"https:\/\/footdavant.fr\/actualites\/#organization\"},\"potentialAction\":[{\"@type\":\"SearchAction\",\"target\":{\"@type\":\"EntryPoint\",\"urlTemplate\":\"https:\/\/footdavant.fr\/actualites\/?s={search_term_string}\"},\"query-input\":\"required name=search_term_string\"}],\"inLanguage\":\"fr-FR\"},{\"@type\":\"Organization\",\"@id\":\"https:\/\/footdavant.fr\/actualites\/#organization\",\"name\":\"Foot d'avant\",\"url\":\"https:\/\/footdavant.fr\/actualites\/\",\"logo\":{\"@type\":\"ImageObject\",\"inLanguage\":\"fr-FR\",\"@id\":\"https:\/\/footdavant.fr\/actualites\/#\/schema\/logo\/image\/\",\"url\":\"https:\/\/footdavant.fr\/actualites\/wp-content\/uploads\/2023\/09\/Copy-of-FootDavant-Logo.png\",\"contentUrl\":\"https:\/\/footdavant.fr\/actualites\/wp-content\/uploads\/2023\/09\/Copy-of-FootDavant-Logo.png\",\"width\":936,\"height\":549,\"caption\":\"Foot d'avant\"},\"image\":{\"@id\":\"https:\/\/footdavant.fr\/actualites\/#\/schema\/logo\/image\/\"},\"sameAs\":[\"https:\/\/www.facebook.com\/Footdavant\/\",\"https:\/\/twitter.com\/FootdavantFr\",\"https:\/\/www.instagram.com\/footdavant.fr\/\"]},{\"@type\":\"Person\",\"@id\":\"https:\/\/footdavant.fr\/actualites\/#\/schema\/person\/bc222566d95871b37e597b3ed3ba5e1d\",\"name\":\"Cl\u00e9ment\",\"image\":{\"@type\":\"ImageObject\",\"inLanguage\":\"fr-FR\",\"@id\":\"https:\/\/footdavant.fr\/actualites\/#\/schema\/person\/image\/\",\"url\":\"https:\/\/secure.gravatar.com\/avatar\/7728b29aac2719421e1a9159b2254c44?s=96&d=mm&r=g\",\"contentUrl\":\"https:\/\/secure.gravatar.com\/avatar\/7728b29aac2719421e1a9159b2254c44?s=96&d=mm&r=g\",\"caption\":\"Cl\u00e9ment\"},\"sameAs\":[\"https:\/\/footdavant.fr\/\"]}]}<\/script>\n<!-- \/ Yoast SEO plugin. -->","yoast_head_json":{"title":"Nouvelles du transfert de Man City: une position claire sur l&#39;avenir de Rodri \"r\u00e9v\u00e9l\u00e9e\" apr\u00e8s les commentaires explosifs du Real Madrid","robots":{"index":"index","follow":"follow","max-snippet":"max-snippet:-1","max-image-preview":"max-image-preview:large","max-video-preview":"max-video-preview:-1"},"canonical":"https:\/\/footdavant.fr\/actualites\/nouvelles-du-transfert-de-man-city-une-position-claire-sur-lavenir-de-rodri-revelee-apres-les-commentaires-explosifs-du-real-madrid\/","og_locale":"fr_FR","og_type":"article","og_title":"Nouvelles du transfert de Man City: une position claire sur l&#39;avenir de Rodri \"r\u00e9v\u00e9l\u00e9e\" apr\u00e8s les commentaires explosifs du Real Madrid","og_description":"La position de Manchester City sur l&#39;avenir de Rodri serait devenue claire \u00e0 la suite des commentaires explosifs du milieu de terrain sur un projet","og_url":"https:\/\/footdavant.fr\/actualites\/nouvelles-du-transfert-de-man-city-une-position-claire-sur-lavenir-de-rodri-revelee-apres-les-commentaires-explosifs-du-real-madrid\/","og_site_name":"Foot d&#039;avant","article_publisher":"https:\/\/www.facebook.com\/Footdavant\/","article_published_time":"2026-03-29T04:48:07+00:00","article_modified_time":"2026-03-29T04:48:09+00:00","og_image":[{"width":720,"height":410,"url":"https:\/\/footdavant.fr\/actualites\/wp-content\/uploads\/2026\/03\/Nouvelles-du-transfert-de-Man-City-une-position-claire-sur.net2Fuploads2F20262F032Fsm-azzuu-rodri-6.webp","type":"image\/webp"}],"author":"Cl\u00e9ment","twitter_card":"summary_large_image","twitter_creator":"@FootdavantFr","twitter_site":"@FootdavantFr","twitter_misc":{"\u00c9crit par":"Cl\u00e9ment","Dur\u00e9e de lecture estim\u00e9e":"3 minutes"},"schema":{"@context":"https:\/\/schema.org","@graph":[{"@type":"Article","@id":"https:\/\/footdavant.fr\/actualites\/nouvelles-du-transfert-de-man-city-une-position-claire-sur-lavenir-de-rodri-revelee-apres-les-commentaires-explosifs-du-real-madrid\/#article","isPartOf":{"@id":"https:\/\/footdavant.fr\/actualites\/nouvelles-du-transfert-de-man-city-une-position-claire-sur-lavenir-de-rodri-revelee-apres-les-commentaires-explosifs-du-real-madrid\/"},"author":{"name":"Cl\u00e9ment","@id":"https:\/\/footdavant.fr\/actualites\/#\/schema\/person\/bc222566d95871b37e597b3ed3ba5e1d"},"headline":"Nouvelles du transfert de Man City: une position claire sur l&#39;avenir de Rodri \u00ab\u00a0r\u00e9v\u00e9l\u00e9e\u00a0\u00bb apr\u00e8s les commentaires explosifs du Real Madrid","datePublished":"2026-03-29T04:48:07+00:00","dateModified":"2026-03-29T04:48:09+00:00","mainEntityOfPage":{"@id":"https:\/\/footdavant.fr\/actualites\/nouvelles-du-transfert-de-man-city-une-position-claire-sur-lavenir-de-rodri-revelee-apres-les-commentaires-explosifs-du-real-madrid\/"},"wordCount":676,"publisher":{"@id":"https:\/\/footdavant.fr\/actualites\/#organization"},"keywords":["apr\u00e8s","City","claire","commentaires","explosifs","l39avenir","les","Madrid","Man","Nouvelles","position","Real","r\u00e9v\u00e9l\u00e9e","Rodri","sur","transfert","une"],"articleSection":["Premier League"],"inLanguage":"fr-FR"},{"@type":"WebPage","@id":"https:\/\/footdavant.fr\/actualites\/nouvelles-du-transfert-de-man-city-une-position-claire-sur-lavenir-de-rodri-revelee-apres-les-commentaires-explosifs-du-real-madrid\/","url":"https:\/\/footdavant.fr\/actualites\/nouvelles-du-transfert-de-man-city-une-position-claire-sur-lavenir-de-rodri-revelee-apres-les-commentaires-explosifs-du-real-madrid\/","name":"Nouvelles du transfert de Man City: une position claire sur l&#39;avenir de Rodri \"r\u00e9v\u00e9l\u00e9e\" apr\u00e8s les commentaires explosifs du Real Madrid","isPartOf":{"@id":"https:\/\/footdavant.fr\/actualites\/#website"},"datePublished":"2026-03-29T04:48:07+00:00","dateModified":"2026-03-29T04:48:09+00:00","breadcrumb":{"@id":"https:\/\/footdavant.fr\/actualites\/nouvelles-du-transfert-de-man-city-une-position-claire-sur-lavenir-de-rodri-revelee-apres-les-commentaires-explosifs-du-real-madrid\/#breadcrumb"},"inLanguage":"fr-FR","potentialAction":[{"@type":"ReadAction","target":["https:\/\/footdavant.fr\/actualites\/nouvelles-du-transfert-de-man-city-une-position-claire-sur-lavenir-de-rodri-revelee-apres-les-commentaires-explosifs-du-real-madrid\/"]}]},{"@type":"BreadcrumbList","@id":"https:\/\/footdavant.fr\/actualites\/nouvelles-du-transfert-de-man-city-une-position-claire-sur-lavenir-de-rodri-revelee-apres-les-commentaires-explosifs-du-real-madrid\/#breadcrumb","itemListElement":[{"@type":"ListItem","position":1,"name":"Accueil","item":"https:\/\/footdavant.fr\/actualites\/"},{"@type":"ListItem","position":2,"name":"Nouvelles du transfert de Man City: une position claire sur l&#39;avenir de Rodri \u00ab\u00a0r\u00e9v\u00e9l\u00e9e\u00a0\u00bb apr\u00e8s les commentaires explosifs du Real Madrid"}]},{"@type":"WebSite","@id":"https:\/\/footdavant.fr\/actualites\/#website","url":"https:\/\/footdavant.fr\/actualites\/","name":"Foot d'avant","description":"","publisher":{"@id":"https:\/\/footdavant.fr\/actualites\/#organization"},"potentialAction":[{"@type":"SearchAction","target":{"@type":"EntryPoint","urlTemplate":"https:\/\/footdavant.fr\/actualites\/?s={search_term_string}"},"query-input":"required name=search_term_string"}],"inLanguage":"fr-FR"},{"@type":"Organization","@id":"https:\/\/footdavant.fr\/actualites\/#organization","name":"Foot d'avant","url":"https:\/\/footdavant.fr\/actualites\/","logo":{"@type":"ImageObject","inLanguage":"fr-FR","@id":"https:\/\/footdavant.fr\/actualites\/#\/schema\/logo\/image\/","url":"https:\/\/footdavant.fr\/actualites\/wp-content\/uploads\/2023\/09\/Copy-of-FootDavant-Logo.png","contentUrl":"https:\/\/footdavant.fr\/actualites\/wp-content\/uploads\/2023\/09\/Copy-of-FootDavant-Logo.png","width":936,"height":549,"caption":"Foot d'avant"},"image":{"@id":"https:\/\/footdavant.fr\/actualites\/#\/schema\/logo\/image\/"},"sameAs":["https:\/\/www.facebook.com\/Footdavant\/","https:\/\/twitter.com\/FootdavantFr","https:\/\/www.instagram.com\/footdavant.fr\/"]},{"@type":"Person","@id":"https:\/\/footdavant.fr\/actualites\/#\/schema\/person\/bc222566d95871b37e597b3ed3ba5e1d","name":"Cl\u00e9ment","image":{"@type":"ImageObject","inLanguage":"fr-FR","@id":"https:\/\/footdavant.fr\/actualites\/#\/schema\/person\/image\/","url":"https:\/\/secure.gravatar.com\/avatar\/7728b29aac2719421e1a9159b2254c44?s=96&d=mm&r=g","contentUrl":"https:\/\/secure.gravatar.com\/avatar\/7728b29aac2719421e1a9159b2254c44?s=96&d=mm&r=g","caption":"Cl\u00e9ment"},"sameAs":["https:\/\/footdavant.fr\/"]}]}},"_links":{"self":[{"href":"https:\/\/footdavant.fr\/actualites\/wp-json\/wp\/v2\/posts\/35900"}],"collection":[{"href":"https:\/\/footdavant.fr\/actualites\/wp-json\/wp\/v2\/posts"}],"about":[{"href":"https:\/\/footdavant.fr\/actualites\/wp-json\/wp\/v2\/types\/post"}],"author":[{"embeddable":true,"href":"https:\/\/footdavant.fr\/actualites\/wp-json\/wp\/v2\/users\/1"}],"replies":[{"embeddable":true,"href":"https:\/\/footdavant.fr\/actualites\/wp-json\/wp\/v2\/comments?post=35900"}],"version-history":[{"count":1,"href":"https:\/\/footdavant.fr\/actualites\/wp-json\/wp\/v2\/posts\/35900\/revisions"}],"predecessor-version":[{"id":35902,"href":"https:\/\/footdavant.fr\/actualites\/wp-json\/wp\/v2\/posts\/35900\/revisions\/35902"}],"wp:featuredmedia":[{"embeddable":true,"href":"https:\/\/footdavant.fr\/actualites\/wp-json\/wp\/v2\/media\/35901"}],"wp:attachment":[{"href":"https:\/\/footdavant.fr\/actualites\/wp-json\/wp\/v2\/media?parent=35900"}],"wp:term":[{"taxonomy":"category","embeddable":true,"href":"https:\/\/footdavant.fr\/actualites\/wp-json\/wp\/v2\/categories?post=35900"},{"taxonomy":"post_tag","embeddable":true,"href":"https:\/\/footdavant.fr\/actualites\/wp-json\/wp\/v2\/tags?post=35900"}],"curies":[{"name":"wp","href":"https:\/\/api.w.org\/{rel}","templated":true}]}}