{"id":3591,"date":"2024-01-08T11:48:23","date_gmt":"2024-01-08T10:48:23","guid":{"rendered":"https:\/\/footdavant.fr\/actualites\/en-retard-et-approprie-les-appels-se-multiplient-pour-que-denis-law-soit-fait-chevalier\/"},"modified":"2024-01-08T11:48:25","modified_gmt":"2024-01-08T10:48:25","slug":"en-retard-et-approprie-les-appels-se-multiplient-pour-que-denis-law-soit-fait-chevalier","status":"publish","type":"post","link":"https:\/\/footdavant.fr\/actualites\/en-retard-et-approprie-les-appels-se-multiplient-pour-que-denis-law-soit-fait-chevalier\/","title":{"rendered":"\u00ab\u00a0En retard et appropri\u00e9\u00a0\u00bb\u00a0: les appels se multiplient pour que Denis Law soit fait chevalier &#8211;"},"content":{"rendered":"<div id=\"penci-post-entry-inner\">\n<p>\t\t\t<i class=\"penci-post-countview-number-check\" style=\"display:none\">3<\/i><\/p>\n<p>Un c\u00e9l\u00e8bre journal britannique a demand\u00e9 que la l\u00e9gende de Manchester United, Denis Law, soit anobli.<\/p>\n<p>Le Times affirme que \u00ab l\u2019ic\u00f4ne de Manchester United et de l\u2019\u00c9cosse a de solides arguments en faveur du titre de chevalier uniquement gr\u00e2ce \u00e0 ses r\u00e9alisations footballistiques, associ\u00e9es \u00e0 un engagement de toute une vie envers des causes caritatives \u00bb.<\/p>\n<p>La publication pose la question suivante : \u00ab en tant que joueur au statut v\u00e9ritablement embl\u00e9matique de Manchester United et de l\u2019\u00c9cosse, il est difficile de donner un sens \u00e0 une omission flagrante dans une vie remarquable.  Comment se fait-il qu\u2019il soit le Roi et le Lawman mais \u2013 m\u00eame apr\u00e8s toutes ces ann\u00e9es \u2013 toujours pas Sir Denis Law ?<\/p>\n<p>L&rsquo;attaquant embl\u00e9matique a marqu\u00e9 237 buts en 404 matchs avec les Diables Rouges et a \u00e9t\u00e9 l&rsquo;un des finisseurs les plus meurtriers de sa g\u00e9n\u00e9ration.  Les \u00c9cossais faisaient partie de ce que l\u2019on appelle souvent \u00ab la sainte trinit\u00e9 \u00bb de George Best et Sir Bobby Charlton.<\/p>\n<p>En fait, Law est l&rsquo;un des six joueurs britanniques \u00e0 avoir remport\u00e9 le prix du footballeur europ\u00e9en de l&rsquo;ann\u00e9e et l&rsquo;un des trois encore en vie, avec Kevin Keegan et Michael Owen.<\/p>\n<p>Ses r\u00e9alisations sont si grandes qu&rsquo;il a \u00e9t\u00e9 \u00e9lu meilleur joueur \u00e9cossais de tous les temps.  De plus, \u00ab seulement six footballeurs ont \u00e9t\u00e9 anoblis et parmi eux, Sir Kenny Dalglish est le seul \u00c9cossais dont la carri\u00e8re de joueur a \u00e9t\u00e9 extr\u00eamement importante pour son prix \u00bb.  Sir Alex Ferguson et Sir Matt Busby ont tous deux re\u00e7u leurs distinctions gr\u00e2ce \u00e0 leurs monstrueuses r\u00e9alisations en tant que managers et non joueurs.<\/p>\n<p>N\u00e9anmoins, rien qu\u2019\u00e0 partir de ses ann\u00e9es de jeu, il existe des arguments incroyablement solides pour affirmer que Law devrait figurer sur cette liste.<\/p>\n<p>Le journal affirme qu&rsquo;\u00ab aujourd&rsquo;hui, Ferguson, Dalglish et Law sont les plus grandes l\u00e9gendes vivantes du football \u00e9cossais et qu&rsquo;une seule d&rsquo;entre elles est priv\u00e9e de l&rsquo;honneur personnel supr\u00eame.  Cela ne va pas.<\/p>\n<p>En fait, Law et Dalglish partagent tous deux le record de buts internationaux, mais il a fallu \u00e0 Dalglish 102 matchs pour marquer 30 buts, alors que Law, mortel, n&rsquo;en exigeait que 55. Pour ajouter \u00e0 sa liste de distinctions personnelles, il a \u00e9t\u00e9 \u00e9lu le plus grand footballeur \u00e9cossais de tous les temps et le seul europ\u00e9en. Joueur de l&rsquo;ann\u00e9e, il est \u00ab\u00a0tellement g\u00e9ant \u00e0 Aberdeen et \u00e0 Manchester que ces villes ont trois statues en son honneur\u00a0\u00bb.<\/p>\n<p>L&rsquo;homme de 83 ans a \u00e9t\u00e9 nomm\u00e9 CBE en 2016, mais ce n&rsquo;est pas suffisant.  Si les incroyables exploits footballistiques de l&rsquo;\u00c9cossais ne suffisaient pas, l&rsquo;ancien attaquant s&rsquo;est activement impliqu\u00e9 dans de nombreux \u00e9v\u00e9nements caritatifs.<\/p>\n<p>L&rsquo;ancien vainqueur du Ballon d&rsquo;Or a rendu public son diagnostic de maladie d&rsquo;Alzheimer et de d\u00e9mence vasculaire il y a quelques ann\u00e9es et a sign\u00e9 son nom pour plusieurs campagnes de lutte contre la maladie d&rsquo;Alzheimer.<\/p>\n<p>\u00ab Apr\u00e8s une op\u00e9ration pour un cancer de la prostate en 2003, il est devenu un militant enthousiaste de Cancer Research UK.  Il \u00e9tait un m\u00e9c\u00e8ne de Football Aid et \u00e0 Aberdeen, le Denis Law Legacy Trust est une organisation caritative pour les enfants offrant un acc\u00e8s gratuit au sport et \u00e0 d&rsquo;autres activit\u00e9s \u00bb.<\/p>\n<p>Par cons\u00e9quent, une carri\u00e8re de footballeur exceptionnelle ainsi qu\u2019un long et d\u00e9vou\u00e9 service \u00e0 la charit\u00e9, \u00ab un titre de chevalier lors de l\u2019anniversaire cet \u00e9t\u00e9 serait attendu et appropri\u00e9.  Il est encore temps pour un roi d\u2019entrer en contact avec un autre \u00bb.<\/p>\n<p><!-- AI CONTENT END 3 --><\/p><\/div>\n","protected":false},"excerpt":{"rendered":"<p>3 Un c\u00e9l\u00e8bre journal britannique a demand\u00e9 que la l\u00e9gende de Manchester United, Denis Law, soit anobli. Le Times affirme que \u00ab l\u2019ic\u00f4ne de Manchester<\/p>\n","protected":false},"author":1,"featured_media":3592,"comment_status":"closed","ping_status":"","sticky":false,"template":"","format":"standard","meta":{"footnotes":""},"categories":[3],"tags":[2886,2885,2890,2888,152,2889,93,2887,51,2884,2008],"yoast_head":"<!-- This site is optimized with the Yoast SEO plugin v21.0 - https:\/\/yoast.com\/wordpress\/plugins\/seo\/ -->\n<title>&quot;En retard et appropri\u00e9&quot;\u00a0: les appels se multiplient pour que Denis Law soit fait chevalier -<\/title>\n<meta name=\"robots\" content=\"index, follow, max-snippet:-1, max-image-preview:large, max-video-preview:-1\" \/>\n<link rel=\"canonical\" href=\"https:\/\/footdavant.fr\/actualites\/en-retard-et-approprie-les-appels-se-multiplient-pour-que-denis-law-soit-fait-chevalier\/\" \/>\n<meta property=\"og:locale\" content=\"fr_FR\" \/>\n<meta property=\"og:type\" content=\"article\" \/>\n<meta property=\"og:title\" content=\"&quot;En retard et appropri\u00e9&quot;\u00a0: les appels se multiplient pour que Denis Law soit fait chevalier -\" \/>\n<meta property=\"og:description\" content=\"3 Un c\u00e9l\u00e8bre journal britannique a demand\u00e9 que la l\u00e9gende de Manchester United, Denis Law, soit anobli. Le Times affirme que \u00ab l\u2019ic\u00f4ne de Manchester\" \/>\n<meta property=\"og:url\" content=\"https:\/\/footdavant.fr\/actualites\/en-retard-et-approprie-les-appels-se-multiplient-pour-que-denis-law-soit-fait-chevalier\/\" \/>\n<meta property=\"og:site_name\" content=\"Foot d&#039;avant\" \/>\n<meta property=\"article:publisher\" content=\"https:\/\/www.facebook.com\/Footdavant\/\" \/>\n<meta property=\"article:published_time\" content=\"2024-01-08T10:48:23+00:00\" \/>\n<meta property=\"article:modified_time\" content=\"2024-01-08T10:48:25+00:00\" \/>\n<meta property=\"og:image\" content=\"https:\/\/footdavant.fr\/actualites\/wp-content\/uploads\/2024\/01\/En-retard-et-approprie-les-appels-se-multiplient-pour-que.jpg\" \/>\n\t<meta property=\"og:image:width\" content=\"1600\" \/>\n\t<meta property=\"og:image:height\" content=\"700\" \/>\n\t<meta property=\"og:image:type\" content=\"image\/jpeg\" \/>\n<meta name=\"author\" content=\"Cl\u00e9ment\" \/>\n<meta name=\"twitter:card\" content=\"summary_large_image\" \/>\n<meta name=\"twitter:creator\" content=\"@FootdavantFr\" \/>\n<meta name=\"twitter:site\" content=\"@FootdavantFr\" \/>\n<meta name=\"twitter:label1\" content=\"\u00c9crit par\" \/>\n\t<meta name=\"twitter:data1\" content=\"Cl\u00e9ment\" \/>\n\t<meta name=\"twitter:label2\" content=\"Dur\u00e9e de lecture estim\u00e9e\" \/>\n\t<meta name=\"twitter:data2\" content=\"3 minutes\" \/>\n<script type=\"application\/ld+json\" class=\"yoast-schema-graph\">{\"@context\":\"https:\/\/schema.org\",\"@graph\":[{\"@type\":\"Article\",\"@id\":\"https:\/\/footdavant.fr\/actualites\/en-retard-et-approprie-les-appels-se-multiplient-pour-que-denis-law-soit-fait-chevalier\/#article\",\"isPartOf\":{\"@id\":\"https:\/\/footdavant.fr\/actualites\/en-retard-et-approprie-les-appels-se-multiplient-pour-que-denis-law-soit-fait-chevalier\/\"},\"author\":{\"name\":\"Cl\u00e9ment\",\"@id\":\"https:\/\/footdavant.fr\/actualites\/#\/schema\/person\/bc222566d95871b37e597b3ed3ba5e1d\"},\"headline\":\"\u00ab\u00a0En retard et appropri\u00e9\u00a0\u00bb\u00a0: les appels se multiplient pour que Denis Law soit fait chevalier &#8211;\",\"datePublished\":\"2024-01-08T10:48:23+00:00\",\"dateModified\":\"2024-01-08T10:48:25+00:00\",\"mainEntityOfPage\":{\"@id\":\"https:\/\/footdavant.fr\/actualites\/en-retard-et-approprie-les-appels-se-multiplient-pour-que-denis-law-soit-fait-chevalier\/\"},\"wordCount\":609,\"publisher\":{\"@id\":\"https:\/\/footdavant.fr\/actualites\/#organization\"},\"keywords\":[\"appels\",\"appropri\u00e9\",\"chevalier\",\"Denis\",\"fait\",\"Law\",\"les\",\"multiplient\",\"pour\",\"retard\",\"soit\"],\"articleSection\":[\"Football\"],\"inLanguage\":\"fr-FR\"},{\"@type\":\"WebPage\",\"@id\":\"https:\/\/footdavant.fr\/actualites\/en-retard-et-approprie-les-appels-se-multiplient-pour-que-denis-law-soit-fait-chevalier\/\",\"url\":\"https:\/\/footdavant.fr\/actualites\/en-retard-et-approprie-les-appels-se-multiplient-pour-que-denis-law-soit-fait-chevalier\/\",\"name\":\"\\\"En retard et appropri\u00e9\\\"\u00a0: les appels se multiplient pour que Denis Law soit fait chevalier -\",\"isPartOf\":{\"@id\":\"https:\/\/footdavant.fr\/actualites\/#website\"},\"datePublished\":\"2024-01-08T10:48:23+00:00\",\"dateModified\":\"2024-01-08T10:48:25+00:00\",\"breadcrumb\":{\"@id\":\"https:\/\/footdavant.fr\/actualites\/en-retard-et-approprie-les-appels-se-multiplient-pour-que-denis-law-soit-fait-chevalier\/#breadcrumb\"},\"inLanguage\":\"fr-FR\",\"potentialAction\":[{\"@type\":\"ReadAction\",\"target\":[\"https:\/\/footdavant.fr\/actualites\/en-retard-et-approprie-les-appels-se-multiplient-pour-que-denis-law-soit-fait-chevalier\/\"]}]},{\"@type\":\"BreadcrumbList\",\"@id\":\"https:\/\/footdavant.fr\/actualites\/en-retard-et-approprie-les-appels-se-multiplient-pour-que-denis-law-soit-fait-chevalier\/#breadcrumb\",\"itemListElement\":[{\"@type\":\"ListItem\",\"position\":1,\"name\":\"Accueil\",\"item\":\"https:\/\/footdavant.fr\/actualites\/\"},{\"@type\":\"ListItem\",\"position\":2,\"name\":\"\u00ab\u00a0En retard et appropri\u00e9\u00a0\u00bb\u00a0: les appels se multiplient pour que Denis Law soit fait chevalier &#8211;\"}]},{\"@type\":\"WebSite\",\"@id\":\"https:\/\/footdavant.fr\/actualites\/#website\",\"url\":\"https:\/\/footdavant.fr\/actualites\/\",\"name\":\"Foot d'avant\",\"description\":\"\",\"publisher\":{\"@id\":\"https:\/\/footdavant.fr\/actualites\/#organization\"},\"potentialAction\":[{\"@type\":\"SearchAction\",\"target\":{\"@type\":\"EntryPoint\",\"urlTemplate\":\"https:\/\/footdavant.fr\/actualites\/?s={search_term_string}\"},\"query-input\":\"required name=search_term_string\"}],\"inLanguage\":\"fr-FR\"},{\"@type\":\"Organization\",\"@id\":\"https:\/\/footdavant.fr\/actualites\/#organization\",\"name\":\"Foot d'avant\",\"url\":\"https:\/\/footdavant.fr\/actualites\/\",\"logo\":{\"@type\":\"ImageObject\",\"inLanguage\":\"fr-FR\",\"@id\":\"https:\/\/footdavant.fr\/actualites\/#\/schema\/logo\/image\/\",\"url\":\"https:\/\/footdavant.fr\/actualites\/wp-content\/uploads\/2023\/09\/Copy-of-FootDavant-Logo.png\",\"contentUrl\":\"https:\/\/footdavant.fr\/actualites\/wp-content\/uploads\/2023\/09\/Copy-of-FootDavant-Logo.png\",\"width\":936,\"height\":549,\"caption\":\"Foot d'avant\"},\"image\":{\"@id\":\"https:\/\/footdavant.fr\/actualites\/#\/schema\/logo\/image\/\"},\"sameAs\":[\"https:\/\/www.facebook.com\/Footdavant\/\",\"https:\/\/twitter.com\/FootdavantFr\",\"https:\/\/www.instagram.com\/footdavant.fr\/\"]},{\"@type\":\"Person\",\"@id\":\"https:\/\/footdavant.fr\/actualites\/#\/schema\/person\/bc222566d95871b37e597b3ed3ba5e1d\",\"name\":\"Cl\u00e9ment\",\"image\":{\"@type\":\"ImageObject\",\"inLanguage\":\"fr-FR\",\"@id\":\"https:\/\/footdavant.fr\/actualites\/#\/schema\/person\/image\/\",\"url\":\"https:\/\/secure.gravatar.com\/avatar\/7728b29aac2719421e1a9159b2254c44?s=96&d=mm&r=g\",\"contentUrl\":\"https:\/\/secure.gravatar.com\/avatar\/7728b29aac2719421e1a9159b2254c44?s=96&d=mm&r=g\",\"caption\":\"Cl\u00e9ment\"},\"sameAs\":[\"https:\/\/footdavant.fr\/\"]}]}<\/script>\n<!-- \/ Yoast SEO plugin. -->","yoast_head_json":{"title":"\"En retard et appropri\u00e9\"\u00a0: les appels se multiplient pour que Denis Law soit fait chevalier -","robots":{"index":"index","follow":"follow","max-snippet":"max-snippet:-1","max-image-preview":"max-image-preview:large","max-video-preview":"max-video-preview:-1"},"canonical":"https:\/\/footdavant.fr\/actualites\/en-retard-et-approprie-les-appels-se-multiplient-pour-que-denis-law-soit-fait-chevalier\/","og_locale":"fr_FR","og_type":"article","og_title":"\"En retard et appropri\u00e9\"\u00a0: les appels se multiplient pour que Denis Law soit fait chevalier -","og_description":"3 Un c\u00e9l\u00e8bre journal britannique a demand\u00e9 que la l\u00e9gende de Manchester United, Denis Law, soit anobli. Le Times affirme que \u00ab l\u2019ic\u00f4ne de Manchester","og_url":"https:\/\/footdavant.fr\/actualites\/en-retard-et-approprie-les-appels-se-multiplient-pour-que-denis-law-soit-fait-chevalier\/","og_site_name":"Foot d&#039;avant","article_publisher":"https:\/\/www.facebook.com\/Footdavant\/","article_published_time":"2024-01-08T10:48:23+00:00","article_modified_time":"2024-01-08T10:48:25+00:00","og_image":[{"width":1600,"height":700,"url":"https:\/\/footdavant.fr\/actualites\/wp-content\/uploads\/2024\/01\/En-retard-et-approprie-les-appels-se-multiplient-pour-que.jpg","type":"image\/jpeg"}],"author":"Cl\u00e9ment","twitter_card":"summary_large_image","twitter_creator":"@FootdavantFr","twitter_site":"@FootdavantFr","twitter_misc":{"\u00c9crit par":"Cl\u00e9ment","Dur\u00e9e de lecture estim\u00e9e":"3 minutes"},"schema":{"@context":"https:\/\/schema.org","@graph":[{"@type":"Article","@id":"https:\/\/footdavant.fr\/actualites\/en-retard-et-approprie-les-appels-se-multiplient-pour-que-denis-law-soit-fait-chevalier\/#article","isPartOf":{"@id":"https:\/\/footdavant.fr\/actualites\/en-retard-et-approprie-les-appels-se-multiplient-pour-que-denis-law-soit-fait-chevalier\/"},"author":{"name":"Cl\u00e9ment","@id":"https:\/\/footdavant.fr\/actualites\/#\/schema\/person\/bc222566d95871b37e597b3ed3ba5e1d"},"headline":"\u00ab\u00a0En retard et appropri\u00e9\u00a0\u00bb\u00a0: les appels se multiplient pour que Denis Law soit fait chevalier &#8211;","datePublished":"2024-01-08T10:48:23+00:00","dateModified":"2024-01-08T10:48:25+00:00","mainEntityOfPage":{"@id":"https:\/\/footdavant.fr\/actualites\/en-retard-et-approprie-les-appels-se-multiplient-pour-que-denis-law-soit-fait-chevalier\/"},"wordCount":609,"publisher":{"@id":"https:\/\/footdavant.fr\/actualites\/#organization"},"keywords":["appels","appropri\u00e9","chevalier","Denis","fait","Law","les","multiplient","pour","retard","soit"],"articleSection":["Football"],"inLanguage":"fr-FR"},{"@type":"WebPage","@id":"https:\/\/footdavant.fr\/actualites\/en-retard-et-approprie-les-appels-se-multiplient-pour-que-denis-law-soit-fait-chevalier\/","url":"https:\/\/footdavant.fr\/actualites\/en-retard-et-approprie-les-appels-se-multiplient-pour-que-denis-law-soit-fait-chevalier\/","name":"\"En retard et appropri\u00e9\"\u00a0: les appels se multiplient pour que Denis Law soit fait chevalier -","isPartOf":{"@id":"https:\/\/footdavant.fr\/actualites\/#website"},"datePublished":"2024-01-08T10:48:23+00:00","dateModified":"2024-01-08T10:48:25+00:00","breadcrumb":{"@id":"https:\/\/footdavant.fr\/actualites\/en-retard-et-approprie-les-appels-se-multiplient-pour-que-denis-law-soit-fait-chevalier\/#breadcrumb"},"inLanguage":"fr-FR","potentialAction":[{"@type":"ReadAction","target":["https:\/\/footdavant.fr\/actualites\/en-retard-et-approprie-les-appels-se-multiplient-pour-que-denis-law-soit-fait-chevalier\/"]}]},{"@type":"BreadcrumbList","@id":"https:\/\/footdavant.fr\/actualites\/en-retard-et-approprie-les-appels-se-multiplient-pour-que-denis-law-soit-fait-chevalier\/#breadcrumb","itemListElement":[{"@type":"ListItem","position":1,"name":"Accueil","item":"https:\/\/footdavant.fr\/actualites\/"},{"@type":"ListItem","position":2,"name":"\u00ab\u00a0En retard et appropri\u00e9\u00a0\u00bb\u00a0: les appels se multiplient pour que Denis Law soit fait chevalier &#8211;"}]},{"@type":"WebSite","@id":"https:\/\/footdavant.fr\/actualites\/#website","url":"https:\/\/footdavant.fr\/actualites\/","name":"Foot d'avant","description":"","publisher":{"@id":"https:\/\/footdavant.fr\/actualites\/#organization"},"potentialAction":[{"@type":"SearchAction","target":{"@type":"EntryPoint","urlTemplate":"https:\/\/footdavant.fr\/actualites\/?s={search_term_string}"},"query-input":"required name=search_term_string"}],"inLanguage":"fr-FR"},{"@type":"Organization","@id":"https:\/\/footdavant.fr\/actualites\/#organization","name":"Foot d'avant","url":"https:\/\/footdavant.fr\/actualites\/","logo":{"@type":"ImageObject","inLanguage":"fr-FR","@id":"https:\/\/footdavant.fr\/actualites\/#\/schema\/logo\/image\/","url":"https:\/\/footdavant.fr\/actualites\/wp-content\/uploads\/2023\/09\/Copy-of-FootDavant-Logo.png","contentUrl":"https:\/\/footdavant.fr\/actualites\/wp-content\/uploads\/2023\/09\/Copy-of-FootDavant-Logo.png","width":936,"height":549,"caption":"Foot d'avant"},"image":{"@id":"https:\/\/footdavant.fr\/actualites\/#\/schema\/logo\/image\/"},"sameAs":["https:\/\/www.facebook.com\/Footdavant\/","https:\/\/twitter.com\/FootdavantFr","https:\/\/www.instagram.com\/footdavant.fr\/"]},{"@type":"Person","@id":"https:\/\/footdavant.fr\/actualites\/#\/schema\/person\/bc222566d95871b37e597b3ed3ba5e1d","name":"Cl\u00e9ment","image":{"@type":"ImageObject","inLanguage":"fr-FR","@id":"https:\/\/footdavant.fr\/actualites\/#\/schema\/person\/image\/","url":"https:\/\/secure.gravatar.com\/avatar\/7728b29aac2719421e1a9159b2254c44?s=96&d=mm&r=g","contentUrl":"https:\/\/secure.gravatar.com\/avatar\/7728b29aac2719421e1a9159b2254c44?s=96&d=mm&r=g","caption":"Cl\u00e9ment"},"sameAs":["https:\/\/footdavant.fr\/"]}]}},"_links":{"self":[{"href":"https:\/\/footdavant.fr\/actualites\/wp-json\/wp\/v2\/posts\/3591"}],"collection":[{"href":"https:\/\/footdavant.fr\/actualites\/wp-json\/wp\/v2\/posts"}],"about":[{"href":"https:\/\/footdavant.fr\/actualites\/wp-json\/wp\/v2\/types\/post"}],"author":[{"embeddable":true,"href":"https:\/\/footdavant.fr\/actualites\/wp-json\/wp\/v2\/users\/1"}],"replies":[{"embeddable":true,"href":"https:\/\/footdavant.fr\/actualites\/wp-json\/wp\/v2\/comments?post=3591"}],"version-history":[{"count":1,"href":"https:\/\/footdavant.fr\/actualites\/wp-json\/wp\/v2\/posts\/3591\/revisions"}],"predecessor-version":[{"id":3593,"href":"https:\/\/footdavant.fr\/actualites\/wp-json\/wp\/v2\/posts\/3591\/revisions\/3593"}],"wp:featuredmedia":[{"embeddable":true,"href":"https:\/\/footdavant.fr\/actualites\/wp-json\/wp\/v2\/media\/3592"}],"wp:attachment":[{"href":"https:\/\/footdavant.fr\/actualites\/wp-json\/wp\/v2\/media?parent=3591"}],"wp:term":[{"taxonomy":"category","embeddable":true,"href":"https:\/\/footdavant.fr\/actualites\/wp-json\/wp\/v2\/categories?post=3591"},{"taxonomy":"post_tag","embeddable":true,"href":"https:\/\/footdavant.fr\/actualites\/wp-json\/wp\/v2\/tags?post=3591"}],"curies":[{"name":"wp","href":"https:\/\/api.w.org\/{rel}","templated":true}]}}