{"id":35912,"date":"2026-03-29T14:48:07","date_gmt":"2026-03-29T12:48:07","guid":{"rendered":"https:\/\/footdavant.fr\/actualites\/nouvelles-du-transfert-de-leeds-united-les-blancs-complotent-pour-le-flop-de-nottingham-forest-avant-la-fenetre-dete\/"},"modified":"2026-03-29T14:48:09","modified_gmt":"2026-03-29T12:48:09","slug":"nouvelles-du-transfert-de-leeds-united-les-blancs-complotent-pour-le-flop-de-nottingham-forest-avant-la-fenetre-dete","status":"publish","type":"post","link":"https:\/\/footdavant.fr\/actualites\/nouvelles-du-transfert-de-leeds-united-les-blancs-complotent-pour-le-flop-de-nottingham-forest-avant-la-fenetre-dete\/","title":{"rendered":"Nouvelles du transfert de Leeds United: les Blancs \u00abcomplotent\u00bb pour le flop de Nottingham Forest avant la fen\u00eatre d&#39;\u00e9t\u00e9"},"content":{"rendered":"<div itemprop=\"articleBody\">\n<p>Leeds United serait int\u00e9ress\u00e9 par la signature du flop James McAtee de Nottingham Forest cet \u00e9t\u00e9.<\/p>\n<p>Le joueur de 23 ans \u00e9tait une propri\u00e9t\u00e9 tr\u00e8s pris\u00e9e lorsqu&#39;il a obtenu un transfert de 25 millions de livres sterling au City Ground depuis Manchester City l&#39;\u00e9t\u00e9 dernier.<\/p>\n<p>Cependant, McAtee a \u00e9t\u00e9 snob\u00e9 par quatre managers diff\u00e9rents \u00e0 Forest en 2025-26, le limitant \u00e0 un seul d\u00e9part en Premier League.<\/p>\n<p>Il a \u00e9t\u00e9 sugg\u00e9r\u00e9 que l&#39;ancien international anglais des moins de 21 ans aurait pu s&#39;\u00e9loigner des Tricky Trees en janvier.<\/p>\n<p>Cependant, un tel changement ne s\u2019est jamais concr\u00e9tis\u00e9, bien que les g\u00e9ants de haut vol Chelsea soient cens\u00e9s admirer le joueur.<\/p>\n<div>\n<div>\n<p>\u00a9 Imago \/ Visionhaus<\/p>\n<\/div>\n<\/div>\n<h2>Leeds pr\u00e9pare une d\u00e9cision pour McAtee, le paria de Forest ?<\/h2>\n<p>Selon <em>Initi\u00e9 au football<\/em>McAtee pourrait se diriger vers un changement dans les lignes de bataille de la Premier League pendant l&#39;intersaison.<\/p>\n<p>Le rapport indique que Leeds, menac\u00e9 de rel\u00e9gation, pr\u00e9pare une d\u00e9marche ambitieuse pour recruter le joueur de 23 ans.<\/p>\n<p>Outre l&#39;\u00e9quipe de Daniel Farke, on dit que les clubs de Ligue 1 et de Bundesliga raffolent des talents de McAtee.<\/p>\n<p>Au cours des 12 derniers mois, Lyon et le Bayer Leverkusen ont tous deux \u00e9t\u00e9 li\u00e9s \u00e0 l&#39;Anglais.<\/p>\n<p>Il reste \u00e0 voir si McAtee veut r\u00e9essayer en Premier League ou accepter un nouveau d\u00e9fi \u00e0 l&#39;\u00e9tranger.<\/p>\n<div>\n<div><img decoding=\"async\" data-img-id=\"156158\" class=\"lazy\" loading=\"lazy\" src=\"https:\/\/footdavant.fr\/actualites\/wp-content\/uploads\/2026\/01\/Transferts-et-depenses-nettes-de-Leeds-United-en-janvier-chaque.webp\"\/><\/p>\n<p>\u00a9 Imago \/ IMAGO \/ Goal Sports Images<\/p>\n<\/div>\n<\/div>\n<h2>Quelle est la meilleure d\u00e9cision pour McAtee ?<\/h2>\n<p>Apr\u00e8s un s\u00e9jour h\u00e9sitant \u00e0 Nottingham Forest, McAtee est \u00e0 la recherche d&#39;un endroit pour montrer r\u00e9guli\u00e8rement ses capacit\u00e9s incontestables.<\/p>\n<p>Un passage sur le continent pourrait permettre au joueur de 23 ans de faire preuve de qualit\u00e9 technique plus souvent que ce qui est possible dans les al\u00e9as de la Premier League.<\/p>\n<p>Favorisant un milieu de terrain combatif, l\u2019entra\u00eeneur-chef de Leeds, Farke, pourrait \u00eatre le dernier entra\u00eeneur \u00e0 snober McAtee dans le football anglais.<\/p>\n<\/div>\n","protected":false},"excerpt":{"rendered":"<p>Leeds United serait int\u00e9ress\u00e9 par la signature du flop James McAtee de Nottingham Forest cet \u00e9t\u00e9. Le joueur de 23 ans \u00e9tait une propri\u00e9t\u00e9 tr\u00e8s<\/p>\n","protected":false},"author":1,"featured_media":35644,"comment_status":"closed","ping_status":"","sticky":false,"template":"","format":"standard","meta":{"footnotes":""},"categories":[5],"tags":[491,10406,8741,4968,2446,7209,358,121,93,357,461,51,700,13],"yoast_head":"<!-- This site is optimized with the Yoast SEO plugin v21.0 - https:\/\/yoast.com\/wordpress\/plugins\/seo\/ -->\n<title>Nouvelles du transfert de Leeds United: les Blancs \u00abcomplotent\u00bb pour le flop de Nottingham Forest avant la fen\u00eatre d&#039;\u00e9t\u00e9<\/title>\n<meta name=\"robots\" content=\"index, follow, max-snippet:-1, max-image-preview:large, max-video-preview:-1\" \/>\n<link rel=\"canonical\" href=\"https:\/\/footdavant.fr\/actualites\/nouvelles-du-transfert-de-leeds-united-les-blancs-complotent-pour-le-flop-de-nottingham-forest-avant-la-fenetre-dete\/\" \/>\n<meta property=\"og:locale\" content=\"fr_FR\" \/>\n<meta property=\"og:type\" content=\"article\" \/>\n<meta property=\"og:title\" content=\"Nouvelles du transfert de Leeds United: les Blancs \u00abcomplotent\u00bb pour le flop de Nottingham Forest avant la fen\u00eatre d&#039;\u00e9t\u00e9\" \/>\n<meta property=\"og:description\" content=\"Leeds United serait int\u00e9ress\u00e9 par la signature du flop James McAtee de Nottingham Forest cet \u00e9t\u00e9. Le joueur de 23 ans \u00e9tait une propri\u00e9t\u00e9 tr\u00e8s\" \/>\n<meta property=\"og:url\" content=\"https:\/\/footdavant.fr\/actualites\/nouvelles-du-transfert-de-leeds-united-les-blancs-complotent-pour-le-flop-de-nottingham-forest-avant-la-fenetre-dete\/\" \/>\n<meta property=\"og:site_name\" content=\"Foot d&#039;avant\" \/>\n<meta property=\"article:publisher\" content=\"https:\/\/www.facebook.com\/Footdavant\/\" \/>\n<meta property=\"article:published_time\" content=\"2026-03-29T12:48:07+00:00\" \/>\n<meta property=\"article:modified_time\" content=\"2026-03-29T12:48:09+00:00\" \/>\n<meta property=\"og:image\" content=\"https:\/\/footdavant.fr\/actualites\/wp-content\/uploads\/2026\/03\/Leeds-a-etabli-un-record-unique-en-Premier-League-lors.net2Fuploads2F20262F032Ficonsport-362015.webp\" \/>\n\t<meta property=\"og:image:width\" content=\"720\" \/>\n\t<meta property=\"og:image:height\" content=\"410\" \/>\n\t<meta property=\"og:image:type\" content=\"image\/webp\" \/>\n<meta name=\"author\" content=\"Cl\u00e9ment\" \/>\n<meta name=\"twitter:card\" content=\"summary_large_image\" \/>\n<meta name=\"twitter:creator\" content=\"@FootdavantFr\" \/>\n<meta name=\"twitter:site\" content=\"@FootdavantFr\" \/>\n<meta name=\"twitter:label1\" content=\"\u00c9crit par\" \/>\n\t<meta name=\"twitter:data1\" content=\"Cl\u00e9ment\" \/>\n\t<meta name=\"twitter:label2\" content=\"Dur\u00e9e de lecture estim\u00e9e\" \/>\n\t<meta name=\"twitter:data2\" content=\"2 minutes\" \/>\n<script type=\"application\/ld+json\" class=\"yoast-schema-graph\">{\"@context\":\"https:\/\/schema.org\",\"@graph\":[{\"@type\":\"Article\",\"@id\":\"https:\/\/footdavant.fr\/actualites\/nouvelles-du-transfert-de-leeds-united-les-blancs-complotent-pour-le-flop-de-nottingham-forest-avant-la-fenetre-dete\/#article\",\"isPartOf\":{\"@id\":\"https:\/\/footdavant.fr\/actualites\/nouvelles-du-transfert-de-leeds-united-les-blancs-complotent-pour-le-flop-de-nottingham-forest-avant-la-fenetre-dete\/\"},\"author\":{\"name\":\"Cl\u00e9ment\",\"@id\":\"https:\/\/footdavant.fr\/actualites\/#\/schema\/person\/bc222566d95871b37e597b3ed3ba5e1d\"},\"headline\":\"Nouvelles du transfert de Leeds United: les Blancs \u00abcomplotent\u00bb pour le flop de Nottingham Forest avant la fen\u00eatre d&#39;\u00e9t\u00e9\",\"datePublished\":\"2026-03-29T12:48:07+00:00\",\"dateModified\":\"2026-03-29T12:48:09+00:00\",\"mainEntityOfPage\":{\"@id\":\"https:\/\/footdavant.fr\/actualites\/nouvelles-du-transfert-de-leeds-united-les-blancs-complotent-pour-le-flop-de-nottingham-forest-avant-la-fenetre-dete\/\"},\"wordCount\":349,\"publisher\":{\"@id\":\"https:\/\/footdavant.fr\/actualites\/#organization\"},\"keywords\":[\"avant\",\"Blancs\",\"complotent\",\"d39\u00e9t\u00e9\",\"fen\u00eatre\",\"flop\",\"Forest\",\"Leeds\",\"les\",\"Nottingham\",\"Nouvelles\",\"pour\",\"transfert\",\"United\"],\"articleSection\":[\"Premier League\"],\"inLanguage\":\"fr-FR\"},{\"@type\":\"WebPage\",\"@id\":\"https:\/\/footdavant.fr\/actualites\/nouvelles-du-transfert-de-leeds-united-les-blancs-complotent-pour-le-flop-de-nottingham-forest-avant-la-fenetre-dete\/\",\"url\":\"https:\/\/footdavant.fr\/actualites\/nouvelles-du-transfert-de-leeds-united-les-blancs-complotent-pour-le-flop-de-nottingham-forest-avant-la-fenetre-dete\/\",\"name\":\"Nouvelles du transfert de Leeds United: les Blancs \u00abcomplotent\u00bb pour le flop de Nottingham Forest avant la fen\u00eatre d&#39;\u00e9t\u00e9\",\"isPartOf\":{\"@id\":\"https:\/\/footdavant.fr\/actualites\/#website\"},\"datePublished\":\"2026-03-29T12:48:07+00:00\",\"dateModified\":\"2026-03-29T12:48:09+00:00\",\"breadcrumb\":{\"@id\":\"https:\/\/footdavant.fr\/actualites\/nouvelles-du-transfert-de-leeds-united-les-blancs-complotent-pour-le-flop-de-nottingham-forest-avant-la-fenetre-dete\/#breadcrumb\"},\"inLanguage\":\"fr-FR\",\"potentialAction\":[{\"@type\":\"ReadAction\",\"target\":[\"https:\/\/footdavant.fr\/actualites\/nouvelles-du-transfert-de-leeds-united-les-blancs-complotent-pour-le-flop-de-nottingham-forest-avant-la-fenetre-dete\/\"]}]},{\"@type\":\"BreadcrumbList\",\"@id\":\"https:\/\/footdavant.fr\/actualites\/nouvelles-du-transfert-de-leeds-united-les-blancs-complotent-pour-le-flop-de-nottingham-forest-avant-la-fenetre-dete\/#breadcrumb\",\"itemListElement\":[{\"@type\":\"ListItem\",\"position\":1,\"name\":\"Accueil\",\"item\":\"https:\/\/footdavant.fr\/actualites\/\"},{\"@type\":\"ListItem\",\"position\":2,\"name\":\"Nouvelles du transfert de Leeds United: les Blancs \u00abcomplotent\u00bb pour le flop de Nottingham Forest avant la fen\u00eatre d&#39;\u00e9t\u00e9\"}]},{\"@type\":\"WebSite\",\"@id\":\"https:\/\/footdavant.fr\/actualites\/#website\",\"url\":\"https:\/\/footdavant.fr\/actualites\/\",\"name\":\"Foot d'avant\",\"description\":\"\",\"publisher\":{\"@id\":\"https:\/\/footdavant.fr\/actualites\/#organization\"},\"potentialAction\":[{\"@type\":\"SearchAction\",\"target\":{\"@type\":\"EntryPoint\",\"urlTemplate\":\"https:\/\/footdavant.fr\/actualites\/?s={search_term_string}\"},\"query-input\":\"required name=search_term_string\"}],\"inLanguage\":\"fr-FR\"},{\"@type\":\"Organization\",\"@id\":\"https:\/\/footdavant.fr\/actualites\/#organization\",\"name\":\"Foot d'avant\",\"url\":\"https:\/\/footdavant.fr\/actualites\/\",\"logo\":{\"@type\":\"ImageObject\",\"inLanguage\":\"fr-FR\",\"@id\":\"https:\/\/footdavant.fr\/actualites\/#\/schema\/logo\/image\/\",\"url\":\"https:\/\/footdavant.fr\/actualites\/wp-content\/uploads\/2023\/09\/Copy-of-FootDavant-Logo.png\",\"contentUrl\":\"https:\/\/footdavant.fr\/actualites\/wp-content\/uploads\/2023\/09\/Copy-of-FootDavant-Logo.png\",\"width\":936,\"height\":549,\"caption\":\"Foot d'avant\"},\"image\":{\"@id\":\"https:\/\/footdavant.fr\/actualites\/#\/schema\/logo\/image\/\"},\"sameAs\":[\"https:\/\/www.facebook.com\/Footdavant\/\",\"https:\/\/twitter.com\/FootdavantFr\",\"https:\/\/www.instagram.com\/footdavant.fr\/\"]},{\"@type\":\"Person\",\"@id\":\"https:\/\/footdavant.fr\/actualites\/#\/schema\/person\/bc222566d95871b37e597b3ed3ba5e1d\",\"name\":\"Cl\u00e9ment\",\"image\":{\"@type\":\"ImageObject\",\"inLanguage\":\"fr-FR\",\"@id\":\"https:\/\/footdavant.fr\/actualites\/#\/schema\/person\/image\/\",\"url\":\"https:\/\/secure.gravatar.com\/avatar\/7728b29aac2719421e1a9159b2254c44?s=96&d=mm&r=g\",\"contentUrl\":\"https:\/\/secure.gravatar.com\/avatar\/7728b29aac2719421e1a9159b2254c44?s=96&d=mm&r=g\",\"caption\":\"Cl\u00e9ment\"},\"sameAs\":[\"https:\/\/footdavant.fr\/\"]}]}<\/script>\n<!-- \/ Yoast SEO plugin. -->","yoast_head_json":{"title":"Nouvelles du transfert de Leeds United: les Blancs \u00abcomplotent\u00bb pour le flop de Nottingham Forest avant la fen\u00eatre d&#39;\u00e9t\u00e9","robots":{"index":"index","follow":"follow","max-snippet":"max-snippet:-1","max-image-preview":"max-image-preview:large","max-video-preview":"max-video-preview:-1"},"canonical":"https:\/\/footdavant.fr\/actualites\/nouvelles-du-transfert-de-leeds-united-les-blancs-complotent-pour-le-flop-de-nottingham-forest-avant-la-fenetre-dete\/","og_locale":"fr_FR","og_type":"article","og_title":"Nouvelles du transfert de Leeds United: les Blancs \u00abcomplotent\u00bb pour le flop de Nottingham Forest avant la fen\u00eatre d&#39;\u00e9t\u00e9","og_description":"Leeds United serait int\u00e9ress\u00e9 par la signature du flop James McAtee de Nottingham Forest cet \u00e9t\u00e9. Le joueur de 23 ans \u00e9tait une propri\u00e9t\u00e9 tr\u00e8s","og_url":"https:\/\/footdavant.fr\/actualites\/nouvelles-du-transfert-de-leeds-united-les-blancs-complotent-pour-le-flop-de-nottingham-forest-avant-la-fenetre-dete\/","og_site_name":"Foot d&#039;avant","article_publisher":"https:\/\/www.facebook.com\/Footdavant\/","article_published_time":"2026-03-29T12:48:07+00:00","article_modified_time":"2026-03-29T12:48:09+00:00","og_image":[{"width":720,"height":410,"url":"https:\/\/footdavant.fr\/actualites\/wp-content\/uploads\/2026\/03\/Leeds-a-etabli-un-record-unique-en-Premier-League-lors.net2Fuploads2F20262F032Ficonsport-362015.webp","type":"image\/webp"}],"author":"Cl\u00e9ment","twitter_card":"summary_large_image","twitter_creator":"@FootdavantFr","twitter_site":"@FootdavantFr","twitter_misc":{"\u00c9crit par":"Cl\u00e9ment","Dur\u00e9e de lecture estim\u00e9e":"2 minutes"},"schema":{"@context":"https:\/\/schema.org","@graph":[{"@type":"Article","@id":"https:\/\/footdavant.fr\/actualites\/nouvelles-du-transfert-de-leeds-united-les-blancs-complotent-pour-le-flop-de-nottingham-forest-avant-la-fenetre-dete\/#article","isPartOf":{"@id":"https:\/\/footdavant.fr\/actualites\/nouvelles-du-transfert-de-leeds-united-les-blancs-complotent-pour-le-flop-de-nottingham-forest-avant-la-fenetre-dete\/"},"author":{"name":"Cl\u00e9ment","@id":"https:\/\/footdavant.fr\/actualites\/#\/schema\/person\/bc222566d95871b37e597b3ed3ba5e1d"},"headline":"Nouvelles du transfert de Leeds United: les Blancs \u00abcomplotent\u00bb pour le flop de Nottingham Forest avant la fen\u00eatre d&#39;\u00e9t\u00e9","datePublished":"2026-03-29T12:48:07+00:00","dateModified":"2026-03-29T12:48:09+00:00","mainEntityOfPage":{"@id":"https:\/\/footdavant.fr\/actualites\/nouvelles-du-transfert-de-leeds-united-les-blancs-complotent-pour-le-flop-de-nottingham-forest-avant-la-fenetre-dete\/"},"wordCount":349,"publisher":{"@id":"https:\/\/footdavant.fr\/actualites\/#organization"},"keywords":["avant","Blancs","complotent","d39\u00e9t\u00e9","fen\u00eatre","flop","Forest","Leeds","les","Nottingham","Nouvelles","pour","transfert","United"],"articleSection":["Premier League"],"inLanguage":"fr-FR"},{"@type":"WebPage","@id":"https:\/\/footdavant.fr\/actualites\/nouvelles-du-transfert-de-leeds-united-les-blancs-complotent-pour-le-flop-de-nottingham-forest-avant-la-fenetre-dete\/","url":"https:\/\/footdavant.fr\/actualites\/nouvelles-du-transfert-de-leeds-united-les-blancs-complotent-pour-le-flop-de-nottingham-forest-avant-la-fenetre-dete\/","name":"Nouvelles du transfert de Leeds United: les Blancs \u00abcomplotent\u00bb pour le flop de Nottingham Forest avant la fen\u00eatre d&#39;\u00e9t\u00e9","isPartOf":{"@id":"https:\/\/footdavant.fr\/actualites\/#website"},"datePublished":"2026-03-29T12:48:07+00:00","dateModified":"2026-03-29T12:48:09+00:00","breadcrumb":{"@id":"https:\/\/footdavant.fr\/actualites\/nouvelles-du-transfert-de-leeds-united-les-blancs-complotent-pour-le-flop-de-nottingham-forest-avant-la-fenetre-dete\/#breadcrumb"},"inLanguage":"fr-FR","potentialAction":[{"@type":"ReadAction","target":["https:\/\/footdavant.fr\/actualites\/nouvelles-du-transfert-de-leeds-united-les-blancs-complotent-pour-le-flop-de-nottingham-forest-avant-la-fenetre-dete\/"]}]},{"@type":"BreadcrumbList","@id":"https:\/\/footdavant.fr\/actualites\/nouvelles-du-transfert-de-leeds-united-les-blancs-complotent-pour-le-flop-de-nottingham-forest-avant-la-fenetre-dete\/#breadcrumb","itemListElement":[{"@type":"ListItem","position":1,"name":"Accueil","item":"https:\/\/footdavant.fr\/actualites\/"},{"@type":"ListItem","position":2,"name":"Nouvelles du transfert de Leeds United: les Blancs \u00abcomplotent\u00bb pour le flop de Nottingham Forest avant la fen\u00eatre d&#39;\u00e9t\u00e9"}]},{"@type":"WebSite","@id":"https:\/\/footdavant.fr\/actualites\/#website","url":"https:\/\/footdavant.fr\/actualites\/","name":"Foot d'avant","description":"","publisher":{"@id":"https:\/\/footdavant.fr\/actualites\/#organization"},"potentialAction":[{"@type":"SearchAction","target":{"@type":"EntryPoint","urlTemplate":"https:\/\/footdavant.fr\/actualites\/?s={search_term_string}"},"query-input":"required name=search_term_string"}],"inLanguage":"fr-FR"},{"@type":"Organization","@id":"https:\/\/footdavant.fr\/actualites\/#organization","name":"Foot d'avant","url":"https:\/\/footdavant.fr\/actualites\/","logo":{"@type":"ImageObject","inLanguage":"fr-FR","@id":"https:\/\/footdavant.fr\/actualites\/#\/schema\/logo\/image\/","url":"https:\/\/footdavant.fr\/actualites\/wp-content\/uploads\/2023\/09\/Copy-of-FootDavant-Logo.png","contentUrl":"https:\/\/footdavant.fr\/actualites\/wp-content\/uploads\/2023\/09\/Copy-of-FootDavant-Logo.png","width":936,"height":549,"caption":"Foot d'avant"},"image":{"@id":"https:\/\/footdavant.fr\/actualites\/#\/schema\/logo\/image\/"},"sameAs":["https:\/\/www.facebook.com\/Footdavant\/","https:\/\/twitter.com\/FootdavantFr","https:\/\/www.instagram.com\/footdavant.fr\/"]},{"@type":"Person","@id":"https:\/\/footdavant.fr\/actualites\/#\/schema\/person\/bc222566d95871b37e597b3ed3ba5e1d","name":"Cl\u00e9ment","image":{"@type":"ImageObject","inLanguage":"fr-FR","@id":"https:\/\/footdavant.fr\/actualites\/#\/schema\/person\/image\/","url":"https:\/\/secure.gravatar.com\/avatar\/7728b29aac2719421e1a9159b2254c44?s=96&d=mm&r=g","contentUrl":"https:\/\/secure.gravatar.com\/avatar\/7728b29aac2719421e1a9159b2254c44?s=96&d=mm&r=g","caption":"Cl\u00e9ment"},"sameAs":["https:\/\/footdavant.fr\/"]}]}},"_links":{"self":[{"href":"https:\/\/footdavant.fr\/actualites\/wp-json\/wp\/v2\/posts\/35912"}],"collection":[{"href":"https:\/\/footdavant.fr\/actualites\/wp-json\/wp\/v2\/posts"}],"about":[{"href":"https:\/\/footdavant.fr\/actualites\/wp-json\/wp\/v2\/types\/post"}],"author":[{"embeddable":true,"href":"https:\/\/footdavant.fr\/actualites\/wp-json\/wp\/v2\/users\/1"}],"replies":[{"embeddable":true,"href":"https:\/\/footdavant.fr\/actualites\/wp-json\/wp\/v2\/comments?post=35912"}],"version-history":[{"count":1,"href":"https:\/\/footdavant.fr\/actualites\/wp-json\/wp\/v2\/posts\/35912\/revisions"}],"predecessor-version":[{"id":35913,"href":"https:\/\/footdavant.fr\/actualites\/wp-json\/wp\/v2\/posts\/35912\/revisions\/35913"}],"wp:featuredmedia":[{"embeddable":true,"href":"https:\/\/footdavant.fr\/actualites\/wp-json\/wp\/v2\/media\/35644"}],"wp:attachment":[{"href":"https:\/\/footdavant.fr\/actualites\/wp-json\/wp\/v2\/media?parent=35912"}],"wp:term":[{"taxonomy":"category","embeddable":true,"href":"https:\/\/footdavant.fr\/actualites\/wp-json\/wp\/v2\/categories?post=35912"},{"taxonomy":"post_tag","embeddable":true,"href":"https:\/\/footdavant.fr\/actualites\/wp-json\/wp\/v2\/tags?post=35912"}],"curies":[{"name":"wp","href":"https:\/\/api.w.org\/{rel}","templated":true}]}}