{"id":35914,"date":"2026-03-29T16:48:13","date_gmt":"2026-03-29T14:48:13","guid":{"rendered":"https:\/\/footdavant.fr\/actualites\/piero-hincapie-rejoint-arsenal-en-exode-du-service-international\/"},"modified":"2026-03-29T16:48:15","modified_gmt":"2026-03-29T14:48:15","slug":"piero-hincapie-rejoint-arsenal-en-exode-du-service-international","status":"publish","type":"post","link":"https:\/\/footdavant.fr\/actualites\/piero-hincapie-rejoint-arsenal-en-exode-du-service-international\/","title":{"rendered":"Piero Hincapie rejoint Arsenal en exode du service international"},"content":{"rendered":"<p>Il est le neuvi\u00e8me joueur d&#39;Arsenal \u00e0 se retirer.<\/p>\n<div>\n<p>Le d\u00e9fenseur d&#39;Arsenal Piero Hincapie est devenu le dernier joueur des Gunners \u00e0 se retirer de ses fonctions internationales, quittant le camp \u00e9quatorien plus t\u00f4t apr\u00e8s des tests m\u00e9dicaux.<\/p>\n<p>Hincapie a jou\u00e9 72 minutes pour La Tri vendredi alors qu&#39;ils faisaient match nul 1-1 contre le Maroc lors d&#39;un match amical \u00e0 Madrid.<\/p>\n<p>Mais dans un communiqu\u00e9 publi\u00e9 dimanche, la F\u00e9d\u00e9ration \u00e9quatorienne de football a confirm\u00e9 que Hincapie avait \u00e9t\u00e9 lib\u00e9r\u00e9 pour rejoindre Arsenal, qui affrontera Southampton en quarts de finale de la FA Cup samedi.<\/p>\n<p>\u00ab\u00a0La F\u00e9d\u00e9ration \u00e9quatorienne de football rapporte que les joueurs Piero Hincapie et Denil Castillo ont subi des examens m\u00e9dicaux et d&#39;imagerie et, sur la base de l&#39;\u00e9valuation, tous deux ont \u00e9t\u00e9 retir\u00e9s de la liste de l&#39;\u00e9quipe nationale\u00a0\u00bb, indique le communiqu\u00e9.<\/p>\n<p>\u00ab\u00a0Les r\u00e9sultats ont \u00e9t\u00e9 imm\u00e9diatement envoy\u00e9s \u00e0 leurs clubs, o\u00f9 ils commenceront leurs processus de r\u00e9cup\u00e9ration respectifs. Le personnel m\u00e9dical de l&#39;\u00e9quipe nationale suivra leurs progr\u00e8s.\u00a0\u00bb<\/p>\n<figure class=\"wp-block-embed is-type-video is-provider-youtube wp-block-embed-youtube wp-embed-aspect-16-9 wp-has-aspect-ratio\">\n<p>\n<noscript><iframe loading=\"lazy\" title=\"Morocco vs. Ecuador | Full Game Highlights | ESPN FC\" width=\"1200\" height=\"675\" src=\"https:\/\/www.youtube.com\/embed\/f6Islppt1kI?feature=oembed\" frameborder=\"0\" allow=\"accelerometer; autoplay; clipboard-write; encrypted-media; gyroscope; picture-in-picture; web-share\" referrerpolicy=\"strict-origin-when-cross-origin\" allowfullscreen><\/iframe><\/noscript>\n<\/p>\n<\/figure>\n<h2 class=\"wp-block-heading\"><span id=\"Hincapie_joins_lengthy_list_of_Arsenal_withdrawals\">Hincapie rejoint la longue liste des retraits d&#39;Arsenal<\/span><\/h2>\n<p>L&#39;\u00c9quateur affrontera les Pays-Bas mardi lors de leur dernier match amical avant que les \u00e9quipes pour la Coupe du monde 2026 ne soient nomm\u00e9es en mai.<\/p>\n<p>Mais Hincapie ne jouera aucun r\u00f4le dans ce match, puisqu&#39;il devient le neuvi\u00e8me joueur des Gunners \u00e0 se retirer de ses fonctions internationales pendant cette pause.<\/p>\n<figure class=\"wp-block-image size-large\"><picture decoding=\"async\" class=\"wp-image-179702\"><source type=\"image\/webp\" data-lazy- \/><img loading=\"lazy\" decoding=\"async\" width=\"1024\" height=\"683\" src=\"https:\/\/footdavant.fr\/actualites\/wp-content\/uploads\/2026\/03\/Piero-Hincapie-rejoint-Arsenal-en-exode-du-service-international.jpg\" alt=\"Le d\u00e9fenseur d&#39;Arsenal Piero Hincapie\"  \/>\n<\/picture>\n<\/figure>\n<p>Le duo anglais Bukayo Saka et Declan Rice devait s&#39;associer aux Trois Lions avant leur match contre le Japon, apr\u00e8s avoir \u00e9t\u00e9 repos\u00e9 par Thomas Tuchel pour le match nul 1-1 de vendredi contre l&#39;Uruguay. Au lieu de cela, ils se sont tous retir\u00e9s, tandis que leur co\u00e9quipier Noni Madueke s&#39;est bless\u00e9 au genou lors de ce match.<\/p>\n<p>Eberechi Eze s&#39;est retir\u00e9 de l&#39;\u00e9quipe d&#39;Angleterre en raison d&#39;un probl\u00e8me au mollet, tandis que le Belge Leandro Trossard, le d\u00e9fenseur br\u00e9silien Gabriel Magalhaes, le Fran\u00e7ais William Saliba et le N\u00e9erlandais Jurrien Timber se sont tous retir\u00e9s de la s\u00e9lection internationale pour des raisons de forme physique.<\/p>\n<p>Sur les neuf joueurs, six d&#39;entre eux ont d\u00e9but\u00e9 la d\u00e9faite en finale de la Coupe EFL la semaine derni\u00e8re contre Manchester City et ne semblent pas avoir subi de blessure lors de la d\u00e9faite 2-0 \u00e0 Wembley.<\/p>\n<p>Le retour d&#39;Arsenal \u00e0 l&#39;action le week-end prochain marque le d\u00e9but d&#39;une course charg\u00e9e pour les hommes de Mikel Arteta alors qu&#39;ils s&#39;affrontent sur trois fronts, tout en conservant une avance de neuf points sur City dans la course au titre en Premier League.<\/p>\n<h2 class=\"wp-block-heading\"><span id=\"Arsenal_remaining_fixtures\">Calendrier restant d&#39;Arsenal<\/span><\/h2>\n<ul class=\"wp-block-list\">\n<li>Southampton (A, FA Cup) \u2013 4 avril<\/li>\n<li>Sporting CP (A, Ligue des Champions) \u2013 7 avril<\/li>\n<li>Bournemouth (H) \u2013 11 avril<\/li>\n<li>Sporting CP (H) \u2013 15 avril<\/li>\n<li>Manchester City (A) \u2013 19 avril<\/li>\n<li>Newcastle United (H) \u2013 25 avril<\/li>\n<li>Fulham (H) \u2013 2 mai<\/li>\n<li>West Ham (A) \u2013 9 mai<\/li>\n<li>Burnley (H) \u2013 17 mai<\/li>\n<li>Crystal Palace (A) \u2013 24 mai<\/li>\n<\/ul>\n<p>Les demi-finales de la FA Cup devraient avoir lieu les 25 et 26 avril, et la finale le 16 mai.<\/p>\n<p>Les demi-finales aller de la Ligue des champions sont pr\u00e9vues les 28 et 29 avril, et les matches retour les 5 et 6 mai. La finale aura lieu \u00e0 Budapest le 30 mai.<\/p>\n<\/p><\/div>\n","protected":false},"excerpt":{"rendered":"<p>Il est le neuvi\u00e8me joueur d&#39;Arsenal \u00e0 se retirer. Le d\u00e9fenseur d&#39;Arsenal Piero Hincapie est devenu le dernier joueur des Gunners \u00e0 se retirer de<\/p>\n","protected":false},"author":1,"featured_media":33653,"comment_status":"closed","ping_status":"","sticky":false,"template":"","format":"standard","meta":{"footnotes":""},"categories":[3],"tags":[67,11750,5283,725,5762,1444,4317],"yoast_head":"<!-- This site is optimized with the Yoast SEO plugin v21.0 - https:\/\/yoast.com\/wordpress\/plugins\/seo\/ -->\n<title>Piero Hincapie rejoint Arsenal en exode du service international<\/title>\n<meta name=\"robots\" content=\"index, follow, max-snippet:-1, max-image-preview:large, max-video-preview:-1\" \/>\n<link rel=\"canonical\" href=\"https:\/\/footdavant.fr\/actualites\/piero-hincapie-rejoint-arsenal-en-exode-du-service-international\/\" \/>\n<meta property=\"og:locale\" content=\"fr_FR\" \/>\n<meta property=\"og:type\" content=\"article\" \/>\n<meta property=\"og:title\" content=\"Piero Hincapie rejoint Arsenal en exode du service international\" \/>\n<meta property=\"og:description\" content=\"Il est le neuvi\u00e8me joueur d&#039;Arsenal \u00e0 se retirer. Le d\u00e9fenseur d&#039;Arsenal Piero Hincapie est devenu le dernier joueur des Gunners \u00e0 se retirer de\" \/>\n<meta property=\"og:url\" content=\"https:\/\/footdavant.fr\/actualites\/piero-hincapie-rejoint-arsenal-en-exode-du-service-international\/\" \/>\n<meta property=\"og:site_name\" content=\"Foot d&#039;avant\" \/>\n<meta property=\"article:publisher\" content=\"https:\/\/www.facebook.com\/Footdavant\/\" \/>\n<meta property=\"article:published_time\" content=\"2026-03-29T14:48:13+00:00\" \/>\n<meta property=\"article:modified_time\" content=\"2026-03-29T14:48:15+00:00\" \/>\n<meta property=\"og:image\" content=\"https:\/\/footdavant.fr\/actualites\/wp-content\/uploads\/2026\/01\/Arsenal-est-passe-a-un-autre-niveau-lors-de-la.jpg\" \/>\n\t<meta property=\"og:image:width\" content=\"1200\" \/>\n\t<meta property=\"og:image:height\" content=\"800\" \/>\n\t<meta property=\"og:image:type\" content=\"image\/jpeg\" \/>\n<meta name=\"author\" content=\"Cl\u00e9ment\" \/>\n<meta name=\"twitter:card\" content=\"summary_large_image\" \/>\n<meta name=\"twitter:creator\" content=\"@FootdavantFr\" \/>\n<meta name=\"twitter:site\" content=\"@FootdavantFr\" \/>\n<meta name=\"twitter:label1\" content=\"\u00c9crit par\" \/>\n\t<meta name=\"twitter:data1\" content=\"Cl\u00e9ment\" \/>\n\t<meta name=\"twitter:label2\" content=\"Dur\u00e9e de lecture estim\u00e9e\" \/>\n\t<meta name=\"twitter:data2\" content=\"3 minutes\" \/>\n<script type=\"application\/ld+json\" class=\"yoast-schema-graph\">{\"@context\":\"https:\/\/schema.org\",\"@graph\":[{\"@type\":\"Article\",\"@id\":\"https:\/\/footdavant.fr\/actualites\/piero-hincapie-rejoint-arsenal-en-exode-du-service-international\/#article\",\"isPartOf\":{\"@id\":\"https:\/\/footdavant.fr\/actualites\/piero-hincapie-rejoint-arsenal-en-exode-du-service-international\/\"},\"author\":{\"name\":\"Cl\u00e9ment\",\"@id\":\"https:\/\/footdavant.fr\/actualites\/#\/schema\/person\/bc222566d95871b37e597b3ed3ba5e1d\"},\"headline\":\"Piero Hincapie rejoint Arsenal en exode du service international\",\"datePublished\":\"2026-03-29T14:48:13+00:00\",\"dateModified\":\"2026-03-29T14:48:15+00:00\",\"mainEntityOfPage\":{\"@id\":\"https:\/\/footdavant.fr\/actualites\/piero-hincapie-rejoint-arsenal-en-exode-du-service-international\/\"},\"wordCount\":572,\"publisher\":{\"@id\":\"https:\/\/footdavant.fr\/actualites\/#organization\"},\"keywords\":[\"Arsenal\",\"exode\",\"Hincapie\",\"international\",\"Piero\",\"rejoint\",\"service\"],\"articleSection\":[\"Football\"],\"inLanguage\":\"fr-FR\"},{\"@type\":\"WebPage\",\"@id\":\"https:\/\/footdavant.fr\/actualites\/piero-hincapie-rejoint-arsenal-en-exode-du-service-international\/\",\"url\":\"https:\/\/footdavant.fr\/actualites\/piero-hincapie-rejoint-arsenal-en-exode-du-service-international\/\",\"name\":\"Piero Hincapie rejoint Arsenal en exode du service international\",\"isPartOf\":{\"@id\":\"https:\/\/footdavant.fr\/actualites\/#website\"},\"datePublished\":\"2026-03-29T14:48:13+00:00\",\"dateModified\":\"2026-03-29T14:48:15+00:00\",\"breadcrumb\":{\"@id\":\"https:\/\/footdavant.fr\/actualites\/piero-hincapie-rejoint-arsenal-en-exode-du-service-international\/#breadcrumb\"},\"inLanguage\":\"fr-FR\",\"potentialAction\":[{\"@type\":\"ReadAction\",\"target\":[\"https:\/\/footdavant.fr\/actualites\/piero-hincapie-rejoint-arsenal-en-exode-du-service-international\/\"]}]},{\"@type\":\"BreadcrumbList\",\"@id\":\"https:\/\/footdavant.fr\/actualites\/piero-hincapie-rejoint-arsenal-en-exode-du-service-international\/#breadcrumb\",\"itemListElement\":[{\"@type\":\"ListItem\",\"position\":1,\"name\":\"Accueil\",\"item\":\"https:\/\/footdavant.fr\/actualites\/\"},{\"@type\":\"ListItem\",\"position\":2,\"name\":\"Piero Hincapie rejoint Arsenal en exode du service international\"}]},{\"@type\":\"WebSite\",\"@id\":\"https:\/\/footdavant.fr\/actualites\/#website\",\"url\":\"https:\/\/footdavant.fr\/actualites\/\",\"name\":\"Foot d'avant\",\"description\":\"\",\"publisher\":{\"@id\":\"https:\/\/footdavant.fr\/actualites\/#organization\"},\"potentialAction\":[{\"@type\":\"SearchAction\",\"target\":{\"@type\":\"EntryPoint\",\"urlTemplate\":\"https:\/\/footdavant.fr\/actualites\/?s={search_term_string}\"},\"query-input\":\"required name=search_term_string\"}],\"inLanguage\":\"fr-FR\"},{\"@type\":\"Organization\",\"@id\":\"https:\/\/footdavant.fr\/actualites\/#organization\",\"name\":\"Foot d'avant\",\"url\":\"https:\/\/footdavant.fr\/actualites\/\",\"logo\":{\"@type\":\"ImageObject\",\"inLanguage\":\"fr-FR\",\"@id\":\"https:\/\/footdavant.fr\/actualites\/#\/schema\/logo\/image\/\",\"url\":\"https:\/\/footdavant.fr\/actualites\/wp-content\/uploads\/2023\/09\/Copy-of-FootDavant-Logo.png\",\"contentUrl\":\"https:\/\/footdavant.fr\/actualites\/wp-content\/uploads\/2023\/09\/Copy-of-FootDavant-Logo.png\",\"width\":936,\"height\":549,\"caption\":\"Foot d'avant\"},\"image\":{\"@id\":\"https:\/\/footdavant.fr\/actualites\/#\/schema\/logo\/image\/\"},\"sameAs\":[\"https:\/\/www.facebook.com\/Footdavant\/\",\"https:\/\/twitter.com\/FootdavantFr\",\"https:\/\/www.instagram.com\/footdavant.fr\/\"]},{\"@type\":\"Person\",\"@id\":\"https:\/\/footdavant.fr\/actualites\/#\/schema\/person\/bc222566d95871b37e597b3ed3ba5e1d\",\"name\":\"Cl\u00e9ment\",\"image\":{\"@type\":\"ImageObject\",\"inLanguage\":\"fr-FR\",\"@id\":\"https:\/\/footdavant.fr\/actualites\/#\/schema\/person\/image\/\",\"url\":\"https:\/\/secure.gravatar.com\/avatar\/7728b29aac2719421e1a9159b2254c44?s=96&d=mm&r=g\",\"contentUrl\":\"https:\/\/secure.gravatar.com\/avatar\/7728b29aac2719421e1a9159b2254c44?s=96&d=mm&r=g\",\"caption\":\"Cl\u00e9ment\"},\"sameAs\":[\"https:\/\/footdavant.fr\/\"]}]}<\/script>\n<!-- \/ Yoast SEO plugin. -->","yoast_head_json":{"title":"Piero Hincapie rejoint Arsenal en exode du service international","robots":{"index":"index","follow":"follow","max-snippet":"max-snippet:-1","max-image-preview":"max-image-preview:large","max-video-preview":"max-video-preview:-1"},"canonical":"https:\/\/footdavant.fr\/actualites\/piero-hincapie-rejoint-arsenal-en-exode-du-service-international\/","og_locale":"fr_FR","og_type":"article","og_title":"Piero Hincapie rejoint Arsenal en exode du service international","og_description":"Il est le neuvi\u00e8me joueur d&#39;Arsenal \u00e0 se retirer. Le d\u00e9fenseur d&#39;Arsenal Piero Hincapie est devenu le dernier joueur des Gunners \u00e0 se retirer de","og_url":"https:\/\/footdavant.fr\/actualites\/piero-hincapie-rejoint-arsenal-en-exode-du-service-international\/","og_site_name":"Foot d&#039;avant","article_publisher":"https:\/\/www.facebook.com\/Footdavant\/","article_published_time":"2026-03-29T14:48:13+00:00","article_modified_time":"2026-03-29T14:48:15+00:00","og_image":[{"width":1200,"height":800,"url":"https:\/\/footdavant.fr\/actualites\/wp-content\/uploads\/2026\/01\/Arsenal-est-passe-a-un-autre-niveau-lors-de-la.jpg","type":"image\/jpeg"}],"author":"Cl\u00e9ment","twitter_card":"summary_large_image","twitter_creator":"@FootdavantFr","twitter_site":"@FootdavantFr","twitter_misc":{"\u00c9crit par":"Cl\u00e9ment","Dur\u00e9e de lecture estim\u00e9e":"3 minutes"},"schema":{"@context":"https:\/\/schema.org","@graph":[{"@type":"Article","@id":"https:\/\/footdavant.fr\/actualites\/piero-hincapie-rejoint-arsenal-en-exode-du-service-international\/#article","isPartOf":{"@id":"https:\/\/footdavant.fr\/actualites\/piero-hincapie-rejoint-arsenal-en-exode-du-service-international\/"},"author":{"name":"Cl\u00e9ment","@id":"https:\/\/footdavant.fr\/actualites\/#\/schema\/person\/bc222566d95871b37e597b3ed3ba5e1d"},"headline":"Piero Hincapie rejoint Arsenal en exode du service international","datePublished":"2026-03-29T14:48:13+00:00","dateModified":"2026-03-29T14:48:15+00:00","mainEntityOfPage":{"@id":"https:\/\/footdavant.fr\/actualites\/piero-hincapie-rejoint-arsenal-en-exode-du-service-international\/"},"wordCount":572,"publisher":{"@id":"https:\/\/footdavant.fr\/actualites\/#organization"},"keywords":["Arsenal","exode","Hincapie","international","Piero","rejoint","service"],"articleSection":["Football"],"inLanguage":"fr-FR"},{"@type":"WebPage","@id":"https:\/\/footdavant.fr\/actualites\/piero-hincapie-rejoint-arsenal-en-exode-du-service-international\/","url":"https:\/\/footdavant.fr\/actualites\/piero-hincapie-rejoint-arsenal-en-exode-du-service-international\/","name":"Piero Hincapie rejoint Arsenal en exode du service international","isPartOf":{"@id":"https:\/\/footdavant.fr\/actualites\/#website"},"datePublished":"2026-03-29T14:48:13+00:00","dateModified":"2026-03-29T14:48:15+00:00","breadcrumb":{"@id":"https:\/\/footdavant.fr\/actualites\/piero-hincapie-rejoint-arsenal-en-exode-du-service-international\/#breadcrumb"},"inLanguage":"fr-FR","potentialAction":[{"@type":"ReadAction","target":["https:\/\/footdavant.fr\/actualites\/piero-hincapie-rejoint-arsenal-en-exode-du-service-international\/"]}]},{"@type":"BreadcrumbList","@id":"https:\/\/footdavant.fr\/actualites\/piero-hincapie-rejoint-arsenal-en-exode-du-service-international\/#breadcrumb","itemListElement":[{"@type":"ListItem","position":1,"name":"Accueil","item":"https:\/\/footdavant.fr\/actualites\/"},{"@type":"ListItem","position":2,"name":"Piero Hincapie rejoint Arsenal en exode du service international"}]},{"@type":"WebSite","@id":"https:\/\/footdavant.fr\/actualites\/#website","url":"https:\/\/footdavant.fr\/actualites\/","name":"Foot d'avant","description":"","publisher":{"@id":"https:\/\/footdavant.fr\/actualites\/#organization"},"potentialAction":[{"@type":"SearchAction","target":{"@type":"EntryPoint","urlTemplate":"https:\/\/footdavant.fr\/actualites\/?s={search_term_string}"},"query-input":"required name=search_term_string"}],"inLanguage":"fr-FR"},{"@type":"Organization","@id":"https:\/\/footdavant.fr\/actualites\/#organization","name":"Foot d'avant","url":"https:\/\/footdavant.fr\/actualites\/","logo":{"@type":"ImageObject","inLanguage":"fr-FR","@id":"https:\/\/footdavant.fr\/actualites\/#\/schema\/logo\/image\/","url":"https:\/\/footdavant.fr\/actualites\/wp-content\/uploads\/2023\/09\/Copy-of-FootDavant-Logo.png","contentUrl":"https:\/\/footdavant.fr\/actualites\/wp-content\/uploads\/2023\/09\/Copy-of-FootDavant-Logo.png","width":936,"height":549,"caption":"Foot d'avant"},"image":{"@id":"https:\/\/footdavant.fr\/actualites\/#\/schema\/logo\/image\/"},"sameAs":["https:\/\/www.facebook.com\/Footdavant\/","https:\/\/twitter.com\/FootdavantFr","https:\/\/www.instagram.com\/footdavant.fr\/"]},{"@type":"Person","@id":"https:\/\/footdavant.fr\/actualites\/#\/schema\/person\/bc222566d95871b37e597b3ed3ba5e1d","name":"Cl\u00e9ment","image":{"@type":"ImageObject","inLanguage":"fr-FR","@id":"https:\/\/footdavant.fr\/actualites\/#\/schema\/person\/image\/","url":"https:\/\/secure.gravatar.com\/avatar\/7728b29aac2719421e1a9159b2254c44?s=96&d=mm&r=g","contentUrl":"https:\/\/secure.gravatar.com\/avatar\/7728b29aac2719421e1a9159b2254c44?s=96&d=mm&r=g","caption":"Cl\u00e9ment"},"sameAs":["https:\/\/footdavant.fr\/"]}]}},"_links":{"self":[{"href":"https:\/\/footdavant.fr\/actualites\/wp-json\/wp\/v2\/posts\/35914"}],"collection":[{"href":"https:\/\/footdavant.fr\/actualites\/wp-json\/wp\/v2\/posts"}],"about":[{"href":"https:\/\/footdavant.fr\/actualites\/wp-json\/wp\/v2\/types\/post"}],"author":[{"embeddable":true,"href":"https:\/\/footdavant.fr\/actualites\/wp-json\/wp\/v2\/users\/1"}],"replies":[{"embeddable":true,"href":"https:\/\/footdavant.fr\/actualites\/wp-json\/wp\/v2\/comments?post=35914"}],"version-history":[{"count":1,"href":"https:\/\/footdavant.fr\/actualites\/wp-json\/wp\/v2\/posts\/35914\/revisions"}],"predecessor-version":[{"id":35915,"href":"https:\/\/footdavant.fr\/actualites\/wp-json\/wp\/v2\/posts\/35914\/revisions\/35915"}],"wp:featuredmedia":[{"embeddable":true,"href":"https:\/\/footdavant.fr\/actualites\/wp-json\/wp\/v2\/media\/33653"}],"wp:attachment":[{"href":"https:\/\/footdavant.fr\/actualites\/wp-json\/wp\/v2\/media?parent=35914"}],"wp:term":[{"taxonomy":"category","embeddable":true,"href":"https:\/\/footdavant.fr\/actualites\/wp-json\/wp\/v2\/categories?post=35914"},{"taxonomy":"post_tag","embeddable":true,"href":"https:\/\/footdavant.fr\/actualites\/wp-json\/wp\/v2\/tags?post=35914"}],"curies":[{"name":"wp","href":"https:\/\/api.w.org\/{rel}","templated":true}]}}