{"id":35916,"date":"2026-03-29T18:48:07","date_gmt":"2026-03-29T16:48:07","guid":{"rendered":"https:\/\/footdavant.fr\/actualites\/avenir-de-michael-carrick-un-responsable-de-man-utd-affirme-que-le-patron-par-interim-devrait-etre-directement-dans-le-mix-pour-le-poste-de-manager-permanent\/"},"modified":"2026-03-29T18:48:10","modified_gmt":"2026-03-29T16:48:10","slug":"avenir-de-michael-carrick-un-responsable-de-man-utd-affirme-que-le-patron-par-interim-devrait-etre-directement-dans-le-mix-pour-le-poste-de-manager-permanent","status":"publish","type":"post","link":"https:\/\/footdavant.fr\/actualites\/avenir-de-michael-carrick-un-responsable-de-man-utd-affirme-que-le-patron-par-interim-devrait-etre-directement-dans-le-mix-pour-le-poste-de-manager-permanent\/","title":{"rendered":"Avenir de Michael Carrick : un responsable de Man Utd affirme que le patron par int\u00e9rim devrait \u00eatre \u00ab directement dans le mix \u00bb pour le poste de manager permanent"},"content":{"rendered":"<div itemprop=\"articleBody\">\n<p style=\"margin-bottom:11px\">Le d\u00e9fenseur de Manchester United, Harry Maguire, estime que l&#39;actuel entra\u00eeneur par int\u00e9rim Michael Carrick devrait \u00eatre \u00ab\u00a0parfait\u00a0\u00bb pour le poste permanent \u00e0 Old Trafford.<\/p>\n<p>Depuis qu&#39;il a remplac\u00e9 Ruben Amorim en janvier, Carrick a supervis\u00e9 une r\u00e9surgence impressionnante \u00e0 Man United, le club \u00e9tant en position de force pour garantir le football de la Ligue des champions pour la saison prochaine.<\/p>\n<p>Les Red Devils \u00e9taient sixi\u00e8mes du classement de la Premier League lorsque Carrick est arriv\u00e9 au club, mais ils ont depuis grimp\u00e9 \u00e0 la troisi\u00e8me place apr\u00e8s une s\u00e9rie de sept victoires en 10 matches de championnat, avec six points d&#39;avance sur Liverpool cinqui\u00e8me.<\/p>\n<p>Carrick a \u00e9t\u00e9 initialement nomm\u00e9 avec un contrat jusqu&#39;\u00e0 la fin de la saison, Man United devant rechercher d&#39;autres noms pour le poste permanent \u00e0 Old Trafford.<\/p>\n<p>Des rapports plus t\u00f4t ce mois-ci affirmaient que Man United avait dress\u00e9 une liste restreinte de cinq hommes de managers cibles \u00e0 long terme, dont Unai Emery d&#39;Aston Villa, Andoni Iraola de Bournemouth et le patron de Crystal Palace, Oliver Glasner, qui va bient\u00f4t partir.<\/p>\n<p>Cependant, il est entendu que les Diables Rouges n&#39;ont encore pris contact avec aucun de ces noms, le directeur du football Jason Wilcox et le directeur g\u00e9n\u00e9ral Omar Berrada souhaitant garder leurs options ouvertes tout en effectuant une diligence raisonnable approfondie sur leurs cibles pr\u00e9f\u00e9r\u00e9es.<\/p>\n<div>\n<div>\n<div>\n<div>\n<p>\u00a9 Imago \/ APL<\/p>\n<\/div>\n<\/div>\n<\/div>\n<\/div>\n<h2>Maguire soutient Carrick comme un candidat s\u00e9rieux pour un poste permanent \u00e0 Man Utd<\/h2>\n<p>Carrick est depuis devenu le favori des bookmakers pour occuper ce poste de mani\u00e8re permanente, et Maguire \u2013 un habitu\u00e9 de la premi\u00e8re \u00e9quipe sous Carrick ces derniers mois \u2013 estime que le joueur de 44 ans m\u00e9ritait d&#39;\u00eatre en lice.<\/p>\n<p>Comme cit\u00e9 par <em>Actualit\u00e9s Sky Sports<\/em>Maguire a d\u00e9clar\u00e9 : \u00ab Nous devons terminer en force et je pense que (Carrick) devrait se m\u00ealer aux autres candidats (pour le poste permanent) et laisser le processus commencer.<\/p>\n<p>\u00ab\u00a0Je suis s\u00fbr que cela fera l&#39;affaire et je suis s\u00fbr que ce sera un processus minutieux. Ce sera un grand \u00e9t\u00e9. Nous avons besoin de corps, de corps pour aider l&#39;\u00e9quipe. Nous le savons.<\/p>\n<p>\u00ab\u00a0Nous avons besoin d&#39;am\u00e9liorations dans l&#39;\u00e9quipe. Cela va \u00eatre un gros recrutement au sein du d\u00e9partement de direction et je suis s\u00fbr que la hi\u00e9rarchie y parviendra.\u00a0\u00bb<\/p>\n<p>Les commentaires de Maguire interviennent quelques semaines apr\u00e8s que le copropri\u00e9taire Sir Jim Ratcliffe ait f\u00e9licit\u00e9 Carrick pour son \u00ab excellent \u00bb impact \u00e0 Old Trafford, mais il a refus\u00e9 de dire s&#39;il deviendrait le patron permanent.<\/p>\n<p>Man United devrait prendre une d\u00e9cision finale sur l&#39;avenir de Carrick \u00e0 la fin de la saison, les Red Devils ayant encore besoin de remporter quelques victoires suppl\u00e9mentaires pour consolider leur place dans le top quatre et assurer le football de la Ligue des champions.<\/p>\n<p>Pendant ce temps, Maguire lui-m\u00eame a offert une nouvelle mise \u00e0 jour sur la situation de son contrat \u00e0 Man United, son contrat actuel devant expirer \u00e0 la fin de la saison.<\/p>\n<\/div>\n","protected":false},"excerpt":{"rendered":"<p>Le d\u00e9fenseur de Manchester United, Harry Maguire, estime que l&#39;actuel entra\u00eeneur par int\u00e9rim Michael Carrick devrait \u00eatre \u00ab\u00a0parfait\u00a0\u00bb pour le poste permanent \u00e0 Old Trafford.<\/p>\n","protected":false},"author":1,"featured_media":35917,"comment_status":"closed","ping_status":"","sticky":false,"template":"","format":"standard","meta":{"footnotes":""},"categories":[5],"tags":[1115,2212,5200,19,757,2538,270,6943,24,504,1105,10860,75,231,2230,140,51,1829,296],"yoast_head":"<!-- This site is optimized with the Yoast SEO plugin v21.0 - https:\/\/yoast.com\/wordpress\/plugins\/seo\/ -->\n<title>Avenir de Michael Carrick : un responsable de Man Utd affirme que le patron par int\u00e9rim devrait \u00eatre \u00ab directement dans le mix \u00bb pour le poste de manager permanent<\/title>\n<meta name=\"robots\" content=\"index, follow, max-snippet:-1, max-image-preview:large, max-video-preview:-1\" \/>\n<link rel=\"canonical\" href=\"https:\/\/footdavant.fr\/actualites\/avenir-de-michael-carrick-un-responsable-de-man-utd-affirme-que-le-patron-par-interim-devrait-etre-directement-dans-le-mix-pour-le-poste-de-manager-permanent\/\" \/>\n<meta property=\"og:locale\" content=\"fr_FR\" \/>\n<meta property=\"og:type\" content=\"article\" \/>\n<meta property=\"og:title\" content=\"Avenir de Michael Carrick : un responsable de Man Utd affirme que le patron par int\u00e9rim devrait \u00eatre \u00ab directement dans le mix \u00bb pour le poste de manager permanent\" \/>\n<meta property=\"og:description\" content=\"Le d\u00e9fenseur de Manchester United, Harry Maguire, estime que l&#039;actuel entra\u00eeneur par int\u00e9rim Michael Carrick devrait \u00eatre \u00ab\u00a0parfait\u00a0\u00bb pour le poste permanent \u00e0 Old Trafford.\" \/>\n<meta property=\"og:url\" content=\"https:\/\/footdavant.fr\/actualites\/avenir-de-michael-carrick-un-responsable-de-man-utd-affirme-que-le-patron-par-interim-devrait-etre-directement-dans-le-mix-pour-le-poste-de-manager-permanent\/\" \/>\n<meta property=\"og:site_name\" content=\"Foot d&#039;avant\" \/>\n<meta property=\"article:publisher\" content=\"https:\/\/www.facebook.com\/Footdavant\/\" \/>\n<meta property=\"article:published_time\" content=\"2026-03-29T16:48:07+00:00\" \/>\n<meta property=\"article:modified_time\" content=\"2026-03-29T16:48:10+00:00\" \/>\n<meta property=\"og:image\" content=\"https:\/\/footdavant.fr\/actualites\/wp-content\/uploads\/2026\/03\/Avenir-de-Michael-Carrick-un-responsable-de-Man-Utd.net2Fuploads2F20262F032Farne-slot-mo-sal.webp\" \/>\n\t<meta property=\"og:image:width\" content=\"720\" \/>\n\t<meta property=\"og:image:height\" content=\"410\" \/>\n\t<meta property=\"og:image:type\" content=\"image\/webp\" \/>\n<meta name=\"author\" content=\"Cl\u00e9ment\" \/>\n<meta name=\"twitter:card\" content=\"summary_large_image\" \/>\n<meta name=\"twitter:creator\" content=\"@FootdavantFr\" \/>\n<meta name=\"twitter:site\" content=\"@FootdavantFr\" \/>\n<meta name=\"twitter:label1\" content=\"\u00c9crit par\" \/>\n\t<meta name=\"twitter:data1\" content=\"Cl\u00e9ment\" \/>\n\t<meta name=\"twitter:label2\" content=\"Dur\u00e9e de lecture estim\u00e9e\" \/>\n\t<meta name=\"twitter:data2\" content=\"3 minutes\" \/>\n<script type=\"application\/ld+json\" class=\"yoast-schema-graph\">{\"@context\":\"https:\/\/schema.org\",\"@graph\":[{\"@type\":\"Article\",\"@id\":\"https:\/\/footdavant.fr\/actualites\/avenir-de-michael-carrick-un-responsable-de-man-utd-affirme-que-le-patron-par-interim-devrait-etre-directement-dans-le-mix-pour-le-poste-de-manager-permanent\/#article\",\"isPartOf\":{\"@id\":\"https:\/\/footdavant.fr\/actualites\/avenir-de-michael-carrick-un-responsable-de-man-utd-affirme-que-le-patron-par-interim-devrait-etre-directement-dans-le-mix-pour-le-poste-de-manager-permanent\/\"},\"author\":{\"name\":\"Cl\u00e9ment\",\"@id\":\"https:\/\/footdavant.fr\/actualites\/#\/schema\/person\/bc222566d95871b37e597b3ed3ba5e1d\"},\"headline\":\"Avenir de Michael Carrick : un responsable de Man Utd affirme que le patron par int\u00e9rim devrait \u00eatre \u00ab directement dans le mix \u00bb pour le poste de manager permanent\",\"datePublished\":\"2026-03-29T16:48:07+00:00\",\"dateModified\":\"2026-03-29T16:48:10+00:00\",\"mainEntityOfPage\":{\"@id\":\"https:\/\/footdavant.fr\/actualites\/avenir-de-michael-carrick-un-responsable-de-man-utd-affirme-que-le-patron-par-interim-devrait-etre-directement-dans-le-mix-pour-le-poste-de-manager-permanent\/\"},\"wordCount\":548,\"publisher\":{\"@id\":\"https:\/\/footdavant.fr\/actualites\/#organization\"},\"keywords\":[\"affirme\",\"avenir\",\"Carrick\",\"dans\",\"devrait\",\"directement\",\"\u00eatre\",\"int\u00e9rim\",\"Man\",\"manager\",\"Michael\",\"mix\",\"par\",\"patron\",\"permanent\",\"poste\",\"pour\",\"responsable\",\"Utd\"],\"articleSection\":[\"Premier League\"],\"inLanguage\":\"fr-FR\"},{\"@type\":\"WebPage\",\"@id\":\"https:\/\/footdavant.fr\/actualites\/avenir-de-michael-carrick-un-responsable-de-man-utd-affirme-que-le-patron-par-interim-devrait-etre-directement-dans-le-mix-pour-le-poste-de-manager-permanent\/\",\"url\":\"https:\/\/footdavant.fr\/actualites\/avenir-de-michael-carrick-un-responsable-de-man-utd-affirme-que-le-patron-par-interim-devrait-etre-directement-dans-le-mix-pour-le-poste-de-manager-permanent\/\",\"name\":\"Avenir de Michael Carrick : un responsable de Man Utd affirme que le patron par int\u00e9rim devrait \u00eatre \u00ab directement dans le mix \u00bb pour le poste de manager permanent\",\"isPartOf\":{\"@id\":\"https:\/\/footdavant.fr\/actualites\/#website\"},\"datePublished\":\"2026-03-29T16:48:07+00:00\",\"dateModified\":\"2026-03-29T16:48:10+00:00\",\"breadcrumb\":{\"@id\":\"https:\/\/footdavant.fr\/actualites\/avenir-de-michael-carrick-un-responsable-de-man-utd-affirme-que-le-patron-par-interim-devrait-etre-directement-dans-le-mix-pour-le-poste-de-manager-permanent\/#breadcrumb\"},\"inLanguage\":\"fr-FR\",\"potentialAction\":[{\"@type\":\"ReadAction\",\"target\":[\"https:\/\/footdavant.fr\/actualites\/avenir-de-michael-carrick-un-responsable-de-man-utd-affirme-que-le-patron-par-interim-devrait-etre-directement-dans-le-mix-pour-le-poste-de-manager-permanent\/\"]}]},{\"@type\":\"BreadcrumbList\",\"@id\":\"https:\/\/footdavant.fr\/actualites\/avenir-de-michael-carrick-un-responsable-de-man-utd-affirme-que-le-patron-par-interim-devrait-etre-directement-dans-le-mix-pour-le-poste-de-manager-permanent\/#breadcrumb\",\"itemListElement\":[{\"@type\":\"ListItem\",\"position\":1,\"name\":\"Accueil\",\"item\":\"https:\/\/footdavant.fr\/actualites\/\"},{\"@type\":\"ListItem\",\"position\":2,\"name\":\"Avenir de Michael Carrick : un responsable de Man Utd affirme que le patron par int\u00e9rim devrait \u00eatre \u00ab directement dans le mix \u00bb pour le poste de manager permanent\"}]},{\"@type\":\"WebSite\",\"@id\":\"https:\/\/footdavant.fr\/actualites\/#website\",\"url\":\"https:\/\/footdavant.fr\/actualites\/\",\"name\":\"Foot d'avant\",\"description\":\"\",\"publisher\":{\"@id\":\"https:\/\/footdavant.fr\/actualites\/#organization\"},\"potentialAction\":[{\"@type\":\"SearchAction\",\"target\":{\"@type\":\"EntryPoint\",\"urlTemplate\":\"https:\/\/footdavant.fr\/actualites\/?s={search_term_string}\"},\"query-input\":\"required name=search_term_string\"}],\"inLanguage\":\"fr-FR\"},{\"@type\":\"Organization\",\"@id\":\"https:\/\/footdavant.fr\/actualites\/#organization\",\"name\":\"Foot d'avant\",\"url\":\"https:\/\/footdavant.fr\/actualites\/\",\"logo\":{\"@type\":\"ImageObject\",\"inLanguage\":\"fr-FR\",\"@id\":\"https:\/\/footdavant.fr\/actualites\/#\/schema\/logo\/image\/\",\"url\":\"https:\/\/footdavant.fr\/actualites\/wp-content\/uploads\/2023\/09\/Copy-of-FootDavant-Logo.png\",\"contentUrl\":\"https:\/\/footdavant.fr\/actualites\/wp-content\/uploads\/2023\/09\/Copy-of-FootDavant-Logo.png\",\"width\":936,\"height\":549,\"caption\":\"Foot d'avant\"},\"image\":{\"@id\":\"https:\/\/footdavant.fr\/actualites\/#\/schema\/logo\/image\/\"},\"sameAs\":[\"https:\/\/www.facebook.com\/Footdavant\/\",\"https:\/\/twitter.com\/FootdavantFr\",\"https:\/\/www.instagram.com\/footdavant.fr\/\"]},{\"@type\":\"Person\",\"@id\":\"https:\/\/footdavant.fr\/actualites\/#\/schema\/person\/bc222566d95871b37e597b3ed3ba5e1d\",\"name\":\"Cl\u00e9ment\",\"image\":{\"@type\":\"ImageObject\",\"inLanguage\":\"fr-FR\",\"@id\":\"https:\/\/footdavant.fr\/actualites\/#\/schema\/person\/image\/\",\"url\":\"https:\/\/secure.gravatar.com\/avatar\/7728b29aac2719421e1a9159b2254c44?s=96&d=mm&r=g\",\"contentUrl\":\"https:\/\/secure.gravatar.com\/avatar\/7728b29aac2719421e1a9159b2254c44?s=96&d=mm&r=g\",\"caption\":\"Cl\u00e9ment\"},\"sameAs\":[\"https:\/\/footdavant.fr\/\"]}]}<\/script>\n<!-- \/ Yoast SEO plugin. -->","yoast_head_json":{"title":"Avenir de Michael Carrick : un responsable de Man Utd affirme que le patron par int\u00e9rim devrait \u00eatre \u00ab directement dans le mix \u00bb pour le poste de manager permanent","robots":{"index":"index","follow":"follow","max-snippet":"max-snippet:-1","max-image-preview":"max-image-preview:large","max-video-preview":"max-video-preview:-1"},"canonical":"https:\/\/footdavant.fr\/actualites\/avenir-de-michael-carrick-un-responsable-de-man-utd-affirme-que-le-patron-par-interim-devrait-etre-directement-dans-le-mix-pour-le-poste-de-manager-permanent\/","og_locale":"fr_FR","og_type":"article","og_title":"Avenir de Michael Carrick : un responsable de Man Utd affirme que le patron par int\u00e9rim devrait \u00eatre \u00ab directement dans le mix \u00bb pour le poste de manager permanent","og_description":"Le d\u00e9fenseur de Manchester United, Harry Maguire, estime que l&#39;actuel entra\u00eeneur par int\u00e9rim Michael Carrick devrait \u00eatre \u00ab\u00a0parfait\u00a0\u00bb pour le poste permanent \u00e0 Old Trafford.","og_url":"https:\/\/footdavant.fr\/actualites\/avenir-de-michael-carrick-un-responsable-de-man-utd-affirme-que-le-patron-par-interim-devrait-etre-directement-dans-le-mix-pour-le-poste-de-manager-permanent\/","og_site_name":"Foot d&#039;avant","article_publisher":"https:\/\/www.facebook.com\/Footdavant\/","article_published_time":"2026-03-29T16:48:07+00:00","article_modified_time":"2026-03-29T16:48:10+00:00","og_image":[{"width":720,"height":410,"url":"https:\/\/footdavant.fr\/actualites\/wp-content\/uploads\/2026\/03\/Avenir-de-Michael-Carrick-un-responsable-de-Man-Utd.net2Fuploads2F20262F032Farne-slot-mo-sal.webp","type":"image\/webp"}],"author":"Cl\u00e9ment","twitter_card":"summary_large_image","twitter_creator":"@FootdavantFr","twitter_site":"@FootdavantFr","twitter_misc":{"\u00c9crit par":"Cl\u00e9ment","Dur\u00e9e de lecture estim\u00e9e":"3 minutes"},"schema":{"@context":"https:\/\/schema.org","@graph":[{"@type":"Article","@id":"https:\/\/footdavant.fr\/actualites\/avenir-de-michael-carrick-un-responsable-de-man-utd-affirme-que-le-patron-par-interim-devrait-etre-directement-dans-le-mix-pour-le-poste-de-manager-permanent\/#article","isPartOf":{"@id":"https:\/\/footdavant.fr\/actualites\/avenir-de-michael-carrick-un-responsable-de-man-utd-affirme-que-le-patron-par-interim-devrait-etre-directement-dans-le-mix-pour-le-poste-de-manager-permanent\/"},"author":{"name":"Cl\u00e9ment","@id":"https:\/\/footdavant.fr\/actualites\/#\/schema\/person\/bc222566d95871b37e597b3ed3ba5e1d"},"headline":"Avenir de Michael Carrick : un responsable de Man Utd affirme que le patron par int\u00e9rim devrait \u00eatre \u00ab directement dans le mix \u00bb pour le poste de manager permanent","datePublished":"2026-03-29T16:48:07+00:00","dateModified":"2026-03-29T16:48:10+00:00","mainEntityOfPage":{"@id":"https:\/\/footdavant.fr\/actualites\/avenir-de-michael-carrick-un-responsable-de-man-utd-affirme-que-le-patron-par-interim-devrait-etre-directement-dans-le-mix-pour-le-poste-de-manager-permanent\/"},"wordCount":548,"publisher":{"@id":"https:\/\/footdavant.fr\/actualites\/#organization"},"keywords":["affirme","avenir","Carrick","dans","devrait","directement","\u00eatre","int\u00e9rim","Man","manager","Michael","mix","par","patron","permanent","poste","pour","responsable","Utd"],"articleSection":["Premier League"],"inLanguage":"fr-FR"},{"@type":"WebPage","@id":"https:\/\/footdavant.fr\/actualites\/avenir-de-michael-carrick-un-responsable-de-man-utd-affirme-que-le-patron-par-interim-devrait-etre-directement-dans-le-mix-pour-le-poste-de-manager-permanent\/","url":"https:\/\/footdavant.fr\/actualites\/avenir-de-michael-carrick-un-responsable-de-man-utd-affirme-que-le-patron-par-interim-devrait-etre-directement-dans-le-mix-pour-le-poste-de-manager-permanent\/","name":"Avenir de Michael Carrick : un responsable de Man Utd affirme que le patron par int\u00e9rim devrait \u00eatre \u00ab directement dans le mix \u00bb pour le poste de manager permanent","isPartOf":{"@id":"https:\/\/footdavant.fr\/actualites\/#website"},"datePublished":"2026-03-29T16:48:07+00:00","dateModified":"2026-03-29T16:48:10+00:00","breadcrumb":{"@id":"https:\/\/footdavant.fr\/actualites\/avenir-de-michael-carrick-un-responsable-de-man-utd-affirme-que-le-patron-par-interim-devrait-etre-directement-dans-le-mix-pour-le-poste-de-manager-permanent\/#breadcrumb"},"inLanguage":"fr-FR","potentialAction":[{"@type":"ReadAction","target":["https:\/\/footdavant.fr\/actualites\/avenir-de-michael-carrick-un-responsable-de-man-utd-affirme-que-le-patron-par-interim-devrait-etre-directement-dans-le-mix-pour-le-poste-de-manager-permanent\/"]}]},{"@type":"BreadcrumbList","@id":"https:\/\/footdavant.fr\/actualites\/avenir-de-michael-carrick-un-responsable-de-man-utd-affirme-que-le-patron-par-interim-devrait-etre-directement-dans-le-mix-pour-le-poste-de-manager-permanent\/#breadcrumb","itemListElement":[{"@type":"ListItem","position":1,"name":"Accueil","item":"https:\/\/footdavant.fr\/actualites\/"},{"@type":"ListItem","position":2,"name":"Avenir de Michael Carrick : un responsable de Man Utd affirme que le patron par int\u00e9rim devrait \u00eatre \u00ab directement dans le mix \u00bb pour le poste de manager permanent"}]},{"@type":"WebSite","@id":"https:\/\/footdavant.fr\/actualites\/#website","url":"https:\/\/footdavant.fr\/actualites\/","name":"Foot d'avant","description":"","publisher":{"@id":"https:\/\/footdavant.fr\/actualites\/#organization"},"potentialAction":[{"@type":"SearchAction","target":{"@type":"EntryPoint","urlTemplate":"https:\/\/footdavant.fr\/actualites\/?s={search_term_string}"},"query-input":"required name=search_term_string"}],"inLanguage":"fr-FR"},{"@type":"Organization","@id":"https:\/\/footdavant.fr\/actualites\/#organization","name":"Foot d'avant","url":"https:\/\/footdavant.fr\/actualites\/","logo":{"@type":"ImageObject","inLanguage":"fr-FR","@id":"https:\/\/footdavant.fr\/actualites\/#\/schema\/logo\/image\/","url":"https:\/\/footdavant.fr\/actualites\/wp-content\/uploads\/2023\/09\/Copy-of-FootDavant-Logo.png","contentUrl":"https:\/\/footdavant.fr\/actualites\/wp-content\/uploads\/2023\/09\/Copy-of-FootDavant-Logo.png","width":936,"height":549,"caption":"Foot d'avant"},"image":{"@id":"https:\/\/footdavant.fr\/actualites\/#\/schema\/logo\/image\/"},"sameAs":["https:\/\/www.facebook.com\/Footdavant\/","https:\/\/twitter.com\/FootdavantFr","https:\/\/www.instagram.com\/footdavant.fr\/"]},{"@type":"Person","@id":"https:\/\/footdavant.fr\/actualites\/#\/schema\/person\/bc222566d95871b37e597b3ed3ba5e1d","name":"Cl\u00e9ment","image":{"@type":"ImageObject","inLanguage":"fr-FR","@id":"https:\/\/footdavant.fr\/actualites\/#\/schema\/person\/image\/","url":"https:\/\/secure.gravatar.com\/avatar\/7728b29aac2719421e1a9159b2254c44?s=96&d=mm&r=g","contentUrl":"https:\/\/secure.gravatar.com\/avatar\/7728b29aac2719421e1a9159b2254c44?s=96&d=mm&r=g","caption":"Cl\u00e9ment"},"sameAs":["https:\/\/footdavant.fr\/"]}]}},"_links":{"self":[{"href":"https:\/\/footdavant.fr\/actualites\/wp-json\/wp\/v2\/posts\/35916"}],"collection":[{"href":"https:\/\/footdavant.fr\/actualites\/wp-json\/wp\/v2\/posts"}],"about":[{"href":"https:\/\/footdavant.fr\/actualites\/wp-json\/wp\/v2\/types\/post"}],"author":[{"embeddable":true,"href":"https:\/\/footdavant.fr\/actualites\/wp-json\/wp\/v2\/users\/1"}],"replies":[{"embeddable":true,"href":"https:\/\/footdavant.fr\/actualites\/wp-json\/wp\/v2\/comments?post=35916"}],"version-history":[{"count":1,"href":"https:\/\/footdavant.fr\/actualites\/wp-json\/wp\/v2\/posts\/35916\/revisions"}],"predecessor-version":[{"id":35918,"href":"https:\/\/footdavant.fr\/actualites\/wp-json\/wp\/v2\/posts\/35916\/revisions\/35918"}],"wp:featuredmedia":[{"embeddable":true,"href":"https:\/\/footdavant.fr\/actualites\/wp-json\/wp\/v2\/media\/35917"}],"wp:attachment":[{"href":"https:\/\/footdavant.fr\/actualites\/wp-json\/wp\/v2\/media?parent=35916"}],"wp:term":[{"taxonomy":"category","embeddable":true,"href":"https:\/\/footdavant.fr\/actualites\/wp-json\/wp\/v2\/categories?post=35916"},{"taxonomy":"post_tag","embeddable":true,"href":"https:\/\/footdavant.fr\/actualites\/wp-json\/wp\/v2\/tags?post=35916"}],"curies":[{"name":"wp","href":"https:\/\/api.w.org\/{rel}","templated":true}]}}