{"id":35922,"date":"2026-03-29T22:48:10","date_gmt":"2026-03-29T20:48:10","guid":{"rendered":"https:\/\/footdavant.fr\/actualites\/nouvelles-des-transferts-de-leeds-united-le-milieu-de-terrain-des-blancs-recherche-par-le-trio-de-bundesliga-avant-la-fenetre-estivale\/"},"modified":"2026-03-29T22:48:12","modified_gmt":"2026-03-29T20:48:12","slug":"nouvelles-des-transferts-de-leeds-united-le-milieu-de-terrain-des-blancs-recherche-par-le-trio-de-bundesliga-avant-la-fenetre-estivale","status":"publish","type":"post","link":"https:\/\/footdavant.fr\/actualites\/nouvelles-des-transferts-de-leeds-united-le-milieu-de-terrain-des-blancs-recherche-par-le-trio-de-bundesliga-avant-la-fenetre-estivale\/","title":{"rendered":"Nouvelles des transferts de Leeds United : le milieu de terrain des Blancs recherch\u00e9 par le trio de Bundesliga avant la fen\u00eatre estivale ?"},"content":{"rendered":"<div itemprop=\"articleBody\">\n<p>Le milieu de terrain de Leeds United, Ao Tanaka, aurait suscit\u00e9 l&#39;int\u00e9r\u00eat des clubs allemands avant la fen\u00eatre estivale.<\/p>\n<p>Le joueur de 27 ans \u00e9tait une star de l&#39;\u00e9quipe de Daniel Farke lors de la campagne de promotion 2024-25 en Championnat.<\/p>\n<p>Cependant, Tanaka n\u2019a pas r\u00e9ussi \u00e0 continuer \u00e0 jouer un r\u00f4le cl\u00e9 \u00e0 Elland Road, o\u00f9 Leeds s\u2019est mis aux normes de la Premier League.<\/p>\n<p>L&#39;homme de main japonais n&#39;a d\u00e9but\u00e9 que sept comp\u00e9titions de haut niveau en 2025-2026, pour la plupart limit\u00e9es \u00e0 des apparitions en dehors du banc.<\/p>\n<p>Le seul d\u00e9part r\u00e9cent de Tanaka a eu lieu en FA Cup contre Norwich City le 8 mars, alors que l&#39;avenir du milieu de terrain \u00e0 Leeds \u00e9tait cens\u00e9 \u00eatre en jeu.<\/p>\n<div>\n<div>\n<p>\u00a9 Imago<\/p>\n<\/div>\n<\/div>\n<h2>Tanaka, l&#39;homme de Leeds recherch\u00e9 par le trio de Bundesliga ?<\/h2>\n<p>Selon <em>Discussion en \u00e9quipe<\/em>Tanaka, le favori des fans, pourrait sortir par la porte de sortie d&#39;Elland Road cet \u00e9t\u00e9.<\/p>\n<p>Le rapport affirme que trois clubs allemands bien connus souhaitent s&#39;attacher les services de Tanaka.<\/p>\n<p>Il est entendu que le joueur de 27 ans a suscit\u00e9 l&#39;int\u00e9r\u00eat des chasseurs de promotion de Bundesliga 2, Schalke 04 et Hanovre.<\/p>\n<p>En plus du duo de deuxi\u00e8me division, on pense que l&#39;actuel club de Bundesliga, l&#39;Union Berlin, a pr\u00e9sent\u00e9 Tanaka comme une option potentielle.<\/p>\n<p>Leeds ne sait pas s&#39;il doit se s\u00e9parer du milieu de terrain \u00e0 ce stade, le statut de division du club la saison prochaine devant jouer un r\u00f4le majeur dans la d\u00e9cision.<\/p>\n<div>\n<div><img decoding=\"async\" data-img-id=\"149141\" class=\"lazy\" loading=\"lazy\" src=\"https:\/\/footdavant.fr\/actualites\/wp-content\/uploads\/2026\/03\/Nouvelles-des-transferts-de-Leeds-United-le-milieu-de.webp\"\/><\/p>\n<p>\u00a9 Imago<\/p>\n<\/div>\n<\/div>\n<h2>Le conte d&#39;Elland Road de Tanaka<\/h2>\n<p>Arriv\u00e9 de Fortuna D\u00fcsseldorf pour seulement 2,9 millions de livres sterling en ao\u00fbt 2024, Tanaka a \u00e9t\u00e9 un succ\u00e8s instantan\u00e9 \u00e0 un prix avantageux pour Leeds en championnat.<\/p>\n<p>Le joueur de 27 ans a d\u00e9but\u00e9 37 matches avec les Blancos en deuxi\u00e8me division et a remport\u00e9 le titre et la promotion en Premier League.<\/p>\n<p>Cependant, Tanaka est tomb\u00e9 dans l&#39;ordre hi\u00e9rarchique d&#39;Elland Road ces derniers temps, commen\u00e7ant pour la derni\u00e8re fois un match de Premier League le 3 d\u00e9cembre.<\/p>\n<\/p>\n<\/div>\n","protected":false},"excerpt":{"rendered":"<p>Le milieu de terrain de Leeds United, Ao Tanaka, aurait suscit\u00e9 l&#39;int\u00e9r\u00eat des clubs allemands avant la fen\u00eatre estivale. Le joueur de 27 ans \u00e9tait<\/p>\n","protected":false},"author":1,"featured_media":35923,"comment_status":"closed","ping_status":"","sticky":false,"template":"","format":"standard","meta":{"footnotes":""},"categories":[5],"tags":[491,10406,1504,12,2908,2446,121,441,461,75,2348,442,1376,845,13],"yoast_head":"<!-- This site is optimized with the Yoast SEO plugin v21.0 - https:\/\/yoast.com\/wordpress\/plugins\/seo\/ -->\n<title>Nouvelles des transferts de Leeds United : le milieu de terrain des Blancs recherch\u00e9 par le trio de Bundesliga avant la fen\u00eatre estivale ?<\/title>\n<meta name=\"robots\" content=\"index, follow, max-snippet:-1, max-image-preview:large, max-video-preview:-1\" \/>\n<link rel=\"canonical\" href=\"https:\/\/footdavant.fr\/actualites\/nouvelles-des-transferts-de-leeds-united-le-milieu-de-terrain-des-blancs-recherche-par-le-trio-de-bundesliga-avant-la-fenetre-estivale\/\" \/>\n<meta property=\"og:locale\" content=\"fr_FR\" \/>\n<meta property=\"og:type\" content=\"article\" \/>\n<meta property=\"og:title\" content=\"Nouvelles des transferts de Leeds United : le milieu de terrain des Blancs recherch\u00e9 par le trio de Bundesliga avant la fen\u00eatre estivale ?\" \/>\n<meta property=\"og:description\" content=\"Le milieu de terrain de Leeds United, Ao Tanaka, aurait suscit\u00e9 l&#039;int\u00e9r\u00eat des clubs allemands avant la fen\u00eatre estivale. Le joueur de 27 ans \u00e9tait\" \/>\n<meta property=\"og:url\" content=\"https:\/\/footdavant.fr\/actualites\/nouvelles-des-transferts-de-leeds-united-le-milieu-de-terrain-des-blancs-recherche-par-le-trio-de-bundesliga-avant-la-fenetre-estivale\/\" \/>\n<meta property=\"og:site_name\" content=\"Foot d&#039;avant\" \/>\n<meta property=\"article:publisher\" content=\"https:\/\/www.facebook.com\/Footdavant\/\" \/>\n<meta property=\"article:published_time\" content=\"2026-03-29T20:48:10+00:00\" \/>\n<meta property=\"article:modified_time\" content=\"2026-03-29T20:48:12+00:00\" \/>\n<meta property=\"og:image\" content=\"https:\/\/footdavant.fr\/actualites\/wp-content\/uploads\/2026\/03\/Nouvelles-des-transferts-de-Leeds-United-le-milieu-de.net2Fuploads2F20252F122Fao-tanaka-6930b2.webp\" \/>\n\t<meta property=\"og:image:width\" content=\"720\" \/>\n\t<meta property=\"og:image:height\" content=\"410\" \/>\n\t<meta property=\"og:image:type\" content=\"image\/webp\" \/>\n<meta name=\"author\" content=\"Cl\u00e9ment\" \/>\n<meta name=\"twitter:card\" content=\"summary_large_image\" \/>\n<meta name=\"twitter:creator\" content=\"@FootdavantFr\" \/>\n<meta name=\"twitter:site\" content=\"@FootdavantFr\" \/>\n<meta name=\"twitter:label1\" content=\"\u00c9crit par\" \/>\n\t<meta name=\"twitter:data1\" content=\"Cl\u00e9ment\" \/>\n\t<meta name=\"twitter:label2\" content=\"Dur\u00e9e de lecture estim\u00e9e\" \/>\n\t<meta name=\"twitter:data2\" content=\"2 minutes\" \/>\n<script type=\"application\/ld+json\" class=\"yoast-schema-graph\">{\"@context\":\"https:\/\/schema.org\",\"@graph\":[{\"@type\":\"Article\",\"@id\":\"https:\/\/footdavant.fr\/actualites\/nouvelles-des-transferts-de-leeds-united-le-milieu-de-terrain-des-blancs-recherche-par-le-trio-de-bundesliga-avant-la-fenetre-estivale\/#article\",\"isPartOf\":{\"@id\":\"https:\/\/footdavant.fr\/actualites\/nouvelles-des-transferts-de-leeds-united-le-milieu-de-terrain-des-blancs-recherche-par-le-trio-de-bundesliga-avant-la-fenetre-estivale\/\"},\"author\":{\"name\":\"Cl\u00e9ment\",\"@id\":\"https:\/\/footdavant.fr\/actualites\/#\/schema\/person\/bc222566d95871b37e597b3ed3ba5e1d\"},\"headline\":\"Nouvelles des transferts de Leeds United : le milieu de terrain des Blancs recherch\u00e9 par le trio de Bundesliga avant la fen\u00eatre estivale ?\",\"datePublished\":\"2026-03-29T20:48:10+00:00\",\"dateModified\":\"2026-03-29T20:48:12+00:00\",\"mainEntityOfPage\":{\"@id\":\"https:\/\/footdavant.fr\/actualites\/nouvelles-des-transferts-de-leeds-united-le-milieu-de-terrain-des-blancs-recherche-par-le-trio-de-bundesliga-avant-la-fenetre-estivale\/\"},\"wordCount\":381,\"publisher\":{\"@id\":\"https:\/\/footdavant.fr\/actualites\/#organization\"},\"keywords\":[\"avant\",\"Blancs\",\"Bundesliga\",\"des\",\"estivale\",\"fen\u00eatre\",\"Leeds\",\"milieu\",\"Nouvelles\",\"par\",\"recherche\",\"terrain\",\"transferts\",\"trio\",\"United\"],\"articleSection\":[\"Premier League\"],\"inLanguage\":\"fr-FR\"},{\"@type\":\"WebPage\",\"@id\":\"https:\/\/footdavant.fr\/actualites\/nouvelles-des-transferts-de-leeds-united-le-milieu-de-terrain-des-blancs-recherche-par-le-trio-de-bundesliga-avant-la-fenetre-estivale\/\",\"url\":\"https:\/\/footdavant.fr\/actualites\/nouvelles-des-transferts-de-leeds-united-le-milieu-de-terrain-des-blancs-recherche-par-le-trio-de-bundesliga-avant-la-fenetre-estivale\/\",\"name\":\"Nouvelles des transferts de Leeds United : le milieu de terrain des Blancs recherch\u00e9 par le trio de Bundesliga avant la fen\u00eatre estivale ?\",\"isPartOf\":{\"@id\":\"https:\/\/footdavant.fr\/actualites\/#website\"},\"datePublished\":\"2026-03-29T20:48:10+00:00\",\"dateModified\":\"2026-03-29T20:48:12+00:00\",\"breadcrumb\":{\"@id\":\"https:\/\/footdavant.fr\/actualites\/nouvelles-des-transferts-de-leeds-united-le-milieu-de-terrain-des-blancs-recherche-par-le-trio-de-bundesliga-avant-la-fenetre-estivale\/#breadcrumb\"},\"inLanguage\":\"fr-FR\",\"potentialAction\":[{\"@type\":\"ReadAction\",\"target\":[\"https:\/\/footdavant.fr\/actualites\/nouvelles-des-transferts-de-leeds-united-le-milieu-de-terrain-des-blancs-recherche-par-le-trio-de-bundesliga-avant-la-fenetre-estivale\/\"]}]},{\"@type\":\"BreadcrumbList\",\"@id\":\"https:\/\/footdavant.fr\/actualites\/nouvelles-des-transferts-de-leeds-united-le-milieu-de-terrain-des-blancs-recherche-par-le-trio-de-bundesliga-avant-la-fenetre-estivale\/#breadcrumb\",\"itemListElement\":[{\"@type\":\"ListItem\",\"position\":1,\"name\":\"Accueil\",\"item\":\"https:\/\/footdavant.fr\/actualites\/\"},{\"@type\":\"ListItem\",\"position\":2,\"name\":\"Nouvelles des transferts de Leeds United : le milieu de terrain des Blancs recherch\u00e9 par le trio de Bundesliga avant la fen\u00eatre estivale ?\"}]},{\"@type\":\"WebSite\",\"@id\":\"https:\/\/footdavant.fr\/actualites\/#website\",\"url\":\"https:\/\/footdavant.fr\/actualites\/\",\"name\":\"Foot d'avant\",\"description\":\"\",\"publisher\":{\"@id\":\"https:\/\/footdavant.fr\/actualites\/#organization\"},\"potentialAction\":[{\"@type\":\"SearchAction\",\"target\":{\"@type\":\"EntryPoint\",\"urlTemplate\":\"https:\/\/footdavant.fr\/actualites\/?s={search_term_string}\"},\"query-input\":\"required name=search_term_string\"}],\"inLanguage\":\"fr-FR\"},{\"@type\":\"Organization\",\"@id\":\"https:\/\/footdavant.fr\/actualites\/#organization\",\"name\":\"Foot d'avant\",\"url\":\"https:\/\/footdavant.fr\/actualites\/\",\"logo\":{\"@type\":\"ImageObject\",\"inLanguage\":\"fr-FR\",\"@id\":\"https:\/\/footdavant.fr\/actualites\/#\/schema\/logo\/image\/\",\"url\":\"https:\/\/footdavant.fr\/actualites\/wp-content\/uploads\/2023\/09\/Copy-of-FootDavant-Logo.png\",\"contentUrl\":\"https:\/\/footdavant.fr\/actualites\/wp-content\/uploads\/2023\/09\/Copy-of-FootDavant-Logo.png\",\"width\":936,\"height\":549,\"caption\":\"Foot d'avant\"},\"image\":{\"@id\":\"https:\/\/footdavant.fr\/actualites\/#\/schema\/logo\/image\/\"},\"sameAs\":[\"https:\/\/www.facebook.com\/Footdavant\/\",\"https:\/\/twitter.com\/FootdavantFr\",\"https:\/\/www.instagram.com\/footdavant.fr\/\"]},{\"@type\":\"Person\",\"@id\":\"https:\/\/footdavant.fr\/actualites\/#\/schema\/person\/bc222566d95871b37e597b3ed3ba5e1d\",\"name\":\"Cl\u00e9ment\",\"image\":{\"@type\":\"ImageObject\",\"inLanguage\":\"fr-FR\",\"@id\":\"https:\/\/footdavant.fr\/actualites\/#\/schema\/person\/image\/\",\"url\":\"https:\/\/secure.gravatar.com\/avatar\/7728b29aac2719421e1a9159b2254c44?s=96&d=mm&r=g\",\"contentUrl\":\"https:\/\/secure.gravatar.com\/avatar\/7728b29aac2719421e1a9159b2254c44?s=96&d=mm&r=g\",\"caption\":\"Cl\u00e9ment\"},\"sameAs\":[\"https:\/\/footdavant.fr\/\"]}]}<\/script>\n<!-- \/ Yoast SEO plugin. -->","yoast_head_json":{"title":"Nouvelles des transferts de Leeds United : le milieu de terrain des Blancs recherch\u00e9 par le trio de Bundesliga avant la fen\u00eatre estivale ?","robots":{"index":"index","follow":"follow","max-snippet":"max-snippet:-1","max-image-preview":"max-image-preview:large","max-video-preview":"max-video-preview:-1"},"canonical":"https:\/\/footdavant.fr\/actualites\/nouvelles-des-transferts-de-leeds-united-le-milieu-de-terrain-des-blancs-recherche-par-le-trio-de-bundesliga-avant-la-fenetre-estivale\/","og_locale":"fr_FR","og_type":"article","og_title":"Nouvelles des transferts de Leeds United : le milieu de terrain des Blancs recherch\u00e9 par le trio de Bundesliga avant la fen\u00eatre estivale ?","og_description":"Le milieu de terrain de Leeds United, Ao Tanaka, aurait suscit\u00e9 l&#39;int\u00e9r\u00eat des clubs allemands avant la fen\u00eatre estivale. Le joueur de 27 ans \u00e9tait","og_url":"https:\/\/footdavant.fr\/actualites\/nouvelles-des-transferts-de-leeds-united-le-milieu-de-terrain-des-blancs-recherche-par-le-trio-de-bundesliga-avant-la-fenetre-estivale\/","og_site_name":"Foot d&#039;avant","article_publisher":"https:\/\/www.facebook.com\/Footdavant\/","article_published_time":"2026-03-29T20:48:10+00:00","article_modified_time":"2026-03-29T20:48:12+00:00","og_image":[{"width":720,"height":410,"url":"https:\/\/footdavant.fr\/actualites\/wp-content\/uploads\/2026\/03\/Nouvelles-des-transferts-de-Leeds-United-le-milieu-de.net2Fuploads2F20252F122Fao-tanaka-6930b2.webp","type":"image\/webp"}],"author":"Cl\u00e9ment","twitter_card":"summary_large_image","twitter_creator":"@FootdavantFr","twitter_site":"@FootdavantFr","twitter_misc":{"\u00c9crit par":"Cl\u00e9ment","Dur\u00e9e de lecture estim\u00e9e":"2 minutes"},"schema":{"@context":"https:\/\/schema.org","@graph":[{"@type":"Article","@id":"https:\/\/footdavant.fr\/actualites\/nouvelles-des-transferts-de-leeds-united-le-milieu-de-terrain-des-blancs-recherche-par-le-trio-de-bundesliga-avant-la-fenetre-estivale\/#article","isPartOf":{"@id":"https:\/\/footdavant.fr\/actualites\/nouvelles-des-transferts-de-leeds-united-le-milieu-de-terrain-des-blancs-recherche-par-le-trio-de-bundesliga-avant-la-fenetre-estivale\/"},"author":{"name":"Cl\u00e9ment","@id":"https:\/\/footdavant.fr\/actualites\/#\/schema\/person\/bc222566d95871b37e597b3ed3ba5e1d"},"headline":"Nouvelles des transferts de Leeds United : le milieu de terrain des Blancs recherch\u00e9 par le trio de Bundesliga avant la fen\u00eatre estivale ?","datePublished":"2026-03-29T20:48:10+00:00","dateModified":"2026-03-29T20:48:12+00:00","mainEntityOfPage":{"@id":"https:\/\/footdavant.fr\/actualites\/nouvelles-des-transferts-de-leeds-united-le-milieu-de-terrain-des-blancs-recherche-par-le-trio-de-bundesliga-avant-la-fenetre-estivale\/"},"wordCount":381,"publisher":{"@id":"https:\/\/footdavant.fr\/actualites\/#organization"},"keywords":["avant","Blancs","Bundesliga","des","estivale","fen\u00eatre","Leeds","milieu","Nouvelles","par","recherche","terrain","transferts","trio","United"],"articleSection":["Premier League"],"inLanguage":"fr-FR"},{"@type":"WebPage","@id":"https:\/\/footdavant.fr\/actualites\/nouvelles-des-transferts-de-leeds-united-le-milieu-de-terrain-des-blancs-recherche-par-le-trio-de-bundesliga-avant-la-fenetre-estivale\/","url":"https:\/\/footdavant.fr\/actualites\/nouvelles-des-transferts-de-leeds-united-le-milieu-de-terrain-des-blancs-recherche-par-le-trio-de-bundesliga-avant-la-fenetre-estivale\/","name":"Nouvelles des transferts de Leeds United : le milieu de terrain des Blancs recherch\u00e9 par le trio de Bundesliga avant la fen\u00eatre estivale ?","isPartOf":{"@id":"https:\/\/footdavant.fr\/actualites\/#website"},"datePublished":"2026-03-29T20:48:10+00:00","dateModified":"2026-03-29T20:48:12+00:00","breadcrumb":{"@id":"https:\/\/footdavant.fr\/actualites\/nouvelles-des-transferts-de-leeds-united-le-milieu-de-terrain-des-blancs-recherche-par-le-trio-de-bundesliga-avant-la-fenetre-estivale\/#breadcrumb"},"inLanguage":"fr-FR","potentialAction":[{"@type":"ReadAction","target":["https:\/\/footdavant.fr\/actualites\/nouvelles-des-transferts-de-leeds-united-le-milieu-de-terrain-des-blancs-recherche-par-le-trio-de-bundesliga-avant-la-fenetre-estivale\/"]}]},{"@type":"BreadcrumbList","@id":"https:\/\/footdavant.fr\/actualites\/nouvelles-des-transferts-de-leeds-united-le-milieu-de-terrain-des-blancs-recherche-par-le-trio-de-bundesliga-avant-la-fenetre-estivale\/#breadcrumb","itemListElement":[{"@type":"ListItem","position":1,"name":"Accueil","item":"https:\/\/footdavant.fr\/actualites\/"},{"@type":"ListItem","position":2,"name":"Nouvelles des transferts de Leeds United : le milieu de terrain des Blancs recherch\u00e9 par le trio de Bundesliga avant la fen\u00eatre estivale ?"}]},{"@type":"WebSite","@id":"https:\/\/footdavant.fr\/actualites\/#website","url":"https:\/\/footdavant.fr\/actualites\/","name":"Foot d'avant","description":"","publisher":{"@id":"https:\/\/footdavant.fr\/actualites\/#organization"},"potentialAction":[{"@type":"SearchAction","target":{"@type":"EntryPoint","urlTemplate":"https:\/\/footdavant.fr\/actualites\/?s={search_term_string}"},"query-input":"required name=search_term_string"}],"inLanguage":"fr-FR"},{"@type":"Organization","@id":"https:\/\/footdavant.fr\/actualites\/#organization","name":"Foot d'avant","url":"https:\/\/footdavant.fr\/actualites\/","logo":{"@type":"ImageObject","inLanguage":"fr-FR","@id":"https:\/\/footdavant.fr\/actualites\/#\/schema\/logo\/image\/","url":"https:\/\/footdavant.fr\/actualites\/wp-content\/uploads\/2023\/09\/Copy-of-FootDavant-Logo.png","contentUrl":"https:\/\/footdavant.fr\/actualites\/wp-content\/uploads\/2023\/09\/Copy-of-FootDavant-Logo.png","width":936,"height":549,"caption":"Foot d'avant"},"image":{"@id":"https:\/\/footdavant.fr\/actualites\/#\/schema\/logo\/image\/"},"sameAs":["https:\/\/www.facebook.com\/Footdavant\/","https:\/\/twitter.com\/FootdavantFr","https:\/\/www.instagram.com\/footdavant.fr\/"]},{"@type":"Person","@id":"https:\/\/footdavant.fr\/actualites\/#\/schema\/person\/bc222566d95871b37e597b3ed3ba5e1d","name":"Cl\u00e9ment","image":{"@type":"ImageObject","inLanguage":"fr-FR","@id":"https:\/\/footdavant.fr\/actualites\/#\/schema\/person\/image\/","url":"https:\/\/secure.gravatar.com\/avatar\/7728b29aac2719421e1a9159b2254c44?s=96&d=mm&r=g","contentUrl":"https:\/\/secure.gravatar.com\/avatar\/7728b29aac2719421e1a9159b2254c44?s=96&d=mm&r=g","caption":"Cl\u00e9ment"},"sameAs":["https:\/\/footdavant.fr\/"]}]}},"_links":{"self":[{"href":"https:\/\/footdavant.fr\/actualites\/wp-json\/wp\/v2\/posts\/35922"}],"collection":[{"href":"https:\/\/footdavant.fr\/actualites\/wp-json\/wp\/v2\/posts"}],"about":[{"href":"https:\/\/footdavant.fr\/actualites\/wp-json\/wp\/v2\/types\/post"}],"author":[{"embeddable":true,"href":"https:\/\/footdavant.fr\/actualites\/wp-json\/wp\/v2\/users\/1"}],"replies":[{"embeddable":true,"href":"https:\/\/footdavant.fr\/actualites\/wp-json\/wp\/v2\/comments?post=35922"}],"version-history":[{"count":1,"href":"https:\/\/footdavant.fr\/actualites\/wp-json\/wp\/v2\/posts\/35922\/revisions"}],"predecessor-version":[{"id":35924,"href":"https:\/\/footdavant.fr\/actualites\/wp-json\/wp\/v2\/posts\/35922\/revisions\/35924"}],"wp:featuredmedia":[{"embeddable":true,"href":"https:\/\/footdavant.fr\/actualites\/wp-json\/wp\/v2\/media\/35923"}],"wp:attachment":[{"href":"https:\/\/footdavant.fr\/actualites\/wp-json\/wp\/v2\/media?parent=35922"}],"wp:term":[{"taxonomy":"category","embeddable":true,"href":"https:\/\/footdavant.fr\/actualites\/wp-json\/wp\/v2\/categories?post=35922"},{"taxonomy":"post_tag","embeddable":true,"href":"https:\/\/footdavant.fr\/actualites\/wp-json\/wp\/v2\/tags?post=35922"}],"curies":[{"name":"wp","href":"https:\/\/api.w.org\/{rel}","templated":true}]}}