{"id":35925,"date":"2026-03-30T00:48:13","date_gmt":"2026-03-29T22:48:13","guid":{"rendered":"https:\/\/footdavant.fr\/actualites\/il-parle-de-choses-insensees\/"},"modified":"2026-03-30T00:48:16","modified_gmt":"2026-03-29T22:48:16","slug":"il-parle-de-choses-insensees","status":"publish","type":"post","link":"https:\/\/footdavant.fr\/actualites\/il-parle-de-choses-insensees\/","title":{"rendered":"Il parle de choses insens\u00e9es"},"content":{"rendered":"<div>\n<p>Nous avons perdu l&#39;heure hier soir.<\/p>\n<p>Ce n&#39;est pas une explication compl\u00e8te de la raison pour laquelle le blog est plus tard que d&#39;habitude ce matin, mais cela en fait partie. Je ne peux pas vous dire exactement combien, car je ne suis pas math\u00e9maticien. Si c&#39;\u00e9tait le cas, je serais assis ici ce matin \u00e0 \u00e9crire sur l&#39;alg\u00e8bre lin\u00e9aire et \u00e0 faire de mon mieux pour vous r\u00e9galer d&#39;histoires amusantes sur les vecteurs.<\/p>\n<\/p>\n<p>Vous voyez, c&#39;est du bon travail, je ne suis pas math\u00e9maticien. Ou un com\u00e9dien. Au lieu de cela, je suis juste un gars qui a dormi un peu plus tard que d&#39;habitude \u00e0 cause de l&#39;heure perdue. Y a-t-il des com\u00e9diens qui font des blagues sur les math\u00e9matiques ? Ce serait tr\u00e8s niche, je pense. Je suppose que votre mandat doit \u00eatre plus large, \u00e0 moins que vous ne deveniez celui qui anime les conf\u00e9rences o\u00f9 les math\u00e9maticiens se r\u00e9unissent chaque ann\u00e9e pour discuter des derni\u00e8res avanc\u00e9es dans le domaine. Maintenant, je me demande s&#39;il y a des progr\u00e8s ? Nous savons s\u00fbrement tout ce qu\u2019il y a \u00e0 savoir sur les math\u00e9matiques \u00e0 ce stade.<\/p>\n<p>Il y a des nombres, vous les ajoutez, les soustrayez, les divisez, les multipliez et faites le truc du triangle, et puis quoi ? J&#39;ai l&#39;impression qu&#39;il y a tr\u00e8s probablement beaucoup plus \u00e0 faire, de la m\u00eame mani\u00e8re que tout le monde pense que \u00e7a doit \u00eatre g\u00e9nial d&#39;\u00eatre v\u00e9t\u00e9rinaire parce que vous aidez les chats, les chiens et les hamsters, mais ensuite quelqu&#39;un entrera un jour avec un balbuzard p\u00eacheur, et peu de gens consid\u00e8rent cet aspect des choses. Je dirai pour m\u00e9moire que j&#39;aime les animaux, mais je ne veux jamais \u00eatre seul dans une petite pi\u00e8ce avec un gros oiseau.<\/p>\n<p>Juste moi et l&#39;oiseau qui nous regardons. Il n&#39;est pas dans son habitat naturel, ce qui risque de le rendre dangereux. Il n&#39;a rien \u00e0 perdre. Je suis tout le temps dans des pi\u00e8ces de tailles diff\u00e9rentes, donc je suis \u00e0 l&#39;aise avec l&#39;environnement, voire avec le sc\u00e9nario. Il existe g\u00e9n\u00e9ralement dans l&#39;immensit\u00e9 du ciel, planant d&#39;un endroit \u00e0 un autre, et ce serait juste ma chance de me retrouver dans une pi\u00e8ce avec un oiseau claustrophobe, ce qui le rend simplement encore plus anxieux et potentiellement violent. La seule chose que vous pouvez faire est de frapper en premier. Je ne pr\u00e9conise pas l&#39;id\u00e9e de frapper un oiseau au visage, mais si je devais le faire, je le ferais. Je pense que je pourrais simplement commencer \u00e0 emporter un sac en toile partout avec moi au cas o\u00f9 je serais confront\u00e9 \u00e0 ce sc\u00e9nario, car ce que vous pouvez alors faire, c&#39;est simplement laisser tomber le sac sur sa t\u00eate et sortir en courant. Le pacifiste en moi pr\u00e9f\u00e8re \u00e7a. Il ne saura pas ce qui se passe parce qu&#39;il fait tout noir, et soit il pensera qu&#39;il fait nuit, soit il a \u00e9t\u00e9 transport\u00e9 dans une autre dimension o\u00f9 tout est incroyablement ennuyeux. Le temps qu&#39;il s&#39;en rende compte, je serai parti depuis longtemps.<\/p>\n<p>Attrape-moi maintenant, esp\u00e8ce de connard.<\/p>\n<p>Le fait est cependant que vous commencez avec le temps, vous commencez \u00e0 penser aux \u00e9quations quadratiques, puis aux stand-ups bas\u00e9s sur des chiffres, avant de vous tourner vers les m\u00e9thodes v\u00e9t\u00e9rinaires et comment \u00e9chapper \u00e0 un rapace \u00e0 plumes. Vous pouvez faire beaucoup de choses avec une heure. Certains pourraient lire ceci et penser : \u00ab Vous ne pouvez rien faire en une heure et honn\u00eatement, cela aurait pu \u00eatre une meilleure utilisation de votre temps et du mien aujourd&#39;hui \u00bb, et j&#39;accepte pleinement cela. Mais un jour, lorsque vous entrez nonchalamment dans une pi\u00e8ce, pas de soucis au monde, que la porte se ferme derri\u00e8re vous et que vous vous retrouvez face \u00e0 face avec une harpie aigle, vous penserez \u00ab\u00a0Vous savez quoi, tout le monde a dit que j&#39;\u00e9tais idiot de porter ce sac avec moi tout le temps, mais Arseblog avait raison\u00a0\u00bb.<\/p>\n<p>Quoi qu\u2019il en soit, l\u2019avantage est que nous avons d\u00e9sormais des soir\u00e9es plus lumineuses. Un \u00ab grand tron\u00e7on \u00bb comme on dit ici en Irlande, alors quoi que vous fassiez aujourd&#39;hui, profitez-en au moins. Et l\u2019heure perdue chevauche d\u00e9sormais les plans du temps jusqu\u2019\u00e0 ce que les horloges avancent \u00e0 nouveau. Il reviendra, ne t&#39;inqui\u00e8te pas.<\/p>\n<p>Il attend dans les coulisses.<\/p>\n<\/div>\n","protected":false},"excerpt":{"rendered":"<p>Nous avons perdu l&#39;heure hier soir. Ce n&#39;est pas une explication compl\u00e8te de la raison pour laquelle le blog est plus tard que d&#39;habitude ce<\/p>\n","protected":false},"author":1,"featured_media":35926,"comment_status":"closed","ping_status":"","sticky":false,"template":"","format":"standard","meta":{"footnotes":""},"categories":[3],"tags":[643,11751,772],"yoast_head":"<!-- This site is optimized with the Yoast SEO plugin v21.0 - https:\/\/yoast.com\/wordpress\/plugins\/seo\/ -->\n<title>Il parle de choses insens\u00e9es<\/title>\n<meta name=\"robots\" content=\"index, follow, max-snippet:-1, max-image-preview:large, max-video-preview:-1\" \/>\n<link rel=\"canonical\" href=\"https:\/\/footdavant.fr\/actualites\/il-parle-de-choses-insensees\/\" \/>\n<meta property=\"og:locale\" content=\"fr_FR\" \/>\n<meta property=\"og:type\" content=\"article\" \/>\n<meta property=\"og:title\" content=\"Il parle de choses insens\u00e9es\" \/>\n<meta property=\"og:description\" content=\"Nous avons perdu l&#039;heure hier soir. Ce n&#039;est pas une explication compl\u00e8te de la raison pour laquelle le blog est plus tard que d&#039;habitude ce\" \/>\n<meta property=\"og:url\" content=\"https:\/\/footdavant.fr\/actualites\/il-parle-de-choses-insensees\/\" \/>\n<meta property=\"og:site_name\" content=\"Foot d&#039;avant\" \/>\n<meta property=\"article:publisher\" content=\"https:\/\/www.facebook.com\/Footdavant\/\" \/>\n<meta property=\"article:published_time\" content=\"2026-03-29T22:48:13+00:00\" \/>\n<meta property=\"article:modified_time\" content=\"2026-03-29T22:48:16+00:00\" \/>\n<meta property=\"og:image\" content=\"https:\/\/footdavant.fr\/actualites\/wp-content\/uploads\/2026\/03\/Il-parle-de-choses-insensees.jpg\" \/>\n\t<meta property=\"og:image:width\" content=\"1500\" \/>\n\t<meta property=\"og:image:height\" content=\"750\" \/>\n\t<meta property=\"og:image:type\" content=\"image\/jpeg\" \/>\n<meta name=\"author\" content=\"Cl\u00e9ment\" \/>\n<meta name=\"twitter:card\" content=\"summary_large_image\" \/>\n<meta name=\"twitter:creator\" content=\"@FootdavantFr\" \/>\n<meta name=\"twitter:site\" content=\"@FootdavantFr\" \/>\n<meta name=\"twitter:label1\" content=\"\u00c9crit par\" \/>\n\t<meta name=\"twitter:data1\" content=\"Cl\u00e9ment\" \/>\n\t<meta name=\"twitter:label2\" content=\"Dur\u00e9e de lecture estim\u00e9e\" \/>\n\t<meta name=\"twitter:data2\" content=\"4 minutes\" \/>\n<script type=\"application\/ld+json\" class=\"yoast-schema-graph\">{\"@context\":\"https:\/\/schema.org\",\"@graph\":[{\"@type\":\"Article\",\"@id\":\"https:\/\/footdavant.fr\/actualites\/il-parle-de-choses-insensees\/#article\",\"isPartOf\":{\"@id\":\"https:\/\/footdavant.fr\/actualites\/il-parle-de-choses-insensees\/\"},\"author\":{\"name\":\"Cl\u00e9ment\",\"@id\":\"https:\/\/footdavant.fr\/actualites\/#\/schema\/person\/bc222566d95871b37e597b3ed3ba5e1d\"},\"headline\":\"Il parle de choses insens\u00e9es\",\"datePublished\":\"2026-03-29T22:48:13+00:00\",\"dateModified\":\"2026-03-29T22:48:16+00:00\",\"mainEntityOfPage\":{\"@id\":\"https:\/\/footdavant.fr\/actualites\/il-parle-de-choses-insensees\/\"},\"wordCount\":795,\"publisher\":{\"@id\":\"https:\/\/footdavant.fr\/actualites\/#organization\"},\"keywords\":[\"choses\",\"insens\u00e9es\",\"parl\u00e9\"],\"articleSection\":[\"Football\"],\"inLanguage\":\"fr-FR\"},{\"@type\":\"WebPage\",\"@id\":\"https:\/\/footdavant.fr\/actualites\/il-parle-de-choses-insensees\/\",\"url\":\"https:\/\/footdavant.fr\/actualites\/il-parle-de-choses-insensees\/\",\"name\":\"Il parle de choses insens\u00e9es\",\"isPartOf\":{\"@id\":\"https:\/\/footdavant.fr\/actualites\/#website\"},\"datePublished\":\"2026-03-29T22:48:13+00:00\",\"dateModified\":\"2026-03-29T22:48:16+00:00\",\"breadcrumb\":{\"@id\":\"https:\/\/footdavant.fr\/actualites\/il-parle-de-choses-insensees\/#breadcrumb\"},\"inLanguage\":\"fr-FR\",\"potentialAction\":[{\"@type\":\"ReadAction\",\"target\":[\"https:\/\/footdavant.fr\/actualites\/il-parle-de-choses-insensees\/\"]}]},{\"@type\":\"BreadcrumbList\",\"@id\":\"https:\/\/footdavant.fr\/actualites\/il-parle-de-choses-insensees\/#breadcrumb\",\"itemListElement\":[{\"@type\":\"ListItem\",\"position\":1,\"name\":\"Accueil\",\"item\":\"https:\/\/footdavant.fr\/actualites\/\"},{\"@type\":\"ListItem\",\"position\":2,\"name\":\"Il parle de choses insens\u00e9es\"}]},{\"@type\":\"WebSite\",\"@id\":\"https:\/\/footdavant.fr\/actualites\/#website\",\"url\":\"https:\/\/footdavant.fr\/actualites\/\",\"name\":\"Foot d'avant\",\"description\":\"\",\"publisher\":{\"@id\":\"https:\/\/footdavant.fr\/actualites\/#organization\"},\"potentialAction\":[{\"@type\":\"SearchAction\",\"target\":{\"@type\":\"EntryPoint\",\"urlTemplate\":\"https:\/\/footdavant.fr\/actualites\/?s={search_term_string}\"},\"query-input\":\"required name=search_term_string\"}],\"inLanguage\":\"fr-FR\"},{\"@type\":\"Organization\",\"@id\":\"https:\/\/footdavant.fr\/actualites\/#organization\",\"name\":\"Foot d'avant\",\"url\":\"https:\/\/footdavant.fr\/actualites\/\",\"logo\":{\"@type\":\"ImageObject\",\"inLanguage\":\"fr-FR\",\"@id\":\"https:\/\/footdavant.fr\/actualites\/#\/schema\/logo\/image\/\",\"url\":\"https:\/\/footdavant.fr\/actualites\/wp-content\/uploads\/2023\/09\/Copy-of-FootDavant-Logo.png\",\"contentUrl\":\"https:\/\/footdavant.fr\/actualites\/wp-content\/uploads\/2023\/09\/Copy-of-FootDavant-Logo.png\",\"width\":936,\"height\":549,\"caption\":\"Foot d'avant\"},\"image\":{\"@id\":\"https:\/\/footdavant.fr\/actualites\/#\/schema\/logo\/image\/\"},\"sameAs\":[\"https:\/\/www.facebook.com\/Footdavant\/\",\"https:\/\/twitter.com\/FootdavantFr\",\"https:\/\/www.instagram.com\/footdavant.fr\/\"]},{\"@type\":\"Person\",\"@id\":\"https:\/\/footdavant.fr\/actualites\/#\/schema\/person\/bc222566d95871b37e597b3ed3ba5e1d\",\"name\":\"Cl\u00e9ment\",\"image\":{\"@type\":\"ImageObject\",\"inLanguage\":\"fr-FR\",\"@id\":\"https:\/\/footdavant.fr\/actualites\/#\/schema\/person\/image\/\",\"url\":\"https:\/\/secure.gravatar.com\/avatar\/7728b29aac2719421e1a9159b2254c44?s=96&d=mm&r=g\",\"contentUrl\":\"https:\/\/secure.gravatar.com\/avatar\/7728b29aac2719421e1a9159b2254c44?s=96&d=mm&r=g\",\"caption\":\"Cl\u00e9ment\"},\"sameAs\":[\"https:\/\/footdavant.fr\/\"]}]}<\/script>\n<!-- \/ Yoast SEO plugin. -->","yoast_head_json":{"title":"Il parle de choses insens\u00e9es","robots":{"index":"index","follow":"follow","max-snippet":"max-snippet:-1","max-image-preview":"max-image-preview:large","max-video-preview":"max-video-preview:-1"},"canonical":"https:\/\/footdavant.fr\/actualites\/il-parle-de-choses-insensees\/","og_locale":"fr_FR","og_type":"article","og_title":"Il parle de choses insens\u00e9es","og_description":"Nous avons perdu l&#39;heure hier soir. Ce n&#39;est pas une explication compl\u00e8te de la raison pour laquelle le blog est plus tard que d&#39;habitude ce","og_url":"https:\/\/footdavant.fr\/actualites\/il-parle-de-choses-insensees\/","og_site_name":"Foot d&#039;avant","article_publisher":"https:\/\/www.facebook.com\/Footdavant\/","article_published_time":"2026-03-29T22:48:13+00:00","article_modified_time":"2026-03-29T22:48:16+00:00","og_image":[{"width":1500,"height":750,"url":"https:\/\/footdavant.fr\/actualites\/wp-content\/uploads\/2026\/03\/Il-parle-de-choses-insensees.jpg","type":"image\/jpeg"}],"author":"Cl\u00e9ment","twitter_card":"summary_large_image","twitter_creator":"@FootdavantFr","twitter_site":"@FootdavantFr","twitter_misc":{"\u00c9crit par":"Cl\u00e9ment","Dur\u00e9e de lecture estim\u00e9e":"4 minutes"},"schema":{"@context":"https:\/\/schema.org","@graph":[{"@type":"Article","@id":"https:\/\/footdavant.fr\/actualites\/il-parle-de-choses-insensees\/#article","isPartOf":{"@id":"https:\/\/footdavant.fr\/actualites\/il-parle-de-choses-insensees\/"},"author":{"name":"Cl\u00e9ment","@id":"https:\/\/footdavant.fr\/actualites\/#\/schema\/person\/bc222566d95871b37e597b3ed3ba5e1d"},"headline":"Il parle de choses insens\u00e9es","datePublished":"2026-03-29T22:48:13+00:00","dateModified":"2026-03-29T22:48:16+00:00","mainEntityOfPage":{"@id":"https:\/\/footdavant.fr\/actualites\/il-parle-de-choses-insensees\/"},"wordCount":795,"publisher":{"@id":"https:\/\/footdavant.fr\/actualites\/#organization"},"keywords":["choses","insens\u00e9es","parl\u00e9"],"articleSection":["Football"],"inLanguage":"fr-FR"},{"@type":"WebPage","@id":"https:\/\/footdavant.fr\/actualites\/il-parle-de-choses-insensees\/","url":"https:\/\/footdavant.fr\/actualites\/il-parle-de-choses-insensees\/","name":"Il parle de choses insens\u00e9es","isPartOf":{"@id":"https:\/\/footdavant.fr\/actualites\/#website"},"datePublished":"2026-03-29T22:48:13+00:00","dateModified":"2026-03-29T22:48:16+00:00","breadcrumb":{"@id":"https:\/\/footdavant.fr\/actualites\/il-parle-de-choses-insensees\/#breadcrumb"},"inLanguage":"fr-FR","potentialAction":[{"@type":"ReadAction","target":["https:\/\/footdavant.fr\/actualites\/il-parle-de-choses-insensees\/"]}]},{"@type":"BreadcrumbList","@id":"https:\/\/footdavant.fr\/actualites\/il-parle-de-choses-insensees\/#breadcrumb","itemListElement":[{"@type":"ListItem","position":1,"name":"Accueil","item":"https:\/\/footdavant.fr\/actualites\/"},{"@type":"ListItem","position":2,"name":"Il parle de choses insens\u00e9es"}]},{"@type":"WebSite","@id":"https:\/\/footdavant.fr\/actualites\/#website","url":"https:\/\/footdavant.fr\/actualites\/","name":"Foot d'avant","description":"","publisher":{"@id":"https:\/\/footdavant.fr\/actualites\/#organization"},"potentialAction":[{"@type":"SearchAction","target":{"@type":"EntryPoint","urlTemplate":"https:\/\/footdavant.fr\/actualites\/?s={search_term_string}"},"query-input":"required name=search_term_string"}],"inLanguage":"fr-FR"},{"@type":"Organization","@id":"https:\/\/footdavant.fr\/actualites\/#organization","name":"Foot d'avant","url":"https:\/\/footdavant.fr\/actualites\/","logo":{"@type":"ImageObject","inLanguage":"fr-FR","@id":"https:\/\/footdavant.fr\/actualites\/#\/schema\/logo\/image\/","url":"https:\/\/footdavant.fr\/actualites\/wp-content\/uploads\/2023\/09\/Copy-of-FootDavant-Logo.png","contentUrl":"https:\/\/footdavant.fr\/actualites\/wp-content\/uploads\/2023\/09\/Copy-of-FootDavant-Logo.png","width":936,"height":549,"caption":"Foot d'avant"},"image":{"@id":"https:\/\/footdavant.fr\/actualites\/#\/schema\/logo\/image\/"},"sameAs":["https:\/\/www.facebook.com\/Footdavant\/","https:\/\/twitter.com\/FootdavantFr","https:\/\/www.instagram.com\/footdavant.fr\/"]},{"@type":"Person","@id":"https:\/\/footdavant.fr\/actualites\/#\/schema\/person\/bc222566d95871b37e597b3ed3ba5e1d","name":"Cl\u00e9ment","image":{"@type":"ImageObject","inLanguage":"fr-FR","@id":"https:\/\/footdavant.fr\/actualites\/#\/schema\/person\/image\/","url":"https:\/\/secure.gravatar.com\/avatar\/7728b29aac2719421e1a9159b2254c44?s=96&d=mm&r=g","contentUrl":"https:\/\/secure.gravatar.com\/avatar\/7728b29aac2719421e1a9159b2254c44?s=96&d=mm&r=g","caption":"Cl\u00e9ment"},"sameAs":["https:\/\/footdavant.fr\/"]}]}},"_links":{"self":[{"href":"https:\/\/footdavant.fr\/actualites\/wp-json\/wp\/v2\/posts\/35925"}],"collection":[{"href":"https:\/\/footdavant.fr\/actualites\/wp-json\/wp\/v2\/posts"}],"about":[{"href":"https:\/\/footdavant.fr\/actualites\/wp-json\/wp\/v2\/types\/post"}],"author":[{"embeddable":true,"href":"https:\/\/footdavant.fr\/actualites\/wp-json\/wp\/v2\/users\/1"}],"replies":[{"embeddable":true,"href":"https:\/\/footdavant.fr\/actualites\/wp-json\/wp\/v2\/comments?post=35925"}],"version-history":[{"count":1,"href":"https:\/\/footdavant.fr\/actualites\/wp-json\/wp\/v2\/posts\/35925\/revisions"}],"predecessor-version":[{"id":35927,"href":"https:\/\/footdavant.fr\/actualites\/wp-json\/wp\/v2\/posts\/35925\/revisions\/35927"}],"wp:featuredmedia":[{"embeddable":true,"href":"https:\/\/footdavant.fr\/actualites\/wp-json\/wp\/v2\/media\/35926"}],"wp:attachment":[{"href":"https:\/\/footdavant.fr\/actualites\/wp-json\/wp\/v2\/media?parent=35925"}],"wp:term":[{"taxonomy":"category","embeddable":true,"href":"https:\/\/footdavant.fr\/actualites\/wp-json\/wp\/v2\/categories?post=35925"},{"taxonomy":"post_tag","embeddable":true,"href":"https:\/\/footdavant.fr\/actualites\/wp-json\/wp\/v2\/tags?post=35925"}],"curies":[{"name":"wp","href":"https:\/\/api.w.org\/{rel}","templated":true}]}}