{"id":35931,"date":"2026-03-30T04:48:04","date_gmt":"2026-03-30T02:48:04","guid":{"rendered":"https:\/\/footdavant.fr\/actualites\/lex-coequipier-de-salah-delivre-un-puissant-message-de-sortie\/"},"modified":"2026-03-30T04:48:07","modified_gmt":"2026-03-30T02:48:07","slug":"lex-coequipier-de-salah-delivre-un-puissant-message-de-sortie","status":"publish","type":"post","link":"https:\/\/footdavant.fr\/actualites\/lex-coequipier-de-salah-delivre-un-puissant-message-de-sortie\/","title":{"rendered":"L&#39;ex-co\u00e9quipier de Salah d\u00e9livre un puissant message de sortie"},"content":{"rendered":"<p><\/p>\n<div id=\"article-body\">\n<!-- Article Start --><\/p>\n<p>Il y a certains moments dans la carri\u00e8re d\u2019un footballeur o\u00f9 m\u00eame les plus grands admirateurs commencent \u00e0 accepter que la fin d\u2019une \u00e9poque approche, et c\u2019est exactement le ton qui se d\u00e9gage actuellement autour de Mo Salah.<\/p>\n<hr\/>\n<p><b><i>T\u00c9L\u00c9CHARGEZ L&#39;APPLICATION OFFICIELLE EMPIRE OF KOP POUR TOUTES LES DERNI\u00c8RES MISES \u00c0 JOUR \u2013 DIRECTEMENT SUR VOTRE T\u00c9L\u00c9PHONE\u00a0! SUR <\/i><\/b><b><i>POMME<\/i><\/b><b><i> &#038; <\/i><\/b><b><i>GOOGLE JOUER<\/i><\/b><\/p>\n<hr\/>\n<p>Apr\u00e8s le choc des Liverpool Legends \u00e0 Anfield, l&#39;ancien attaquant du Borussia Dortmund Mohamed Zidan a offert une \u00e9valuation profond\u00e9ment personnelle et honn\u00eate de la situation, parlant \u00e0 The Football Historian de ce que le roi \u00e9gyptien signifie \u00e0 la fois pour le club et pour le pays.<\/p>\n<h2>Zidan sugg\u00e8re que le timing de Salah pourrait \u00eatre le bon<\/h2>\n<blockquote class=\"instagram-lazy lazyload\" data-instgrm-captioned=\"\" data-instgrm-permalink=\"https:\/\/www.instagram.com\/reel\/DWePgYbDgUk\/?utm_source=ig_embed&amp;utm_campaign=loading\" data-instgrm-version=\"14\" style=\"background: #FFF; border: 0; border-radius: 3px; box-shadow: 0 0 1px 0 rgba(0,0,0,0.5),0 1px 10px 0 rgba(0,0,0,0.15); margin: 1px; max-width: 540px; min-width: 326px; padding: 0; width: calc(100% - 2px);\">\n<\/blockquote>\n<p>Zidan, qui a bri\u00e8vement partag\u00e9 la sc\u00e8ne internationale avec Salah en 2012, a clairement indiqu\u00e9 \u00e0 quel point les r\u00e9alisations de l&#39;attaquant \u00e9taient importantes, non seulement pour nous mais pour toute une r\u00e9gion.<\/p>\n<p>S&#39;adressant \u00e0 l&#39;historien du football, il a d\u00e9clar\u00e9 : <\/p>\n<\/p>\n<p>Cette honn\u00eatet\u00e9 r\u00e9sonnera, car elle ne diminue en rien ce que Salah a fait, elle reconna\u00eet simplement le cycle naturel des carri\u00e8res de footballeur d\u2019\u00e9lite.<\/p>\n<h2>L&#39;h\u00e9ritage assur\u00e9 en tant que l\u00e9gende de Liverpool<\/h2>\n<p>Ce qui ressort encore plus dans les commentaires de Zidan, c&#39;est l&#39;accent mis sur la fa\u00e7on dont on se souviendra de Salah.<\/p>\n<p>L&#39;ancien joueur de Dortmund a ajout\u00e9 : <\/p>\n<\/p>\n<p>Cette id\u00e9e de partir au bon moment fait \u00e9cho \u00e0 ce que de nombreux grands ont fait auparavant, garantissant que leur h\u00e9ritage reste intouchable.<\/p>\n<p>Jurgen Klopp a d\u00e9j\u00e0 d\u00e9crit notre n\u00b011 comme l&#39;un des plus grands joueurs que le football ait jamais connu, tandis que Jamie Carragher l&#39;a plac\u00e9 parmi les meilleurs \u00e0 avoir jamais jou\u00e9 en Angleterre.<\/p>\n<p>De notre point de vue, les propos de Zidan ne changent pas le sentiment, ils le renforcent simplement.<\/p>\n<p>Nous avons \u00e9t\u00e9 t\u00e9moins de quelque chose de sp\u00e9cial au cours des neuf derni\u00e8res ann\u00e9es, et que la fin vienne maintenant ou plus tard, la place de Salah dans l&#39;histoire de Liverpool est d\u00e9j\u00e0 assur\u00e9e.<\/p>\n<p><!-- Article End -->\t\t\t\t<\/div>\n<p><script async src=\"\/\/www.instagram.com\/embed.js\"><\/script><\/p>\n","protected":false},"excerpt":{"rendered":"<p>Il y a certains moments dans la carri\u00e8re d\u2019un footballeur o\u00f9 m\u00eame les plus grands admirateurs commencent \u00e0 accepter que la fin d\u2019une \u00e9poque approche,<\/p>\n","protected":false},"author":1,"featured_media":35932,"comment_status":"closed","ping_status":"","sticky":false,"template":"","format":"standard","meta":{"footnotes":""},"categories":[3],"tags":[6066,11752,678,9850,335,1263],"yoast_head":"<!-- This site is optimized with the Yoast SEO plugin v21.0 - https:\/\/yoast.com\/wordpress\/plugins\/seo\/ -->\n<title>L&#039;ex-co\u00e9quipier de Salah d\u00e9livre un puissant message de sortie<\/title>\n<meta name=\"robots\" content=\"index, follow, max-snippet:-1, max-image-preview:large, max-video-preview:-1\" \/>\n<link rel=\"canonical\" href=\"https:\/\/footdavant.fr\/actualites\/lex-coequipier-de-salah-delivre-un-puissant-message-de-sortie\/\" \/>\n<meta property=\"og:locale\" content=\"fr_FR\" \/>\n<meta property=\"og:type\" content=\"article\" \/>\n<meta property=\"og:title\" content=\"L&#039;ex-co\u00e9quipier de Salah d\u00e9livre un puissant message de sortie\" \/>\n<meta property=\"og:description\" content=\"Il y a certains moments dans la carri\u00e8re d\u2019un footballeur o\u00f9 m\u00eame les plus grands admirateurs commencent \u00e0 accepter que la fin d\u2019une \u00e9poque approche,\" \/>\n<meta property=\"og:url\" content=\"https:\/\/footdavant.fr\/actualites\/lex-coequipier-de-salah-delivre-un-puissant-message-de-sortie\/\" \/>\n<meta property=\"og:site_name\" content=\"Foot d&#039;avant\" \/>\n<meta property=\"article:publisher\" content=\"https:\/\/www.facebook.com\/Footdavant\/\" \/>\n<meta property=\"article:published_time\" content=\"2026-03-30T02:48:04+00:00\" \/>\n<meta property=\"article:modified_time\" content=\"2026-03-30T02:48:07+00:00\" \/>\n<meta property=\"og:image\" content=\"https:\/\/footdavant.fr\/actualites\/wp-content\/uploads\/2026\/03\/L39ex-coequipier-de-Salah-delivre-un-puissant-message-de-sortie.jpg\" \/>\n\t<meta property=\"og:image:width\" content=\"1200\" \/>\n\t<meta property=\"og:image:height\" content=\"675\" \/>\n\t<meta property=\"og:image:type\" content=\"image\/jpeg\" \/>\n<meta name=\"author\" content=\"Cl\u00e9ment\" \/>\n<meta name=\"twitter:card\" content=\"summary_large_image\" \/>\n<meta name=\"twitter:creator\" content=\"@FootdavantFr\" \/>\n<meta name=\"twitter:site\" content=\"@FootdavantFr\" \/>\n<meta name=\"twitter:label1\" content=\"\u00c9crit par\" \/>\n\t<meta name=\"twitter:data1\" content=\"Cl\u00e9ment\" \/>\n\t<meta name=\"twitter:label2\" content=\"Dur\u00e9e de lecture estim\u00e9e\" \/>\n\t<meta name=\"twitter:data2\" content=\"2 minutes\" \/>\n<script type=\"application\/ld+json\" class=\"yoast-schema-graph\">{\"@context\":\"https:\/\/schema.org\",\"@graph\":[{\"@type\":\"Article\",\"@id\":\"https:\/\/footdavant.fr\/actualites\/lex-coequipier-de-salah-delivre-un-puissant-message-de-sortie\/#article\",\"isPartOf\":{\"@id\":\"https:\/\/footdavant.fr\/actualites\/lex-coequipier-de-salah-delivre-un-puissant-message-de-sortie\/\"},\"author\":{\"name\":\"Cl\u00e9ment\",\"@id\":\"https:\/\/footdavant.fr\/actualites\/#\/schema\/person\/bc222566d95871b37e597b3ed3ba5e1d\"},\"headline\":\"L&#39;ex-co\u00e9quipier de Salah d\u00e9livre un puissant message de sortie\",\"datePublished\":\"2026-03-30T02:48:04+00:00\",\"dateModified\":\"2026-03-30T02:48:07+00:00\",\"mainEntityOfPage\":{\"@id\":\"https:\/\/footdavant.fr\/actualites\/lex-coequipier-de-salah-delivre-un-puissant-message-de-sortie\/\"},\"wordCount\":383,\"publisher\":{\"@id\":\"https:\/\/footdavant.fr\/actualites\/#organization\"},\"keywords\":[\"d\u00e9livre\",\"L39exco\u00e9quipier\",\"message\",\"puissant\",\"Salah\",\"sortie\"],\"articleSection\":[\"Football\"],\"inLanguage\":\"fr-FR\"},{\"@type\":\"WebPage\",\"@id\":\"https:\/\/footdavant.fr\/actualites\/lex-coequipier-de-salah-delivre-un-puissant-message-de-sortie\/\",\"url\":\"https:\/\/footdavant.fr\/actualites\/lex-coequipier-de-salah-delivre-un-puissant-message-de-sortie\/\",\"name\":\"L&#39;ex-co\u00e9quipier de Salah d\u00e9livre un puissant message de sortie\",\"isPartOf\":{\"@id\":\"https:\/\/footdavant.fr\/actualites\/#website\"},\"datePublished\":\"2026-03-30T02:48:04+00:00\",\"dateModified\":\"2026-03-30T02:48:07+00:00\",\"breadcrumb\":{\"@id\":\"https:\/\/footdavant.fr\/actualites\/lex-coequipier-de-salah-delivre-un-puissant-message-de-sortie\/#breadcrumb\"},\"inLanguage\":\"fr-FR\",\"potentialAction\":[{\"@type\":\"ReadAction\",\"target\":[\"https:\/\/footdavant.fr\/actualites\/lex-coequipier-de-salah-delivre-un-puissant-message-de-sortie\/\"]}]},{\"@type\":\"BreadcrumbList\",\"@id\":\"https:\/\/footdavant.fr\/actualites\/lex-coequipier-de-salah-delivre-un-puissant-message-de-sortie\/#breadcrumb\",\"itemListElement\":[{\"@type\":\"ListItem\",\"position\":1,\"name\":\"Accueil\",\"item\":\"https:\/\/footdavant.fr\/actualites\/\"},{\"@type\":\"ListItem\",\"position\":2,\"name\":\"L&#39;ex-co\u00e9quipier de Salah d\u00e9livre un puissant message de sortie\"}]},{\"@type\":\"WebSite\",\"@id\":\"https:\/\/footdavant.fr\/actualites\/#website\",\"url\":\"https:\/\/footdavant.fr\/actualites\/\",\"name\":\"Foot d'avant\",\"description\":\"\",\"publisher\":{\"@id\":\"https:\/\/footdavant.fr\/actualites\/#organization\"},\"potentialAction\":[{\"@type\":\"SearchAction\",\"target\":{\"@type\":\"EntryPoint\",\"urlTemplate\":\"https:\/\/footdavant.fr\/actualites\/?s={search_term_string}\"},\"query-input\":\"required name=search_term_string\"}],\"inLanguage\":\"fr-FR\"},{\"@type\":\"Organization\",\"@id\":\"https:\/\/footdavant.fr\/actualites\/#organization\",\"name\":\"Foot d'avant\",\"url\":\"https:\/\/footdavant.fr\/actualites\/\",\"logo\":{\"@type\":\"ImageObject\",\"inLanguage\":\"fr-FR\",\"@id\":\"https:\/\/footdavant.fr\/actualites\/#\/schema\/logo\/image\/\",\"url\":\"https:\/\/footdavant.fr\/actualites\/wp-content\/uploads\/2023\/09\/Copy-of-FootDavant-Logo.png\",\"contentUrl\":\"https:\/\/footdavant.fr\/actualites\/wp-content\/uploads\/2023\/09\/Copy-of-FootDavant-Logo.png\",\"width\":936,\"height\":549,\"caption\":\"Foot d'avant\"},\"image\":{\"@id\":\"https:\/\/footdavant.fr\/actualites\/#\/schema\/logo\/image\/\"},\"sameAs\":[\"https:\/\/www.facebook.com\/Footdavant\/\",\"https:\/\/twitter.com\/FootdavantFr\",\"https:\/\/www.instagram.com\/footdavant.fr\/\"]},{\"@type\":\"Person\",\"@id\":\"https:\/\/footdavant.fr\/actualites\/#\/schema\/person\/bc222566d95871b37e597b3ed3ba5e1d\",\"name\":\"Cl\u00e9ment\",\"image\":{\"@type\":\"ImageObject\",\"inLanguage\":\"fr-FR\",\"@id\":\"https:\/\/footdavant.fr\/actualites\/#\/schema\/person\/image\/\",\"url\":\"https:\/\/secure.gravatar.com\/avatar\/7728b29aac2719421e1a9159b2254c44?s=96&d=mm&r=g\",\"contentUrl\":\"https:\/\/secure.gravatar.com\/avatar\/7728b29aac2719421e1a9159b2254c44?s=96&d=mm&r=g\",\"caption\":\"Cl\u00e9ment\"},\"sameAs\":[\"https:\/\/footdavant.fr\/\"]}]}<\/script>\n<!-- \/ Yoast SEO plugin. -->","yoast_head_json":{"title":"L&#39;ex-co\u00e9quipier de Salah d\u00e9livre un puissant message de sortie","robots":{"index":"index","follow":"follow","max-snippet":"max-snippet:-1","max-image-preview":"max-image-preview:large","max-video-preview":"max-video-preview:-1"},"canonical":"https:\/\/footdavant.fr\/actualites\/lex-coequipier-de-salah-delivre-un-puissant-message-de-sortie\/","og_locale":"fr_FR","og_type":"article","og_title":"L&#39;ex-co\u00e9quipier de Salah d\u00e9livre un puissant message de sortie","og_description":"Il y a certains moments dans la carri\u00e8re d\u2019un footballeur o\u00f9 m\u00eame les plus grands admirateurs commencent \u00e0 accepter que la fin d\u2019une \u00e9poque approche,","og_url":"https:\/\/footdavant.fr\/actualites\/lex-coequipier-de-salah-delivre-un-puissant-message-de-sortie\/","og_site_name":"Foot d&#039;avant","article_publisher":"https:\/\/www.facebook.com\/Footdavant\/","article_published_time":"2026-03-30T02:48:04+00:00","article_modified_time":"2026-03-30T02:48:07+00:00","og_image":[{"width":1200,"height":675,"url":"https:\/\/footdavant.fr\/actualites\/wp-content\/uploads\/2026\/03\/L39ex-coequipier-de-Salah-delivre-un-puissant-message-de-sortie.jpg","type":"image\/jpeg"}],"author":"Cl\u00e9ment","twitter_card":"summary_large_image","twitter_creator":"@FootdavantFr","twitter_site":"@FootdavantFr","twitter_misc":{"\u00c9crit par":"Cl\u00e9ment","Dur\u00e9e de lecture estim\u00e9e":"2 minutes"},"schema":{"@context":"https:\/\/schema.org","@graph":[{"@type":"Article","@id":"https:\/\/footdavant.fr\/actualites\/lex-coequipier-de-salah-delivre-un-puissant-message-de-sortie\/#article","isPartOf":{"@id":"https:\/\/footdavant.fr\/actualites\/lex-coequipier-de-salah-delivre-un-puissant-message-de-sortie\/"},"author":{"name":"Cl\u00e9ment","@id":"https:\/\/footdavant.fr\/actualites\/#\/schema\/person\/bc222566d95871b37e597b3ed3ba5e1d"},"headline":"L&#39;ex-co\u00e9quipier de Salah d\u00e9livre un puissant message de sortie","datePublished":"2026-03-30T02:48:04+00:00","dateModified":"2026-03-30T02:48:07+00:00","mainEntityOfPage":{"@id":"https:\/\/footdavant.fr\/actualites\/lex-coequipier-de-salah-delivre-un-puissant-message-de-sortie\/"},"wordCount":383,"publisher":{"@id":"https:\/\/footdavant.fr\/actualites\/#organization"},"keywords":["d\u00e9livre","L39exco\u00e9quipier","message","puissant","Salah","sortie"],"articleSection":["Football"],"inLanguage":"fr-FR"},{"@type":"WebPage","@id":"https:\/\/footdavant.fr\/actualites\/lex-coequipier-de-salah-delivre-un-puissant-message-de-sortie\/","url":"https:\/\/footdavant.fr\/actualites\/lex-coequipier-de-salah-delivre-un-puissant-message-de-sortie\/","name":"L&#39;ex-co\u00e9quipier de Salah d\u00e9livre un puissant message de sortie","isPartOf":{"@id":"https:\/\/footdavant.fr\/actualites\/#website"},"datePublished":"2026-03-30T02:48:04+00:00","dateModified":"2026-03-30T02:48:07+00:00","breadcrumb":{"@id":"https:\/\/footdavant.fr\/actualites\/lex-coequipier-de-salah-delivre-un-puissant-message-de-sortie\/#breadcrumb"},"inLanguage":"fr-FR","potentialAction":[{"@type":"ReadAction","target":["https:\/\/footdavant.fr\/actualites\/lex-coequipier-de-salah-delivre-un-puissant-message-de-sortie\/"]}]},{"@type":"BreadcrumbList","@id":"https:\/\/footdavant.fr\/actualites\/lex-coequipier-de-salah-delivre-un-puissant-message-de-sortie\/#breadcrumb","itemListElement":[{"@type":"ListItem","position":1,"name":"Accueil","item":"https:\/\/footdavant.fr\/actualites\/"},{"@type":"ListItem","position":2,"name":"L&#39;ex-co\u00e9quipier de Salah d\u00e9livre un puissant message de sortie"}]},{"@type":"WebSite","@id":"https:\/\/footdavant.fr\/actualites\/#website","url":"https:\/\/footdavant.fr\/actualites\/","name":"Foot d'avant","description":"","publisher":{"@id":"https:\/\/footdavant.fr\/actualites\/#organization"},"potentialAction":[{"@type":"SearchAction","target":{"@type":"EntryPoint","urlTemplate":"https:\/\/footdavant.fr\/actualites\/?s={search_term_string}"},"query-input":"required name=search_term_string"}],"inLanguage":"fr-FR"},{"@type":"Organization","@id":"https:\/\/footdavant.fr\/actualites\/#organization","name":"Foot d'avant","url":"https:\/\/footdavant.fr\/actualites\/","logo":{"@type":"ImageObject","inLanguage":"fr-FR","@id":"https:\/\/footdavant.fr\/actualites\/#\/schema\/logo\/image\/","url":"https:\/\/footdavant.fr\/actualites\/wp-content\/uploads\/2023\/09\/Copy-of-FootDavant-Logo.png","contentUrl":"https:\/\/footdavant.fr\/actualites\/wp-content\/uploads\/2023\/09\/Copy-of-FootDavant-Logo.png","width":936,"height":549,"caption":"Foot d'avant"},"image":{"@id":"https:\/\/footdavant.fr\/actualites\/#\/schema\/logo\/image\/"},"sameAs":["https:\/\/www.facebook.com\/Footdavant\/","https:\/\/twitter.com\/FootdavantFr","https:\/\/www.instagram.com\/footdavant.fr\/"]},{"@type":"Person","@id":"https:\/\/footdavant.fr\/actualites\/#\/schema\/person\/bc222566d95871b37e597b3ed3ba5e1d","name":"Cl\u00e9ment","image":{"@type":"ImageObject","inLanguage":"fr-FR","@id":"https:\/\/footdavant.fr\/actualites\/#\/schema\/person\/image\/","url":"https:\/\/secure.gravatar.com\/avatar\/7728b29aac2719421e1a9159b2254c44?s=96&d=mm&r=g","contentUrl":"https:\/\/secure.gravatar.com\/avatar\/7728b29aac2719421e1a9159b2254c44?s=96&d=mm&r=g","caption":"Cl\u00e9ment"},"sameAs":["https:\/\/footdavant.fr\/"]}]}},"_links":{"self":[{"href":"https:\/\/footdavant.fr\/actualites\/wp-json\/wp\/v2\/posts\/35931"}],"collection":[{"href":"https:\/\/footdavant.fr\/actualites\/wp-json\/wp\/v2\/posts"}],"about":[{"href":"https:\/\/footdavant.fr\/actualites\/wp-json\/wp\/v2\/types\/post"}],"author":[{"embeddable":true,"href":"https:\/\/footdavant.fr\/actualites\/wp-json\/wp\/v2\/users\/1"}],"replies":[{"embeddable":true,"href":"https:\/\/footdavant.fr\/actualites\/wp-json\/wp\/v2\/comments?post=35931"}],"version-history":[{"count":1,"href":"https:\/\/footdavant.fr\/actualites\/wp-json\/wp\/v2\/posts\/35931\/revisions"}],"predecessor-version":[{"id":35933,"href":"https:\/\/footdavant.fr\/actualites\/wp-json\/wp\/v2\/posts\/35931\/revisions\/35933"}],"wp:featuredmedia":[{"embeddable":true,"href":"https:\/\/footdavant.fr\/actualites\/wp-json\/wp\/v2\/media\/35932"}],"wp:attachment":[{"href":"https:\/\/footdavant.fr\/actualites\/wp-json\/wp\/v2\/media?parent=35931"}],"wp:term":[{"taxonomy":"category","embeddable":true,"href":"https:\/\/footdavant.fr\/actualites\/wp-json\/wp\/v2\/categories?post=35931"},{"taxonomy":"post_tag","embeddable":true,"href":"https:\/\/footdavant.fr\/actualites\/wp-json\/wp\/v2\/tags?post=35931"}],"curies":[{"name":"wp","href":"https:\/\/api.w.org\/{rel}","templated":true}]}}