{"id":35934,"date":"2026-03-30T06:48:11","date_gmt":"2026-03-30T04:48:11","guid":{"rendered":"https:\/\/footdavant.fr\/actualites\/nouvelles-du-transfert-des-wolves-la-position-de-nasser-djiga-prise-apres-le-pret-des-rangers\/"},"modified":"2026-03-30T06:48:14","modified_gmt":"2026-03-30T04:48:14","slug":"nouvelles-du-transfert-des-wolves-la-position-de-nasser-djiga-prise-apres-le-pret-des-rangers","status":"publish","type":"post","link":"https:\/\/footdavant.fr\/actualites\/nouvelles-du-transfert-des-wolves-la-position-de-nasser-djiga-prise-apres-le-pret-des-rangers\/","title":{"rendered":"Nouvelles du transfert des Wolves : la \u00ab position \u00bb de Nasser Djiga prise apr\u00e8s le pr\u00eat des Rangers"},"content":{"rendered":"<div itemprop=\"articleBody\">\n<p>Les Wolverhampton Wanderers seraient pr\u00eats \u00e0 vendre Nasser Djiga lors du mercato estival.<\/p>\n<p>Le d\u00e9fenseur central est actuellement pr\u00eat\u00e9 aux Rangers, o\u00f9 il tente d&#39;aider les g\u00e9ants de Glasgow \u00e0 remporter le titre de Premiership \u00e9cossaise.<\/p>\n<p>Au total, 33 d\u00e9parts et deux sorties de remplacement ont \u00e9t\u00e9 effectu\u00e9s par le joueur de 23 ans, qui a jou\u00e9 sous la direction de l&#39;entra\u00eeneur-chef Danny Rohl.<\/p>\n<p>L&#39;international burkinab\u00e9 ayant renforc\u00e9 sa r\u00e9putation \u00e0 Ibrox, on s&#39;attendait \u00e0 ce qu&#39;il soit r\u00e9int\u00e9gr\u00e9 dans l&#39;\u00e9quipe des Wolves pour leur probable campagne de championnat la saison prochaine.<\/p>\n<p>Cependant, selon TEAMtalk, l&#39;\u00e9quipe des West Midlands est heureuse de tirer profit de Djiga une fois le march\u00e9 des transferts rouvert en juin.<\/p>\n<div>\n<div>\n<div>\n<p>\u00a9 Imago<\/p>\n<\/div>\n<\/div>\n<\/div>\n<h2>Les loups prennent la position surprise de Djiga<\/h2>\n<p>Le rapport affirme que les Wolves seraient pr\u00eats \u00e0 vendre l&#39;ancien d\u00e9fenseur de l&#39;\u00c9toile rouge de Belgrade pour 5 millions de livres sterling.<\/p>\n<p>Cela repr\u00e9senterait une perte de 50 % sur les 10 millions de livres sterling qu\u2019ils ont d\u00e9bours\u00e9s pas plus tard qu\u2019en f\u00e9vrier 2025.<\/p>\n<p>Dans les quatre mois qui ont suivi son arriv\u00e9e aux Wolves, Djiga n&#39;a eu droit qu&#39;\u00e0 151 minutes de football r\u00e9parties sur six apparitions toutes comp\u00e9titions confondues.<\/p>\n<p>Bien que son contrat \u00e0 Molineux n&#39;expire qu&#39;en 2030, les Wolves sont apparemment pr\u00eats \u00e0 r\u00e9cup\u00e9rer les frais du joueur bien plus t\u00f4t que pr\u00e9vu.<\/p>\n<p>Djiga serait dispos\u00e9 \u00e0 rester chez les Rangers s&#39;ils \u00e9taient en mesure de r\u00e9pondre aux demandes des Wolves concernant sa signature.<\/p>\n<p>Une qualification en Ligue des champions peut \u00eatre requise pour que les Rangers soient pr\u00eats \u00e0 payer 5 millions de livres sterling pour le joueur.<\/p>\n<div>\n<div>\n<div><img decoding=\"async\" data-img-id=\"155494\" class=\"lazy\" loading=\"lazy\" src=\"https:\/\/footdavant.fr\/actualites\/wp-content\/uploads\/2026\/01\/1768150081_243_Nouvelles-du-transfert-des-Wolves-Leeds-verifie-comme-admirateur-de.webp\"\/><\/p>\n<p>\u00a9 Imago \/ Focus Images<\/p>\n<\/div>\n<\/div>\n<\/div>\n<h2>Les Wolves devraient-ils \u00eatre ouverts au s\u00e9jour de Djiga ?<\/h2>\n<p>Bien que les Wolves se soient am\u00e9lior\u00e9s sous Rob Edwards, il est r\u00e9aliste de s\u2019attendre \u00e0 ce qu\u2019un certain nombre de leurs joueurs vedettes et gros salari\u00e9s partent si, ou quand, la rel\u00e9gation en Premier League est confirm\u00e9e.<\/p>\n<p>Santiago Bueno et Ladislav Krejci sont deux d\u00e9fenseurs centraux susceptibles de susciter l&#39;int\u00e9r\u00eat, et Djiga repr\u00e9senterait th\u00e9oriquement un rempla\u00e7ant direct.<\/p>\n<p>Face \u00e0 une campagne de deuxi\u00e8me division de 46 matchs, Edwards aura besoin d&#39;au moins cinq d\u00e9fenseurs centraux \u00e0 sa disposition, en particulier lorsqu&#39;il joue avec trois arri\u00e8res.<\/p>\n<p>Djiga correspondrait apparemment \u00e0 ce dont les Wolves ont besoin pour 2026-2027, mais il semble qu&#39;il n&#39;ait pas encore convaincu Edwards ou les responsables du club \u00e0 ce stade.<\/p>\n<\/div>\n","protected":false},"excerpt":{"rendered":"<p>Les Wolverhampton Wanderers seraient pr\u00eats \u00e0 vendre Nasser Djiga lors du mercato estival. Le d\u00e9fenseur central est actuellement pr\u00eat\u00e9 aux Rangers, o\u00f9 il tente d&#39;aider<\/p>\n","protected":false},"author":1,"featured_media":35935,"comment_status":"closed","ping_status":"","sticky":false,"template":"","format":"standard","meta":{"footnotes":""},"categories":[5],"tags":[25,12,11754,11753,461,2283,165,5541,2642,700,1454],"yoast_head":"<!-- This site is optimized with the Yoast SEO plugin v21.0 - https:\/\/yoast.com\/wordpress\/plugins\/seo\/ -->\n<title>Nouvelles du transfert des Wolves : la \u00ab position \u00bb de Nasser Djiga prise apr\u00e8s le pr\u00eat des Rangers<\/title>\n<meta name=\"robots\" content=\"index, follow, max-snippet:-1, max-image-preview:large, max-video-preview:-1\" \/>\n<link rel=\"canonical\" href=\"https:\/\/footdavant.fr\/actualites\/nouvelles-du-transfert-des-wolves-la-position-de-nasser-djiga-prise-apres-le-pret-des-rangers\/\" \/>\n<meta property=\"og:locale\" content=\"fr_FR\" \/>\n<meta property=\"og:type\" content=\"article\" \/>\n<meta property=\"og:title\" content=\"Nouvelles du transfert des Wolves : la \u00ab position \u00bb de Nasser Djiga prise apr\u00e8s le pr\u00eat des Rangers\" \/>\n<meta property=\"og:description\" content=\"Les Wolverhampton Wanderers seraient pr\u00eats \u00e0 vendre Nasser Djiga lors du mercato estival. Le d\u00e9fenseur central est actuellement pr\u00eat\u00e9 aux Rangers, o\u00f9 il tente d&#039;aider\" \/>\n<meta property=\"og:url\" content=\"https:\/\/footdavant.fr\/actualites\/nouvelles-du-transfert-des-wolves-la-position-de-nasser-djiga-prise-apres-le-pret-des-rangers\/\" \/>\n<meta property=\"og:site_name\" content=\"Foot d&#039;avant\" \/>\n<meta property=\"article:publisher\" content=\"https:\/\/www.facebook.com\/Footdavant\/\" \/>\n<meta property=\"article:published_time\" content=\"2026-03-30T04:48:11+00:00\" \/>\n<meta property=\"article:modified_time\" content=\"2026-03-30T04:48:14+00:00\" \/>\n<meta property=\"og:image\" content=\"https:\/\/footdavant.fr\/actualites\/wp-content\/uploads\/2026\/03\/Nouvelles-du-transfert-des-Wolves-la-position.net2Fuploads2F20252F102Fimago1065637096.webp\" \/>\n\t<meta property=\"og:image:width\" content=\"720\" \/>\n\t<meta property=\"og:image:height\" content=\"410\" \/>\n\t<meta property=\"og:image:type\" content=\"image\/webp\" \/>\n<meta name=\"author\" content=\"Cl\u00e9ment\" \/>\n<meta name=\"twitter:card\" content=\"summary_large_image\" \/>\n<meta name=\"twitter:creator\" content=\"@FootdavantFr\" \/>\n<meta name=\"twitter:site\" content=\"@FootdavantFr\" \/>\n<meta name=\"twitter:label1\" content=\"\u00c9crit par\" \/>\n\t<meta name=\"twitter:data1\" content=\"Cl\u00e9ment\" \/>\n\t<meta name=\"twitter:label2\" content=\"Dur\u00e9e de lecture estim\u00e9e\" \/>\n\t<meta name=\"twitter:data2\" content=\"2 minutes\" \/>\n<script type=\"application\/ld+json\" class=\"yoast-schema-graph\">{\"@context\":\"https:\/\/schema.org\",\"@graph\":[{\"@type\":\"Article\",\"@id\":\"https:\/\/footdavant.fr\/actualites\/nouvelles-du-transfert-des-wolves-la-position-de-nasser-djiga-prise-apres-le-pret-des-rangers\/#article\",\"isPartOf\":{\"@id\":\"https:\/\/footdavant.fr\/actualites\/nouvelles-du-transfert-des-wolves-la-position-de-nasser-djiga-prise-apres-le-pret-des-rangers\/\"},\"author\":{\"name\":\"Cl\u00e9ment\",\"@id\":\"https:\/\/footdavant.fr\/actualites\/#\/schema\/person\/bc222566d95871b37e597b3ed3ba5e1d\"},\"headline\":\"Nouvelles du transfert des Wolves : la \u00ab position \u00bb de Nasser Djiga prise apr\u00e8s le pr\u00eat des Rangers\",\"datePublished\":\"2026-03-30T04:48:11+00:00\",\"dateModified\":\"2026-03-30T04:48:14+00:00\",\"mainEntityOfPage\":{\"@id\":\"https:\/\/footdavant.fr\/actualites\/nouvelles-du-transfert-des-wolves-la-position-de-nasser-djiga-prise-apres-le-pret-des-rangers\/\"},\"wordCount\":452,\"publisher\":{\"@id\":\"https:\/\/footdavant.fr\/actualites\/#organization\"},\"keywords\":[\"apr\u00e8s\",\"des\",\"Djiga\",\"Nasser\",\"Nouvelles\",\"position\",\"pr\u00eat\",\"prise\",\"Rangers\",\"transfert\",\"Wolves\"],\"articleSection\":[\"Premier League\"],\"inLanguage\":\"fr-FR\"},{\"@type\":\"WebPage\",\"@id\":\"https:\/\/footdavant.fr\/actualites\/nouvelles-du-transfert-des-wolves-la-position-de-nasser-djiga-prise-apres-le-pret-des-rangers\/\",\"url\":\"https:\/\/footdavant.fr\/actualites\/nouvelles-du-transfert-des-wolves-la-position-de-nasser-djiga-prise-apres-le-pret-des-rangers\/\",\"name\":\"Nouvelles du transfert des Wolves : la \u00ab position \u00bb de Nasser Djiga prise apr\u00e8s le pr\u00eat des Rangers\",\"isPartOf\":{\"@id\":\"https:\/\/footdavant.fr\/actualites\/#website\"},\"datePublished\":\"2026-03-30T04:48:11+00:00\",\"dateModified\":\"2026-03-30T04:48:14+00:00\",\"breadcrumb\":{\"@id\":\"https:\/\/footdavant.fr\/actualites\/nouvelles-du-transfert-des-wolves-la-position-de-nasser-djiga-prise-apres-le-pret-des-rangers\/#breadcrumb\"},\"inLanguage\":\"fr-FR\",\"potentialAction\":[{\"@type\":\"ReadAction\",\"target\":[\"https:\/\/footdavant.fr\/actualites\/nouvelles-du-transfert-des-wolves-la-position-de-nasser-djiga-prise-apres-le-pret-des-rangers\/\"]}]},{\"@type\":\"BreadcrumbList\",\"@id\":\"https:\/\/footdavant.fr\/actualites\/nouvelles-du-transfert-des-wolves-la-position-de-nasser-djiga-prise-apres-le-pret-des-rangers\/#breadcrumb\",\"itemListElement\":[{\"@type\":\"ListItem\",\"position\":1,\"name\":\"Accueil\",\"item\":\"https:\/\/footdavant.fr\/actualites\/\"},{\"@type\":\"ListItem\",\"position\":2,\"name\":\"Nouvelles du transfert des Wolves : la \u00ab position \u00bb de Nasser Djiga prise apr\u00e8s le pr\u00eat des Rangers\"}]},{\"@type\":\"WebSite\",\"@id\":\"https:\/\/footdavant.fr\/actualites\/#website\",\"url\":\"https:\/\/footdavant.fr\/actualites\/\",\"name\":\"Foot d'avant\",\"description\":\"\",\"publisher\":{\"@id\":\"https:\/\/footdavant.fr\/actualites\/#organization\"},\"potentialAction\":[{\"@type\":\"SearchAction\",\"target\":{\"@type\":\"EntryPoint\",\"urlTemplate\":\"https:\/\/footdavant.fr\/actualites\/?s={search_term_string}\"},\"query-input\":\"required name=search_term_string\"}],\"inLanguage\":\"fr-FR\"},{\"@type\":\"Organization\",\"@id\":\"https:\/\/footdavant.fr\/actualites\/#organization\",\"name\":\"Foot d'avant\",\"url\":\"https:\/\/footdavant.fr\/actualites\/\",\"logo\":{\"@type\":\"ImageObject\",\"inLanguage\":\"fr-FR\",\"@id\":\"https:\/\/footdavant.fr\/actualites\/#\/schema\/logo\/image\/\",\"url\":\"https:\/\/footdavant.fr\/actualites\/wp-content\/uploads\/2023\/09\/Copy-of-FootDavant-Logo.png\",\"contentUrl\":\"https:\/\/footdavant.fr\/actualites\/wp-content\/uploads\/2023\/09\/Copy-of-FootDavant-Logo.png\",\"width\":936,\"height\":549,\"caption\":\"Foot d'avant\"},\"image\":{\"@id\":\"https:\/\/footdavant.fr\/actualites\/#\/schema\/logo\/image\/\"},\"sameAs\":[\"https:\/\/www.facebook.com\/Footdavant\/\",\"https:\/\/twitter.com\/FootdavantFr\",\"https:\/\/www.instagram.com\/footdavant.fr\/\"]},{\"@type\":\"Person\",\"@id\":\"https:\/\/footdavant.fr\/actualites\/#\/schema\/person\/bc222566d95871b37e597b3ed3ba5e1d\",\"name\":\"Cl\u00e9ment\",\"image\":{\"@type\":\"ImageObject\",\"inLanguage\":\"fr-FR\",\"@id\":\"https:\/\/footdavant.fr\/actualites\/#\/schema\/person\/image\/\",\"url\":\"https:\/\/secure.gravatar.com\/avatar\/7728b29aac2719421e1a9159b2254c44?s=96&d=mm&r=g\",\"contentUrl\":\"https:\/\/secure.gravatar.com\/avatar\/7728b29aac2719421e1a9159b2254c44?s=96&d=mm&r=g\",\"caption\":\"Cl\u00e9ment\"},\"sameAs\":[\"https:\/\/footdavant.fr\/\"]}]}<\/script>\n<!-- \/ Yoast SEO plugin. -->","yoast_head_json":{"title":"Nouvelles du transfert des Wolves : la \u00ab position \u00bb de Nasser Djiga prise apr\u00e8s le pr\u00eat des Rangers","robots":{"index":"index","follow":"follow","max-snippet":"max-snippet:-1","max-image-preview":"max-image-preview:large","max-video-preview":"max-video-preview:-1"},"canonical":"https:\/\/footdavant.fr\/actualites\/nouvelles-du-transfert-des-wolves-la-position-de-nasser-djiga-prise-apres-le-pret-des-rangers\/","og_locale":"fr_FR","og_type":"article","og_title":"Nouvelles du transfert des Wolves : la \u00ab position \u00bb de Nasser Djiga prise apr\u00e8s le pr\u00eat des Rangers","og_description":"Les Wolverhampton Wanderers seraient pr\u00eats \u00e0 vendre Nasser Djiga lors du mercato estival. Le d\u00e9fenseur central est actuellement pr\u00eat\u00e9 aux Rangers, o\u00f9 il tente d&#39;aider","og_url":"https:\/\/footdavant.fr\/actualites\/nouvelles-du-transfert-des-wolves-la-position-de-nasser-djiga-prise-apres-le-pret-des-rangers\/","og_site_name":"Foot d&#039;avant","article_publisher":"https:\/\/www.facebook.com\/Footdavant\/","article_published_time":"2026-03-30T04:48:11+00:00","article_modified_time":"2026-03-30T04:48:14+00:00","og_image":[{"width":720,"height":410,"url":"https:\/\/footdavant.fr\/actualites\/wp-content\/uploads\/2026\/03\/Nouvelles-du-transfert-des-Wolves-la-position.net2Fuploads2F20252F102Fimago1065637096.webp","type":"image\/webp"}],"author":"Cl\u00e9ment","twitter_card":"summary_large_image","twitter_creator":"@FootdavantFr","twitter_site":"@FootdavantFr","twitter_misc":{"\u00c9crit par":"Cl\u00e9ment","Dur\u00e9e de lecture estim\u00e9e":"2 minutes"},"schema":{"@context":"https:\/\/schema.org","@graph":[{"@type":"Article","@id":"https:\/\/footdavant.fr\/actualites\/nouvelles-du-transfert-des-wolves-la-position-de-nasser-djiga-prise-apres-le-pret-des-rangers\/#article","isPartOf":{"@id":"https:\/\/footdavant.fr\/actualites\/nouvelles-du-transfert-des-wolves-la-position-de-nasser-djiga-prise-apres-le-pret-des-rangers\/"},"author":{"name":"Cl\u00e9ment","@id":"https:\/\/footdavant.fr\/actualites\/#\/schema\/person\/bc222566d95871b37e597b3ed3ba5e1d"},"headline":"Nouvelles du transfert des Wolves : la \u00ab position \u00bb de Nasser Djiga prise apr\u00e8s le pr\u00eat des Rangers","datePublished":"2026-03-30T04:48:11+00:00","dateModified":"2026-03-30T04:48:14+00:00","mainEntityOfPage":{"@id":"https:\/\/footdavant.fr\/actualites\/nouvelles-du-transfert-des-wolves-la-position-de-nasser-djiga-prise-apres-le-pret-des-rangers\/"},"wordCount":452,"publisher":{"@id":"https:\/\/footdavant.fr\/actualites\/#organization"},"keywords":["apr\u00e8s","des","Djiga","Nasser","Nouvelles","position","pr\u00eat","prise","Rangers","transfert","Wolves"],"articleSection":["Premier League"],"inLanguage":"fr-FR"},{"@type":"WebPage","@id":"https:\/\/footdavant.fr\/actualites\/nouvelles-du-transfert-des-wolves-la-position-de-nasser-djiga-prise-apres-le-pret-des-rangers\/","url":"https:\/\/footdavant.fr\/actualites\/nouvelles-du-transfert-des-wolves-la-position-de-nasser-djiga-prise-apres-le-pret-des-rangers\/","name":"Nouvelles du transfert des Wolves : la \u00ab position \u00bb de Nasser Djiga prise apr\u00e8s le pr\u00eat des Rangers","isPartOf":{"@id":"https:\/\/footdavant.fr\/actualites\/#website"},"datePublished":"2026-03-30T04:48:11+00:00","dateModified":"2026-03-30T04:48:14+00:00","breadcrumb":{"@id":"https:\/\/footdavant.fr\/actualites\/nouvelles-du-transfert-des-wolves-la-position-de-nasser-djiga-prise-apres-le-pret-des-rangers\/#breadcrumb"},"inLanguage":"fr-FR","potentialAction":[{"@type":"ReadAction","target":["https:\/\/footdavant.fr\/actualites\/nouvelles-du-transfert-des-wolves-la-position-de-nasser-djiga-prise-apres-le-pret-des-rangers\/"]}]},{"@type":"BreadcrumbList","@id":"https:\/\/footdavant.fr\/actualites\/nouvelles-du-transfert-des-wolves-la-position-de-nasser-djiga-prise-apres-le-pret-des-rangers\/#breadcrumb","itemListElement":[{"@type":"ListItem","position":1,"name":"Accueil","item":"https:\/\/footdavant.fr\/actualites\/"},{"@type":"ListItem","position":2,"name":"Nouvelles du transfert des Wolves : la \u00ab position \u00bb de Nasser Djiga prise apr\u00e8s le pr\u00eat des Rangers"}]},{"@type":"WebSite","@id":"https:\/\/footdavant.fr\/actualites\/#website","url":"https:\/\/footdavant.fr\/actualites\/","name":"Foot d'avant","description":"","publisher":{"@id":"https:\/\/footdavant.fr\/actualites\/#organization"},"potentialAction":[{"@type":"SearchAction","target":{"@type":"EntryPoint","urlTemplate":"https:\/\/footdavant.fr\/actualites\/?s={search_term_string}"},"query-input":"required name=search_term_string"}],"inLanguage":"fr-FR"},{"@type":"Organization","@id":"https:\/\/footdavant.fr\/actualites\/#organization","name":"Foot d'avant","url":"https:\/\/footdavant.fr\/actualites\/","logo":{"@type":"ImageObject","inLanguage":"fr-FR","@id":"https:\/\/footdavant.fr\/actualites\/#\/schema\/logo\/image\/","url":"https:\/\/footdavant.fr\/actualites\/wp-content\/uploads\/2023\/09\/Copy-of-FootDavant-Logo.png","contentUrl":"https:\/\/footdavant.fr\/actualites\/wp-content\/uploads\/2023\/09\/Copy-of-FootDavant-Logo.png","width":936,"height":549,"caption":"Foot d'avant"},"image":{"@id":"https:\/\/footdavant.fr\/actualites\/#\/schema\/logo\/image\/"},"sameAs":["https:\/\/www.facebook.com\/Footdavant\/","https:\/\/twitter.com\/FootdavantFr","https:\/\/www.instagram.com\/footdavant.fr\/"]},{"@type":"Person","@id":"https:\/\/footdavant.fr\/actualites\/#\/schema\/person\/bc222566d95871b37e597b3ed3ba5e1d","name":"Cl\u00e9ment","image":{"@type":"ImageObject","inLanguage":"fr-FR","@id":"https:\/\/footdavant.fr\/actualites\/#\/schema\/person\/image\/","url":"https:\/\/secure.gravatar.com\/avatar\/7728b29aac2719421e1a9159b2254c44?s=96&d=mm&r=g","contentUrl":"https:\/\/secure.gravatar.com\/avatar\/7728b29aac2719421e1a9159b2254c44?s=96&d=mm&r=g","caption":"Cl\u00e9ment"},"sameAs":["https:\/\/footdavant.fr\/"]}]}},"_links":{"self":[{"href":"https:\/\/footdavant.fr\/actualites\/wp-json\/wp\/v2\/posts\/35934"}],"collection":[{"href":"https:\/\/footdavant.fr\/actualites\/wp-json\/wp\/v2\/posts"}],"about":[{"href":"https:\/\/footdavant.fr\/actualites\/wp-json\/wp\/v2\/types\/post"}],"author":[{"embeddable":true,"href":"https:\/\/footdavant.fr\/actualites\/wp-json\/wp\/v2\/users\/1"}],"replies":[{"embeddable":true,"href":"https:\/\/footdavant.fr\/actualites\/wp-json\/wp\/v2\/comments?post=35934"}],"version-history":[{"count":1,"href":"https:\/\/footdavant.fr\/actualites\/wp-json\/wp\/v2\/posts\/35934\/revisions"}],"predecessor-version":[{"id":35936,"href":"https:\/\/footdavant.fr\/actualites\/wp-json\/wp\/v2\/posts\/35934\/revisions\/35936"}],"wp:featuredmedia":[{"embeddable":true,"href":"https:\/\/footdavant.fr\/actualites\/wp-json\/wp\/v2\/media\/35935"}],"wp:attachment":[{"href":"https:\/\/footdavant.fr\/actualites\/wp-json\/wp\/v2\/media?parent=35934"}],"wp:term":[{"taxonomy":"category","embeddable":true,"href":"https:\/\/footdavant.fr\/actualites\/wp-json\/wp\/v2\/categories?post=35934"},{"taxonomy":"post_tag","embeddable":true,"href":"https:\/\/footdavant.fr\/actualites\/wp-json\/wp\/v2\/tags?post=35934"}],"curies":[{"name":"wp","href":"https:\/\/api.w.org\/{rel}","templated":true}]}}