{"id":35977,"date":"2026-03-31T10:48:19","date_gmt":"2026-03-31T08:48:19","guid":{"rendered":"https:\/\/footdavant.fr\/actualites\/les-veritables-sentiments-de-harry-maguire-sur-ruben-amorim-reveles-apres-la-periode-difficile-du-portugais-a-man-united\/"},"modified":"2026-03-31T10:48:21","modified_gmt":"2026-03-31T08:48:21","slug":"les-veritables-sentiments-de-harry-maguire-sur-ruben-amorim-reveles-apres-la-periode-difficile-du-portugais-a-man-united","status":"publish","type":"post","link":"https:\/\/footdavant.fr\/actualites\/les-veritables-sentiments-de-harry-maguire-sur-ruben-amorim-reveles-apres-la-periode-difficile-du-portugais-a-man-united\/","title":{"rendered":"Les v\u00e9ritables sentiments de Harry Maguire sur Ruben Amorim r\u00e9v\u00e9l\u00e9s apr\u00e8s la p\u00e9riode difficile du Portugais \u00e0 Man United"},"content":{"rendered":"<div itemprop=\"articleBody\">\n<p>L&#39;arri\u00e8re central de Manchester United, Harry Maguire, a soutenu Ruben Amorim pour qu&#39;il continue et profite d&#39;une carri\u00e8re de manager r\u00e9ussie apr\u00e8s son passage d\u00e9cevant \u00e0 Old Trafford.<\/p>\n<p>Amorim a dirig\u00e9 Man United entre novembre 2024 et janvier 2026, et il a guid\u00e9 les Red Devils jusqu&#39;\u00e0 la finale de la Ligue Europa la saison derni\u00e8re.<\/p>\n<p>Cependant, une campagne d\u00e9sastreuse de Premier League 2024-25 a vu les 20 fois champions d\u2019Angleterre terminer \u00e0 la 15e place du classement, perdant 18 de leurs 38 matches.<\/p>\n<p>Amorim s&#39;est vant\u00e9 d&#39;un record de seulement 24 victoires sur ses 63 matchs \u00e0 la t\u00eate de Man United, avec 18 nuls et 21 d\u00e9faites au passage, ce qui lui donne un taux de victoire d&#39;un peu plus de 38 %.<\/p>\n<p>Le Portugais a \u00e9t\u00e9 limog\u00e9 de son poste d&#39;entra\u00eeneur-chef plus t\u00f4t cette ann\u00e9e \u00e0 la suite de la rupture de ses relations avec des hauts responsables d&#39;Old Trafford.<\/p>\n<div>\n<div>\n<div>\n<div>\n<p>\u00a9 Imago \/ Sportimage<\/p>\n<\/div>\n<\/div>\n<\/div>\n<\/div>\n<h2>Amorim a connu une p\u00e9riode difficile \u00e0 la t\u00eate de Man United<\/h2>\n<p>Michael Carrick a depuis pris les commandes, au moins jusqu&#39;\u00e0 la fin de la saison, et l&#39;ancien milieu de terrain du club a guid\u00e9 l&#39;\u00e9quipe vers le haut du classement de la Premier League et vers la troisi\u00e8me place.<\/p>\n<p>Man United est d\u00e9sormais en pole position pour assurer un retour en Ligue des champions pour la campagne 2026-27, ce qui pourrait suffire \u00e0 voir Carrick assurer le poste \u00e0 long terme.<\/p>\n<p>Amorim n&#39;est pas encore retourn\u00e9 au travail, mais Maguire n&#39;a pas tari d&#39;\u00e9loges \u00e0 l&#39;\u00e9gard de son ancien manager lorsqu&#39;il a \u00e9t\u00e9 interrog\u00e9 alors qu&#39;il \u00e9tait en mission internationale avec l&#39;Angleterre.<\/p>\n<p>\u00ab\u00a0Je n&#39;ai pas vraiment grand chose de n\u00e9gatif \u00e0 dire sur Ruben\u00a0\u00bb, a d\u00e9clar\u00e9 Maguire aux journalistes. \u00ab\u00a0J&#39;aime vraiment Ruben, je pense qu&#39;il a de bonnes id\u00e9es. Les id\u00e9es n&#39;ont tout simplement pas fonctionn\u00e9 \u00e0 Manchester United.<\/p>\n<div>\n<div>\n<div>\n<div><img decoding=\"async\" data-img-id=\"157585\" class=\"lazy\" loading=\"lazy\" src=\"https:\/\/footdavant.fr\/actualites\/wp-content\/uploads\/2026\/03\/1774946899_745_Les-veritables-sentiments-de-Harry-Maguire-sur-Ruben-Amorim-reveles.webp\"\/><\/p>\n<p>\u00a9 Imago \/ Pro Sports Images, Sportimage<\/p>\n<\/div>\n<\/div>\n<\/div>\n<\/div>\n<h2>Maguire soutient Amorim pour mener une carri\u00e8re de manager r\u00e9ussie<\/h2>\n<p>\u00ab\u00a0Je crois qu&#39;il continuera et aura une carri\u00e8re incroyable et que dans son prochain club, il remportera probablement de tr\u00e8s nombreux matches de football.<\/p>\n<p>\u00ab\u00a0Cela n&#39;a tout simplement pas fonctionn\u00e9 et je pense que nous, en tant que joueurs, devons \u00e9galement assumer une grande responsabilit\u00e9 dans ce domaine. Mais je pense qu&#39;il a conduit le club dans une direction &#8211; et je pense qu&#39;il m\u00e9rite beaucoup de cr\u00e9dit pour cela &#8211; o\u00f9 il a construit une bonne et solide \u00e9quipe.\u00a0\u00bb<\/p>\n<p>Man United ne sera de retour en action que le 13 avril \u00e0 domicile contre Leeds United en raison de son absence d&#39;Europe et \u00e9galement des quarts de finale de la FA Cup.<\/p>\n<p>Aucune d\u00e9cision sur l&#39;avenir de Carrick n&#39;a encore \u00e9t\u00e9 prise, mais l&#39;homme de 44 ans est actuellement consid\u00e9r\u00e9 comme le favori pour \u00eatre nomm\u00e9 entra\u00eeneur-chef du club \u00e0 titre permanent.<\/p>\n<\/div>\n","protected":false},"excerpt":{"rendered":"<p>L&#39;arri\u00e8re central de Manchester United, Harry Maguire, a soutenu Ruben Amorim pour qu&#39;il continue et profite d&#39;une carri\u00e8re de manager r\u00e9ussie apr\u00e8s son passage d\u00e9cevant<\/p>\n","protected":false},"author":1,"featured_media":35978,"comment_status":"closed","ping_status":"","sticky":false,"template":"","format":"standard","meta":{"footnotes":""},"categories":[5],"tags":[4477,25,268,32,93,33,24,273,4564,1868,160,2532,103,13,3762],"yoast_head":"<!-- This site is optimized with the Yoast SEO plugin v21.0 - https:\/\/yoast.com\/wordpress\/plugins\/seo\/ -->\n<title>Les v\u00e9ritables sentiments de Harry Maguire sur Ruben Amorim r\u00e9v\u00e9l\u00e9s apr\u00e8s la p\u00e9riode difficile du Portugais \u00e0 Man United<\/title>\n<meta name=\"robots\" content=\"index, follow, max-snippet:-1, max-image-preview:large, max-video-preview:-1\" \/>\n<link rel=\"canonical\" href=\"https:\/\/footdavant.fr\/actualites\/les-veritables-sentiments-de-harry-maguire-sur-ruben-amorim-reveles-apres-la-periode-difficile-du-portugais-a-man-united\/\" \/>\n<meta property=\"og:locale\" content=\"fr_FR\" \/>\n<meta property=\"og:type\" content=\"article\" \/>\n<meta property=\"og:title\" content=\"Les v\u00e9ritables sentiments de Harry Maguire sur Ruben Amorim r\u00e9v\u00e9l\u00e9s apr\u00e8s la p\u00e9riode difficile du Portugais \u00e0 Man United\" \/>\n<meta property=\"og:description\" content=\"L&#039;arri\u00e8re central de Manchester United, Harry Maguire, a soutenu Ruben Amorim pour qu&#039;il continue et profite d&#039;une carri\u00e8re de manager r\u00e9ussie apr\u00e8s son passage d\u00e9cevant\" \/>\n<meta property=\"og:url\" content=\"https:\/\/footdavant.fr\/actualites\/les-veritables-sentiments-de-harry-maguire-sur-ruben-amorim-reveles-apres-la-periode-difficile-du-portugais-a-man-united\/\" \/>\n<meta property=\"og:site_name\" content=\"Foot d&#039;avant\" \/>\n<meta property=\"article:publisher\" content=\"https:\/\/www.facebook.com\/Footdavant\/\" \/>\n<meta property=\"article:published_time\" content=\"2026-03-31T08:48:19+00:00\" \/>\n<meta property=\"article:modified_time\" content=\"2026-03-31T08:48:21+00:00\" \/>\n<meta property=\"og:image\" content=\"https:\/\/footdavant.fr\/actualites\/wp-content\/uploads\/2026\/03\/Les-veritables-sentiments-de-Harry-Maguire-sur-Ruben-Amorim-reveles.net2Fuploads2F20252F102Fns-2-photo-frame.webp\" \/>\n\t<meta property=\"og:image:width\" content=\"720\" \/>\n\t<meta property=\"og:image:height\" content=\"410\" \/>\n\t<meta property=\"og:image:type\" content=\"image\/webp\" \/>\n<meta name=\"author\" content=\"Cl\u00e9ment\" \/>\n<meta name=\"twitter:card\" content=\"summary_large_image\" \/>\n<meta name=\"twitter:creator\" content=\"@FootdavantFr\" \/>\n<meta name=\"twitter:site\" content=\"@FootdavantFr\" \/>\n<meta name=\"twitter:label1\" content=\"\u00c9crit par\" \/>\n\t<meta name=\"twitter:data1\" content=\"Cl\u00e9ment\" \/>\n\t<meta name=\"twitter:label2\" content=\"Dur\u00e9e de lecture estim\u00e9e\" \/>\n\t<meta name=\"twitter:data2\" content=\"2 minutes\" \/>\n<script type=\"application\/ld+json\" class=\"yoast-schema-graph\">{\"@context\":\"https:\/\/schema.org\",\"@graph\":[{\"@type\":\"Article\",\"@id\":\"https:\/\/footdavant.fr\/actualites\/les-veritables-sentiments-de-harry-maguire-sur-ruben-amorim-reveles-apres-la-periode-difficile-du-portugais-a-man-united\/#article\",\"isPartOf\":{\"@id\":\"https:\/\/footdavant.fr\/actualites\/les-veritables-sentiments-de-harry-maguire-sur-ruben-amorim-reveles-apres-la-periode-difficile-du-portugais-a-man-united\/\"},\"author\":{\"name\":\"Cl\u00e9ment\",\"@id\":\"https:\/\/footdavant.fr\/actualites\/#\/schema\/person\/bc222566d95871b37e597b3ed3ba5e1d\"},\"headline\":\"Les v\u00e9ritables sentiments de Harry Maguire sur Ruben Amorim r\u00e9v\u00e9l\u00e9s apr\u00e8s la p\u00e9riode difficile du Portugais \u00e0 Man United\",\"datePublished\":\"2026-03-31T08:48:19+00:00\",\"dateModified\":\"2026-03-31T08:48:21+00:00\",\"mainEntityOfPage\":{\"@id\":\"https:\/\/footdavant.fr\/actualites\/les-veritables-sentiments-de-harry-maguire-sur-ruben-amorim-reveles-apres-la-periode-difficile-du-portugais-a-man-united\/\"},\"wordCount\":522,\"publisher\":{\"@id\":\"https:\/\/footdavant.fr\/actualites\/#organization\"},\"keywords\":[\"Amorim\",\"apr\u00e8s\",\"difficile\",\"Harry\",\"les\",\"Maguire\",\"Man\",\"p\u00e9riode\",\"portugais\",\"r\u00e9v\u00e9l\u00e9s\",\"Ruben\",\"sentiments\",\"sur\",\"United\",\"v\u00e9ritables\"],\"articleSection\":[\"Premier League\"],\"inLanguage\":\"fr-FR\"},{\"@type\":\"WebPage\",\"@id\":\"https:\/\/footdavant.fr\/actualites\/les-veritables-sentiments-de-harry-maguire-sur-ruben-amorim-reveles-apres-la-periode-difficile-du-portugais-a-man-united\/\",\"url\":\"https:\/\/footdavant.fr\/actualites\/les-veritables-sentiments-de-harry-maguire-sur-ruben-amorim-reveles-apres-la-periode-difficile-du-portugais-a-man-united\/\",\"name\":\"Les v\u00e9ritables sentiments de Harry Maguire sur Ruben Amorim r\u00e9v\u00e9l\u00e9s apr\u00e8s la p\u00e9riode difficile du Portugais \u00e0 Man United\",\"isPartOf\":{\"@id\":\"https:\/\/footdavant.fr\/actualites\/#website\"},\"datePublished\":\"2026-03-31T08:48:19+00:00\",\"dateModified\":\"2026-03-31T08:48:21+00:00\",\"breadcrumb\":{\"@id\":\"https:\/\/footdavant.fr\/actualites\/les-veritables-sentiments-de-harry-maguire-sur-ruben-amorim-reveles-apres-la-periode-difficile-du-portugais-a-man-united\/#breadcrumb\"},\"inLanguage\":\"fr-FR\",\"potentialAction\":[{\"@type\":\"ReadAction\",\"target\":[\"https:\/\/footdavant.fr\/actualites\/les-veritables-sentiments-de-harry-maguire-sur-ruben-amorim-reveles-apres-la-periode-difficile-du-portugais-a-man-united\/\"]}]},{\"@type\":\"BreadcrumbList\",\"@id\":\"https:\/\/footdavant.fr\/actualites\/les-veritables-sentiments-de-harry-maguire-sur-ruben-amorim-reveles-apres-la-periode-difficile-du-portugais-a-man-united\/#breadcrumb\",\"itemListElement\":[{\"@type\":\"ListItem\",\"position\":1,\"name\":\"Accueil\",\"item\":\"https:\/\/footdavant.fr\/actualites\/\"},{\"@type\":\"ListItem\",\"position\":2,\"name\":\"Les v\u00e9ritables sentiments de Harry Maguire sur Ruben Amorim r\u00e9v\u00e9l\u00e9s apr\u00e8s la p\u00e9riode difficile du Portugais \u00e0 Man United\"}]},{\"@type\":\"WebSite\",\"@id\":\"https:\/\/footdavant.fr\/actualites\/#website\",\"url\":\"https:\/\/footdavant.fr\/actualites\/\",\"name\":\"Foot d'avant\",\"description\":\"\",\"publisher\":{\"@id\":\"https:\/\/footdavant.fr\/actualites\/#organization\"},\"potentialAction\":[{\"@type\":\"SearchAction\",\"target\":{\"@type\":\"EntryPoint\",\"urlTemplate\":\"https:\/\/footdavant.fr\/actualites\/?s={search_term_string}\"},\"query-input\":\"required name=search_term_string\"}],\"inLanguage\":\"fr-FR\"},{\"@type\":\"Organization\",\"@id\":\"https:\/\/footdavant.fr\/actualites\/#organization\",\"name\":\"Foot d'avant\",\"url\":\"https:\/\/footdavant.fr\/actualites\/\",\"logo\":{\"@type\":\"ImageObject\",\"inLanguage\":\"fr-FR\",\"@id\":\"https:\/\/footdavant.fr\/actualites\/#\/schema\/logo\/image\/\",\"url\":\"https:\/\/footdavant.fr\/actualites\/wp-content\/uploads\/2023\/09\/Copy-of-FootDavant-Logo.png\",\"contentUrl\":\"https:\/\/footdavant.fr\/actualites\/wp-content\/uploads\/2023\/09\/Copy-of-FootDavant-Logo.png\",\"width\":936,\"height\":549,\"caption\":\"Foot d'avant\"},\"image\":{\"@id\":\"https:\/\/footdavant.fr\/actualites\/#\/schema\/logo\/image\/\"},\"sameAs\":[\"https:\/\/www.facebook.com\/Footdavant\/\",\"https:\/\/twitter.com\/FootdavantFr\",\"https:\/\/www.instagram.com\/footdavant.fr\/\"]},{\"@type\":\"Person\",\"@id\":\"https:\/\/footdavant.fr\/actualites\/#\/schema\/person\/bc222566d95871b37e597b3ed3ba5e1d\",\"name\":\"Cl\u00e9ment\",\"image\":{\"@type\":\"ImageObject\",\"inLanguage\":\"fr-FR\",\"@id\":\"https:\/\/footdavant.fr\/actualites\/#\/schema\/person\/image\/\",\"url\":\"https:\/\/secure.gravatar.com\/avatar\/7728b29aac2719421e1a9159b2254c44?s=96&d=mm&r=g\",\"contentUrl\":\"https:\/\/secure.gravatar.com\/avatar\/7728b29aac2719421e1a9159b2254c44?s=96&d=mm&r=g\",\"caption\":\"Cl\u00e9ment\"},\"sameAs\":[\"https:\/\/footdavant.fr\/\"]}]}<\/script>\n<!-- \/ Yoast SEO plugin. -->","yoast_head_json":{"title":"Les v\u00e9ritables sentiments de Harry Maguire sur Ruben Amorim r\u00e9v\u00e9l\u00e9s apr\u00e8s la p\u00e9riode difficile du Portugais \u00e0 Man United","robots":{"index":"index","follow":"follow","max-snippet":"max-snippet:-1","max-image-preview":"max-image-preview:large","max-video-preview":"max-video-preview:-1"},"canonical":"https:\/\/footdavant.fr\/actualites\/les-veritables-sentiments-de-harry-maguire-sur-ruben-amorim-reveles-apres-la-periode-difficile-du-portugais-a-man-united\/","og_locale":"fr_FR","og_type":"article","og_title":"Les v\u00e9ritables sentiments de Harry Maguire sur Ruben Amorim r\u00e9v\u00e9l\u00e9s apr\u00e8s la p\u00e9riode difficile du Portugais \u00e0 Man United","og_description":"L&#39;arri\u00e8re central de Manchester United, Harry Maguire, a soutenu Ruben Amorim pour qu&#39;il continue et profite d&#39;une carri\u00e8re de manager r\u00e9ussie apr\u00e8s son passage d\u00e9cevant","og_url":"https:\/\/footdavant.fr\/actualites\/les-veritables-sentiments-de-harry-maguire-sur-ruben-amorim-reveles-apres-la-periode-difficile-du-portugais-a-man-united\/","og_site_name":"Foot d&#039;avant","article_publisher":"https:\/\/www.facebook.com\/Footdavant\/","article_published_time":"2026-03-31T08:48:19+00:00","article_modified_time":"2026-03-31T08:48:21+00:00","og_image":[{"width":720,"height":410,"url":"https:\/\/footdavant.fr\/actualites\/wp-content\/uploads\/2026\/03\/Les-veritables-sentiments-de-Harry-Maguire-sur-Ruben-Amorim-reveles.net2Fuploads2F20252F102Fns-2-photo-frame.webp","type":"image\/webp"}],"author":"Cl\u00e9ment","twitter_card":"summary_large_image","twitter_creator":"@FootdavantFr","twitter_site":"@FootdavantFr","twitter_misc":{"\u00c9crit par":"Cl\u00e9ment","Dur\u00e9e de lecture estim\u00e9e":"2 minutes"},"schema":{"@context":"https:\/\/schema.org","@graph":[{"@type":"Article","@id":"https:\/\/footdavant.fr\/actualites\/les-veritables-sentiments-de-harry-maguire-sur-ruben-amorim-reveles-apres-la-periode-difficile-du-portugais-a-man-united\/#article","isPartOf":{"@id":"https:\/\/footdavant.fr\/actualites\/les-veritables-sentiments-de-harry-maguire-sur-ruben-amorim-reveles-apres-la-periode-difficile-du-portugais-a-man-united\/"},"author":{"name":"Cl\u00e9ment","@id":"https:\/\/footdavant.fr\/actualites\/#\/schema\/person\/bc222566d95871b37e597b3ed3ba5e1d"},"headline":"Les v\u00e9ritables sentiments de Harry Maguire sur Ruben Amorim r\u00e9v\u00e9l\u00e9s apr\u00e8s la p\u00e9riode difficile du Portugais \u00e0 Man United","datePublished":"2026-03-31T08:48:19+00:00","dateModified":"2026-03-31T08:48:21+00:00","mainEntityOfPage":{"@id":"https:\/\/footdavant.fr\/actualites\/les-veritables-sentiments-de-harry-maguire-sur-ruben-amorim-reveles-apres-la-periode-difficile-du-portugais-a-man-united\/"},"wordCount":522,"publisher":{"@id":"https:\/\/footdavant.fr\/actualites\/#organization"},"keywords":["Amorim","apr\u00e8s","difficile","Harry","les","Maguire","Man","p\u00e9riode","portugais","r\u00e9v\u00e9l\u00e9s","Ruben","sentiments","sur","United","v\u00e9ritables"],"articleSection":["Premier League"],"inLanguage":"fr-FR"},{"@type":"WebPage","@id":"https:\/\/footdavant.fr\/actualites\/les-veritables-sentiments-de-harry-maguire-sur-ruben-amorim-reveles-apres-la-periode-difficile-du-portugais-a-man-united\/","url":"https:\/\/footdavant.fr\/actualites\/les-veritables-sentiments-de-harry-maguire-sur-ruben-amorim-reveles-apres-la-periode-difficile-du-portugais-a-man-united\/","name":"Les v\u00e9ritables sentiments de Harry Maguire sur Ruben Amorim r\u00e9v\u00e9l\u00e9s apr\u00e8s la p\u00e9riode difficile du Portugais \u00e0 Man United","isPartOf":{"@id":"https:\/\/footdavant.fr\/actualites\/#website"},"datePublished":"2026-03-31T08:48:19+00:00","dateModified":"2026-03-31T08:48:21+00:00","breadcrumb":{"@id":"https:\/\/footdavant.fr\/actualites\/les-veritables-sentiments-de-harry-maguire-sur-ruben-amorim-reveles-apres-la-periode-difficile-du-portugais-a-man-united\/#breadcrumb"},"inLanguage":"fr-FR","potentialAction":[{"@type":"ReadAction","target":["https:\/\/footdavant.fr\/actualites\/les-veritables-sentiments-de-harry-maguire-sur-ruben-amorim-reveles-apres-la-periode-difficile-du-portugais-a-man-united\/"]}]},{"@type":"BreadcrumbList","@id":"https:\/\/footdavant.fr\/actualites\/les-veritables-sentiments-de-harry-maguire-sur-ruben-amorim-reveles-apres-la-periode-difficile-du-portugais-a-man-united\/#breadcrumb","itemListElement":[{"@type":"ListItem","position":1,"name":"Accueil","item":"https:\/\/footdavant.fr\/actualites\/"},{"@type":"ListItem","position":2,"name":"Les v\u00e9ritables sentiments de Harry Maguire sur Ruben Amorim r\u00e9v\u00e9l\u00e9s apr\u00e8s la p\u00e9riode difficile du Portugais \u00e0 Man United"}]},{"@type":"WebSite","@id":"https:\/\/footdavant.fr\/actualites\/#website","url":"https:\/\/footdavant.fr\/actualites\/","name":"Foot d'avant","description":"","publisher":{"@id":"https:\/\/footdavant.fr\/actualites\/#organization"},"potentialAction":[{"@type":"SearchAction","target":{"@type":"EntryPoint","urlTemplate":"https:\/\/footdavant.fr\/actualites\/?s={search_term_string}"},"query-input":"required name=search_term_string"}],"inLanguage":"fr-FR"},{"@type":"Organization","@id":"https:\/\/footdavant.fr\/actualites\/#organization","name":"Foot d'avant","url":"https:\/\/footdavant.fr\/actualites\/","logo":{"@type":"ImageObject","inLanguage":"fr-FR","@id":"https:\/\/footdavant.fr\/actualites\/#\/schema\/logo\/image\/","url":"https:\/\/footdavant.fr\/actualites\/wp-content\/uploads\/2023\/09\/Copy-of-FootDavant-Logo.png","contentUrl":"https:\/\/footdavant.fr\/actualites\/wp-content\/uploads\/2023\/09\/Copy-of-FootDavant-Logo.png","width":936,"height":549,"caption":"Foot d'avant"},"image":{"@id":"https:\/\/footdavant.fr\/actualites\/#\/schema\/logo\/image\/"},"sameAs":["https:\/\/www.facebook.com\/Footdavant\/","https:\/\/twitter.com\/FootdavantFr","https:\/\/www.instagram.com\/footdavant.fr\/"]},{"@type":"Person","@id":"https:\/\/footdavant.fr\/actualites\/#\/schema\/person\/bc222566d95871b37e597b3ed3ba5e1d","name":"Cl\u00e9ment","image":{"@type":"ImageObject","inLanguage":"fr-FR","@id":"https:\/\/footdavant.fr\/actualites\/#\/schema\/person\/image\/","url":"https:\/\/secure.gravatar.com\/avatar\/7728b29aac2719421e1a9159b2254c44?s=96&d=mm&r=g","contentUrl":"https:\/\/secure.gravatar.com\/avatar\/7728b29aac2719421e1a9159b2254c44?s=96&d=mm&r=g","caption":"Cl\u00e9ment"},"sameAs":["https:\/\/footdavant.fr\/"]}]}},"_links":{"self":[{"href":"https:\/\/footdavant.fr\/actualites\/wp-json\/wp\/v2\/posts\/35977"}],"collection":[{"href":"https:\/\/footdavant.fr\/actualites\/wp-json\/wp\/v2\/posts"}],"about":[{"href":"https:\/\/footdavant.fr\/actualites\/wp-json\/wp\/v2\/types\/post"}],"author":[{"embeddable":true,"href":"https:\/\/footdavant.fr\/actualites\/wp-json\/wp\/v2\/users\/1"}],"replies":[{"embeddable":true,"href":"https:\/\/footdavant.fr\/actualites\/wp-json\/wp\/v2\/comments?post=35977"}],"version-history":[{"count":1,"href":"https:\/\/footdavant.fr\/actualites\/wp-json\/wp\/v2\/posts\/35977\/revisions"}],"predecessor-version":[{"id":35979,"href":"https:\/\/footdavant.fr\/actualites\/wp-json\/wp\/v2\/posts\/35977\/revisions\/35979"}],"wp:featuredmedia":[{"embeddable":true,"href":"https:\/\/footdavant.fr\/actualites\/wp-json\/wp\/v2\/media\/35978"}],"wp:attachment":[{"href":"https:\/\/footdavant.fr\/actualites\/wp-json\/wp\/v2\/media?parent=35977"}],"wp:term":[{"taxonomy":"category","embeddable":true,"href":"https:\/\/footdavant.fr\/actualites\/wp-json\/wp\/v2\/categories?post=35977"},{"taxonomy":"post_tag","embeddable":true,"href":"https:\/\/footdavant.fr\/actualites\/wp-json\/wp\/v2\/tags?post=35977"}],"curies":[{"name":"wp","href":"https:\/\/api.w.org\/{rel}","templated":true}]}}