{"id":35997,"date":"2026-04-01T00:48:01","date_gmt":"2026-03-31T22:48:01","guid":{"rendered":"https:\/\/footdavant.fr\/actualites\/joshua-zirkzee-prend-une-decision-surprise-avant-la-fenetre-estivale\/"},"modified":"2026-04-01T00:48:05","modified_gmt":"2026-03-31T22:48:05","slug":"joshua-zirkzee-prend-une-decision-surprise-avant-la-fenetre-estivale","status":"publish","type":"post","link":"https:\/\/footdavant.fr\/actualites\/joshua-zirkzee-prend-une-decision-surprise-avant-la-fenetre-estivale\/","title":{"rendered":"Joshua Zirkzee prend une d\u00e9cision surprise avant la fen\u00eatre estivale \u2013"},"content":{"rendered":"<div id=\"penci-post-entry-inner\">\n<p>\t\t\t<i class=\"penci-post-countview-number-check\" style=\"display:none\">1<\/i><\/p>\n<p><!--Article Start--><br \/>Dans l\u2019\u00e9tat actuel des choses, Manchester United semble en passe de se qualifier pour la Ligue des champions. Dans ce cas, ils auront besoin d\u2019une puissance de feu suppl\u00e9mentaire.<\/p>\n<p>Les fans s\u2019attendront \u00e0 ce que les Red Devils s\u2019affrontent sur les quatre fronts, et comme Marcus Rashford et Rasmus Hojlund devraient sceller des sorties permanentes cet \u00e9t\u00e9, ils auront Benjamin Sesko et Joshua Zirkzee comme seules options d\u2019attaquants exp\u00e9riment\u00e9s.<\/p>\n<p>Le Slov\u00e8ne est en pleine forme depuis l&#39;arriv\u00e9e de Michael Carrick, mais m\u00eame lui aura besoin de renfort la saison prochaine, surtout au milieu des informations faisant \u00e9tat du d\u00e9part de Zirkzee.<\/p>\n<p>Le N\u00e9erlandais, sign\u00e9 par Erik ten Hag, n&#39;a pas vraiment allum\u00e9 le feu depuis son transfert \u00e0 Old Trafford, marquant seulement neuf buts en 69 matchs toutes comp\u00e9titions confondues.<\/p>\n<h5>Joshua Zirkzee : en difficult\u00e9 \u00e0 United<\/h5>\n<p>Il n&#39;a pas \u00e9t\u00e9 aid\u00e9 par le fait que ses points forts sont sa cr\u00e9ativit\u00e9, et non ses buts, le 20 fois champion de la ligue anglaise ayant cruellement besoin d&#39;un finisseur impitoyable la saison derni\u00e8re.<\/p>\n<p>Le joueur de 24 ans n&#39;a obtenu que quatre titularisations cette saison, et ses minutes r\u00e9duites l&#39;ont fait chuter dans la hi\u00e9rarchie de son \u00e9quipe nationale.<\/p>\n<p>L&#39;ancienne starlette du Bayern Munich cherchait d\u00e9sesp\u00e9r\u00e9ment \u00e0 partir en janvier \u00e0 la recherche de minutes r\u00e9guli\u00e8res et afin de reconqu\u00e9rir sa place pour les Pays-Bas, mais rien ne s&#39;est concr\u00e9tis\u00e9.<\/p>\n<p>On s&#39;attendait \u00e0 ce que l&#39;ancien as de Bologne parte finalement une fois la campagne en cours termin\u00e9e, mais le Daily Mail a une mise \u00e0 jour int\u00e9ressante \u00e0 ce sujet.<\/p>\n<h5>Joshua Zirkzee fait demi-tour<\/h5>\n<p>Ils ont affirm\u00e9 que Joshua Zirkzee ne ressentait plus cette envie et \u00e9tait pr\u00eat \u00e0 rester et \u00e0 se battre pour sa place sous Carrick.<\/p>\n<p>Son raisonnement est qu&#39;avec plus de matchs la saison prochaine, ses opportunit\u00e9s augmenteront \u00e9galement, d&#39;autant plus qu&#39;il est peu probable que United fasse des folies en attaque s&#39;il reste.<\/p>\n<p>\u00ab L&#39;ann\u00e9e derni\u00e8re, Zirkzee tenait \u00e0 partir dans le but d&#39;obtenir plus de minutes et de renforcer ses espoirs de se qualifier pour la Coupe du monde.<\/p>\n<p>\u00ab\u00a0Mais on dit maintenant que Zirkzee est impatient de rester \u00e0 United et croit fermement qu&#39;il aura des chances sous Michael Carrick une fois que le club reviendra dans le football europ\u00e9en.<\/p>\n<h5>United a une d\u00e9cision difficile \u00e0 prendre<\/h5>\n<p>\u00ab\u00a0Maintenant, le d\u00e9sir de Zirkzee de rester n&#39;est peut-\u00eatre pas suffisant pour le voir rester au-del\u00e0 de la fin de la saison, mais il y a une diff\u00e9rence entre d&#39;autres noms li\u00e9s \u00e0 une sortie cet \u00e9t\u00e9. D&#39;apr\u00e8s mes informations, Zirkzee est d\u00e9termin\u00e9 \u00e0 rester et \u00e0 avoir un impact la saison prochaine.<\/p>\n<p>\u00ab\u00a0Des sources proches du joueur ne sont pas convaincues que United renforcera son attaque au cours de la prochaine intersaison et avec plus de matchs ajout\u00e9s au calendrier, Zirkzee pense que Carrick lui donnera plus d&#39;opportunit\u00e9s de jouer.\u00a0\u00bb<\/p>\n<p>United a toute une d\u00e9cision entre les mains au cas o\u00f9 Joshua Zirkzee choisirait de rester. Les clubs de Serie A sont int\u00e9ress\u00e9s, mais cela d\u00e9pend beaucoup du montant qui leur est propos\u00e9 et des options de remplacement disponibles sur le march\u00e9.<\/p>\n<\/p>\n<hr\/>\n<p>The Peoples Person est l&#39;un des principaux sites d&#39;information de Man United au monde depuis plus d&#39;une d\u00e9cennie. Suivez-nous sur Bluesky\u00a0: @peoplesperson.bsky.social<\/p>\n<p>\n<!--Article End--><\/p>\n<p><!-- CONTENT END 2 --><\/p><\/div>\n","protected":false},"excerpt":{"rendered":"<p>1 Dans l\u2019\u00e9tat actuel des choses, Manchester United semble en passe de se qualifier pour la Ligue des champions. Dans ce cas, ils auront besoin<\/p>\n","protected":false},"author":1,"featured_media":35998,"comment_status":"closed","ping_status":"","sticky":false,"template":"","format":"standard","meta":{"footnotes":""},"categories":[3],"tags":[491,497,2908,2446,2611,88,2666,92,2631],"yoast_head":"<!-- This site is optimized with the Yoast SEO plugin v21.0 - https:\/\/yoast.com\/wordpress\/plugins\/seo\/ -->\n<title>Joshua Zirkzee prend une d\u00e9cision surprise avant la fen\u00eatre estivale \u2013<\/title>\n<meta name=\"robots\" content=\"index, follow, max-snippet:-1, max-image-preview:large, max-video-preview:-1\" \/>\n<link rel=\"canonical\" href=\"https:\/\/footdavant.fr\/actualites\/joshua-zirkzee-prend-une-decision-surprise-avant-la-fenetre-estivale\/\" \/>\n<meta property=\"og:locale\" content=\"fr_FR\" \/>\n<meta property=\"og:type\" content=\"article\" \/>\n<meta property=\"og:title\" content=\"Joshua Zirkzee prend une d\u00e9cision surprise avant la fen\u00eatre estivale \u2013\" \/>\n<meta property=\"og:description\" content=\"1 Dans l\u2019\u00e9tat actuel des choses, Manchester United semble en passe de se qualifier pour la Ligue des champions. Dans ce cas, ils auront besoin\" \/>\n<meta property=\"og:url\" content=\"https:\/\/footdavant.fr\/actualites\/joshua-zirkzee-prend-une-decision-surprise-avant-la-fenetre-estivale\/\" \/>\n<meta property=\"og:site_name\" content=\"Foot d&#039;avant\" \/>\n<meta property=\"article:publisher\" content=\"https:\/\/www.facebook.com\/Footdavant\/\" \/>\n<meta property=\"article:published_time\" content=\"2026-03-31T22:48:01+00:00\" \/>\n<meta property=\"article:modified_time\" content=\"2026-03-31T22:48:05+00:00\" \/>\n<meta property=\"og:image\" content=\"https:\/\/footdavant.fr\/actualites\/wp-content\/uploads\/2026\/04\/Joshua-Zirkzee-prend-une-decision-surprise-avant-la-fenetre-estivale.webp\" \/>\n\t<meta property=\"og:image:width\" content=\"1600\" \/>\n\t<meta property=\"og:image:height\" content=\"719\" \/>\n\t<meta property=\"og:image:type\" content=\"image\/webp\" \/>\n<meta name=\"author\" content=\"Cl\u00e9ment\" \/>\n<meta name=\"twitter:card\" content=\"summary_large_image\" \/>\n<meta name=\"twitter:creator\" content=\"@FootdavantFr\" \/>\n<meta name=\"twitter:site\" content=\"@FootdavantFr\" \/>\n<meta name=\"twitter:label1\" content=\"\u00c9crit par\" \/>\n\t<meta name=\"twitter:data1\" content=\"Cl\u00e9ment\" \/>\n\t<meta name=\"twitter:label2\" content=\"Dur\u00e9e de lecture estim\u00e9e\" \/>\n\t<meta name=\"twitter:data2\" content=\"3 minutes\" \/>\n<script type=\"application\/ld+json\" class=\"yoast-schema-graph\">{\"@context\":\"https:\/\/schema.org\",\"@graph\":[{\"@type\":\"Article\",\"@id\":\"https:\/\/footdavant.fr\/actualites\/joshua-zirkzee-prend-une-decision-surprise-avant-la-fenetre-estivale\/#article\",\"isPartOf\":{\"@id\":\"https:\/\/footdavant.fr\/actualites\/joshua-zirkzee-prend-une-decision-surprise-avant-la-fenetre-estivale\/\"},\"author\":{\"name\":\"Cl\u00e9ment\",\"@id\":\"https:\/\/footdavant.fr\/actualites\/#\/schema\/person\/bc222566d95871b37e597b3ed3ba5e1d\"},\"headline\":\"Joshua Zirkzee prend une d\u00e9cision surprise avant la fen\u00eatre estivale \u2013\",\"datePublished\":\"2026-03-31T22:48:01+00:00\",\"dateModified\":\"2026-03-31T22:48:05+00:00\",\"mainEntityOfPage\":{\"@id\":\"https:\/\/footdavant.fr\/actualites\/joshua-zirkzee-prend-une-decision-surprise-avant-la-fenetre-estivale\/\"},\"wordCount\":603,\"publisher\":{\"@id\":\"https:\/\/footdavant.fr\/actualites\/#organization\"},\"keywords\":[\"avant\",\"d\u00e9cision\",\"estivale\",\"fen\u00eatre\",\"Joshua\",\"prend\",\"surprise\",\"une\",\"Zirkzee\"],\"articleSection\":[\"Football\"],\"inLanguage\":\"fr-FR\"},{\"@type\":\"WebPage\",\"@id\":\"https:\/\/footdavant.fr\/actualites\/joshua-zirkzee-prend-une-decision-surprise-avant-la-fenetre-estivale\/\",\"url\":\"https:\/\/footdavant.fr\/actualites\/joshua-zirkzee-prend-une-decision-surprise-avant-la-fenetre-estivale\/\",\"name\":\"Joshua Zirkzee prend une d\u00e9cision surprise avant la fen\u00eatre estivale \u2013\",\"isPartOf\":{\"@id\":\"https:\/\/footdavant.fr\/actualites\/#website\"},\"datePublished\":\"2026-03-31T22:48:01+00:00\",\"dateModified\":\"2026-03-31T22:48:05+00:00\",\"breadcrumb\":{\"@id\":\"https:\/\/footdavant.fr\/actualites\/joshua-zirkzee-prend-une-decision-surprise-avant-la-fenetre-estivale\/#breadcrumb\"},\"inLanguage\":\"fr-FR\",\"potentialAction\":[{\"@type\":\"ReadAction\",\"target\":[\"https:\/\/footdavant.fr\/actualites\/joshua-zirkzee-prend-une-decision-surprise-avant-la-fenetre-estivale\/\"]}]},{\"@type\":\"BreadcrumbList\",\"@id\":\"https:\/\/footdavant.fr\/actualites\/joshua-zirkzee-prend-une-decision-surprise-avant-la-fenetre-estivale\/#breadcrumb\",\"itemListElement\":[{\"@type\":\"ListItem\",\"position\":1,\"name\":\"Accueil\",\"item\":\"https:\/\/footdavant.fr\/actualites\/\"},{\"@type\":\"ListItem\",\"position\":2,\"name\":\"Joshua Zirkzee prend une d\u00e9cision surprise avant la fen\u00eatre estivale \u2013\"}]},{\"@type\":\"WebSite\",\"@id\":\"https:\/\/footdavant.fr\/actualites\/#website\",\"url\":\"https:\/\/footdavant.fr\/actualites\/\",\"name\":\"Foot d'avant\",\"description\":\"\",\"publisher\":{\"@id\":\"https:\/\/footdavant.fr\/actualites\/#organization\"},\"potentialAction\":[{\"@type\":\"SearchAction\",\"target\":{\"@type\":\"EntryPoint\",\"urlTemplate\":\"https:\/\/footdavant.fr\/actualites\/?s={search_term_string}\"},\"query-input\":\"required name=search_term_string\"}],\"inLanguage\":\"fr-FR\"},{\"@type\":\"Organization\",\"@id\":\"https:\/\/footdavant.fr\/actualites\/#organization\",\"name\":\"Foot d'avant\",\"url\":\"https:\/\/footdavant.fr\/actualites\/\",\"logo\":{\"@type\":\"ImageObject\",\"inLanguage\":\"fr-FR\",\"@id\":\"https:\/\/footdavant.fr\/actualites\/#\/schema\/logo\/image\/\",\"url\":\"https:\/\/footdavant.fr\/actualites\/wp-content\/uploads\/2023\/09\/Copy-of-FootDavant-Logo.png\",\"contentUrl\":\"https:\/\/footdavant.fr\/actualites\/wp-content\/uploads\/2023\/09\/Copy-of-FootDavant-Logo.png\",\"width\":936,\"height\":549,\"caption\":\"Foot d'avant\"},\"image\":{\"@id\":\"https:\/\/footdavant.fr\/actualites\/#\/schema\/logo\/image\/\"},\"sameAs\":[\"https:\/\/www.facebook.com\/Footdavant\/\",\"https:\/\/twitter.com\/FootdavantFr\",\"https:\/\/www.instagram.com\/footdavant.fr\/\"]},{\"@type\":\"Person\",\"@id\":\"https:\/\/footdavant.fr\/actualites\/#\/schema\/person\/bc222566d95871b37e597b3ed3ba5e1d\",\"name\":\"Cl\u00e9ment\",\"image\":{\"@type\":\"ImageObject\",\"inLanguage\":\"fr-FR\",\"@id\":\"https:\/\/footdavant.fr\/actualites\/#\/schema\/person\/image\/\",\"url\":\"https:\/\/secure.gravatar.com\/avatar\/7728b29aac2719421e1a9159b2254c44?s=96&d=mm&r=g\",\"contentUrl\":\"https:\/\/secure.gravatar.com\/avatar\/7728b29aac2719421e1a9159b2254c44?s=96&d=mm&r=g\",\"caption\":\"Cl\u00e9ment\"},\"sameAs\":[\"https:\/\/footdavant.fr\/\"]}]}<\/script>\n<!-- \/ Yoast SEO plugin. -->","yoast_head_json":{"title":"Joshua Zirkzee prend une d\u00e9cision surprise avant la fen\u00eatre estivale \u2013","robots":{"index":"index","follow":"follow","max-snippet":"max-snippet:-1","max-image-preview":"max-image-preview:large","max-video-preview":"max-video-preview:-1"},"canonical":"https:\/\/footdavant.fr\/actualites\/joshua-zirkzee-prend-une-decision-surprise-avant-la-fenetre-estivale\/","og_locale":"fr_FR","og_type":"article","og_title":"Joshua Zirkzee prend une d\u00e9cision surprise avant la fen\u00eatre estivale \u2013","og_description":"1 Dans l\u2019\u00e9tat actuel des choses, Manchester United semble en passe de se qualifier pour la Ligue des champions. Dans ce cas, ils auront besoin","og_url":"https:\/\/footdavant.fr\/actualites\/joshua-zirkzee-prend-une-decision-surprise-avant-la-fenetre-estivale\/","og_site_name":"Foot d&#039;avant","article_publisher":"https:\/\/www.facebook.com\/Footdavant\/","article_published_time":"2026-03-31T22:48:01+00:00","article_modified_time":"2026-03-31T22:48:05+00:00","og_image":[{"width":1600,"height":719,"url":"https:\/\/footdavant.fr\/actualites\/wp-content\/uploads\/2026\/04\/Joshua-Zirkzee-prend-une-decision-surprise-avant-la-fenetre-estivale.webp","type":"image\/webp"}],"author":"Cl\u00e9ment","twitter_card":"summary_large_image","twitter_creator":"@FootdavantFr","twitter_site":"@FootdavantFr","twitter_misc":{"\u00c9crit par":"Cl\u00e9ment","Dur\u00e9e de lecture estim\u00e9e":"3 minutes"},"schema":{"@context":"https:\/\/schema.org","@graph":[{"@type":"Article","@id":"https:\/\/footdavant.fr\/actualites\/joshua-zirkzee-prend-une-decision-surprise-avant-la-fenetre-estivale\/#article","isPartOf":{"@id":"https:\/\/footdavant.fr\/actualites\/joshua-zirkzee-prend-une-decision-surprise-avant-la-fenetre-estivale\/"},"author":{"name":"Cl\u00e9ment","@id":"https:\/\/footdavant.fr\/actualites\/#\/schema\/person\/bc222566d95871b37e597b3ed3ba5e1d"},"headline":"Joshua Zirkzee prend une d\u00e9cision surprise avant la fen\u00eatre estivale \u2013","datePublished":"2026-03-31T22:48:01+00:00","dateModified":"2026-03-31T22:48:05+00:00","mainEntityOfPage":{"@id":"https:\/\/footdavant.fr\/actualites\/joshua-zirkzee-prend-une-decision-surprise-avant-la-fenetre-estivale\/"},"wordCount":603,"publisher":{"@id":"https:\/\/footdavant.fr\/actualites\/#organization"},"keywords":["avant","d\u00e9cision","estivale","fen\u00eatre","Joshua","prend","surprise","une","Zirkzee"],"articleSection":["Football"],"inLanguage":"fr-FR"},{"@type":"WebPage","@id":"https:\/\/footdavant.fr\/actualites\/joshua-zirkzee-prend-une-decision-surprise-avant-la-fenetre-estivale\/","url":"https:\/\/footdavant.fr\/actualites\/joshua-zirkzee-prend-une-decision-surprise-avant-la-fenetre-estivale\/","name":"Joshua Zirkzee prend une d\u00e9cision surprise avant la fen\u00eatre estivale \u2013","isPartOf":{"@id":"https:\/\/footdavant.fr\/actualites\/#website"},"datePublished":"2026-03-31T22:48:01+00:00","dateModified":"2026-03-31T22:48:05+00:00","breadcrumb":{"@id":"https:\/\/footdavant.fr\/actualites\/joshua-zirkzee-prend-une-decision-surprise-avant-la-fenetre-estivale\/#breadcrumb"},"inLanguage":"fr-FR","potentialAction":[{"@type":"ReadAction","target":["https:\/\/footdavant.fr\/actualites\/joshua-zirkzee-prend-une-decision-surprise-avant-la-fenetre-estivale\/"]}]},{"@type":"BreadcrumbList","@id":"https:\/\/footdavant.fr\/actualites\/joshua-zirkzee-prend-une-decision-surprise-avant-la-fenetre-estivale\/#breadcrumb","itemListElement":[{"@type":"ListItem","position":1,"name":"Accueil","item":"https:\/\/footdavant.fr\/actualites\/"},{"@type":"ListItem","position":2,"name":"Joshua Zirkzee prend une d\u00e9cision surprise avant la fen\u00eatre estivale \u2013"}]},{"@type":"WebSite","@id":"https:\/\/footdavant.fr\/actualites\/#website","url":"https:\/\/footdavant.fr\/actualites\/","name":"Foot d'avant","description":"","publisher":{"@id":"https:\/\/footdavant.fr\/actualites\/#organization"},"potentialAction":[{"@type":"SearchAction","target":{"@type":"EntryPoint","urlTemplate":"https:\/\/footdavant.fr\/actualites\/?s={search_term_string}"},"query-input":"required name=search_term_string"}],"inLanguage":"fr-FR"},{"@type":"Organization","@id":"https:\/\/footdavant.fr\/actualites\/#organization","name":"Foot d'avant","url":"https:\/\/footdavant.fr\/actualites\/","logo":{"@type":"ImageObject","inLanguage":"fr-FR","@id":"https:\/\/footdavant.fr\/actualites\/#\/schema\/logo\/image\/","url":"https:\/\/footdavant.fr\/actualites\/wp-content\/uploads\/2023\/09\/Copy-of-FootDavant-Logo.png","contentUrl":"https:\/\/footdavant.fr\/actualites\/wp-content\/uploads\/2023\/09\/Copy-of-FootDavant-Logo.png","width":936,"height":549,"caption":"Foot d'avant"},"image":{"@id":"https:\/\/footdavant.fr\/actualites\/#\/schema\/logo\/image\/"},"sameAs":["https:\/\/www.facebook.com\/Footdavant\/","https:\/\/twitter.com\/FootdavantFr","https:\/\/www.instagram.com\/footdavant.fr\/"]},{"@type":"Person","@id":"https:\/\/footdavant.fr\/actualites\/#\/schema\/person\/bc222566d95871b37e597b3ed3ba5e1d","name":"Cl\u00e9ment","image":{"@type":"ImageObject","inLanguage":"fr-FR","@id":"https:\/\/footdavant.fr\/actualites\/#\/schema\/person\/image\/","url":"https:\/\/secure.gravatar.com\/avatar\/7728b29aac2719421e1a9159b2254c44?s=96&d=mm&r=g","contentUrl":"https:\/\/secure.gravatar.com\/avatar\/7728b29aac2719421e1a9159b2254c44?s=96&d=mm&r=g","caption":"Cl\u00e9ment"},"sameAs":["https:\/\/footdavant.fr\/"]}]}},"_links":{"self":[{"href":"https:\/\/footdavant.fr\/actualites\/wp-json\/wp\/v2\/posts\/35997"}],"collection":[{"href":"https:\/\/footdavant.fr\/actualites\/wp-json\/wp\/v2\/posts"}],"about":[{"href":"https:\/\/footdavant.fr\/actualites\/wp-json\/wp\/v2\/types\/post"}],"author":[{"embeddable":true,"href":"https:\/\/footdavant.fr\/actualites\/wp-json\/wp\/v2\/users\/1"}],"replies":[{"embeddable":true,"href":"https:\/\/footdavant.fr\/actualites\/wp-json\/wp\/v2\/comments?post=35997"}],"version-history":[{"count":1,"href":"https:\/\/footdavant.fr\/actualites\/wp-json\/wp\/v2\/posts\/35997\/revisions"}],"predecessor-version":[{"id":35999,"href":"https:\/\/footdavant.fr\/actualites\/wp-json\/wp\/v2\/posts\/35997\/revisions\/35999"}],"wp:featuredmedia":[{"embeddable":true,"href":"https:\/\/footdavant.fr\/actualites\/wp-json\/wp\/v2\/media\/35998"}],"wp:attachment":[{"href":"https:\/\/footdavant.fr\/actualites\/wp-json\/wp\/v2\/media?parent=35997"}],"wp:term":[{"taxonomy":"category","embeddable":true,"href":"https:\/\/footdavant.fr\/actualites\/wp-json\/wp\/v2\/categories?post=35997"},{"taxonomy":"post_tag","embeddable":true,"href":"https:\/\/footdavant.fr\/actualites\/wp-json\/wp\/v2\/tags?post=35997"}],"curies":[{"name":"wp","href":"https:\/\/api.w.org\/{rel}","templated":true}]}}