{"id":36000,"date":"2026-04-01T02:48:01","date_gmt":"2026-04-01T00:48:01","guid":{"rendered":"https:\/\/footdavant.fr\/actualites\/harry-maguire-laisse-tomber-un-indice-majeur-sur-lavenir-de-man-united-les-red-devils-devraient-ils-prolonger-le-contrat-de-33-ans\/"},"modified":"2026-04-01T02:48:03","modified_gmt":"2026-04-01T00:48:03","slug":"harry-maguire-laisse-tomber-un-indice-majeur-sur-lavenir-de-man-united-les-red-devils-devraient-ils-prolonger-le-contrat-de-33-ans","status":"publish","type":"post","link":"https:\/\/footdavant.fr\/actualites\/harry-maguire-laisse-tomber-un-indice-majeur-sur-lavenir-de-man-united-les-red-devils-devraient-ils-prolonger-le-contrat-de-33-ans\/","title":{"rendered":"Harry Maguire laisse tomber un indice majeur sur l&#39;avenir de Man United : les Red Devils devraient-ils prolonger le contrat de 33 ans ?"},"content":{"rendered":"<div itemprop=\"articleBody\">\n<p>Le d\u00e9fenseur central de Manchester United, Harry Maguire, a laiss\u00e9 entendre qu&#39;il allait bient\u00f4t signer un nouveau contrat \u00e0 Old Trafford.<\/p>\n<p>Le contrat de Maguire avec les 20 fois champions d&#39;Angleterre doit expirer cet \u00e9t\u00e9 et, dans l&#39;\u00e9tat actuel des choses, le d\u00e9fenseur exp\u00e9riment\u00e9 quittera Old Trafford avec un transfert gratuit.<\/p>\n<p>Cependant, la forme du joueur de 33 ans sous Michael Carrick a \u00e9t\u00e9 excellente et on s&#39;attend \u00e0 ce que le d\u00e9fenseur central signe un nouveau contrat d&#39;un an.<\/p>\n<p>Maguire, qui a \u00e9t\u00e9 rappel\u00e9 dans l&#39;\u00e9quipe d&#39;Angleterre, a d\u00e9clar\u00e9 qu&#39;une d\u00e9cision sur son avenir serait prise \u00ab\u00a0le plus t\u00f4t possible\u00a0\u00bb.<\/p>\n<p>\u00ab\u00a0Je pense qu&#39;il y a eu des discussions\u00a0\u00bb, a d\u00e9clar\u00e9 Maguire aux journalistes interrog\u00e9 sur son avenir. \u00abJe pense que nous parviendrons \u00e0 un accord l\u00e0 o\u00f9 ce sera le mieux pour le club et moi-m\u00eame.<\/p>\n<div>\n<div>\n<div>\n<div>\n<p>\u00a9 Imago<\/p>\n<\/div>\n<\/div>\n<\/div>\n<\/div>\n<h2>Maguire fait allusion \u00e0 un nouveau contrat \u00e0 Man United<\/h2>\n<p>\u00ab\u00a0Quel est cet accord, je suis s\u00fbr que vous le d\u00e9couvrirez au cours des prochaines semaines. Mais, oui, je pense que cela sera r\u00e9gl\u00e9 le plus t\u00f4t possible, que je reste ou que je parte. Mais je pense que cela sera \u2013 et devrait \u2013 \u00eatre r\u00e9gl\u00e9 tr\u00e8s bient\u00f4t.<\/p>\n<p>\u00ab\u00a0J&#39;adore ce club. Mais \u00e7a doit \u00eatre bon pour moi, \u00e7a doit aussi \u00eatre bon pour le club.<\/p>\n<p>\u00ab\u00a0Je ne veux pas rester sur une valeur sentimentale. Je veux rester parce que je veux \u00eatre l\u00e0 et le club veut que je le fasse avancer encore, et ils ont le sentiment que j&#39;ai un grand r\u00f4le \u00e0 jouer l\u00e0-dedans.<\/p>\n<p>\u00ab\u00a0Et si tel est le cas, alors je suis s\u00fbr que nous allons nous asseoir et parvenir \u00e0 quelque chose.\u00a0\u00bb<\/p>\n<div>\n<div>\n<div>\n<div><img decoding=\"async\" data-img-id=\"154280\" class=\"lazy\" loading=\"lazy\" src=\"https:\/\/footdavant.fr\/actualites\/wp-content\/uploads\/2026\/02\/Nouvelles-du-transfert-de-Manchester-United-la-decision.webp\"\/><\/p>\n<p>\u00a9 Iconsport \/ PA Images<\/p>\n<\/div>\n<\/div>\n<\/div>\n<\/div>\n<h2>Maguire m\u00e9rite-t-il un nouvel accord \u00e0 Man United ?<\/h2>\n<p>Accorder \u00e0 Maguire un nouveau contrat \u00e0 Man United n\u2019est pas une d\u00e9cision difficile pour le club.<\/p>\n<p>Le d\u00e9fenseur central serait pr\u00eat \u00e0 accepter une r\u00e9duction de salaire, tel est son d\u00e9sir de rester \u00e0 Old Trafford, et ses performances sous Carrick ont \u200b\u200b\u00e9t\u00e9 tr\u00e8s impressionnantes.<\/p>\n<p>Il y a eu des moments ces derniers temps o\u00f9 il est apparu que la carri\u00e8re de Maguire \u00e0 Man United \u00e9tait termin\u00e9e, mais le d\u00e9fenseur a fait preuve d&#39;un caract\u00e8re incroyable lors de ses p\u00e9riodes difficiles.<\/p>\n<p>Maguire m\u00e9rite de se rendre \u00e0 la Coupe du monde avec l&#39;Angleterre cet \u00e9t\u00e9 avant de retourner \u00e0 Old Trafford pour au moins une campagne suppl\u00e9mentaire avec les 20 fois champions d&#39;Angleterre.<\/p>\n<\/div>\n","protected":false},"excerpt":{"rendered":"<p>Le d\u00e9fenseur central de Manchester United, Harry Maguire, a laiss\u00e9 entendre qu&#39;il allait bient\u00f4t signer un nouveau contrat \u00e0 Old Trafford. Le contrat de Maguire<\/p>\n","protected":false},"author":1,"featured_media":34489,"comment_status":"closed","ping_status":"","sticky":false,"template":"","format":"standard","meta":{"footnotes":""},"categories":[5],"tags":[209,1218,265,8533,32,5902,4309,2203,93,33,246,24,4805,536,103,3977,13],"yoast_head":"<!-- This site is optimized with the Yoast SEO plugin v21.0 - https:\/\/yoast.com\/wordpress\/plugins\/seo\/ -->\n<title>Harry Maguire laisse tomber un indice majeur sur l&#039;avenir de Man United : les Red Devils devraient-ils prolonger le contrat de 33 ans ?<\/title>\n<meta name=\"robots\" content=\"index, follow, max-snippet:-1, max-image-preview:large, max-video-preview:-1\" \/>\n<link rel=\"canonical\" href=\"https:\/\/footdavant.fr\/actualites\/harry-maguire-laisse-tomber-un-indice-majeur-sur-lavenir-de-man-united-les-red-devils-devraient-ils-prolonger-le-contrat-de-33-ans\/\" \/>\n<meta property=\"og:locale\" content=\"fr_FR\" \/>\n<meta property=\"og:type\" content=\"article\" \/>\n<meta property=\"og:title\" content=\"Harry Maguire laisse tomber un indice majeur sur l&#039;avenir de Man United : les Red Devils devraient-ils prolonger le contrat de 33 ans ?\" \/>\n<meta property=\"og:description\" content=\"Le d\u00e9fenseur central de Manchester United, Harry Maguire, a laiss\u00e9 entendre qu&#039;il allait bient\u00f4t signer un nouveau contrat \u00e0 Old Trafford. Le contrat de Maguire\" \/>\n<meta property=\"og:url\" content=\"https:\/\/footdavant.fr\/actualites\/harry-maguire-laisse-tomber-un-indice-majeur-sur-lavenir-de-man-united-les-red-devils-devraient-ils-prolonger-le-contrat-de-33-ans\/\" \/>\n<meta property=\"og:site_name\" content=\"Foot d&#039;avant\" \/>\n<meta property=\"article:publisher\" content=\"https:\/\/www.facebook.com\/Footdavant\/\" \/>\n<meta property=\"article:published_time\" content=\"2026-04-01T00:48:01+00:00\" \/>\n<meta property=\"article:modified_time\" content=\"2026-04-01T00:48:03+00:00\" \/>\n<meta property=\"og:image\" content=\"https:\/\/footdavant.fr\/actualites\/wp-content\/uploads\/2026\/02\/Harry-Maguire-de-Man-Utd-publie-une-mise-a-jour.net2Fuploads2F20262F012Farne-slot-mo-sal.webp\" \/>\n\t<meta property=\"og:image:width\" content=\"720\" \/>\n\t<meta property=\"og:image:height\" content=\"410\" \/>\n\t<meta property=\"og:image:type\" content=\"image\/webp\" \/>\n<meta name=\"author\" content=\"Cl\u00e9ment\" \/>\n<meta name=\"twitter:card\" content=\"summary_large_image\" \/>\n<meta name=\"twitter:creator\" content=\"@FootdavantFr\" \/>\n<meta name=\"twitter:site\" content=\"@FootdavantFr\" \/>\n<meta name=\"twitter:label1\" content=\"\u00c9crit par\" \/>\n\t<meta name=\"twitter:data1\" content=\"Cl\u00e9ment\" \/>\n\t<meta name=\"twitter:label2\" content=\"Dur\u00e9e de lecture estim\u00e9e\" \/>\n\t<meta name=\"twitter:data2\" content=\"2 minutes\" \/>\n<script type=\"application\/ld+json\" class=\"yoast-schema-graph\">{\"@context\":\"https:\/\/schema.org\",\"@graph\":[{\"@type\":\"Article\",\"@id\":\"https:\/\/footdavant.fr\/actualites\/harry-maguire-laisse-tomber-un-indice-majeur-sur-lavenir-de-man-united-les-red-devils-devraient-ils-prolonger-le-contrat-de-33-ans\/#article\",\"isPartOf\":{\"@id\":\"https:\/\/footdavant.fr\/actualites\/harry-maguire-laisse-tomber-un-indice-majeur-sur-lavenir-de-man-united-les-red-devils-devraient-ils-prolonger-le-contrat-de-33-ans\/\"},\"author\":{\"name\":\"Cl\u00e9ment\",\"@id\":\"https:\/\/footdavant.fr\/actualites\/#\/schema\/person\/bc222566d95871b37e597b3ed3ba5e1d\"},\"headline\":\"Harry Maguire laisse tomber un indice majeur sur l&#39;avenir de Man United : les Red Devils devraient-ils prolonger le contrat de 33 ans ?\",\"datePublished\":\"2026-04-01T00:48:01+00:00\",\"dateModified\":\"2026-04-01T00:48:03+00:00\",\"mainEntityOfPage\":{\"@id\":\"https:\/\/footdavant.fr\/actualites\/harry-maguire-laisse-tomber-un-indice-majeur-sur-lavenir-de-man-united-les-red-devils-devraient-ils-prolonger-le-contrat-de-33-ans\/\"},\"wordCount\":453,\"publisher\":{\"@id\":\"https:\/\/footdavant.fr\/actualites\/#organization\"},\"keywords\":[\"ans\",\"contrat\",\"Devils\",\"devraientils\",\"Harry\",\"indice\",\"l39avenir\",\"laisse\",\"les\",\"Maguire\",\"majeur\",\"Man\",\"prolonger\",\"Red\",\"sur\",\"tomber\",\"United\"],\"articleSection\":[\"Premier League\"],\"inLanguage\":\"fr-FR\"},{\"@type\":\"WebPage\",\"@id\":\"https:\/\/footdavant.fr\/actualites\/harry-maguire-laisse-tomber-un-indice-majeur-sur-lavenir-de-man-united-les-red-devils-devraient-ils-prolonger-le-contrat-de-33-ans\/\",\"url\":\"https:\/\/footdavant.fr\/actualites\/harry-maguire-laisse-tomber-un-indice-majeur-sur-lavenir-de-man-united-les-red-devils-devraient-ils-prolonger-le-contrat-de-33-ans\/\",\"name\":\"Harry Maguire laisse tomber un indice majeur sur l&#39;avenir de Man United : les Red Devils devraient-ils prolonger le contrat de 33 ans ?\",\"isPartOf\":{\"@id\":\"https:\/\/footdavant.fr\/actualites\/#website\"},\"datePublished\":\"2026-04-01T00:48:01+00:00\",\"dateModified\":\"2026-04-01T00:48:03+00:00\",\"breadcrumb\":{\"@id\":\"https:\/\/footdavant.fr\/actualites\/harry-maguire-laisse-tomber-un-indice-majeur-sur-lavenir-de-man-united-les-red-devils-devraient-ils-prolonger-le-contrat-de-33-ans\/#breadcrumb\"},\"inLanguage\":\"fr-FR\",\"potentialAction\":[{\"@type\":\"ReadAction\",\"target\":[\"https:\/\/footdavant.fr\/actualites\/harry-maguire-laisse-tomber-un-indice-majeur-sur-lavenir-de-man-united-les-red-devils-devraient-ils-prolonger-le-contrat-de-33-ans\/\"]}]},{\"@type\":\"BreadcrumbList\",\"@id\":\"https:\/\/footdavant.fr\/actualites\/harry-maguire-laisse-tomber-un-indice-majeur-sur-lavenir-de-man-united-les-red-devils-devraient-ils-prolonger-le-contrat-de-33-ans\/#breadcrumb\",\"itemListElement\":[{\"@type\":\"ListItem\",\"position\":1,\"name\":\"Accueil\",\"item\":\"https:\/\/footdavant.fr\/actualites\/\"},{\"@type\":\"ListItem\",\"position\":2,\"name\":\"Harry Maguire laisse tomber un indice majeur sur l&#39;avenir de Man United : les Red Devils devraient-ils prolonger le contrat de 33 ans ?\"}]},{\"@type\":\"WebSite\",\"@id\":\"https:\/\/footdavant.fr\/actualites\/#website\",\"url\":\"https:\/\/footdavant.fr\/actualites\/\",\"name\":\"Foot d'avant\",\"description\":\"\",\"publisher\":{\"@id\":\"https:\/\/footdavant.fr\/actualites\/#organization\"},\"potentialAction\":[{\"@type\":\"SearchAction\",\"target\":{\"@type\":\"EntryPoint\",\"urlTemplate\":\"https:\/\/footdavant.fr\/actualites\/?s={search_term_string}\"},\"query-input\":\"required name=search_term_string\"}],\"inLanguage\":\"fr-FR\"},{\"@type\":\"Organization\",\"@id\":\"https:\/\/footdavant.fr\/actualites\/#organization\",\"name\":\"Foot d'avant\",\"url\":\"https:\/\/footdavant.fr\/actualites\/\",\"logo\":{\"@type\":\"ImageObject\",\"inLanguage\":\"fr-FR\",\"@id\":\"https:\/\/footdavant.fr\/actualites\/#\/schema\/logo\/image\/\",\"url\":\"https:\/\/footdavant.fr\/actualites\/wp-content\/uploads\/2023\/09\/Copy-of-FootDavant-Logo.png\",\"contentUrl\":\"https:\/\/footdavant.fr\/actualites\/wp-content\/uploads\/2023\/09\/Copy-of-FootDavant-Logo.png\",\"width\":936,\"height\":549,\"caption\":\"Foot d'avant\"},\"image\":{\"@id\":\"https:\/\/footdavant.fr\/actualites\/#\/schema\/logo\/image\/\"},\"sameAs\":[\"https:\/\/www.facebook.com\/Footdavant\/\",\"https:\/\/twitter.com\/FootdavantFr\",\"https:\/\/www.instagram.com\/footdavant.fr\/\"]},{\"@type\":\"Person\",\"@id\":\"https:\/\/footdavant.fr\/actualites\/#\/schema\/person\/bc222566d95871b37e597b3ed3ba5e1d\",\"name\":\"Cl\u00e9ment\",\"image\":{\"@type\":\"ImageObject\",\"inLanguage\":\"fr-FR\",\"@id\":\"https:\/\/footdavant.fr\/actualites\/#\/schema\/person\/image\/\",\"url\":\"https:\/\/secure.gravatar.com\/avatar\/7728b29aac2719421e1a9159b2254c44?s=96&d=mm&r=g\",\"contentUrl\":\"https:\/\/secure.gravatar.com\/avatar\/7728b29aac2719421e1a9159b2254c44?s=96&d=mm&r=g\",\"caption\":\"Cl\u00e9ment\"},\"sameAs\":[\"https:\/\/footdavant.fr\/\"]}]}<\/script>\n<!-- \/ Yoast SEO plugin. -->","yoast_head_json":{"title":"Harry Maguire laisse tomber un indice majeur sur l&#39;avenir de Man United : les Red Devils devraient-ils prolonger le contrat de 33 ans ?","robots":{"index":"index","follow":"follow","max-snippet":"max-snippet:-1","max-image-preview":"max-image-preview:large","max-video-preview":"max-video-preview:-1"},"canonical":"https:\/\/footdavant.fr\/actualites\/harry-maguire-laisse-tomber-un-indice-majeur-sur-lavenir-de-man-united-les-red-devils-devraient-ils-prolonger-le-contrat-de-33-ans\/","og_locale":"fr_FR","og_type":"article","og_title":"Harry Maguire laisse tomber un indice majeur sur l&#39;avenir de Man United : les Red Devils devraient-ils prolonger le contrat de 33 ans ?","og_description":"Le d\u00e9fenseur central de Manchester United, Harry Maguire, a laiss\u00e9 entendre qu&#39;il allait bient\u00f4t signer un nouveau contrat \u00e0 Old Trafford. Le contrat de Maguire","og_url":"https:\/\/footdavant.fr\/actualites\/harry-maguire-laisse-tomber-un-indice-majeur-sur-lavenir-de-man-united-les-red-devils-devraient-ils-prolonger-le-contrat-de-33-ans\/","og_site_name":"Foot d&#039;avant","article_publisher":"https:\/\/www.facebook.com\/Footdavant\/","article_published_time":"2026-04-01T00:48:01+00:00","article_modified_time":"2026-04-01T00:48:03+00:00","og_image":[{"width":720,"height":410,"url":"https:\/\/footdavant.fr\/actualites\/wp-content\/uploads\/2026\/02\/Harry-Maguire-de-Man-Utd-publie-une-mise-a-jour.net2Fuploads2F20262F012Farne-slot-mo-sal.webp","type":"image\/webp"}],"author":"Cl\u00e9ment","twitter_card":"summary_large_image","twitter_creator":"@FootdavantFr","twitter_site":"@FootdavantFr","twitter_misc":{"\u00c9crit par":"Cl\u00e9ment","Dur\u00e9e de lecture estim\u00e9e":"2 minutes"},"schema":{"@context":"https:\/\/schema.org","@graph":[{"@type":"Article","@id":"https:\/\/footdavant.fr\/actualites\/harry-maguire-laisse-tomber-un-indice-majeur-sur-lavenir-de-man-united-les-red-devils-devraient-ils-prolonger-le-contrat-de-33-ans\/#article","isPartOf":{"@id":"https:\/\/footdavant.fr\/actualites\/harry-maguire-laisse-tomber-un-indice-majeur-sur-lavenir-de-man-united-les-red-devils-devraient-ils-prolonger-le-contrat-de-33-ans\/"},"author":{"name":"Cl\u00e9ment","@id":"https:\/\/footdavant.fr\/actualites\/#\/schema\/person\/bc222566d95871b37e597b3ed3ba5e1d"},"headline":"Harry Maguire laisse tomber un indice majeur sur l&#39;avenir de Man United : les Red Devils devraient-ils prolonger le contrat de 33 ans ?","datePublished":"2026-04-01T00:48:01+00:00","dateModified":"2026-04-01T00:48:03+00:00","mainEntityOfPage":{"@id":"https:\/\/footdavant.fr\/actualites\/harry-maguire-laisse-tomber-un-indice-majeur-sur-lavenir-de-man-united-les-red-devils-devraient-ils-prolonger-le-contrat-de-33-ans\/"},"wordCount":453,"publisher":{"@id":"https:\/\/footdavant.fr\/actualites\/#organization"},"keywords":["ans","contrat","Devils","devraientils","Harry","indice","l39avenir","laisse","les","Maguire","majeur","Man","prolonger","Red","sur","tomber","United"],"articleSection":["Premier League"],"inLanguage":"fr-FR"},{"@type":"WebPage","@id":"https:\/\/footdavant.fr\/actualites\/harry-maguire-laisse-tomber-un-indice-majeur-sur-lavenir-de-man-united-les-red-devils-devraient-ils-prolonger-le-contrat-de-33-ans\/","url":"https:\/\/footdavant.fr\/actualites\/harry-maguire-laisse-tomber-un-indice-majeur-sur-lavenir-de-man-united-les-red-devils-devraient-ils-prolonger-le-contrat-de-33-ans\/","name":"Harry Maguire laisse tomber un indice majeur sur l&#39;avenir de Man United : les Red Devils devraient-ils prolonger le contrat de 33 ans ?","isPartOf":{"@id":"https:\/\/footdavant.fr\/actualites\/#website"},"datePublished":"2026-04-01T00:48:01+00:00","dateModified":"2026-04-01T00:48:03+00:00","breadcrumb":{"@id":"https:\/\/footdavant.fr\/actualites\/harry-maguire-laisse-tomber-un-indice-majeur-sur-lavenir-de-man-united-les-red-devils-devraient-ils-prolonger-le-contrat-de-33-ans\/#breadcrumb"},"inLanguage":"fr-FR","potentialAction":[{"@type":"ReadAction","target":["https:\/\/footdavant.fr\/actualites\/harry-maguire-laisse-tomber-un-indice-majeur-sur-lavenir-de-man-united-les-red-devils-devraient-ils-prolonger-le-contrat-de-33-ans\/"]}]},{"@type":"BreadcrumbList","@id":"https:\/\/footdavant.fr\/actualites\/harry-maguire-laisse-tomber-un-indice-majeur-sur-lavenir-de-man-united-les-red-devils-devraient-ils-prolonger-le-contrat-de-33-ans\/#breadcrumb","itemListElement":[{"@type":"ListItem","position":1,"name":"Accueil","item":"https:\/\/footdavant.fr\/actualites\/"},{"@type":"ListItem","position":2,"name":"Harry Maguire laisse tomber un indice majeur sur l&#39;avenir de Man United : les Red Devils devraient-ils prolonger le contrat de 33 ans ?"}]},{"@type":"WebSite","@id":"https:\/\/footdavant.fr\/actualites\/#website","url":"https:\/\/footdavant.fr\/actualites\/","name":"Foot d'avant","description":"","publisher":{"@id":"https:\/\/footdavant.fr\/actualites\/#organization"},"potentialAction":[{"@type":"SearchAction","target":{"@type":"EntryPoint","urlTemplate":"https:\/\/footdavant.fr\/actualites\/?s={search_term_string}"},"query-input":"required name=search_term_string"}],"inLanguage":"fr-FR"},{"@type":"Organization","@id":"https:\/\/footdavant.fr\/actualites\/#organization","name":"Foot d'avant","url":"https:\/\/footdavant.fr\/actualites\/","logo":{"@type":"ImageObject","inLanguage":"fr-FR","@id":"https:\/\/footdavant.fr\/actualites\/#\/schema\/logo\/image\/","url":"https:\/\/footdavant.fr\/actualites\/wp-content\/uploads\/2023\/09\/Copy-of-FootDavant-Logo.png","contentUrl":"https:\/\/footdavant.fr\/actualites\/wp-content\/uploads\/2023\/09\/Copy-of-FootDavant-Logo.png","width":936,"height":549,"caption":"Foot d'avant"},"image":{"@id":"https:\/\/footdavant.fr\/actualites\/#\/schema\/logo\/image\/"},"sameAs":["https:\/\/www.facebook.com\/Footdavant\/","https:\/\/twitter.com\/FootdavantFr","https:\/\/www.instagram.com\/footdavant.fr\/"]},{"@type":"Person","@id":"https:\/\/footdavant.fr\/actualites\/#\/schema\/person\/bc222566d95871b37e597b3ed3ba5e1d","name":"Cl\u00e9ment","image":{"@type":"ImageObject","inLanguage":"fr-FR","@id":"https:\/\/footdavant.fr\/actualites\/#\/schema\/person\/image\/","url":"https:\/\/secure.gravatar.com\/avatar\/7728b29aac2719421e1a9159b2254c44?s=96&d=mm&r=g","contentUrl":"https:\/\/secure.gravatar.com\/avatar\/7728b29aac2719421e1a9159b2254c44?s=96&d=mm&r=g","caption":"Cl\u00e9ment"},"sameAs":["https:\/\/footdavant.fr\/"]}]}},"_links":{"self":[{"href":"https:\/\/footdavant.fr\/actualites\/wp-json\/wp\/v2\/posts\/36000"}],"collection":[{"href":"https:\/\/footdavant.fr\/actualites\/wp-json\/wp\/v2\/posts"}],"about":[{"href":"https:\/\/footdavant.fr\/actualites\/wp-json\/wp\/v2\/types\/post"}],"author":[{"embeddable":true,"href":"https:\/\/footdavant.fr\/actualites\/wp-json\/wp\/v2\/users\/1"}],"replies":[{"embeddable":true,"href":"https:\/\/footdavant.fr\/actualites\/wp-json\/wp\/v2\/comments?post=36000"}],"version-history":[{"count":1,"href":"https:\/\/footdavant.fr\/actualites\/wp-json\/wp\/v2\/posts\/36000\/revisions"}],"predecessor-version":[{"id":36001,"href":"https:\/\/footdavant.fr\/actualites\/wp-json\/wp\/v2\/posts\/36000\/revisions\/36001"}],"wp:featuredmedia":[{"embeddable":true,"href":"https:\/\/footdavant.fr\/actualites\/wp-json\/wp\/v2\/media\/34489"}],"wp:attachment":[{"href":"https:\/\/footdavant.fr\/actualites\/wp-json\/wp\/v2\/media?parent=36000"}],"wp:term":[{"taxonomy":"category","embeddable":true,"href":"https:\/\/footdavant.fr\/actualites\/wp-json\/wp\/v2\/categories?post=36000"},{"taxonomy":"post_tag","embeddable":true,"href":"https:\/\/footdavant.fr\/actualites\/wp-json\/wp\/v2\/tags?post=36000"}],"curies":[{"name":"wp","href":"https:\/\/api.w.org\/{rel}","templated":true}]}}