{"id":36008,"date":"2026-04-01T08:48:14","date_gmt":"2026-04-01T06:48:14","guid":{"rendered":"https:\/\/footdavant.fr\/actualites\/des-hauts-et-des-bas-pour-le-contingent-international-darsenal\/"},"modified":"2026-04-01T08:48:16","modified_gmt":"2026-04-01T06:48:16","slug":"des-hauts-et-des-bas-pour-le-contingent-international-darsenal","status":"publish","type":"post","link":"https:\/\/footdavant.fr\/actualites\/des-hauts-et-des-bas-pour-le-contingent-international-darsenal\/","title":{"rendered":"Des hauts et des bas pour le contingent international d&#39;Arsenal"},"content":{"rendered":"<div>\n<p>Bonjour \u00e0 tous.<\/p>\n<p>Viktor Gyokeres va \u00e0 la Coupe du monde. L&#39;homme d&#39;Arsenal a marqu\u00e9 un but vainqueur tardif pour la Su\u00e8de hier soir pour assurer une victoire 3-2 contre la Pologne. C&#39;\u00e9tait, je suppose que vous diriez, le but typique d&#39;un attaquant, au bon endroit et au bon moment, pour mettre le ballon au fond des filets apr\u00e8s qu&#39;un tir ait \u00e9t\u00e9 bloqu\u00e9, un autre sauv\u00e9 et un autre rebondi sur le poteau dans sa direction.<\/p>\n<p>Quel moment pour lui et pour la Su\u00e8de. Apr\u00e8s un tripl\u00e9 en demi-finale contre l&#39;Ukraine, il s&#39;est impos\u00e9, comme on dit. Ensuite, il a dit :<\/p>\n<blockquote>\n<p>Le faire chez nous est indescriptible. Nous y avons cru jusqu&#39;au bout et c&#39;est pour cela que nous sommes en Coupe du Monde. Que vous receviez beaucoup de balles ou non, vous essayez d\u2019\u00eatre connect\u00e9 et pr\u00e9sent. C&#39;\u00e9tait moi, surtout \u00e0 la fin o\u00f9 nous avons eu des occasions \u00e0 moiti\u00e9 dangereuses.<\/p>\n<\/blockquote>\n<p>De toute \u00e9vidence, il n\u2019a pas re\u00e7u beaucoup de services. Il a r\u00e9ussi un tir, un tir cadr\u00e9 et un but, mais c&#39;est tout ce qu&#39;il faut pour gagner un match. Esp\u00e9rons que ce qu\u2019il a fait en mission internationale le verra revenir \u00e0 Arsenal plein de confiance et stimul\u00e9 par ses buts. Nous avons absolument besoin qu&#39;il en fasse quelques-uns lorsque nous nous remettrons au travail, alors f\u00e9licitations \u00e0 lui, ainsi qu&#39;\u00e0 tous nos lecteurs su\u00e9dois, et commis\u00e9rations \u00e9galement \u00e0 notre contingent polonais.<\/p>\n<p>Riccardo Calafiori va \u00e0 la Coupe du Monde. L&#39;Italie a pris l&#39;avantage d\u00e8s le d\u00e9but contre la Bosnie-Herz\u00e9govine, mais a \u00e9t\u00e9 r\u00e9duite \u00e0 10 hommes en premi\u00e8re mi-temps apr\u00e8s l&#39;expulsion d&#39;Alessandro Bastoni. Il y a eu prolongations et tirs au but, mais l&#39;Italie en a manqu\u00e9 quelques-unes et n&#39;a pas r\u00e9ussi \u00e0 se qualifier pour le troisi\u00e8me tournoi cons\u00e9cutif. C&#39;est fou de penser que cela se soit produit compte tenu de leur histoire et de leur palmar\u00e8s \u00e0 la Coupe du Monde, surtout compte tenu du nombre croissant d&#39;\u00e9quipes, mais m\u00eame si cela dit clairement quelque chose sur le football italien, cela d\u00e9montre \u00e9galement la qualit\u00e9 qui existe dans d&#39;autres nations de nos jours.<\/p>\n<p>Fair-play envers la Bosnie-Herz\u00e9govine, mais Mikel Arteta a probablement un petit travail de ramassage \u00e0 faire avec Calafiori qui a jou\u00e9 120 minutes, la plupart avec 10 hommes. Il y aura des impacts physiques et mentaux, mais il a encore un gros travail \u00e0 faire avec Arsenal. De m\u00eame, le Danemark de Christian Norgaard a \u00e9t\u00e9 \u00e9limin\u00e9 aux tirs au but contre la Tch\u00e9quie, l&#39;\u00e9quipe qui a battu l&#39;Irlande en demi-finale. Il a jou\u00e9 une heure de ce match, il ne sera donc pas aussi affect\u00e9 physiquement, mais sinon, ce sera \u00e9videmment une grande d\u00e9ception pour lui. Pas de chance au Danemark et bravo \u00e0 la Tch\u00e9quie.<\/p>\n<p>Ailleurs, David Raya et Cristhian Mosquera ont jou\u00e9 lors du match nul 0-0 de l&#39;Espagne contre l&#39;\u00c9gypte ; Gabriel Martinelli \u00e9tait sur la feuille de match du Br\u00e9sil alors qu&#39;il battait la Croatie 3-1, et c&#39;\u00e9tait aussi une finition tr\u00e8s intelligente, que j&#39;aimerais voir un peu plus souvent de sa part ; tandis que pour les U21 anglais, les deux gar\u00e7ons de Hale End, Myles Lewis-Skelly et Ethan Nwaneri, ont vol\u00e9 la vedette. Le premier a fourni deux passes d\u00e9cisives au second, et il existe m\u00eame un moment fort de la MLS de ce match.<\/p>\n<p>Il y a eu beaucoup de discussions \u00e0 son sujet r\u00e9cemment, en particulier en ce qui concerne un r\u00f4le potentiel de milieu de terrain en raison de certaines de nos absences, et m\u00eame si je ne suis pas n\u00e9cessairement convaincu que c&#39;est quelque chose que Mikel Arteta fera, des performances comme celle-ci pourraient potentiellement \u00eatre tr\u00e8s utiles pour Arsenal. Je ne peux tout simplement pas envisager une situation dans laquelle Lewis-Skelly n&#39;aura pas de r\u00f4le \u00e0 jouer d&#39;ici la fin de la saison, que ce soit \u00e0 l&#39;arri\u00e8re gauche (o\u00f9 il a d\u00e9but\u00e9 hier soir) ou ailleurs, donc des minutes positives pour les U21 anglais ne feront pas de mal du tout.<\/p>\n<p>La derni\u00e8re action d&#39;Interlull cette saison vient des U19 anglais, o\u00f9 Max Dowman a marqu\u00e9 un excellent but lors d&#39;une victoire 6-0 contre le Portugal. Je sais qu&#39;il ne faut pas aller trop loin et reconna\u00eetre le niveau, mais lorsqu&#39;un joueur r\u00e9cup\u00e8re le ballon dans sa moiti\u00e9 de terrain, avance, puis termine avec aplomb depuis le bord de la surface adverse, vous avez vu quelque chose d&#39;un peu sp\u00e9cial. Il est difficile de ne pas penser qu&#39;il y aura un autre moment Dowman avant que tout ne se joue cette saison.<\/p>\n<p>Il s\u2019agit maintenant de r\u00e9cup\u00e9rer tout le monde, d\u2019\u00e9valuer leur forme physique et de rassembler l\u2019\u00e9quipe pour l\u2019effort final. Esp\u00e9rons que certains de ceux qui n\u2019ont pas jou\u00e9, ou ont \u00e9t\u00e9 contraints de se retirer, ont b\u00e9n\u00e9fici\u00e9 de ce qui est, dans l\u2019ensemble, peu de repos en comparaison de ce qui leur est demand\u00e9 semaine apr\u00e8s semaine pour le club et le pays. Mais maintenant, notre attention se tourne vers deux comp\u00e9titions de coupe, avant de recommencer \u00e0 consid\u00e9rer la Premier League. Nous en saurons plus sur tout cela dans les jours \u00e0 venir.<\/p>\n<p>Enfin pour aujourd&#39;hui, grande nouvelle pour les utilisateurs de l&#39;application Arsenal. Bon, passez une bonne soir\u00e9e les amis, \u00e0 demain.<\/p>\n<\/div>\n","protected":false},"excerpt":{"rendered":"<p>Bonjour \u00e0 tous. Viktor Gyokeres va \u00e0 la Coupe du monde. L&#39;homme d&#39;Arsenal a marqu\u00e9 un but vainqueur tardif pour la Su\u00e8de hier soir pour<\/p>\n","protected":false},"author":1,"featured_media":36009,"comment_status":"closed","ping_status":"","sticky":false,"template":"","format":"standard","meta":{"footnotes":""},"categories":[3],"tags":[6213,11769,4221,12,9928,725,51],"yoast_head":"<!-- This site is optimized with the Yoast SEO plugin v21.0 - https:\/\/yoast.com\/wordpress\/plugins\/seo\/ -->\n<title>Des hauts et des bas pour le contingent international d&#039;Arsenal<\/title>\n<meta name=\"robots\" content=\"index, follow, max-snippet:-1, max-image-preview:large, max-video-preview:-1\" \/>\n<link rel=\"canonical\" href=\"https:\/\/footdavant.fr\/actualites\/des-hauts-et-des-bas-pour-le-contingent-international-darsenal\/\" \/>\n<meta property=\"og:locale\" content=\"fr_FR\" \/>\n<meta property=\"og:type\" content=\"article\" \/>\n<meta property=\"og:title\" content=\"Des hauts et des bas pour le contingent international d&#039;Arsenal\" \/>\n<meta property=\"og:description\" content=\"Bonjour \u00e0 tous. Viktor Gyokeres va \u00e0 la Coupe du monde. L&#039;homme d&#039;Arsenal a marqu\u00e9 un but vainqueur tardif pour la Su\u00e8de hier soir pour\" \/>\n<meta property=\"og:url\" content=\"https:\/\/footdavant.fr\/actualites\/des-hauts-et-des-bas-pour-le-contingent-international-darsenal\/\" \/>\n<meta property=\"og:site_name\" content=\"Foot d&#039;avant\" \/>\n<meta property=\"article:publisher\" content=\"https:\/\/www.facebook.com\/Footdavant\/\" \/>\n<meta property=\"article:published_time\" content=\"2026-04-01T06:48:14+00:00\" \/>\n<meta property=\"article:modified_time\" content=\"2026-04-01T06:48:16+00:00\" \/>\n<meta property=\"og:image\" content=\"https:\/\/footdavant.fr\/actualites\/wp-content\/uploads\/2026\/04\/Des-hauts-et-des-bas-pour-le-contingent-international-d39Arsenal.jpg\" \/>\n\t<meta property=\"og:image:width\" content=\"1500\" \/>\n\t<meta property=\"og:image:height\" content=\"750\" \/>\n\t<meta property=\"og:image:type\" content=\"image\/jpeg\" \/>\n<meta name=\"author\" content=\"Cl\u00e9ment\" \/>\n<meta name=\"twitter:card\" content=\"summary_large_image\" \/>\n<meta name=\"twitter:creator\" content=\"@FootdavantFr\" \/>\n<meta name=\"twitter:site\" content=\"@FootdavantFr\" \/>\n<meta name=\"twitter:label1\" content=\"\u00c9crit par\" \/>\n\t<meta name=\"twitter:data1\" content=\"Cl\u00e9ment\" \/>\n\t<meta name=\"twitter:label2\" content=\"Dur\u00e9e de lecture estim\u00e9e\" \/>\n\t<meta name=\"twitter:data2\" content=\"5 minutes\" \/>\n<script type=\"application\/ld+json\" class=\"yoast-schema-graph\">{\"@context\":\"https:\/\/schema.org\",\"@graph\":[{\"@type\":\"Article\",\"@id\":\"https:\/\/footdavant.fr\/actualites\/des-hauts-et-des-bas-pour-le-contingent-international-darsenal\/#article\",\"isPartOf\":{\"@id\":\"https:\/\/footdavant.fr\/actualites\/des-hauts-et-des-bas-pour-le-contingent-international-darsenal\/\"},\"author\":{\"name\":\"Cl\u00e9ment\",\"@id\":\"https:\/\/footdavant.fr\/actualites\/#\/schema\/person\/bc222566d95871b37e597b3ed3ba5e1d\"},\"headline\":\"Des hauts et des bas pour le contingent international d&#39;Arsenal\",\"datePublished\":\"2026-04-01T06:48:14+00:00\",\"dateModified\":\"2026-04-01T06:48:16+00:00\",\"mainEntityOfPage\":{\"@id\":\"https:\/\/footdavant.fr\/actualites\/des-hauts-et-des-bas-pour-le-contingent-international-darsenal\/\"},\"wordCount\":962,\"publisher\":{\"@id\":\"https:\/\/footdavant.fr\/actualites\/#organization\"},\"keywords\":[\"bas\",\"contingent\",\"d39Arsenal\",\"des\",\"hauts\",\"international\",\"pour\"],\"articleSection\":[\"Football\"],\"inLanguage\":\"fr-FR\"},{\"@type\":\"WebPage\",\"@id\":\"https:\/\/footdavant.fr\/actualites\/des-hauts-et-des-bas-pour-le-contingent-international-darsenal\/\",\"url\":\"https:\/\/footdavant.fr\/actualites\/des-hauts-et-des-bas-pour-le-contingent-international-darsenal\/\",\"name\":\"Des hauts et des bas pour le contingent international d&#39;Arsenal\",\"isPartOf\":{\"@id\":\"https:\/\/footdavant.fr\/actualites\/#website\"},\"datePublished\":\"2026-04-01T06:48:14+00:00\",\"dateModified\":\"2026-04-01T06:48:16+00:00\",\"breadcrumb\":{\"@id\":\"https:\/\/footdavant.fr\/actualites\/des-hauts-et-des-bas-pour-le-contingent-international-darsenal\/#breadcrumb\"},\"inLanguage\":\"fr-FR\",\"potentialAction\":[{\"@type\":\"ReadAction\",\"target\":[\"https:\/\/footdavant.fr\/actualites\/des-hauts-et-des-bas-pour-le-contingent-international-darsenal\/\"]}]},{\"@type\":\"BreadcrumbList\",\"@id\":\"https:\/\/footdavant.fr\/actualites\/des-hauts-et-des-bas-pour-le-contingent-international-darsenal\/#breadcrumb\",\"itemListElement\":[{\"@type\":\"ListItem\",\"position\":1,\"name\":\"Accueil\",\"item\":\"https:\/\/footdavant.fr\/actualites\/\"},{\"@type\":\"ListItem\",\"position\":2,\"name\":\"Des hauts et des bas pour le contingent international d&#39;Arsenal\"}]},{\"@type\":\"WebSite\",\"@id\":\"https:\/\/footdavant.fr\/actualites\/#website\",\"url\":\"https:\/\/footdavant.fr\/actualites\/\",\"name\":\"Foot d'avant\",\"description\":\"\",\"publisher\":{\"@id\":\"https:\/\/footdavant.fr\/actualites\/#organization\"},\"potentialAction\":[{\"@type\":\"SearchAction\",\"target\":{\"@type\":\"EntryPoint\",\"urlTemplate\":\"https:\/\/footdavant.fr\/actualites\/?s={search_term_string}\"},\"query-input\":\"required name=search_term_string\"}],\"inLanguage\":\"fr-FR\"},{\"@type\":\"Organization\",\"@id\":\"https:\/\/footdavant.fr\/actualites\/#organization\",\"name\":\"Foot d'avant\",\"url\":\"https:\/\/footdavant.fr\/actualites\/\",\"logo\":{\"@type\":\"ImageObject\",\"inLanguage\":\"fr-FR\",\"@id\":\"https:\/\/footdavant.fr\/actualites\/#\/schema\/logo\/image\/\",\"url\":\"https:\/\/footdavant.fr\/actualites\/wp-content\/uploads\/2023\/09\/Copy-of-FootDavant-Logo.png\",\"contentUrl\":\"https:\/\/footdavant.fr\/actualites\/wp-content\/uploads\/2023\/09\/Copy-of-FootDavant-Logo.png\",\"width\":936,\"height\":549,\"caption\":\"Foot d'avant\"},\"image\":{\"@id\":\"https:\/\/footdavant.fr\/actualites\/#\/schema\/logo\/image\/\"},\"sameAs\":[\"https:\/\/www.facebook.com\/Footdavant\/\",\"https:\/\/twitter.com\/FootdavantFr\",\"https:\/\/www.instagram.com\/footdavant.fr\/\"]},{\"@type\":\"Person\",\"@id\":\"https:\/\/footdavant.fr\/actualites\/#\/schema\/person\/bc222566d95871b37e597b3ed3ba5e1d\",\"name\":\"Cl\u00e9ment\",\"image\":{\"@type\":\"ImageObject\",\"inLanguage\":\"fr-FR\",\"@id\":\"https:\/\/footdavant.fr\/actualites\/#\/schema\/person\/image\/\",\"url\":\"https:\/\/secure.gravatar.com\/avatar\/7728b29aac2719421e1a9159b2254c44?s=96&d=mm&r=g\",\"contentUrl\":\"https:\/\/secure.gravatar.com\/avatar\/7728b29aac2719421e1a9159b2254c44?s=96&d=mm&r=g\",\"caption\":\"Cl\u00e9ment\"},\"sameAs\":[\"https:\/\/footdavant.fr\/\"]}]}<\/script>\n<!-- \/ Yoast SEO plugin. -->","yoast_head_json":{"title":"Des hauts et des bas pour le contingent international d&#39;Arsenal","robots":{"index":"index","follow":"follow","max-snippet":"max-snippet:-1","max-image-preview":"max-image-preview:large","max-video-preview":"max-video-preview:-1"},"canonical":"https:\/\/footdavant.fr\/actualites\/des-hauts-et-des-bas-pour-le-contingent-international-darsenal\/","og_locale":"fr_FR","og_type":"article","og_title":"Des hauts et des bas pour le contingent international d&#39;Arsenal","og_description":"Bonjour \u00e0 tous. Viktor Gyokeres va \u00e0 la Coupe du monde. L&#39;homme d&#39;Arsenal a marqu\u00e9 un but vainqueur tardif pour la Su\u00e8de hier soir pour","og_url":"https:\/\/footdavant.fr\/actualites\/des-hauts-et-des-bas-pour-le-contingent-international-darsenal\/","og_site_name":"Foot d&#039;avant","article_publisher":"https:\/\/www.facebook.com\/Footdavant\/","article_published_time":"2026-04-01T06:48:14+00:00","article_modified_time":"2026-04-01T06:48:16+00:00","og_image":[{"width":1500,"height":750,"url":"https:\/\/footdavant.fr\/actualites\/wp-content\/uploads\/2026\/04\/Des-hauts-et-des-bas-pour-le-contingent-international-d39Arsenal.jpg","type":"image\/jpeg"}],"author":"Cl\u00e9ment","twitter_card":"summary_large_image","twitter_creator":"@FootdavantFr","twitter_site":"@FootdavantFr","twitter_misc":{"\u00c9crit par":"Cl\u00e9ment","Dur\u00e9e de lecture estim\u00e9e":"5 minutes"},"schema":{"@context":"https:\/\/schema.org","@graph":[{"@type":"Article","@id":"https:\/\/footdavant.fr\/actualites\/des-hauts-et-des-bas-pour-le-contingent-international-darsenal\/#article","isPartOf":{"@id":"https:\/\/footdavant.fr\/actualites\/des-hauts-et-des-bas-pour-le-contingent-international-darsenal\/"},"author":{"name":"Cl\u00e9ment","@id":"https:\/\/footdavant.fr\/actualites\/#\/schema\/person\/bc222566d95871b37e597b3ed3ba5e1d"},"headline":"Des hauts et des bas pour le contingent international d&#39;Arsenal","datePublished":"2026-04-01T06:48:14+00:00","dateModified":"2026-04-01T06:48:16+00:00","mainEntityOfPage":{"@id":"https:\/\/footdavant.fr\/actualites\/des-hauts-et-des-bas-pour-le-contingent-international-darsenal\/"},"wordCount":962,"publisher":{"@id":"https:\/\/footdavant.fr\/actualites\/#organization"},"keywords":["bas","contingent","d39Arsenal","des","hauts","international","pour"],"articleSection":["Football"],"inLanguage":"fr-FR"},{"@type":"WebPage","@id":"https:\/\/footdavant.fr\/actualites\/des-hauts-et-des-bas-pour-le-contingent-international-darsenal\/","url":"https:\/\/footdavant.fr\/actualites\/des-hauts-et-des-bas-pour-le-contingent-international-darsenal\/","name":"Des hauts et des bas pour le contingent international d&#39;Arsenal","isPartOf":{"@id":"https:\/\/footdavant.fr\/actualites\/#website"},"datePublished":"2026-04-01T06:48:14+00:00","dateModified":"2026-04-01T06:48:16+00:00","breadcrumb":{"@id":"https:\/\/footdavant.fr\/actualites\/des-hauts-et-des-bas-pour-le-contingent-international-darsenal\/#breadcrumb"},"inLanguage":"fr-FR","potentialAction":[{"@type":"ReadAction","target":["https:\/\/footdavant.fr\/actualites\/des-hauts-et-des-bas-pour-le-contingent-international-darsenal\/"]}]},{"@type":"BreadcrumbList","@id":"https:\/\/footdavant.fr\/actualites\/des-hauts-et-des-bas-pour-le-contingent-international-darsenal\/#breadcrumb","itemListElement":[{"@type":"ListItem","position":1,"name":"Accueil","item":"https:\/\/footdavant.fr\/actualites\/"},{"@type":"ListItem","position":2,"name":"Des hauts et des bas pour le contingent international d&#39;Arsenal"}]},{"@type":"WebSite","@id":"https:\/\/footdavant.fr\/actualites\/#website","url":"https:\/\/footdavant.fr\/actualites\/","name":"Foot d'avant","description":"","publisher":{"@id":"https:\/\/footdavant.fr\/actualites\/#organization"},"potentialAction":[{"@type":"SearchAction","target":{"@type":"EntryPoint","urlTemplate":"https:\/\/footdavant.fr\/actualites\/?s={search_term_string}"},"query-input":"required name=search_term_string"}],"inLanguage":"fr-FR"},{"@type":"Organization","@id":"https:\/\/footdavant.fr\/actualites\/#organization","name":"Foot d'avant","url":"https:\/\/footdavant.fr\/actualites\/","logo":{"@type":"ImageObject","inLanguage":"fr-FR","@id":"https:\/\/footdavant.fr\/actualites\/#\/schema\/logo\/image\/","url":"https:\/\/footdavant.fr\/actualites\/wp-content\/uploads\/2023\/09\/Copy-of-FootDavant-Logo.png","contentUrl":"https:\/\/footdavant.fr\/actualites\/wp-content\/uploads\/2023\/09\/Copy-of-FootDavant-Logo.png","width":936,"height":549,"caption":"Foot d'avant"},"image":{"@id":"https:\/\/footdavant.fr\/actualites\/#\/schema\/logo\/image\/"},"sameAs":["https:\/\/www.facebook.com\/Footdavant\/","https:\/\/twitter.com\/FootdavantFr","https:\/\/www.instagram.com\/footdavant.fr\/"]},{"@type":"Person","@id":"https:\/\/footdavant.fr\/actualites\/#\/schema\/person\/bc222566d95871b37e597b3ed3ba5e1d","name":"Cl\u00e9ment","image":{"@type":"ImageObject","inLanguage":"fr-FR","@id":"https:\/\/footdavant.fr\/actualites\/#\/schema\/person\/image\/","url":"https:\/\/secure.gravatar.com\/avatar\/7728b29aac2719421e1a9159b2254c44?s=96&d=mm&r=g","contentUrl":"https:\/\/secure.gravatar.com\/avatar\/7728b29aac2719421e1a9159b2254c44?s=96&d=mm&r=g","caption":"Cl\u00e9ment"},"sameAs":["https:\/\/footdavant.fr\/"]}]}},"_links":{"self":[{"href":"https:\/\/footdavant.fr\/actualites\/wp-json\/wp\/v2\/posts\/36008"}],"collection":[{"href":"https:\/\/footdavant.fr\/actualites\/wp-json\/wp\/v2\/posts"}],"about":[{"href":"https:\/\/footdavant.fr\/actualites\/wp-json\/wp\/v2\/types\/post"}],"author":[{"embeddable":true,"href":"https:\/\/footdavant.fr\/actualites\/wp-json\/wp\/v2\/users\/1"}],"replies":[{"embeddable":true,"href":"https:\/\/footdavant.fr\/actualites\/wp-json\/wp\/v2\/comments?post=36008"}],"version-history":[{"count":1,"href":"https:\/\/footdavant.fr\/actualites\/wp-json\/wp\/v2\/posts\/36008\/revisions"}],"predecessor-version":[{"id":36010,"href":"https:\/\/footdavant.fr\/actualites\/wp-json\/wp\/v2\/posts\/36008\/revisions\/36010"}],"wp:featuredmedia":[{"embeddable":true,"href":"https:\/\/footdavant.fr\/actualites\/wp-json\/wp\/v2\/media\/36009"}],"wp:attachment":[{"href":"https:\/\/footdavant.fr\/actualites\/wp-json\/wp\/v2\/media?parent=36008"}],"wp:term":[{"taxonomy":"category","embeddable":true,"href":"https:\/\/footdavant.fr\/actualites\/wp-json\/wp\/v2\/categories?post=36008"},{"taxonomy":"post_tag","embeddable":true,"href":"https:\/\/footdavant.fr\/actualites\/wp-json\/wp\/v2\/tags?post=36008"}],"curies":[{"name":"wp","href":"https:\/\/api.w.org\/{rel}","templated":true}]}}