{"id":36014,"date":"2026-04-01T12:48:08","date_gmt":"2026-04-01T10:48:08","guid":{"rendered":"https:\/\/footdavant.fr\/actualites\/les-notes-de-szoboszlai-et-kerkez-revelees-apres-limpasse-en-grece\/"},"modified":"2026-04-01T12:48:10","modified_gmt":"2026-04-01T10:48:10","slug":"les-notes-de-szoboszlai-et-kerkez-revelees-apres-limpasse-en-grece","status":"publish","type":"post","link":"https:\/\/footdavant.fr\/actualites\/les-notes-de-szoboszlai-et-kerkez-revelees-apres-limpasse-en-grece\/","title":{"rendered":"Les notes de Szoboszlai et Kerkez r\u00e9v\u00e9l\u00e9es apr\u00e8s l&#39;impasse en Gr\u00e8ce"},"content":{"rendered":"<p><\/p>\n<div id=\"article-body\">\n<!-- Article Start --><\/p>\n<p>Il ne s&#39;agit pas toujours de gros titres ou de grands moments, mais Dominik Szoboszlai et Milos Kerkez ont discr\u00e8tement r\u00e9alis\u00e9 de solides performances alors que la Hongrie a fait match nul 0-0 contre la Gr\u00e8ce, et il y a des points positifs \u00e0 retenir avant une p\u00e9riode cruciale.<\/p>\n<hr\/>\n<p><b><i>T\u00c9L\u00c9CHARGEZ L&#39;APPLICATION OFFICIELLE EMPIRE OF KOP POUR TOUTES LES DERNI\u00c8RES MISES \u00c0 JOUR \u2013 DIRECTEMENT SUR VOTRE T\u00c9L\u00c9PHONE\u00a0! SUR <\/i><\/b><b><i>POMME<\/i><\/b><b><i> &#038; <\/i><\/b><b><i>GOOGLE JOUER<\/i><\/b><\/p>\n<hr\/>\n<p>Alors que les deux joueurs de Liverpool ont termin\u00e9 le match complet, il s\u2019agissait davantage de minutes que d\u2019attaques de feux d\u2019artifice, et les retours de la Hongrie sugg\u00e8rent qu\u2019ils ont livr\u00e9 exactement cela.<\/p>\n<h2>Szoboszlai m\u00e8ne alors que la Hongrie obtient sa cage inviol\u00e9e<\/h2>\n<p>S&#39;exprimant apr\u00e8s le match via Nemzeti Sport, le capitaine hongrois \u00e9tait satisfait du r\u00e9sultat et du niveau de performance sur le terrain.<\/p>\n<p>Il a dit : <\/p>\n<\/p>\n<p>Cela refl\u00e8te ce que nous avons vu du milieu de terrain de 25 ans, qui a une fois de plus \u00e9t\u00e9 le point central de tout ce que la Hongrie a tent\u00e9 de construire.<\/p>\n<p>Le num\u00e9ro 8 de Liverpool a dict\u00e9 le rythme, a d\u00e9riv\u00e9 dans de larges zones pour influencer le jeu et est rest\u00e9 une menace sur les coups de pied arr\u00eat\u00e9s, tout en contribuant \u00e9galement d\u00e9fensivement avec une intervention cruciale de la t\u00eate en fin de premi\u00e8re mi-temps.<\/p>\n<p>Nemzeti Sport a finalement attribu\u00e9 \u00e0 Szoboszlai une note de 6\/10, ce qui peut para\u00eetre modeste, mais cela refl\u00e8te un affichage contr\u00f4l\u00e9 et disciplin\u00e9 plut\u00f4t que quelque chose de spectaculaire.<\/p>\n<h2>Kerkez continue d&#39;\u00eatre constant en club et en s\u00e9lection<\/h2>\n<p>\u00c0 ses c\u00f4t\u00e9s, Kerkez a r\u00e9alis\u00e9 une autre prestation \u00e9nergique sur la gauche, ce que nous avons l&#39;habitude de voir tant en Hongrie qu&#39;en club.<\/p>\n<p>L&#39;arri\u00e8re lat\u00e9ral a \u00e9galement re\u00e7u une note de 6\/10, sa performance \u00e9tant salu\u00e9e pour son agressivit\u00e9, sa fiabilit\u00e9 d\u00e9fensive et sa volont\u00e9 d&#39;avancer tout au long du match.<\/p>\n<p>Sa capacit\u00e9 \u00e0 \u00e9quilibrer les deux c\u00f4t\u00e9s du r\u00f4le a \u00e9t\u00e9 soulign\u00e9e, le rapport notant que les attaquants grecs avaient du mal \u00e0 le d\u00e9passer alors qu&#39;il trouvait encore des moments pour contribuer en attaque.<\/p>\n<p>Cette coh\u00e9rence est importante pour nous, surtout compte tenu de l&#39;importance que prennent les deux joueurs dans le syst\u00e8me d&#39;Arne Slot, m\u00eame si des questions ont \u00e9t\u00e9 soulev\u00e9es \u00e0 propos de Szoboszlai de la part de Graeme Souness.<\/p>\n<p>Apr\u00e8s leur victoire internationale plus t\u00f4t cette semaine, o\u00f9 les deux \u00e9taient impliqu\u00e9s dans une d\u00e9monstration plus offensive, cela semblait \u00eatre le revers de la m\u00e9daille, montrant qu&#39;ils peuvent \u00e9galement g\u00e9rer des matchs et r\u00e9aliser des feuilles blanches.<\/p>\n<p>\u00c0 l\u2019approche du choc de la FA Cup contre Manchester City, le retour de deux joueurs cl\u00e9s du service international avec des minutes solides et des performances contr\u00f4l\u00e9es est exactement ce dont nous avions besoin.<\/p>\n<p><!-- Article End -->\t\t\t\t<\/div>\n","protected":false},"excerpt":{"rendered":"<p>Il ne s&#39;agit pas toujours de gros titres ou de grands moments, mais Dominik Szoboszlai et Milos Kerkez ont discr\u00e8tement r\u00e9alis\u00e9 de solides performances alors<\/p>\n","protected":false},"author":1,"featured_media":36015,"comment_status":"closed","ping_status":"","sticky":false,"template":"","format":"standard","meta":{"footnotes":""},"categories":[3],"tags":[25,5277,7518,4433,93,2823,7155,531],"yoast_head":"<!-- This site is optimized with the Yoast SEO plugin v21.0 - https:\/\/yoast.com\/wordpress\/plugins\/seo\/ -->\n<title>Les notes de Szoboszlai et Kerkez r\u00e9v\u00e9l\u00e9es apr\u00e8s l&#039;impasse en Gr\u00e8ce<\/title>\n<meta name=\"robots\" content=\"index, follow, max-snippet:-1, max-image-preview:large, max-video-preview:-1\" \/>\n<link rel=\"canonical\" href=\"https:\/\/footdavant.fr\/actualites\/les-notes-de-szoboszlai-et-kerkez-revelees-apres-limpasse-en-grece\/\" \/>\n<meta property=\"og:locale\" content=\"fr_FR\" \/>\n<meta property=\"og:type\" content=\"article\" \/>\n<meta property=\"og:title\" content=\"Les notes de Szoboszlai et Kerkez r\u00e9v\u00e9l\u00e9es apr\u00e8s l&#039;impasse en Gr\u00e8ce\" \/>\n<meta property=\"og:description\" content=\"Il ne s&#039;agit pas toujours de gros titres ou de grands moments, mais Dominik Szoboszlai et Milos Kerkez ont discr\u00e8tement r\u00e9alis\u00e9 de solides performances alors\" \/>\n<meta property=\"og:url\" content=\"https:\/\/footdavant.fr\/actualites\/les-notes-de-szoboszlai-et-kerkez-revelees-apres-limpasse-en-grece\/\" \/>\n<meta property=\"og:site_name\" content=\"Foot d&#039;avant\" \/>\n<meta property=\"article:publisher\" content=\"https:\/\/www.facebook.com\/Footdavant\/\" \/>\n<meta property=\"article:published_time\" content=\"2026-04-01T10:48:08+00:00\" \/>\n<meta property=\"article:modified_time\" content=\"2026-04-01T10:48:10+00:00\" \/>\n<meta property=\"og:image\" content=\"https:\/\/footdavant.fr\/actualites\/wp-content\/uploads\/2026\/04\/Les-notes-de-Szoboszlai-et-Kerkez-revelees-apres-l39impasse-en.jpg\" \/>\n\t<meta property=\"og:image:width\" content=\"1200\" \/>\n\t<meta property=\"og:image:height\" content=\"675\" \/>\n\t<meta property=\"og:image:type\" content=\"image\/jpeg\" \/>\n<meta name=\"author\" content=\"Cl\u00e9ment\" \/>\n<meta name=\"twitter:card\" content=\"summary_large_image\" \/>\n<meta name=\"twitter:creator\" content=\"@FootdavantFr\" \/>\n<meta name=\"twitter:site\" content=\"@FootdavantFr\" \/>\n<meta name=\"twitter:label1\" content=\"\u00c9crit par\" \/>\n\t<meta name=\"twitter:data1\" content=\"Cl\u00e9ment\" \/>\n\t<meta name=\"twitter:label2\" content=\"Dur\u00e9e de lecture estim\u00e9e\" \/>\n\t<meta name=\"twitter:data2\" content=\"3 minutes\" \/>\n<script type=\"application\/ld+json\" class=\"yoast-schema-graph\">{\"@context\":\"https:\/\/schema.org\",\"@graph\":[{\"@type\":\"Article\",\"@id\":\"https:\/\/footdavant.fr\/actualites\/les-notes-de-szoboszlai-et-kerkez-revelees-apres-limpasse-en-grece\/#article\",\"isPartOf\":{\"@id\":\"https:\/\/footdavant.fr\/actualites\/les-notes-de-szoboszlai-et-kerkez-revelees-apres-limpasse-en-grece\/\"},\"author\":{\"name\":\"Cl\u00e9ment\",\"@id\":\"https:\/\/footdavant.fr\/actualites\/#\/schema\/person\/bc222566d95871b37e597b3ed3ba5e1d\"},\"headline\":\"Les notes de Szoboszlai et Kerkez r\u00e9v\u00e9l\u00e9es apr\u00e8s l&#39;impasse en Gr\u00e8ce\",\"datePublished\":\"2026-04-01T10:48:08+00:00\",\"dateModified\":\"2026-04-01T10:48:10+00:00\",\"mainEntityOfPage\":{\"@id\":\"https:\/\/footdavant.fr\/actualites\/les-notes-de-szoboszlai-et-kerkez-revelees-apres-limpasse-en-grece\/\"},\"wordCount\":534,\"publisher\":{\"@id\":\"https:\/\/footdavant.fr\/actualites\/#organization\"},\"keywords\":[\"apr\u00e8s\",\"Gr\u00e8ce\",\"Kerkez\",\"l39impasse\",\"les\",\"Notes\",\"r\u00e9v\u00e9l\u00e9es\",\"Szoboszlai\"],\"articleSection\":[\"Football\"],\"inLanguage\":\"fr-FR\"},{\"@type\":\"WebPage\",\"@id\":\"https:\/\/footdavant.fr\/actualites\/les-notes-de-szoboszlai-et-kerkez-revelees-apres-limpasse-en-grece\/\",\"url\":\"https:\/\/footdavant.fr\/actualites\/les-notes-de-szoboszlai-et-kerkez-revelees-apres-limpasse-en-grece\/\",\"name\":\"Les notes de Szoboszlai et Kerkez r\u00e9v\u00e9l\u00e9es apr\u00e8s l&#39;impasse en Gr\u00e8ce\",\"isPartOf\":{\"@id\":\"https:\/\/footdavant.fr\/actualites\/#website\"},\"datePublished\":\"2026-04-01T10:48:08+00:00\",\"dateModified\":\"2026-04-01T10:48:10+00:00\",\"breadcrumb\":{\"@id\":\"https:\/\/footdavant.fr\/actualites\/les-notes-de-szoboszlai-et-kerkez-revelees-apres-limpasse-en-grece\/#breadcrumb\"},\"inLanguage\":\"fr-FR\",\"potentialAction\":[{\"@type\":\"ReadAction\",\"target\":[\"https:\/\/footdavant.fr\/actualites\/les-notes-de-szoboszlai-et-kerkez-revelees-apres-limpasse-en-grece\/\"]}]},{\"@type\":\"BreadcrumbList\",\"@id\":\"https:\/\/footdavant.fr\/actualites\/les-notes-de-szoboszlai-et-kerkez-revelees-apres-limpasse-en-grece\/#breadcrumb\",\"itemListElement\":[{\"@type\":\"ListItem\",\"position\":1,\"name\":\"Accueil\",\"item\":\"https:\/\/footdavant.fr\/actualites\/\"},{\"@type\":\"ListItem\",\"position\":2,\"name\":\"Les notes de Szoboszlai et Kerkez r\u00e9v\u00e9l\u00e9es apr\u00e8s l&#39;impasse en Gr\u00e8ce\"}]},{\"@type\":\"WebSite\",\"@id\":\"https:\/\/footdavant.fr\/actualites\/#website\",\"url\":\"https:\/\/footdavant.fr\/actualites\/\",\"name\":\"Foot d'avant\",\"description\":\"\",\"publisher\":{\"@id\":\"https:\/\/footdavant.fr\/actualites\/#organization\"},\"potentialAction\":[{\"@type\":\"SearchAction\",\"target\":{\"@type\":\"EntryPoint\",\"urlTemplate\":\"https:\/\/footdavant.fr\/actualites\/?s={search_term_string}\"},\"query-input\":\"required name=search_term_string\"}],\"inLanguage\":\"fr-FR\"},{\"@type\":\"Organization\",\"@id\":\"https:\/\/footdavant.fr\/actualites\/#organization\",\"name\":\"Foot d'avant\",\"url\":\"https:\/\/footdavant.fr\/actualites\/\",\"logo\":{\"@type\":\"ImageObject\",\"inLanguage\":\"fr-FR\",\"@id\":\"https:\/\/footdavant.fr\/actualites\/#\/schema\/logo\/image\/\",\"url\":\"https:\/\/footdavant.fr\/actualites\/wp-content\/uploads\/2023\/09\/Copy-of-FootDavant-Logo.png\",\"contentUrl\":\"https:\/\/footdavant.fr\/actualites\/wp-content\/uploads\/2023\/09\/Copy-of-FootDavant-Logo.png\",\"width\":936,\"height\":549,\"caption\":\"Foot d'avant\"},\"image\":{\"@id\":\"https:\/\/footdavant.fr\/actualites\/#\/schema\/logo\/image\/\"},\"sameAs\":[\"https:\/\/www.facebook.com\/Footdavant\/\",\"https:\/\/twitter.com\/FootdavantFr\",\"https:\/\/www.instagram.com\/footdavant.fr\/\"]},{\"@type\":\"Person\",\"@id\":\"https:\/\/footdavant.fr\/actualites\/#\/schema\/person\/bc222566d95871b37e597b3ed3ba5e1d\",\"name\":\"Cl\u00e9ment\",\"image\":{\"@type\":\"ImageObject\",\"inLanguage\":\"fr-FR\",\"@id\":\"https:\/\/footdavant.fr\/actualites\/#\/schema\/person\/image\/\",\"url\":\"https:\/\/secure.gravatar.com\/avatar\/7728b29aac2719421e1a9159b2254c44?s=96&d=mm&r=g\",\"contentUrl\":\"https:\/\/secure.gravatar.com\/avatar\/7728b29aac2719421e1a9159b2254c44?s=96&d=mm&r=g\",\"caption\":\"Cl\u00e9ment\"},\"sameAs\":[\"https:\/\/footdavant.fr\/\"]}]}<\/script>\n<!-- \/ Yoast SEO plugin. -->","yoast_head_json":{"title":"Les notes de Szoboszlai et Kerkez r\u00e9v\u00e9l\u00e9es apr\u00e8s l&#39;impasse en Gr\u00e8ce","robots":{"index":"index","follow":"follow","max-snippet":"max-snippet:-1","max-image-preview":"max-image-preview:large","max-video-preview":"max-video-preview:-1"},"canonical":"https:\/\/footdavant.fr\/actualites\/les-notes-de-szoboszlai-et-kerkez-revelees-apres-limpasse-en-grece\/","og_locale":"fr_FR","og_type":"article","og_title":"Les notes de Szoboszlai et Kerkez r\u00e9v\u00e9l\u00e9es apr\u00e8s l&#39;impasse en Gr\u00e8ce","og_description":"Il ne s&#39;agit pas toujours de gros titres ou de grands moments, mais Dominik Szoboszlai et Milos Kerkez ont discr\u00e8tement r\u00e9alis\u00e9 de solides performances alors","og_url":"https:\/\/footdavant.fr\/actualites\/les-notes-de-szoboszlai-et-kerkez-revelees-apres-limpasse-en-grece\/","og_site_name":"Foot d&#039;avant","article_publisher":"https:\/\/www.facebook.com\/Footdavant\/","article_published_time":"2026-04-01T10:48:08+00:00","article_modified_time":"2026-04-01T10:48:10+00:00","og_image":[{"width":1200,"height":675,"url":"https:\/\/footdavant.fr\/actualites\/wp-content\/uploads\/2026\/04\/Les-notes-de-Szoboszlai-et-Kerkez-revelees-apres-l39impasse-en.jpg","type":"image\/jpeg"}],"author":"Cl\u00e9ment","twitter_card":"summary_large_image","twitter_creator":"@FootdavantFr","twitter_site":"@FootdavantFr","twitter_misc":{"\u00c9crit par":"Cl\u00e9ment","Dur\u00e9e de lecture estim\u00e9e":"3 minutes"},"schema":{"@context":"https:\/\/schema.org","@graph":[{"@type":"Article","@id":"https:\/\/footdavant.fr\/actualites\/les-notes-de-szoboszlai-et-kerkez-revelees-apres-limpasse-en-grece\/#article","isPartOf":{"@id":"https:\/\/footdavant.fr\/actualites\/les-notes-de-szoboszlai-et-kerkez-revelees-apres-limpasse-en-grece\/"},"author":{"name":"Cl\u00e9ment","@id":"https:\/\/footdavant.fr\/actualites\/#\/schema\/person\/bc222566d95871b37e597b3ed3ba5e1d"},"headline":"Les notes de Szoboszlai et Kerkez r\u00e9v\u00e9l\u00e9es apr\u00e8s l&#39;impasse en Gr\u00e8ce","datePublished":"2026-04-01T10:48:08+00:00","dateModified":"2026-04-01T10:48:10+00:00","mainEntityOfPage":{"@id":"https:\/\/footdavant.fr\/actualites\/les-notes-de-szoboszlai-et-kerkez-revelees-apres-limpasse-en-grece\/"},"wordCount":534,"publisher":{"@id":"https:\/\/footdavant.fr\/actualites\/#organization"},"keywords":["apr\u00e8s","Gr\u00e8ce","Kerkez","l39impasse","les","Notes","r\u00e9v\u00e9l\u00e9es","Szoboszlai"],"articleSection":["Football"],"inLanguage":"fr-FR"},{"@type":"WebPage","@id":"https:\/\/footdavant.fr\/actualites\/les-notes-de-szoboszlai-et-kerkez-revelees-apres-limpasse-en-grece\/","url":"https:\/\/footdavant.fr\/actualites\/les-notes-de-szoboszlai-et-kerkez-revelees-apres-limpasse-en-grece\/","name":"Les notes de Szoboszlai et Kerkez r\u00e9v\u00e9l\u00e9es apr\u00e8s l&#39;impasse en Gr\u00e8ce","isPartOf":{"@id":"https:\/\/footdavant.fr\/actualites\/#website"},"datePublished":"2026-04-01T10:48:08+00:00","dateModified":"2026-04-01T10:48:10+00:00","breadcrumb":{"@id":"https:\/\/footdavant.fr\/actualites\/les-notes-de-szoboszlai-et-kerkez-revelees-apres-limpasse-en-grece\/#breadcrumb"},"inLanguage":"fr-FR","potentialAction":[{"@type":"ReadAction","target":["https:\/\/footdavant.fr\/actualites\/les-notes-de-szoboszlai-et-kerkez-revelees-apres-limpasse-en-grece\/"]}]},{"@type":"BreadcrumbList","@id":"https:\/\/footdavant.fr\/actualites\/les-notes-de-szoboszlai-et-kerkez-revelees-apres-limpasse-en-grece\/#breadcrumb","itemListElement":[{"@type":"ListItem","position":1,"name":"Accueil","item":"https:\/\/footdavant.fr\/actualites\/"},{"@type":"ListItem","position":2,"name":"Les notes de Szoboszlai et Kerkez r\u00e9v\u00e9l\u00e9es apr\u00e8s l&#39;impasse en Gr\u00e8ce"}]},{"@type":"WebSite","@id":"https:\/\/footdavant.fr\/actualites\/#website","url":"https:\/\/footdavant.fr\/actualites\/","name":"Foot d'avant","description":"","publisher":{"@id":"https:\/\/footdavant.fr\/actualites\/#organization"},"potentialAction":[{"@type":"SearchAction","target":{"@type":"EntryPoint","urlTemplate":"https:\/\/footdavant.fr\/actualites\/?s={search_term_string}"},"query-input":"required name=search_term_string"}],"inLanguage":"fr-FR"},{"@type":"Organization","@id":"https:\/\/footdavant.fr\/actualites\/#organization","name":"Foot d'avant","url":"https:\/\/footdavant.fr\/actualites\/","logo":{"@type":"ImageObject","inLanguage":"fr-FR","@id":"https:\/\/footdavant.fr\/actualites\/#\/schema\/logo\/image\/","url":"https:\/\/footdavant.fr\/actualites\/wp-content\/uploads\/2023\/09\/Copy-of-FootDavant-Logo.png","contentUrl":"https:\/\/footdavant.fr\/actualites\/wp-content\/uploads\/2023\/09\/Copy-of-FootDavant-Logo.png","width":936,"height":549,"caption":"Foot d'avant"},"image":{"@id":"https:\/\/footdavant.fr\/actualites\/#\/schema\/logo\/image\/"},"sameAs":["https:\/\/www.facebook.com\/Footdavant\/","https:\/\/twitter.com\/FootdavantFr","https:\/\/www.instagram.com\/footdavant.fr\/"]},{"@type":"Person","@id":"https:\/\/footdavant.fr\/actualites\/#\/schema\/person\/bc222566d95871b37e597b3ed3ba5e1d","name":"Cl\u00e9ment","image":{"@type":"ImageObject","inLanguage":"fr-FR","@id":"https:\/\/footdavant.fr\/actualites\/#\/schema\/person\/image\/","url":"https:\/\/secure.gravatar.com\/avatar\/7728b29aac2719421e1a9159b2254c44?s=96&d=mm&r=g","contentUrl":"https:\/\/secure.gravatar.com\/avatar\/7728b29aac2719421e1a9159b2254c44?s=96&d=mm&r=g","caption":"Cl\u00e9ment"},"sameAs":["https:\/\/footdavant.fr\/"]}]}},"_links":{"self":[{"href":"https:\/\/footdavant.fr\/actualites\/wp-json\/wp\/v2\/posts\/36014"}],"collection":[{"href":"https:\/\/footdavant.fr\/actualites\/wp-json\/wp\/v2\/posts"}],"about":[{"href":"https:\/\/footdavant.fr\/actualites\/wp-json\/wp\/v2\/types\/post"}],"author":[{"embeddable":true,"href":"https:\/\/footdavant.fr\/actualites\/wp-json\/wp\/v2\/users\/1"}],"replies":[{"embeddable":true,"href":"https:\/\/footdavant.fr\/actualites\/wp-json\/wp\/v2\/comments?post=36014"}],"version-history":[{"count":1,"href":"https:\/\/footdavant.fr\/actualites\/wp-json\/wp\/v2\/posts\/36014\/revisions"}],"predecessor-version":[{"id":36016,"href":"https:\/\/footdavant.fr\/actualites\/wp-json\/wp\/v2\/posts\/36014\/revisions\/36016"}],"wp:featuredmedia":[{"embeddable":true,"href":"https:\/\/footdavant.fr\/actualites\/wp-json\/wp\/v2\/media\/36015"}],"wp:attachment":[{"href":"https:\/\/footdavant.fr\/actualites\/wp-json\/wp\/v2\/media?parent=36014"}],"wp:term":[{"taxonomy":"category","embeddable":true,"href":"https:\/\/footdavant.fr\/actualites\/wp-json\/wp\/v2\/categories?post=36014"},{"taxonomy":"post_tag","embeddable":true,"href":"https:\/\/footdavant.fr\/actualites\/wp-json\/wp\/v2\/tags?post=36014"}],"curies":[{"name":"wp","href":"https:\/\/api.w.org\/{rel}","templated":true}]}}