{"id":36020,"date":"2026-04-01T16:48:07","date_gmt":"2026-04-01T14:48:07","guid":{"rendered":"https:\/\/footdavant.fr\/actualites\/lamine-yamal-publie-une-declaration-ferme-apres-les-chants-anti-musulmans-qui-ont-gache-le-match-entre-lespagne-et-legypte\/"},"modified":"2026-04-01T16:48:08","modified_gmt":"2026-04-01T14:48:08","slug":"lamine-yamal-publie-une-declaration-ferme-apres-les-chants-anti-musulmans-qui-ont-gache-le-match-entre-lespagne-et-legypte","status":"publish","type":"post","link":"https:\/\/footdavant.fr\/actualites\/lamine-yamal-publie-une-declaration-ferme-apres-les-chants-anti-musulmans-qui-ont-gache-le-match-entre-lespagne-et-legypte\/","title":{"rendered":"Lamine Yamal publie une d\u00e9claration ferme apr\u00e8s les chants anti-musulmans qui ont g\u00e2ch\u00e9 le match entre l&#39;Espagne et l&#39;Egypte"},"content":{"rendered":"<p>Lamine Yamal a critiqu\u00e9 une partie des supporters de Barcelone hier soir lors du match nul entre l&#39;Espagne et l&#39;Egypte.<\/p>\n<div>\n<p>Lamine Yamal a d\u00e9clar\u00e9 que les chants anti-musulmans entendus lors du match entre l&#39;Espagne et l&#39;\u00c9gypte hier soir \u00e9taient \u00ab intol\u00e9rables \u00bb et d\u00e9montraient un \u00ab manque de respect \u00bb.<\/p>\n<p>Le chant r\u00e9p\u00e9t\u00e9 de \u00ab Saute, saute, saute, celui qui ne saute pas est musulman \u00bb a r\u00e9sonn\u00e9 autour du stade RCDE de l&#39;Espanyol \u00e0 Barcelone lors du match nul 0-0 contre la nation nord-africaine.<\/p>\n<p>Un message d&#39;arr\u00eat de la chanson sur grand \u00e9cran et sur le syst\u00e8me de sonorisation a \u00e9t\u00e9 accueilli par des sifflets et Yamal a exprim\u00e9 son d\u00e9go\u00fbt dans une publication sur Instagram.<\/p>\n<p>Le jeune homme de 18 ans, musulman pratiquant, a \u00e9crit : \u00ab Je suis musulman, Dieu merci.<\/p>\n<p>\u00ab\u00a0Hier, dans le stade, nous avons entendu le chant \u00ab\u00a0celui qui ne saute pas est musulman\u00a0\u00bb. Je sais que cela s&#39;adressait \u00e0 l&#39;\u00e9quipe adverse et rien \u00e0 moi-m\u00eame en tant que personne, mais en tant que musulman, cela ne cesse d&#39;\u00eatre un manque de respect et quelque chose que nous ne pouvons pas tol\u00e9rer.<\/p>\n<p>\u00ab\u00a0Je comprends que tous les fans ne sont pas comme \u00e7a, mais pour ceux qui chantent ces chants : utiliser la religion comme quelque chose pour se moquer des gens dans un stade de football vous laisse comme des gens ignorants et racistes. Le football, c&#39;est profiter et soutenir, pas offenser les gens par qui ils sont ou ce en quoi ils croient.<\/p>\n<p>\u00ab\u00a0Cela dit, merci aux supporters qui sont venus nous soutenir. Rendez-vous \u00e0 la Coupe du Monde.\u00a0\u00bb<\/p>\n<blockquote class=\"instagram-media\" data-instgrm-captioned=\"\" data-instgrm-permalink=\"https:\/\/www.instagram.com\/p\/DWlrsnWiEq0\/?utm_source=ig_embed&amp;utm_campaign=loading\" data-instgrm-version=\"14\" style=\" background:#FFF; border:0; border-radius:3px; box-shadow:0 0 1px 0 rgba(0,0,0,0.5),0 1px 10px 0 rgba(0,0,0,0.15); margin: 1px; max-width:540px; min-width:326px; padding:0; width:99.375%; width:-webkit-calc(100% - 2px); width:calc(100% - 2px);\"\/>\n<h2 class=\"wp-block-heading\">Le s\u00e9lectionneur espagnol De la Fuente d\u00e9go\u00fbt\u00e9 par les chants<\/h2>\n<p>La F\u00e9d\u00e9ration espagnole de football a condamn\u00e9 ces chants tandis que Luis de la Fuente, le s\u00e9lectionneur espagnol, a d\u00e9clar\u00e9 : \u00ab\u00a0Ce n&#39;est tout simplement pas tol\u00e9rable. Je ne connais pas compl\u00e8tement tous les protocoles en la mati\u00e8re.<\/p>\n<p>\u00ab\u00a0J&#39;ai vu le message que la FA a diffus\u00e9 sur les \u00e9crans du stade. Je pense que la grande majorit\u00e9 du stade a hu\u00e9 et siffl\u00e9 tous les rustres qui chantaient cela. Le football n&#39;est pas violent. Les gens violents utilisent le football pour vivre leur moment. Pour ces gens violents, nous devons les identifier et les mettre \u00e0 l&#39;\u00e9cart de la soci\u00e9t\u00e9. Plus ils sont loin, mieux c&#39;est.\u00a0\u00bb<\/p>\n<\/p><\/div>\n<p><script async src=\"\/\/www.instagram.com\/embed.js\"><\/script><\/p>\n","protected":false},"excerpt":{"rendered":"<p>Lamine Yamal a critiqu\u00e9 une partie des supporters de Barcelone hier soir lors du match nul entre l&#39;Espagne et l&#39;Egypte. Lamine Yamal a d\u00e9clar\u00e9 que<\/p>\n","protected":false},"author":1,"featured_media":36021,"comment_status":"closed","ping_status":"","sticky":false,"template":"","format":"standard","meta":{"footnotes":""},"categories":[3],"tags":[11771,25,10691,749,279,4658,11772,8642,5444,4088,93,257,244,1107,243,92,4089],"yoast_head":"<!-- This site is optimized with the Yoast SEO plugin v21.0 - https:\/\/yoast.com\/wordpress\/plugins\/seo\/ -->\n<title>Lamine Yamal publie une d\u00e9claration ferme apr\u00e8s les chants anti-musulmans qui ont g\u00e2ch\u00e9 le match entre l&#039;Espagne et l&#039;Egypte<\/title>\n<meta name=\"robots\" content=\"index, follow, max-snippet:-1, max-image-preview:large, max-video-preview:-1\" \/>\n<link rel=\"canonical\" href=\"https:\/\/footdavant.fr\/actualites\/lamine-yamal-publie-une-declaration-ferme-apres-les-chants-anti-musulmans-qui-ont-gache-le-match-entre-lespagne-et-legypte\/\" \/>\n<meta property=\"og:locale\" content=\"fr_FR\" \/>\n<meta property=\"og:type\" content=\"article\" \/>\n<meta property=\"og:title\" content=\"Lamine Yamal publie une d\u00e9claration ferme apr\u00e8s les chants anti-musulmans qui ont g\u00e2ch\u00e9 le match entre l&#039;Espagne et l&#039;Egypte\" \/>\n<meta property=\"og:description\" content=\"Lamine Yamal a critiqu\u00e9 une partie des supporters de Barcelone hier soir lors du match nul entre l&#039;Espagne et l&#039;Egypte. Lamine Yamal a d\u00e9clar\u00e9 que\" \/>\n<meta property=\"og:url\" content=\"https:\/\/footdavant.fr\/actualites\/lamine-yamal-publie-une-declaration-ferme-apres-les-chants-anti-musulmans-qui-ont-gache-le-match-entre-lespagne-et-legypte\/\" \/>\n<meta property=\"og:site_name\" content=\"Foot d&#039;avant\" \/>\n<meta property=\"article:publisher\" content=\"https:\/\/www.facebook.com\/Footdavant\/\" \/>\n<meta property=\"article:published_time\" content=\"2026-04-01T14:48:07+00:00\" \/>\n<meta property=\"article:modified_time\" content=\"2026-04-01T14:48:08+00:00\" \/>\n<meta property=\"og:image\" content=\"https:\/\/footdavant.fr\/actualites\/wp-content\/uploads\/2026\/04\/Lamine-Yamal-publie-une-declaration-ferme-apres-les-chants-anti-musulmans.jpg\" \/>\n\t<meta property=\"og:image:width\" content=\"1200\" \/>\n\t<meta property=\"og:image:height\" content=\"814\" \/>\n\t<meta property=\"og:image:type\" content=\"image\/jpeg\" \/>\n<meta name=\"author\" content=\"Cl\u00e9ment\" \/>\n<meta name=\"twitter:card\" content=\"summary_large_image\" \/>\n<meta name=\"twitter:creator\" content=\"@FootdavantFr\" \/>\n<meta name=\"twitter:site\" content=\"@FootdavantFr\" \/>\n<meta name=\"twitter:label1\" content=\"\u00c9crit par\" \/>\n\t<meta name=\"twitter:data1\" content=\"Cl\u00e9ment\" \/>\n\t<meta name=\"twitter:label2\" content=\"Dur\u00e9e de lecture estim\u00e9e\" \/>\n\t<meta name=\"twitter:data2\" content=\"2 minutes\" \/>\n<script type=\"application\/ld+json\" class=\"yoast-schema-graph\">{\"@context\":\"https:\/\/schema.org\",\"@graph\":[{\"@type\":\"Article\",\"@id\":\"https:\/\/footdavant.fr\/actualites\/lamine-yamal-publie-une-declaration-ferme-apres-les-chants-anti-musulmans-qui-ont-gache-le-match-entre-lespagne-et-legypte\/#article\",\"isPartOf\":{\"@id\":\"https:\/\/footdavant.fr\/actualites\/lamine-yamal-publie-une-declaration-ferme-apres-les-chants-anti-musulmans-qui-ont-gache-le-match-entre-lespagne-et-legypte\/\"},\"author\":{\"name\":\"Cl\u00e9ment\",\"@id\":\"https:\/\/footdavant.fr\/actualites\/#\/schema\/person\/bc222566d95871b37e597b3ed3ba5e1d\"},\"headline\":\"Lamine Yamal publie une d\u00e9claration ferme apr\u00e8s les chants anti-musulmans qui ont g\u00e2ch\u00e9 le match entre l&#39;Espagne et l&#39;Egypte\",\"datePublished\":\"2026-04-01T14:48:07+00:00\",\"dateModified\":\"2026-04-01T14:48:08+00:00\",\"mainEntityOfPage\":{\"@id\":\"https:\/\/footdavant.fr\/actualites\/lamine-yamal-publie-une-declaration-ferme-apres-les-chants-anti-musulmans-qui-ont-gache-le-match-entre-lespagne-et-legypte\/\"},\"wordCount\":430,\"publisher\":{\"@id\":\"https:\/\/footdavant.fr\/actualites\/#organization\"},\"keywords\":[\"antimusulmans\",\"apr\u00e8s\",\"chants\",\"D\u00e9claration\",\"entre\",\"ferme\",\"g\u00e2ch\u00e9\",\"l39\u00c9gypte\",\"l39Espagne\",\"Lamine\",\"les\",\"match\",\"ont\",\"publi\u00e9\",\"qui\",\"une\",\"Yamal\"],\"articleSection\":[\"Football\"],\"inLanguage\":\"fr-FR\"},{\"@type\":\"WebPage\",\"@id\":\"https:\/\/footdavant.fr\/actualites\/lamine-yamal-publie-une-declaration-ferme-apres-les-chants-anti-musulmans-qui-ont-gache-le-match-entre-lespagne-et-legypte\/\",\"url\":\"https:\/\/footdavant.fr\/actualites\/lamine-yamal-publie-une-declaration-ferme-apres-les-chants-anti-musulmans-qui-ont-gache-le-match-entre-lespagne-et-legypte\/\",\"name\":\"Lamine Yamal publie une d\u00e9claration ferme apr\u00e8s les chants anti-musulmans qui ont g\u00e2ch\u00e9 le match entre l&#39;Espagne et l&#39;Egypte\",\"isPartOf\":{\"@id\":\"https:\/\/footdavant.fr\/actualites\/#website\"},\"datePublished\":\"2026-04-01T14:48:07+00:00\",\"dateModified\":\"2026-04-01T14:48:08+00:00\",\"breadcrumb\":{\"@id\":\"https:\/\/footdavant.fr\/actualites\/lamine-yamal-publie-une-declaration-ferme-apres-les-chants-anti-musulmans-qui-ont-gache-le-match-entre-lespagne-et-legypte\/#breadcrumb\"},\"inLanguage\":\"fr-FR\",\"potentialAction\":[{\"@type\":\"ReadAction\",\"target\":[\"https:\/\/footdavant.fr\/actualites\/lamine-yamal-publie-une-declaration-ferme-apres-les-chants-anti-musulmans-qui-ont-gache-le-match-entre-lespagne-et-legypte\/\"]}]},{\"@type\":\"BreadcrumbList\",\"@id\":\"https:\/\/footdavant.fr\/actualites\/lamine-yamal-publie-une-declaration-ferme-apres-les-chants-anti-musulmans-qui-ont-gache-le-match-entre-lespagne-et-legypte\/#breadcrumb\",\"itemListElement\":[{\"@type\":\"ListItem\",\"position\":1,\"name\":\"Accueil\",\"item\":\"https:\/\/footdavant.fr\/actualites\/\"},{\"@type\":\"ListItem\",\"position\":2,\"name\":\"Lamine Yamal publie une d\u00e9claration ferme apr\u00e8s les chants anti-musulmans qui ont g\u00e2ch\u00e9 le match entre l&#39;Espagne et l&#39;Egypte\"}]},{\"@type\":\"WebSite\",\"@id\":\"https:\/\/footdavant.fr\/actualites\/#website\",\"url\":\"https:\/\/footdavant.fr\/actualites\/\",\"name\":\"Foot d'avant\",\"description\":\"\",\"publisher\":{\"@id\":\"https:\/\/footdavant.fr\/actualites\/#organization\"},\"potentialAction\":[{\"@type\":\"SearchAction\",\"target\":{\"@type\":\"EntryPoint\",\"urlTemplate\":\"https:\/\/footdavant.fr\/actualites\/?s={search_term_string}\"},\"query-input\":\"required name=search_term_string\"}],\"inLanguage\":\"fr-FR\"},{\"@type\":\"Organization\",\"@id\":\"https:\/\/footdavant.fr\/actualites\/#organization\",\"name\":\"Foot d'avant\",\"url\":\"https:\/\/footdavant.fr\/actualites\/\",\"logo\":{\"@type\":\"ImageObject\",\"inLanguage\":\"fr-FR\",\"@id\":\"https:\/\/footdavant.fr\/actualites\/#\/schema\/logo\/image\/\",\"url\":\"https:\/\/footdavant.fr\/actualites\/wp-content\/uploads\/2023\/09\/Copy-of-FootDavant-Logo.png\",\"contentUrl\":\"https:\/\/footdavant.fr\/actualites\/wp-content\/uploads\/2023\/09\/Copy-of-FootDavant-Logo.png\",\"width\":936,\"height\":549,\"caption\":\"Foot d'avant\"},\"image\":{\"@id\":\"https:\/\/footdavant.fr\/actualites\/#\/schema\/logo\/image\/\"},\"sameAs\":[\"https:\/\/www.facebook.com\/Footdavant\/\",\"https:\/\/twitter.com\/FootdavantFr\",\"https:\/\/www.instagram.com\/footdavant.fr\/\"]},{\"@type\":\"Person\",\"@id\":\"https:\/\/footdavant.fr\/actualites\/#\/schema\/person\/bc222566d95871b37e597b3ed3ba5e1d\",\"name\":\"Cl\u00e9ment\",\"image\":{\"@type\":\"ImageObject\",\"inLanguage\":\"fr-FR\",\"@id\":\"https:\/\/footdavant.fr\/actualites\/#\/schema\/person\/image\/\",\"url\":\"https:\/\/secure.gravatar.com\/avatar\/7728b29aac2719421e1a9159b2254c44?s=96&d=mm&r=g\",\"contentUrl\":\"https:\/\/secure.gravatar.com\/avatar\/7728b29aac2719421e1a9159b2254c44?s=96&d=mm&r=g\",\"caption\":\"Cl\u00e9ment\"},\"sameAs\":[\"https:\/\/footdavant.fr\/\"]}]}<\/script>\n<!-- \/ Yoast SEO plugin. -->","yoast_head_json":{"title":"Lamine Yamal publie une d\u00e9claration ferme apr\u00e8s les chants anti-musulmans qui ont g\u00e2ch\u00e9 le match entre l&#39;Espagne et l&#39;Egypte","robots":{"index":"index","follow":"follow","max-snippet":"max-snippet:-1","max-image-preview":"max-image-preview:large","max-video-preview":"max-video-preview:-1"},"canonical":"https:\/\/footdavant.fr\/actualites\/lamine-yamal-publie-une-declaration-ferme-apres-les-chants-anti-musulmans-qui-ont-gache-le-match-entre-lespagne-et-legypte\/","og_locale":"fr_FR","og_type":"article","og_title":"Lamine Yamal publie une d\u00e9claration ferme apr\u00e8s les chants anti-musulmans qui ont g\u00e2ch\u00e9 le match entre l&#39;Espagne et l&#39;Egypte","og_description":"Lamine Yamal a critiqu\u00e9 une partie des supporters de Barcelone hier soir lors du match nul entre l&#39;Espagne et l&#39;Egypte. Lamine Yamal a d\u00e9clar\u00e9 que","og_url":"https:\/\/footdavant.fr\/actualites\/lamine-yamal-publie-une-declaration-ferme-apres-les-chants-anti-musulmans-qui-ont-gache-le-match-entre-lespagne-et-legypte\/","og_site_name":"Foot d&#039;avant","article_publisher":"https:\/\/www.facebook.com\/Footdavant\/","article_published_time":"2026-04-01T14:48:07+00:00","article_modified_time":"2026-04-01T14:48:08+00:00","og_image":[{"width":1200,"height":814,"url":"https:\/\/footdavant.fr\/actualites\/wp-content\/uploads\/2026\/04\/Lamine-Yamal-publie-une-declaration-ferme-apres-les-chants-anti-musulmans.jpg","type":"image\/jpeg"}],"author":"Cl\u00e9ment","twitter_card":"summary_large_image","twitter_creator":"@FootdavantFr","twitter_site":"@FootdavantFr","twitter_misc":{"\u00c9crit par":"Cl\u00e9ment","Dur\u00e9e de lecture estim\u00e9e":"2 minutes"},"schema":{"@context":"https:\/\/schema.org","@graph":[{"@type":"Article","@id":"https:\/\/footdavant.fr\/actualites\/lamine-yamal-publie-une-declaration-ferme-apres-les-chants-anti-musulmans-qui-ont-gache-le-match-entre-lespagne-et-legypte\/#article","isPartOf":{"@id":"https:\/\/footdavant.fr\/actualites\/lamine-yamal-publie-une-declaration-ferme-apres-les-chants-anti-musulmans-qui-ont-gache-le-match-entre-lespagne-et-legypte\/"},"author":{"name":"Cl\u00e9ment","@id":"https:\/\/footdavant.fr\/actualites\/#\/schema\/person\/bc222566d95871b37e597b3ed3ba5e1d"},"headline":"Lamine Yamal publie une d\u00e9claration ferme apr\u00e8s les chants anti-musulmans qui ont g\u00e2ch\u00e9 le match entre l&#39;Espagne et l&#39;Egypte","datePublished":"2026-04-01T14:48:07+00:00","dateModified":"2026-04-01T14:48:08+00:00","mainEntityOfPage":{"@id":"https:\/\/footdavant.fr\/actualites\/lamine-yamal-publie-une-declaration-ferme-apres-les-chants-anti-musulmans-qui-ont-gache-le-match-entre-lespagne-et-legypte\/"},"wordCount":430,"publisher":{"@id":"https:\/\/footdavant.fr\/actualites\/#organization"},"keywords":["antimusulmans","apr\u00e8s","chants","D\u00e9claration","entre","ferme","g\u00e2ch\u00e9","l39\u00c9gypte","l39Espagne","Lamine","les","match","ont","publi\u00e9","qui","une","Yamal"],"articleSection":["Football"],"inLanguage":"fr-FR"},{"@type":"WebPage","@id":"https:\/\/footdavant.fr\/actualites\/lamine-yamal-publie-une-declaration-ferme-apres-les-chants-anti-musulmans-qui-ont-gache-le-match-entre-lespagne-et-legypte\/","url":"https:\/\/footdavant.fr\/actualites\/lamine-yamal-publie-une-declaration-ferme-apres-les-chants-anti-musulmans-qui-ont-gache-le-match-entre-lespagne-et-legypte\/","name":"Lamine Yamal publie une d\u00e9claration ferme apr\u00e8s les chants anti-musulmans qui ont g\u00e2ch\u00e9 le match entre l&#39;Espagne et l&#39;Egypte","isPartOf":{"@id":"https:\/\/footdavant.fr\/actualites\/#website"},"datePublished":"2026-04-01T14:48:07+00:00","dateModified":"2026-04-01T14:48:08+00:00","breadcrumb":{"@id":"https:\/\/footdavant.fr\/actualites\/lamine-yamal-publie-une-declaration-ferme-apres-les-chants-anti-musulmans-qui-ont-gache-le-match-entre-lespagne-et-legypte\/#breadcrumb"},"inLanguage":"fr-FR","potentialAction":[{"@type":"ReadAction","target":["https:\/\/footdavant.fr\/actualites\/lamine-yamal-publie-une-declaration-ferme-apres-les-chants-anti-musulmans-qui-ont-gache-le-match-entre-lespagne-et-legypte\/"]}]},{"@type":"BreadcrumbList","@id":"https:\/\/footdavant.fr\/actualites\/lamine-yamal-publie-une-declaration-ferme-apres-les-chants-anti-musulmans-qui-ont-gache-le-match-entre-lespagne-et-legypte\/#breadcrumb","itemListElement":[{"@type":"ListItem","position":1,"name":"Accueil","item":"https:\/\/footdavant.fr\/actualites\/"},{"@type":"ListItem","position":2,"name":"Lamine Yamal publie une d\u00e9claration ferme apr\u00e8s les chants anti-musulmans qui ont g\u00e2ch\u00e9 le match entre l&#39;Espagne et l&#39;Egypte"}]},{"@type":"WebSite","@id":"https:\/\/footdavant.fr\/actualites\/#website","url":"https:\/\/footdavant.fr\/actualites\/","name":"Foot d'avant","description":"","publisher":{"@id":"https:\/\/footdavant.fr\/actualites\/#organization"},"potentialAction":[{"@type":"SearchAction","target":{"@type":"EntryPoint","urlTemplate":"https:\/\/footdavant.fr\/actualites\/?s={search_term_string}"},"query-input":"required name=search_term_string"}],"inLanguage":"fr-FR"},{"@type":"Organization","@id":"https:\/\/footdavant.fr\/actualites\/#organization","name":"Foot d'avant","url":"https:\/\/footdavant.fr\/actualites\/","logo":{"@type":"ImageObject","inLanguage":"fr-FR","@id":"https:\/\/footdavant.fr\/actualites\/#\/schema\/logo\/image\/","url":"https:\/\/footdavant.fr\/actualites\/wp-content\/uploads\/2023\/09\/Copy-of-FootDavant-Logo.png","contentUrl":"https:\/\/footdavant.fr\/actualites\/wp-content\/uploads\/2023\/09\/Copy-of-FootDavant-Logo.png","width":936,"height":549,"caption":"Foot d'avant"},"image":{"@id":"https:\/\/footdavant.fr\/actualites\/#\/schema\/logo\/image\/"},"sameAs":["https:\/\/www.facebook.com\/Footdavant\/","https:\/\/twitter.com\/FootdavantFr","https:\/\/www.instagram.com\/footdavant.fr\/"]},{"@type":"Person","@id":"https:\/\/footdavant.fr\/actualites\/#\/schema\/person\/bc222566d95871b37e597b3ed3ba5e1d","name":"Cl\u00e9ment","image":{"@type":"ImageObject","inLanguage":"fr-FR","@id":"https:\/\/footdavant.fr\/actualites\/#\/schema\/person\/image\/","url":"https:\/\/secure.gravatar.com\/avatar\/7728b29aac2719421e1a9159b2254c44?s=96&d=mm&r=g","contentUrl":"https:\/\/secure.gravatar.com\/avatar\/7728b29aac2719421e1a9159b2254c44?s=96&d=mm&r=g","caption":"Cl\u00e9ment"},"sameAs":["https:\/\/footdavant.fr\/"]}]}},"_links":{"self":[{"href":"https:\/\/footdavant.fr\/actualites\/wp-json\/wp\/v2\/posts\/36020"}],"collection":[{"href":"https:\/\/footdavant.fr\/actualites\/wp-json\/wp\/v2\/posts"}],"about":[{"href":"https:\/\/footdavant.fr\/actualites\/wp-json\/wp\/v2\/types\/post"}],"author":[{"embeddable":true,"href":"https:\/\/footdavant.fr\/actualites\/wp-json\/wp\/v2\/users\/1"}],"replies":[{"embeddable":true,"href":"https:\/\/footdavant.fr\/actualites\/wp-json\/wp\/v2\/comments?post=36020"}],"version-history":[{"count":1,"href":"https:\/\/footdavant.fr\/actualites\/wp-json\/wp\/v2\/posts\/36020\/revisions"}],"predecessor-version":[{"id":36022,"href":"https:\/\/footdavant.fr\/actualites\/wp-json\/wp\/v2\/posts\/36020\/revisions\/36022"}],"wp:featuredmedia":[{"embeddable":true,"href":"https:\/\/footdavant.fr\/actualites\/wp-json\/wp\/v2\/media\/36021"}],"wp:attachment":[{"href":"https:\/\/footdavant.fr\/actualites\/wp-json\/wp\/v2\/media?parent=36020"}],"wp:term":[{"taxonomy":"category","embeddable":true,"href":"https:\/\/footdavant.fr\/actualites\/wp-json\/wp\/v2\/categories?post=36020"},{"taxonomy":"post_tag","embeddable":true,"href":"https:\/\/footdavant.fr\/actualites\/wp-json\/wp\/v2\/tags?post=36020"}],"curies":[{"name":"wp","href":"https:\/\/api.w.org\/{rel}","templated":true}]}}