{"id":36026,"date":"2026-04-01T20:48:03","date_gmt":"2026-04-01T18:48:03","guid":{"rendered":"https:\/\/footdavant.fr\/actualites\/officiel-date-et-heure-du-match-manchester-united-contre-sunderland-confirmees\/"},"modified":"2026-04-01T20:48:05","modified_gmt":"2026-04-01T18:48:05","slug":"officiel-date-et-heure-du-match-manchester-united-contre-sunderland-confirmees","status":"publish","type":"post","link":"https:\/\/footdavant.fr\/actualites\/officiel-date-et-heure-du-match-manchester-united-contre-sunderland-confirmees\/","title":{"rendered":"Officiel\u00a0: date et heure du match Manchester United contre Sunderland confirm\u00e9es &#8211;"},"content":{"rendered":"<div id=\"penci-post-entry-inner\">\n<p>\t\t\t<i class=\"penci-post-countview-number-check\" style=\"display:none\">4<\/i><\/p>\n<p>Manchester United fait face \u00e0 une s\u00e9rie de sept matchs qui d\u00e9termineront s&#39;ils participeront \u00e0 la Ligue des champions la saison prochaine et \u00e9ventuellement si Michael Carrick sera nomm\u00e9 entra\u00eeneur-chef \u00e0 titre permanent. <\/p>\n<p>Apr\u00e8s une belle forme depuis sa prise de fonction \u00e0 la mi-janvier, l&#39;\u00e9quipe de Carrick a grimp\u00e9 \u00e0 la troisi\u00e8me place du classement de la Premier League et est d\u00e9sormais la grande favorite pour terminer au moins dans le top quatre.<\/p>\n<p>\u00c9tant donn\u00e9 que l&#39;Angleterre est en t\u00eate du classement par coefficient pour obtenir une place suppl\u00e9mentaire au classement europ\u00e9en l&#39;ann\u00e9e prochaine, il est fort probable qu&#39;une cinqui\u00e8me place ou plus se traduira par une qualification pour la Ligue des champions \u2013 un coup de pouce suppl\u00e9mentaire pour le peloton de chasse.<\/p>\n<h3>Confirmation du montage<\/h3>\n<p>Dans cet esprit, United aura envie de terminer la saison dans le premier quart de la division, mais ils devront r\u00e9ussir des missions d\u00e9licates en cours de route. <\/p>\n<p>L\u2019un d\u2019eux est un voyage \u00e0 Wearside pour affronter une \u00e9quipe de Sunderland qui a connu une belle saison dans l\u2019\u00e9lite du football anglais.<\/p>\n<p>Alors que plusieurs matches ont \u00e9t\u00e9 modifi\u00e9s pour la couverture t\u00e9l\u00e9vis\u00e9e ces derni\u00e8res semaines, manutd.com a confirm\u00e9 que le choc de Sunderland aura lieu le 9 mai \u00e0 15h00 GMT, une heure de coup d&#39;envoi traditionnelle rare le samedi pour United.<\/p>\n<p>En fait, ce n&#39;est que le quatri\u00e8me coup d&#39;envoi \u00e0 15h00 que United a cette saison, ironiquement, l&#39;un des autres \u00e9tant le match inverse \u00e0 Old Trafford en octobre. <\/p>\n<p>Senne Lammens et Benjamin Sesko se souviendront particuli\u00e8rement de ce match, le gardien belge faisant ses d\u00e9buts pour le club et le grand attaquant marquant son premier but \u00e0 Old Trafford lors d&#39;une confortable victoire 2-0.<\/p>\n<p>Mason Mount a ouvert le score ce jour-l\u00e0 et esp\u00e8re \u00eatre disponible pour le voyage apr\u00e8s avoir rat\u00e9 ces derni\u00e8res semaines en raison d&#39;un autre revers frustrant sur blessure.<\/p>\n<h3>V\u00e9rification du rodage<\/h3>\n<p>La derni\u00e8re visite de United au Stadium of Light remonte \u00e0 2017, lorsque des buts de Zlatan Ibrahimovi\u0107, Henrik Mkhitaryan et Marcus Rashford ont permis \u00e0 l&#39;\u00e9quipe de Jos\u00e9 Mourinho de s&#39;imposer 3-0. <\/p>\n<p>Michael Carrick sera ravi si son \u00e9quipe de United parvient \u00e0 r\u00e9p\u00e9ter l&#39;exploit, m\u00eame si R\u00e9gis Le Bris s&#39;attendra \u00e0 ce que ses hommes repr\u00e9sentent une menace bien plus grande apr\u00e8s avoir bien jou\u00e9 devant leurs propres supporters pendant la majeure partie de la campagne.<\/p>\n<p>Ce match \u00e9tant d\u00e9sormais grav\u00e9 dans le marbre, le seul match de United sans heure de coup d&#39;envoi confirm\u00e9e est la visite de Nottingham Forest, qui devrait avoir lieu le dimanche 17 mai, la finale de la FA Cup \u00e9tant l&#39;affrontement autonome le samedi. <\/p>\n<p>Le rideau se l\u00e8ve sur la saison avec le d\u00e9placement \u00e0 Brighton &#038; Hove Albion, o\u00f9 tous les matches de Premier League d\u00e9buteront en m\u00eame temps, le dimanche 24 mai \u00e0 16h00 GMT.<\/p>\n<p>Par cons\u00e9quent, le calendrier de United pour la phase pr\u00e9liminaire est indiqu\u00e9 ci-dessous, avec Carrick et son \u00e9quipe d\u00e9sesp\u00e9r\u00e9s de terminer la saison en beaut\u00e9 et de terminer dans ces positions tr\u00e8s importantes de la Ligue des Champions\u00a0:<\/p>\n<p>Lundi 13 avril : Leeds United (H) 20h00 GMT<br \/>Samedi 18 avril : Chelsea (A) 20h00 GMT<br \/>Lundi 27 avril : Brentford (H) 20h00 GMT<br \/>Dimanche 3 mai : Liverpool (H) 15h30 GMT<br \/>Samedi 9 mai : Sunderland (A) 15h00 GMT<br \/>Dimanche 17 mai : Nottingham Forest (H) 15h00 BST \u2013 \u00e0 confirmer<br \/>Dimanche 24 mai : Brighton &#038; Hove Albion (A) 16h00 GMT<\/p>\n<p>Si United atteint son objectif de terminer parmi les quatre premiers, les chances de Carrick d&#39;obtenir le poste d&#39;entra\u00eeneur-chef de mani\u00e8re permanente seront grandement am\u00e9lior\u00e9es, compte tenu de la situation \u00e0 Old Trafford lorsque Ruben Amorim a \u00e9t\u00e9 licenci\u00e9. <\/p>\n<p>En outre, les d\u00e9penses estivales d&#39;INEOS seront fortement influenc\u00e9es par la position finale de United, le prix en argent pour la qualification en Ligue des Champions \u00e9tant transformateur pour le budget disponible pour quiconque est sur la sellette avant la nouvelle campagne.<\/p>\n<\/p>\n<hr\/>\n<p>The Peoples Person est l&#39;un des principaux sites d&#39;information de Man United au monde depuis plus d&#39;une d\u00e9cennie. Suivez-nous sur Bluesky\u00a0: @peoplesperson.bsky.social<\/p>\n<p><!-- CONTENT END 2 --><\/p><\/div>\n","protected":false},"excerpt":{"rendered":"<p>4 Manchester United fait face \u00e0 une s\u00e9rie de sept matchs qui d\u00e9termineront s&#39;ils participeront \u00e0 la Ligue des champions la saison prochaine et \u00e9ventuellement<\/p>\n","protected":false},"author":1,"featured_media":36027,"comment_status":"closed","ping_status":"","sticky":false,"template":"","format":"standard","meta":{"footnotes":""},"categories":[3],"tags":[5481,20,391,7440,11,257,2692,1955,13],"yoast_head":"<!-- This site is optimized with the Yoast SEO plugin v21.0 - https:\/\/yoast.com\/wordpress\/plugins\/seo\/ -->\n<title>Officiel\u00a0: date et heure du match Manchester United contre Sunderland confirm\u00e9es -<\/title>\n<meta name=\"robots\" content=\"index, follow, max-snippet:-1, max-image-preview:large, max-video-preview:-1\" \/>\n<link rel=\"canonical\" href=\"https:\/\/footdavant.fr\/actualites\/officiel-date-et-heure-du-match-manchester-united-contre-sunderland-confirmees\/\" \/>\n<meta property=\"og:locale\" content=\"fr_FR\" \/>\n<meta property=\"og:type\" content=\"article\" \/>\n<meta property=\"og:title\" content=\"Officiel\u00a0: date et heure du match Manchester United contre Sunderland confirm\u00e9es -\" \/>\n<meta property=\"og:description\" content=\"4 Manchester United fait face \u00e0 une s\u00e9rie de sept matchs qui d\u00e9termineront s&#039;ils participeront \u00e0 la Ligue des champions la saison prochaine et \u00e9ventuellement\" \/>\n<meta property=\"og:url\" content=\"https:\/\/footdavant.fr\/actualites\/officiel-date-et-heure-du-match-manchester-united-contre-sunderland-confirmees\/\" \/>\n<meta property=\"og:site_name\" content=\"Foot d&#039;avant\" \/>\n<meta property=\"article:publisher\" content=\"https:\/\/www.facebook.com\/Footdavant\/\" \/>\n<meta property=\"article:published_time\" content=\"2026-04-01T18:48:03+00:00\" \/>\n<meta property=\"article:modified_time\" content=\"2026-04-01T18:48:05+00:00\" \/>\n<meta property=\"og:image\" content=\"https:\/\/footdavant.fr\/actualites\/wp-content\/uploads\/2026\/04\/Officiel-date-et-heure-du-match-Manchester-United-contre-Sunderland.jpg\" \/>\n\t<meta property=\"og:image:width\" content=\"1600\" \/>\n\t<meta property=\"og:image:height\" content=\"709\" \/>\n\t<meta property=\"og:image:type\" content=\"image\/jpeg\" \/>\n<meta name=\"author\" content=\"Cl\u00e9ment\" \/>\n<meta name=\"twitter:card\" content=\"summary_large_image\" \/>\n<meta name=\"twitter:creator\" content=\"@FootdavantFr\" \/>\n<meta name=\"twitter:site\" content=\"@FootdavantFr\" \/>\n<meta name=\"twitter:label1\" content=\"\u00c9crit par\" \/>\n\t<meta name=\"twitter:data1\" content=\"Cl\u00e9ment\" \/>\n\t<meta name=\"twitter:label2\" content=\"Dur\u00e9e de lecture estim\u00e9e\" \/>\n\t<meta name=\"twitter:data2\" content=\"4 minutes\" \/>\n<script type=\"application\/ld+json\" class=\"yoast-schema-graph\">{\"@context\":\"https:\/\/schema.org\",\"@graph\":[{\"@type\":\"Article\",\"@id\":\"https:\/\/footdavant.fr\/actualites\/officiel-date-et-heure-du-match-manchester-united-contre-sunderland-confirmees\/#article\",\"isPartOf\":{\"@id\":\"https:\/\/footdavant.fr\/actualites\/officiel-date-et-heure-du-match-manchester-united-contre-sunderland-confirmees\/\"},\"author\":{\"name\":\"Cl\u00e9ment\",\"@id\":\"https:\/\/footdavant.fr\/actualites\/#\/schema\/person\/bc222566d95871b37e597b3ed3ba5e1d\"},\"headline\":\"Officiel\u00a0: date et heure du match Manchester United contre Sunderland confirm\u00e9es &#8211;\",\"datePublished\":\"2026-04-01T18:48:03+00:00\",\"dateModified\":\"2026-04-01T18:48:05+00:00\",\"mainEntityOfPage\":{\"@id\":\"https:\/\/footdavant.fr\/actualites\/officiel-date-et-heure-du-match-manchester-united-contre-sunderland-confirmees\/\"},\"wordCount\":726,\"publisher\":{\"@id\":\"https:\/\/footdavant.fr\/actualites\/#organization\"},\"keywords\":[\"confirm\u00e9es\",\"contre\",\"date\",\"heure\",\"Manchester\",\"match\",\"Officiel\",\"Sunderland\",\"United\"],\"articleSection\":[\"Football\"],\"inLanguage\":\"fr-FR\"},{\"@type\":\"WebPage\",\"@id\":\"https:\/\/footdavant.fr\/actualites\/officiel-date-et-heure-du-match-manchester-united-contre-sunderland-confirmees\/\",\"url\":\"https:\/\/footdavant.fr\/actualites\/officiel-date-et-heure-du-match-manchester-united-contre-sunderland-confirmees\/\",\"name\":\"Officiel\u00a0: date et heure du match Manchester United contre Sunderland confirm\u00e9es -\",\"isPartOf\":{\"@id\":\"https:\/\/footdavant.fr\/actualites\/#website\"},\"datePublished\":\"2026-04-01T18:48:03+00:00\",\"dateModified\":\"2026-04-01T18:48:05+00:00\",\"breadcrumb\":{\"@id\":\"https:\/\/footdavant.fr\/actualites\/officiel-date-et-heure-du-match-manchester-united-contre-sunderland-confirmees\/#breadcrumb\"},\"inLanguage\":\"fr-FR\",\"potentialAction\":[{\"@type\":\"ReadAction\",\"target\":[\"https:\/\/footdavant.fr\/actualites\/officiel-date-et-heure-du-match-manchester-united-contre-sunderland-confirmees\/\"]}]},{\"@type\":\"BreadcrumbList\",\"@id\":\"https:\/\/footdavant.fr\/actualites\/officiel-date-et-heure-du-match-manchester-united-contre-sunderland-confirmees\/#breadcrumb\",\"itemListElement\":[{\"@type\":\"ListItem\",\"position\":1,\"name\":\"Accueil\",\"item\":\"https:\/\/footdavant.fr\/actualites\/\"},{\"@type\":\"ListItem\",\"position\":2,\"name\":\"Officiel\u00a0: date et heure du match Manchester United contre Sunderland confirm\u00e9es &#8211;\"}]},{\"@type\":\"WebSite\",\"@id\":\"https:\/\/footdavant.fr\/actualites\/#website\",\"url\":\"https:\/\/footdavant.fr\/actualites\/\",\"name\":\"Foot d'avant\",\"description\":\"\",\"publisher\":{\"@id\":\"https:\/\/footdavant.fr\/actualites\/#organization\"},\"potentialAction\":[{\"@type\":\"SearchAction\",\"target\":{\"@type\":\"EntryPoint\",\"urlTemplate\":\"https:\/\/footdavant.fr\/actualites\/?s={search_term_string}\"},\"query-input\":\"required name=search_term_string\"}],\"inLanguage\":\"fr-FR\"},{\"@type\":\"Organization\",\"@id\":\"https:\/\/footdavant.fr\/actualites\/#organization\",\"name\":\"Foot d'avant\",\"url\":\"https:\/\/footdavant.fr\/actualites\/\",\"logo\":{\"@type\":\"ImageObject\",\"inLanguage\":\"fr-FR\",\"@id\":\"https:\/\/footdavant.fr\/actualites\/#\/schema\/logo\/image\/\",\"url\":\"https:\/\/footdavant.fr\/actualites\/wp-content\/uploads\/2023\/09\/Copy-of-FootDavant-Logo.png\",\"contentUrl\":\"https:\/\/footdavant.fr\/actualites\/wp-content\/uploads\/2023\/09\/Copy-of-FootDavant-Logo.png\",\"width\":936,\"height\":549,\"caption\":\"Foot d'avant\"},\"image\":{\"@id\":\"https:\/\/footdavant.fr\/actualites\/#\/schema\/logo\/image\/\"},\"sameAs\":[\"https:\/\/www.facebook.com\/Footdavant\/\",\"https:\/\/twitter.com\/FootdavantFr\",\"https:\/\/www.instagram.com\/footdavant.fr\/\"]},{\"@type\":\"Person\",\"@id\":\"https:\/\/footdavant.fr\/actualites\/#\/schema\/person\/bc222566d95871b37e597b3ed3ba5e1d\",\"name\":\"Cl\u00e9ment\",\"image\":{\"@type\":\"ImageObject\",\"inLanguage\":\"fr-FR\",\"@id\":\"https:\/\/footdavant.fr\/actualites\/#\/schema\/person\/image\/\",\"url\":\"https:\/\/secure.gravatar.com\/avatar\/7728b29aac2719421e1a9159b2254c44?s=96&d=mm&r=g\",\"contentUrl\":\"https:\/\/secure.gravatar.com\/avatar\/7728b29aac2719421e1a9159b2254c44?s=96&d=mm&r=g\",\"caption\":\"Cl\u00e9ment\"},\"sameAs\":[\"https:\/\/footdavant.fr\/\"]}]}<\/script>\n<!-- \/ Yoast SEO plugin. -->","yoast_head_json":{"title":"Officiel\u00a0: date et heure du match Manchester United contre Sunderland confirm\u00e9es -","robots":{"index":"index","follow":"follow","max-snippet":"max-snippet:-1","max-image-preview":"max-image-preview:large","max-video-preview":"max-video-preview:-1"},"canonical":"https:\/\/footdavant.fr\/actualites\/officiel-date-et-heure-du-match-manchester-united-contre-sunderland-confirmees\/","og_locale":"fr_FR","og_type":"article","og_title":"Officiel\u00a0: date et heure du match Manchester United contre Sunderland confirm\u00e9es -","og_description":"4 Manchester United fait face \u00e0 une s\u00e9rie de sept matchs qui d\u00e9termineront s&#39;ils participeront \u00e0 la Ligue des champions la saison prochaine et \u00e9ventuellement","og_url":"https:\/\/footdavant.fr\/actualites\/officiel-date-et-heure-du-match-manchester-united-contre-sunderland-confirmees\/","og_site_name":"Foot d&#039;avant","article_publisher":"https:\/\/www.facebook.com\/Footdavant\/","article_published_time":"2026-04-01T18:48:03+00:00","article_modified_time":"2026-04-01T18:48:05+00:00","og_image":[{"width":1600,"height":709,"url":"https:\/\/footdavant.fr\/actualites\/wp-content\/uploads\/2026\/04\/Officiel-date-et-heure-du-match-Manchester-United-contre-Sunderland.jpg","type":"image\/jpeg"}],"author":"Cl\u00e9ment","twitter_card":"summary_large_image","twitter_creator":"@FootdavantFr","twitter_site":"@FootdavantFr","twitter_misc":{"\u00c9crit par":"Cl\u00e9ment","Dur\u00e9e de lecture estim\u00e9e":"4 minutes"},"schema":{"@context":"https:\/\/schema.org","@graph":[{"@type":"Article","@id":"https:\/\/footdavant.fr\/actualites\/officiel-date-et-heure-du-match-manchester-united-contre-sunderland-confirmees\/#article","isPartOf":{"@id":"https:\/\/footdavant.fr\/actualites\/officiel-date-et-heure-du-match-manchester-united-contre-sunderland-confirmees\/"},"author":{"name":"Cl\u00e9ment","@id":"https:\/\/footdavant.fr\/actualites\/#\/schema\/person\/bc222566d95871b37e597b3ed3ba5e1d"},"headline":"Officiel\u00a0: date et heure du match Manchester United contre Sunderland confirm\u00e9es &#8211;","datePublished":"2026-04-01T18:48:03+00:00","dateModified":"2026-04-01T18:48:05+00:00","mainEntityOfPage":{"@id":"https:\/\/footdavant.fr\/actualites\/officiel-date-et-heure-du-match-manchester-united-contre-sunderland-confirmees\/"},"wordCount":726,"publisher":{"@id":"https:\/\/footdavant.fr\/actualites\/#organization"},"keywords":["confirm\u00e9es","contre","date","heure","Manchester","match","Officiel","Sunderland","United"],"articleSection":["Football"],"inLanguage":"fr-FR"},{"@type":"WebPage","@id":"https:\/\/footdavant.fr\/actualites\/officiel-date-et-heure-du-match-manchester-united-contre-sunderland-confirmees\/","url":"https:\/\/footdavant.fr\/actualites\/officiel-date-et-heure-du-match-manchester-united-contre-sunderland-confirmees\/","name":"Officiel\u00a0: date et heure du match Manchester United contre Sunderland confirm\u00e9es -","isPartOf":{"@id":"https:\/\/footdavant.fr\/actualites\/#website"},"datePublished":"2026-04-01T18:48:03+00:00","dateModified":"2026-04-01T18:48:05+00:00","breadcrumb":{"@id":"https:\/\/footdavant.fr\/actualites\/officiel-date-et-heure-du-match-manchester-united-contre-sunderland-confirmees\/#breadcrumb"},"inLanguage":"fr-FR","potentialAction":[{"@type":"ReadAction","target":["https:\/\/footdavant.fr\/actualites\/officiel-date-et-heure-du-match-manchester-united-contre-sunderland-confirmees\/"]}]},{"@type":"BreadcrumbList","@id":"https:\/\/footdavant.fr\/actualites\/officiel-date-et-heure-du-match-manchester-united-contre-sunderland-confirmees\/#breadcrumb","itemListElement":[{"@type":"ListItem","position":1,"name":"Accueil","item":"https:\/\/footdavant.fr\/actualites\/"},{"@type":"ListItem","position":2,"name":"Officiel\u00a0: date et heure du match Manchester United contre Sunderland confirm\u00e9es &#8211;"}]},{"@type":"WebSite","@id":"https:\/\/footdavant.fr\/actualites\/#website","url":"https:\/\/footdavant.fr\/actualites\/","name":"Foot d'avant","description":"","publisher":{"@id":"https:\/\/footdavant.fr\/actualites\/#organization"},"potentialAction":[{"@type":"SearchAction","target":{"@type":"EntryPoint","urlTemplate":"https:\/\/footdavant.fr\/actualites\/?s={search_term_string}"},"query-input":"required name=search_term_string"}],"inLanguage":"fr-FR"},{"@type":"Organization","@id":"https:\/\/footdavant.fr\/actualites\/#organization","name":"Foot d'avant","url":"https:\/\/footdavant.fr\/actualites\/","logo":{"@type":"ImageObject","inLanguage":"fr-FR","@id":"https:\/\/footdavant.fr\/actualites\/#\/schema\/logo\/image\/","url":"https:\/\/footdavant.fr\/actualites\/wp-content\/uploads\/2023\/09\/Copy-of-FootDavant-Logo.png","contentUrl":"https:\/\/footdavant.fr\/actualites\/wp-content\/uploads\/2023\/09\/Copy-of-FootDavant-Logo.png","width":936,"height":549,"caption":"Foot d'avant"},"image":{"@id":"https:\/\/footdavant.fr\/actualites\/#\/schema\/logo\/image\/"},"sameAs":["https:\/\/www.facebook.com\/Footdavant\/","https:\/\/twitter.com\/FootdavantFr","https:\/\/www.instagram.com\/footdavant.fr\/"]},{"@type":"Person","@id":"https:\/\/footdavant.fr\/actualites\/#\/schema\/person\/bc222566d95871b37e597b3ed3ba5e1d","name":"Cl\u00e9ment","image":{"@type":"ImageObject","inLanguage":"fr-FR","@id":"https:\/\/footdavant.fr\/actualites\/#\/schema\/person\/image\/","url":"https:\/\/secure.gravatar.com\/avatar\/7728b29aac2719421e1a9159b2254c44?s=96&d=mm&r=g","contentUrl":"https:\/\/secure.gravatar.com\/avatar\/7728b29aac2719421e1a9159b2254c44?s=96&d=mm&r=g","caption":"Cl\u00e9ment"},"sameAs":["https:\/\/footdavant.fr\/"]}]}},"_links":{"self":[{"href":"https:\/\/footdavant.fr\/actualites\/wp-json\/wp\/v2\/posts\/36026"}],"collection":[{"href":"https:\/\/footdavant.fr\/actualites\/wp-json\/wp\/v2\/posts"}],"about":[{"href":"https:\/\/footdavant.fr\/actualites\/wp-json\/wp\/v2\/types\/post"}],"author":[{"embeddable":true,"href":"https:\/\/footdavant.fr\/actualites\/wp-json\/wp\/v2\/users\/1"}],"replies":[{"embeddable":true,"href":"https:\/\/footdavant.fr\/actualites\/wp-json\/wp\/v2\/comments?post=36026"}],"version-history":[{"count":1,"href":"https:\/\/footdavant.fr\/actualites\/wp-json\/wp\/v2\/posts\/36026\/revisions"}],"predecessor-version":[{"id":36028,"href":"https:\/\/footdavant.fr\/actualites\/wp-json\/wp\/v2\/posts\/36026\/revisions\/36028"}],"wp:featuredmedia":[{"embeddable":true,"href":"https:\/\/footdavant.fr\/actualites\/wp-json\/wp\/v2\/media\/36027"}],"wp:attachment":[{"href":"https:\/\/footdavant.fr\/actualites\/wp-json\/wp\/v2\/media?parent=36026"}],"wp:term":[{"taxonomy":"category","embeddable":true,"href":"https:\/\/footdavant.fr\/actualites\/wp-json\/wp\/v2\/categories?post=36026"},{"taxonomy":"post_tag","embeddable":true,"href":"https:\/\/footdavant.fr\/actualites\/wp-json\/wp\/v2\/tags?post=36026"}],"curies":[{"name":"wp","href":"https:\/\/api.w.org\/{rel}","templated":true}]}}