{"id":36037,"date":"2026-04-02T06:48:20","date_gmt":"2026-04-02T04:48:20","guid":{"rendered":"https:\/\/footdavant.fr\/actualites\/chaos-a-chelsea-les-coequipiers-seraient-mecontents-de-lapproche-de-leadership-du-joueur-vedette\/"},"modified":"2026-04-02T06:48:22","modified_gmt":"2026-04-02T04:48:22","slug":"chaos-a-chelsea-les-coequipiers-seraient-mecontents-de-lapproche-de-leadership-du-joueur-vedette","status":"publish","type":"post","link":"https:\/\/footdavant.fr\/actualites\/chaos-a-chelsea-les-coequipiers-seraient-mecontents-de-lapproche-de-leadership-du-joueur-vedette\/","title":{"rendered":"Chaos \u00e0 Chelsea : les co\u00e9quipiers seraient \u00ab m\u00e9contents \u00bb de l&#39;approche de leadership du joueur vedette"},"content":{"rendered":"<div itemprop=\"articleBody\">\n<p><span style=\"font-family: var(--bs-body-font-family); font-size: var(--bs-body-font-size); text-align: var(--bs-body-text-align);\">Les co\u00e9quipiers d&#39;Enzo Fernandez \u00e0 Chelsea seraient m\u00e9contents du leadership franc de l&#39;international argentin.<\/span><\/p>\n<p><span style=\"font-family: var(--bs-body-font-family); font-size: var(--bs-body-font-size); text-align: var(--bs-body-text-align);\">Les West Londoniens traversent actuellement l\u2019une de leurs p\u00e9riodes les plus difficiles de la campagne 2025-26 suite \u00e0 une sortie d\u00e9sastreuse de la Ligue des champions. <\/span><\/p>\n<p>Chelsea a \u00e9t\u00e9 largement battu 8-2 au total par le Paris Saint-Germain en huiti\u00e8mes de finale, subissant une humiliante d\u00e9faite 3-0 \u00e0 Stamford Bridge au match retour apr\u00e8s un effondrement 5-2 lors du match inverse \u00e0 Paris. <\/p>\n<p>Cette sortie europ\u00e9enne a co\u00efncid\u00e9 avec une baisse spectaculaire de la forme nationale, qui a vu l&#39;\u00e9quipe de Liam Rosenior chuter \u00e0 la sixi\u00e8me place du classement de la Premier League. <\/p>\n<p>Le club \u00e9tant d\u00e9sormais sans victoire lors de ses quatre derniers matches de comp\u00e9tition, des tensions internes semblent faire surface au sein de l&#39;\u00e9quipe premi\u00e8re de Cobham.<\/p>\n<h2>Les joueurs de Chelsea ne seraient \u00ab pas impressionn\u00e9s \u00bb par le leadership de Fernandez<\/h2>\n<div>\n<div>\n<div>\n<div>\n<p>\u00a9 Iconsport \/ SPI<\/p>\n<\/div>\n<\/div>\n<\/div>\n<\/div>\n<p>Selon un rapport exclusif de <em>Le t\u00e9l\u00e9graphe<\/em>plusieurs membres de l&#39;\u00e9quipe de Chelsea ont commenc\u00e9 \u00e0 interroger le vice-capitaine de l&#39;\u00e9quipe. <\/p>\n<p>Fernandez a \u00e9t\u00e9 tr\u00e8s pr\u00e9sent sur le terrain lors des r\u00e9centes d\u00e9faites contre Newcastle United et Everton, mais son approche aurait provoqu\u00e9 des frictions dans les coulisses. <\/p>\n<p>Certains co\u00e9quipiers seraient m\u00e9contents des manifestations publiques de frustration du joueur de 25 ans et de sa conduite dans le vestiaire apr\u00e8s de lourdes d\u00e9faites. <\/p>\n<p>Ces inqui\u00e9tudes surviennent \u00e0 un moment sensible pour les Londoniens de l\u2019Ouest alors qu\u2019ils tentent d\u2019arr\u00eater une glissade qui menace leurs espoirs de terminer parmi les cinq premiers.<\/p>\n<h2>L&#39;incertitude entoure l&#39;avenir de Fernandez apr\u00e8s la sortie de la Ligue des champions<\/h2>\n<div>\n<div>\n<div>\n<div><img decoding=\"async\" data-img-id=\"155410\" class=\"lazy\" loading=\"lazy\" src=\"https:\/\/footdavant.fr\/actualites\/wp-content\/uploads\/2026\/04\/1775105300_237_Chaos-a-Chelsea-les-coequipiers-seraient-mecontents.webp\"\/><\/p>\n<p>\u00a9 Iconsport \/ PA Images<\/p>\n<\/div>\n<\/div>\n<\/div>\n<\/div>\n<p>Apr\u00e8s la d\u00e9faite totale face au PSG, le milieu de terrain a accord\u00e9 une interview prudente \u00e0 ESPN Argentine dans laquelle il a admis n&#39;\u00eatre pas s\u00fbr de ses projets au-del\u00e0 de la saison en cours. <\/p>\n<p>Alors que l&#39;entra\u00eeneur-chef Rosenior a publiquement insist\u00e9 sur le fait que le vainqueur de la Coupe du monde reste attach\u00e9 aux Bleus, les derniers rapports sugg\u00e8rent une d\u00e9connexion croissante entre le joueur et ses pairs. <\/p>\n<p>Les r\u00e9cents commentaires de Fernandez semblent laisser ses options ouvertes avant un d\u00e9m\u00e9nagement estival, r\u00e9v\u00e9lant r\u00e9cemment son penchant pour l&#39;ancien milieu de terrain du Real Madrid Toni Kroos et dans une interview avec <em>Luzu TV<\/em>via <em>Fabrizio Romano<\/em>.<\/p>\n<p>Dans la m\u00eame interview, il a \u00e9galement salu\u00e9 l&#39;impressionnant Luka Modric, l&#39;ancien milieu de terrain du Los Blancos qui a quitt\u00e9 Madrid \u00e0 l&#39;\u00e9t\u00e9 2025 apr\u00e8s 13 saisons, et a compar\u00e9 Madrid \u00e0 Buenos Aires.<\/p>\n<\/div>\n","protected":false},"excerpt":{"rendered":"<p>Les co\u00e9quipiers d&#39;Enzo Fernandez \u00e0 Chelsea seraient m\u00e9contents du leadership franc de l&#39;international argentin. Les West Londoniens traversent actuellement l\u2019une de leurs p\u00e9riodes les plus<\/p>\n","protected":false},"author":1,"featured_media":36038,"comment_status":"closed","ping_status":"","sticky":false,"template":"","format":"standard","meta":{"footnotes":""},"categories":[5],"tags":[669,171,2681,1221,5465,8184,93,11775,1016,4554],"yoast_head":"<!-- This site is optimized with the Yoast SEO plugin v21.0 - https:\/\/yoast.com\/wordpress\/plugins\/seo\/ -->\n<title>Chaos \u00e0 Chelsea : les co\u00e9quipiers seraient \u00ab m\u00e9contents \u00bb de l&#039;approche de leadership du joueur vedette<\/title>\n<meta name=\"robots\" content=\"index, follow, max-snippet:-1, max-image-preview:large, max-video-preview:-1\" \/>\n<link rel=\"canonical\" href=\"https:\/\/footdavant.fr\/actualites\/chaos-a-chelsea-les-coequipiers-seraient-mecontents-de-lapproche-de-leadership-du-joueur-vedette\/\" \/>\n<meta property=\"og:locale\" content=\"fr_FR\" \/>\n<meta property=\"og:type\" content=\"article\" \/>\n<meta property=\"og:title\" content=\"Chaos \u00e0 Chelsea : les co\u00e9quipiers seraient \u00ab m\u00e9contents \u00bb de l&#039;approche de leadership du joueur vedette\" \/>\n<meta property=\"og:description\" content=\"Les co\u00e9quipiers d&#039;Enzo Fernandez \u00e0 Chelsea seraient m\u00e9contents du leadership franc de l&#039;international argentin. Les West Londoniens traversent actuellement l\u2019une de leurs p\u00e9riodes les plus\" \/>\n<meta property=\"og:url\" content=\"https:\/\/footdavant.fr\/actualites\/chaos-a-chelsea-les-coequipiers-seraient-mecontents-de-lapproche-de-leadership-du-joueur-vedette\/\" \/>\n<meta property=\"og:site_name\" content=\"Foot d&#039;avant\" \/>\n<meta property=\"article:publisher\" content=\"https:\/\/www.facebook.com\/Footdavant\/\" \/>\n<meta property=\"article:published_time\" content=\"2026-04-02T04:48:20+00:00\" \/>\n<meta property=\"article:modified_time\" content=\"2026-04-02T04:48:22+00:00\" \/>\n<meta property=\"og:image\" content=\"https:\/\/footdavant.fr\/actualites\/wp-content\/uploads\/2026\/04\/Chaos-a-Chelsea-les-coequipiers-seraient-mecontents.net2Fuploads2F20252F092Ficonsport-272021.webp\" \/>\n\t<meta property=\"og:image:width\" content=\"720\" \/>\n\t<meta property=\"og:image:height\" content=\"410\" \/>\n\t<meta property=\"og:image:type\" content=\"image\/webp\" \/>\n<meta name=\"author\" content=\"Cl\u00e9ment\" \/>\n<meta name=\"twitter:card\" content=\"summary_large_image\" \/>\n<meta name=\"twitter:creator\" content=\"@FootdavantFr\" \/>\n<meta name=\"twitter:site\" content=\"@FootdavantFr\" \/>\n<meta name=\"twitter:label1\" content=\"\u00c9crit par\" \/>\n\t<meta name=\"twitter:data1\" content=\"Cl\u00e9ment\" \/>\n\t<meta name=\"twitter:label2\" content=\"Dur\u00e9e de lecture estim\u00e9e\" \/>\n\t<meta name=\"twitter:data2\" content=\"2 minutes\" \/>\n<script type=\"application\/ld+json\" class=\"yoast-schema-graph\">{\"@context\":\"https:\/\/schema.org\",\"@graph\":[{\"@type\":\"Article\",\"@id\":\"https:\/\/footdavant.fr\/actualites\/chaos-a-chelsea-les-coequipiers-seraient-mecontents-de-lapproche-de-leadership-du-joueur-vedette\/#article\",\"isPartOf\":{\"@id\":\"https:\/\/footdavant.fr\/actualites\/chaos-a-chelsea-les-coequipiers-seraient-mecontents-de-lapproche-de-leadership-du-joueur-vedette\/\"},\"author\":{\"name\":\"Cl\u00e9ment\",\"@id\":\"https:\/\/footdavant.fr\/actualites\/#\/schema\/person\/bc222566d95871b37e597b3ed3ba5e1d\"},\"headline\":\"Chaos \u00e0 Chelsea : les co\u00e9quipiers seraient \u00ab m\u00e9contents \u00bb de l&#39;approche de leadership du joueur vedette\",\"datePublished\":\"2026-04-02T04:48:20+00:00\",\"dateModified\":\"2026-04-02T04:48:22+00:00\",\"mainEntityOfPage\":{\"@id\":\"https:\/\/footdavant.fr\/actualites\/chaos-a-chelsea-les-coequipiers-seraient-mecontents-de-lapproche-de-leadership-du-joueur-vedette\/\"},\"wordCount\":471,\"publisher\":{\"@id\":\"https:\/\/footdavant.fr\/actualites\/#organization\"},\"keywords\":[\"Chaos\",\"Chelsea\",\"co\u00e9quipiers\",\"joueur\",\"l39approche\",\"leadership\",\"les\",\"m\u00e9contents\",\"seraient\",\"vedette\"],\"articleSection\":[\"Premier League\"],\"inLanguage\":\"fr-FR\"},{\"@type\":\"WebPage\",\"@id\":\"https:\/\/footdavant.fr\/actualites\/chaos-a-chelsea-les-coequipiers-seraient-mecontents-de-lapproche-de-leadership-du-joueur-vedette\/\",\"url\":\"https:\/\/footdavant.fr\/actualites\/chaos-a-chelsea-les-coequipiers-seraient-mecontents-de-lapproche-de-leadership-du-joueur-vedette\/\",\"name\":\"Chaos \u00e0 Chelsea : les co\u00e9quipiers seraient \u00ab m\u00e9contents \u00bb de l&#39;approche de leadership du joueur vedette\",\"isPartOf\":{\"@id\":\"https:\/\/footdavant.fr\/actualites\/#website\"},\"datePublished\":\"2026-04-02T04:48:20+00:00\",\"dateModified\":\"2026-04-02T04:48:22+00:00\",\"breadcrumb\":{\"@id\":\"https:\/\/footdavant.fr\/actualites\/chaos-a-chelsea-les-coequipiers-seraient-mecontents-de-lapproche-de-leadership-du-joueur-vedette\/#breadcrumb\"},\"inLanguage\":\"fr-FR\",\"potentialAction\":[{\"@type\":\"ReadAction\",\"target\":[\"https:\/\/footdavant.fr\/actualites\/chaos-a-chelsea-les-coequipiers-seraient-mecontents-de-lapproche-de-leadership-du-joueur-vedette\/\"]}]},{\"@type\":\"BreadcrumbList\",\"@id\":\"https:\/\/footdavant.fr\/actualites\/chaos-a-chelsea-les-coequipiers-seraient-mecontents-de-lapproche-de-leadership-du-joueur-vedette\/#breadcrumb\",\"itemListElement\":[{\"@type\":\"ListItem\",\"position\":1,\"name\":\"Accueil\",\"item\":\"https:\/\/footdavant.fr\/actualites\/\"},{\"@type\":\"ListItem\",\"position\":2,\"name\":\"Chaos \u00e0 Chelsea : les co\u00e9quipiers seraient \u00ab m\u00e9contents \u00bb de l&#39;approche de leadership du joueur vedette\"}]},{\"@type\":\"WebSite\",\"@id\":\"https:\/\/footdavant.fr\/actualites\/#website\",\"url\":\"https:\/\/footdavant.fr\/actualites\/\",\"name\":\"Foot d'avant\",\"description\":\"\",\"publisher\":{\"@id\":\"https:\/\/footdavant.fr\/actualites\/#organization\"},\"potentialAction\":[{\"@type\":\"SearchAction\",\"target\":{\"@type\":\"EntryPoint\",\"urlTemplate\":\"https:\/\/footdavant.fr\/actualites\/?s={search_term_string}\"},\"query-input\":\"required name=search_term_string\"}],\"inLanguage\":\"fr-FR\"},{\"@type\":\"Organization\",\"@id\":\"https:\/\/footdavant.fr\/actualites\/#organization\",\"name\":\"Foot d'avant\",\"url\":\"https:\/\/footdavant.fr\/actualites\/\",\"logo\":{\"@type\":\"ImageObject\",\"inLanguage\":\"fr-FR\",\"@id\":\"https:\/\/footdavant.fr\/actualites\/#\/schema\/logo\/image\/\",\"url\":\"https:\/\/footdavant.fr\/actualites\/wp-content\/uploads\/2023\/09\/Copy-of-FootDavant-Logo.png\",\"contentUrl\":\"https:\/\/footdavant.fr\/actualites\/wp-content\/uploads\/2023\/09\/Copy-of-FootDavant-Logo.png\",\"width\":936,\"height\":549,\"caption\":\"Foot d'avant\"},\"image\":{\"@id\":\"https:\/\/footdavant.fr\/actualites\/#\/schema\/logo\/image\/\"},\"sameAs\":[\"https:\/\/www.facebook.com\/Footdavant\/\",\"https:\/\/twitter.com\/FootdavantFr\",\"https:\/\/www.instagram.com\/footdavant.fr\/\"]},{\"@type\":\"Person\",\"@id\":\"https:\/\/footdavant.fr\/actualites\/#\/schema\/person\/bc222566d95871b37e597b3ed3ba5e1d\",\"name\":\"Cl\u00e9ment\",\"image\":{\"@type\":\"ImageObject\",\"inLanguage\":\"fr-FR\",\"@id\":\"https:\/\/footdavant.fr\/actualites\/#\/schema\/person\/image\/\",\"url\":\"https:\/\/secure.gravatar.com\/avatar\/7728b29aac2719421e1a9159b2254c44?s=96&d=mm&r=g\",\"contentUrl\":\"https:\/\/secure.gravatar.com\/avatar\/7728b29aac2719421e1a9159b2254c44?s=96&d=mm&r=g\",\"caption\":\"Cl\u00e9ment\"},\"sameAs\":[\"https:\/\/footdavant.fr\/\"]}]}<\/script>\n<!-- \/ Yoast SEO plugin. -->","yoast_head_json":{"title":"Chaos \u00e0 Chelsea : les co\u00e9quipiers seraient \u00ab m\u00e9contents \u00bb de l&#39;approche de leadership du joueur vedette","robots":{"index":"index","follow":"follow","max-snippet":"max-snippet:-1","max-image-preview":"max-image-preview:large","max-video-preview":"max-video-preview:-1"},"canonical":"https:\/\/footdavant.fr\/actualites\/chaos-a-chelsea-les-coequipiers-seraient-mecontents-de-lapproche-de-leadership-du-joueur-vedette\/","og_locale":"fr_FR","og_type":"article","og_title":"Chaos \u00e0 Chelsea : les co\u00e9quipiers seraient \u00ab m\u00e9contents \u00bb de l&#39;approche de leadership du joueur vedette","og_description":"Les co\u00e9quipiers d&#39;Enzo Fernandez \u00e0 Chelsea seraient m\u00e9contents du leadership franc de l&#39;international argentin. Les West Londoniens traversent actuellement l\u2019une de leurs p\u00e9riodes les plus","og_url":"https:\/\/footdavant.fr\/actualites\/chaos-a-chelsea-les-coequipiers-seraient-mecontents-de-lapproche-de-leadership-du-joueur-vedette\/","og_site_name":"Foot d&#039;avant","article_publisher":"https:\/\/www.facebook.com\/Footdavant\/","article_published_time":"2026-04-02T04:48:20+00:00","article_modified_time":"2026-04-02T04:48:22+00:00","og_image":[{"width":720,"height":410,"url":"https:\/\/footdavant.fr\/actualites\/wp-content\/uploads\/2026\/04\/Chaos-a-Chelsea-les-coequipiers-seraient-mecontents.net2Fuploads2F20252F092Ficonsport-272021.webp","type":"image\/webp"}],"author":"Cl\u00e9ment","twitter_card":"summary_large_image","twitter_creator":"@FootdavantFr","twitter_site":"@FootdavantFr","twitter_misc":{"\u00c9crit par":"Cl\u00e9ment","Dur\u00e9e de lecture estim\u00e9e":"2 minutes"},"schema":{"@context":"https:\/\/schema.org","@graph":[{"@type":"Article","@id":"https:\/\/footdavant.fr\/actualites\/chaos-a-chelsea-les-coequipiers-seraient-mecontents-de-lapproche-de-leadership-du-joueur-vedette\/#article","isPartOf":{"@id":"https:\/\/footdavant.fr\/actualites\/chaos-a-chelsea-les-coequipiers-seraient-mecontents-de-lapproche-de-leadership-du-joueur-vedette\/"},"author":{"name":"Cl\u00e9ment","@id":"https:\/\/footdavant.fr\/actualites\/#\/schema\/person\/bc222566d95871b37e597b3ed3ba5e1d"},"headline":"Chaos \u00e0 Chelsea : les co\u00e9quipiers seraient \u00ab m\u00e9contents \u00bb de l&#39;approche de leadership du joueur vedette","datePublished":"2026-04-02T04:48:20+00:00","dateModified":"2026-04-02T04:48:22+00:00","mainEntityOfPage":{"@id":"https:\/\/footdavant.fr\/actualites\/chaos-a-chelsea-les-coequipiers-seraient-mecontents-de-lapproche-de-leadership-du-joueur-vedette\/"},"wordCount":471,"publisher":{"@id":"https:\/\/footdavant.fr\/actualites\/#organization"},"keywords":["Chaos","Chelsea","co\u00e9quipiers","joueur","l39approche","leadership","les","m\u00e9contents","seraient","vedette"],"articleSection":["Premier League"],"inLanguage":"fr-FR"},{"@type":"WebPage","@id":"https:\/\/footdavant.fr\/actualites\/chaos-a-chelsea-les-coequipiers-seraient-mecontents-de-lapproche-de-leadership-du-joueur-vedette\/","url":"https:\/\/footdavant.fr\/actualites\/chaos-a-chelsea-les-coequipiers-seraient-mecontents-de-lapproche-de-leadership-du-joueur-vedette\/","name":"Chaos \u00e0 Chelsea : les co\u00e9quipiers seraient \u00ab m\u00e9contents \u00bb de l&#39;approche de leadership du joueur vedette","isPartOf":{"@id":"https:\/\/footdavant.fr\/actualites\/#website"},"datePublished":"2026-04-02T04:48:20+00:00","dateModified":"2026-04-02T04:48:22+00:00","breadcrumb":{"@id":"https:\/\/footdavant.fr\/actualites\/chaos-a-chelsea-les-coequipiers-seraient-mecontents-de-lapproche-de-leadership-du-joueur-vedette\/#breadcrumb"},"inLanguage":"fr-FR","potentialAction":[{"@type":"ReadAction","target":["https:\/\/footdavant.fr\/actualites\/chaos-a-chelsea-les-coequipiers-seraient-mecontents-de-lapproche-de-leadership-du-joueur-vedette\/"]}]},{"@type":"BreadcrumbList","@id":"https:\/\/footdavant.fr\/actualites\/chaos-a-chelsea-les-coequipiers-seraient-mecontents-de-lapproche-de-leadership-du-joueur-vedette\/#breadcrumb","itemListElement":[{"@type":"ListItem","position":1,"name":"Accueil","item":"https:\/\/footdavant.fr\/actualites\/"},{"@type":"ListItem","position":2,"name":"Chaos \u00e0 Chelsea : les co\u00e9quipiers seraient \u00ab m\u00e9contents \u00bb de l&#39;approche de leadership du joueur vedette"}]},{"@type":"WebSite","@id":"https:\/\/footdavant.fr\/actualites\/#website","url":"https:\/\/footdavant.fr\/actualites\/","name":"Foot d'avant","description":"","publisher":{"@id":"https:\/\/footdavant.fr\/actualites\/#organization"},"potentialAction":[{"@type":"SearchAction","target":{"@type":"EntryPoint","urlTemplate":"https:\/\/footdavant.fr\/actualites\/?s={search_term_string}"},"query-input":"required name=search_term_string"}],"inLanguage":"fr-FR"},{"@type":"Organization","@id":"https:\/\/footdavant.fr\/actualites\/#organization","name":"Foot d'avant","url":"https:\/\/footdavant.fr\/actualites\/","logo":{"@type":"ImageObject","inLanguage":"fr-FR","@id":"https:\/\/footdavant.fr\/actualites\/#\/schema\/logo\/image\/","url":"https:\/\/footdavant.fr\/actualites\/wp-content\/uploads\/2023\/09\/Copy-of-FootDavant-Logo.png","contentUrl":"https:\/\/footdavant.fr\/actualites\/wp-content\/uploads\/2023\/09\/Copy-of-FootDavant-Logo.png","width":936,"height":549,"caption":"Foot d'avant"},"image":{"@id":"https:\/\/footdavant.fr\/actualites\/#\/schema\/logo\/image\/"},"sameAs":["https:\/\/www.facebook.com\/Footdavant\/","https:\/\/twitter.com\/FootdavantFr","https:\/\/www.instagram.com\/footdavant.fr\/"]},{"@type":"Person","@id":"https:\/\/footdavant.fr\/actualites\/#\/schema\/person\/bc222566d95871b37e597b3ed3ba5e1d","name":"Cl\u00e9ment","image":{"@type":"ImageObject","inLanguage":"fr-FR","@id":"https:\/\/footdavant.fr\/actualites\/#\/schema\/person\/image\/","url":"https:\/\/secure.gravatar.com\/avatar\/7728b29aac2719421e1a9159b2254c44?s=96&d=mm&r=g","contentUrl":"https:\/\/secure.gravatar.com\/avatar\/7728b29aac2719421e1a9159b2254c44?s=96&d=mm&r=g","caption":"Cl\u00e9ment"},"sameAs":["https:\/\/footdavant.fr\/"]}]}},"_links":{"self":[{"href":"https:\/\/footdavant.fr\/actualites\/wp-json\/wp\/v2\/posts\/36037"}],"collection":[{"href":"https:\/\/footdavant.fr\/actualites\/wp-json\/wp\/v2\/posts"}],"about":[{"href":"https:\/\/footdavant.fr\/actualites\/wp-json\/wp\/v2\/types\/post"}],"author":[{"embeddable":true,"href":"https:\/\/footdavant.fr\/actualites\/wp-json\/wp\/v2\/users\/1"}],"replies":[{"embeddable":true,"href":"https:\/\/footdavant.fr\/actualites\/wp-json\/wp\/v2\/comments?post=36037"}],"version-history":[{"count":1,"href":"https:\/\/footdavant.fr\/actualites\/wp-json\/wp\/v2\/posts\/36037\/revisions"}],"predecessor-version":[{"id":36039,"href":"https:\/\/footdavant.fr\/actualites\/wp-json\/wp\/v2\/posts\/36037\/revisions\/36039"}],"wp:featuredmedia":[{"embeddable":true,"href":"https:\/\/footdavant.fr\/actualites\/wp-json\/wp\/v2\/media\/36038"}],"wp:attachment":[{"href":"https:\/\/footdavant.fr\/actualites\/wp-json\/wp\/v2\/media?parent=36037"}],"wp:term":[{"taxonomy":"category","embeddable":true,"href":"https:\/\/footdavant.fr\/actualites\/wp-json\/wp\/v2\/categories?post=36037"},{"taxonomy":"post_tag","embeddable":true,"href":"https:\/\/footdavant.fr\/actualites\/wp-json\/wp\/v2\/tags?post=36037"}],"curies":[{"name":"wp","href":"https:\/\/api.w.org\/{rel}","templated":true}]}}