{"id":36040,"date":"2026-04-02T08:48:16","date_gmt":"2026-04-02T06:48:16","guid":{"rendered":"https:\/\/footdavant.fr\/actualites\/tuchel-previent-foden-que-sa-place-pour-la-coupe-du-monde-avec-langleterre-nest-pas-une-garantie\/"},"modified":"2026-04-02T08:48:18","modified_gmt":"2026-04-02T06:48:18","slug":"tuchel-previent-foden-que-sa-place-pour-la-coupe-du-monde-avec-langleterre-nest-pas-une-garantie","status":"publish","type":"post","link":"https:\/\/footdavant.fr\/actualites\/tuchel-previent-foden-que-sa-place-pour-la-coupe-du-monde-avec-langleterre-nest-pas-une-garantie\/","title":{"rendered":"Tuchel pr\u00e9vient Foden que sa place pour la Coupe du monde avec l&#39;Angleterre n&#39;est pas une garantie"},"content":{"rendered":"<div>\n<p>Le s\u00e9lectionneur anglais Thomas Tuchel a averti que Phil Foden n&#39;avait pas la garantie d&#39;une place dans son \u00e9quipe pour la Coupe du monde apr\u00e8s une tr\u00eave internationale mitig\u00e9e.<\/p>\n<p>Le milieu de terrain de Manchester City a d\u00e9but\u00e9 les deux matches du camp final de l&#39;Angleterre avant la s\u00e9lection de l&#39;\u00e9quipe, mais a eu du mal \u00e0 avoir un impact en l&#39;absence de Harry Kane lors de la d\u00e9faite contre le Japon.<\/p>\n<p>Utilis\u00e9 dans un r\u00f4le de faux neuf, Foden n&#39;a pas pu influencer les d\u00e9bats avant d&#39;\u00eatre remplac\u00e9 juste avant l&#39;heure de jeu.<\/p>\n<p>S&#39;exprimant apr\u00e8s le match, Tuchel a mis en doute l&#39;inclusion du joueur de 25 ans.<\/p>\n<p>\u00ab\u00a0Eh bien, ce n&#39;est pas une garantie qu&#39;il viendra.\u00a0\u00bb<\/p>\n<p>Bien qu&#39;il ait lou\u00e9 son travail en dehors du terrain, le coach anglais a sugg\u00e9r\u00e9 que Foden n&#39;avait pas traduit cette forme en matches.<\/p>\n<figure class=\"wp-block-image size-large\"><picture decoding=\"async\" class=\"wp-image-79472\"><source type=\"image\/webp\" data-lazy- \/><img loading=\"lazy\" decoding=\"async\" width=\"1024\" height=\"576\" src=\"https:\/\/footdavant.fr\/actualites\/wp-content\/uploads\/2026\/04\/Tuchel-previent-Foden-que-sa-place-pour-la-Coupe-du.jpg\" alt=\"Phil Foden, milieu de terrain de Manchester City\"  \/>\n<\/picture>\n<\/figure>\n<p>\u00ab\u00a0De toute \u00e9vidence, il n&#39;a pas eu beaucoup de minutes pour City r\u00e9cemment, puis il est arriv\u00e9 au camp avec le sourire le plus \u00e9clatant et il \u00e9tait si bon \u00e0 l&#39;entra\u00eenement.<\/p>\n<p>\u00ab\u00a0Et je pensais qu&#39;il allait juste nous surprendre et qu&#39;il jouerait avec la m\u00eame verve et la m\u00eame excitation mais, oui, il a du mal \u00e0 avoir le plein impact.\u00a0\u00bb<\/p>\n<p>L&#39;Angleterre doit soumettre son \u00e9quipe finale \u00e0 la FIFA d&#39;ici la fin mai, son tournoi devant d\u00e9buter contre la Croatie.<\/p>\n<p>La forme r\u00e9cente du club de Foden peut \u00e9galement \u00eatre une pr\u00e9occupation. Il n&#39;a d\u00e9but\u00e9 qu&#39;une poign\u00e9e de matches ces derniers mois et n&#39;a plus marqu\u00e9 depuis la mi-d\u00e9cembre, un ralentissement qui intervient apr\u00e8s une p\u00e9riode prolifique en d\u00e9but de saison.<\/p>\n<p>Tuchel s&#39;est plut\u00f4t tourn\u00e9 vers Dominic Solanke en seconde p\u00e9riode contre le Japon.<\/p>\n<\/p><\/div>\n","protected":false},"excerpt":{"rendered":"<p>Le s\u00e9lectionneur anglais Thomas Tuchel a averti que Phil Foden n&#39;avait pas la garantie d&#39;une place dans son \u00e9quipe pour la Coupe du monde apr\u00e8s<\/p>\n","protected":false},"author":1,"featured_media":36041,"comment_status":"closed","ping_status":"","sticky":false,"template":"","format":"standard","meta":{"footnotes":""},"categories":[3],"tags":[91,1946,1836,8468,4294,562,4321,71,147,51,4780,2298,92],"yoast_head":"<!-- This site is optimized with the Yoast SEO plugin v21.0 - https:\/\/yoast.com\/wordpress\/plugins\/seo\/ -->\n<title>Tuchel pr\u00e9vient Foden que sa place pour la Coupe du monde avec l&#039;Angleterre n&#039;est pas une garantie<\/title>\n<meta name=\"robots\" content=\"index, follow, max-snippet:-1, max-image-preview:large, max-video-preview:-1\" \/>\n<link rel=\"canonical\" href=\"https:\/\/footdavant.fr\/actualites\/tuchel-previent-foden-que-sa-place-pour-la-coupe-du-monde-avec-langleterre-nest-pas-une-garantie\/\" \/>\n<meta property=\"og:locale\" content=\"fr_FR\" \/>\n<meta property=\"og:type\" content=\"article\" \/>\n<meta property=\"og:title\" content=\"Tuchel pr\u00e9vient Foden que sa place pour la Coupe du monde avec l&#039;Angleterre n&#039;est pas une garantie\" \/>\n<meta property=\"og:description\" content=\"Le s\u00e9lectionneur anglais Thomas Tuchel a averti que Phil Foden n&#039;avait pas la garantie d&#039;une place dans son \u00e9quipe pour la Coupe du monde apr\u00e8s\" \/>\n<meta property=\"og:url\" content=\"https:\/\/footdavant.fr\/actualites\/tuchel-previent-foden-que-sa-place-pour-la-coupe-du-monde-avec-langleterre-nest-pas-une-garantie\/\" \/>\n<meta property=\"og:site_name\" content=\"Foot d&#039;avant\" \/>\n<meta property=\"article:publisher\" content=\"https:\/\/www.facebook.com\/Footdavant\/\" \/>\n<meta property=\"article:published_time\" content=\"2026-04-02T06:48:16+00:00\" \/>\n<meta property=\"article:modified_time\" content=\"2026-04-02T06:48:18+00:00\" \/>\n<meta property=\"og:image\" content=\"https:\/\/footdavant.fr\/actualites\/wp-content\/uploads\/2026\/04\/1775112497_Tuchel-previent-Foden-que-sa-place-pour-la-Coupe-du.jpg\" \/>\n\t<meta property=\"og:image:width\" content=\"1200\" \/>\n\t<meta property=\"og:image:height\" content=\"800\" \/>\n\t<meta property=\"og:image:type\" content=\"image\/jpeg\" \/>\n<meta name=\"author\" content=\"Cl\u00e9ment\" \/>\n<meta name=\"twitter:card\" content=\"summary_large_image\" \/>\n<meta name=\"twitter:creator\" content=\"@FootdavantFr\" \/>\n<meta name=\"twitter:site\" content=\"@FootdavantFr\" \/>\n<meta name=\"twitter:label1\" content=\"\u00c9crit par\" \/>\n\t<meta name=\"twitter:data1\" content=\"Cl\u00e9ment\" \/>\n\t<meta name=\"twitter:label2\" content=\"Dur\u00e9e de lecture estim\u00e9e\" \/>\n\t<meta name=\"twitter:data2\" content=\"2 minutes\" \/>\n<script type=\"application\/ld+json\" class=\"yoast-schema-graph\">{\"@context\":\"https:\/\/schema.org\",\"@graph\":[{\"@type\":\"Article\",\"@id\":\"https:\/\/footdavant.fr\/actualites\/tuchel-previent-foden-que-sa-place-pour-la-coupe-du-monde-avec-langleterre-nest-pas-une-garantie\/#article\",\"isPartOf\":{\"@id\":\"https:\/\/footdavant.fr\/actualites\/tuchel-previent-foden-que-sa-place-pour-la-coupe-du-monde-avec-langleterre-nest-pas-une-garantie\/\"},\"author\":{\"name\":\"Cl\u00e9ment\",\"@id\":\"https:\/\/footdavant.fr\/actualites\/#\/schema\/person\/bc222566d95871b37e597b3ed3ba5e1d\"},\"headline\":\"Tuchel pr\u00e9vient Foden que sa place pour la Coupe du monde avec l&#39;Angleterre n&#39;est pas une garantie\",\"datePublished\":\"2026-04-02T06:48:16+00:00\",\"dateModified\":\"2026-04-02T06:48:18+00:00\",\"mainEntityOfPage\":{\"@id\":\"https:\/\/footdavant.fr\/actualites\/tuchel-previent-foden-que-sa-place-pour-la-coupe-du-monde-avec-langleterre-nest-pas-une-garantie\/\"},\"wordCount\":343,\"publisher\":{\"@id\":\"https:\/\/footdavant.fr\/actualites\/#organization\"},\"keywords\":[\"avec\",\"Coupe\",\"Foden\",\"garantie\",\"l39Angleterre\",\"monde\",\"n39est\",\"pas\",\"place\",\"pour\",\"pr\u00e9vient\",\"Tuchel\",\"une\"],\"articleSection\":[\"Football\"],\"inLanguage\":\"fr-FR\"},{\"@type\":\"WebPage\",\"@id\":\"https:\/\/footdavant.fr\/actualites\/tuchel-previent-foden-que-sa-place-pour-la-coupe-du-monde-avec-langleterre-nest-pas-une-garantie\/\",\"url\":\"https:\/\/footdavant.fr\/actualites\/tuchel-previent-foden-que-sa-place-pour-la-coupe-du-monde-avec-langleterre-nest-pas-une-garantie\/\",\"name\":\"Tuchel pr\u00e9vient Foden que sa place pour la Coupe du monde avec l&#39;Angleterre n&#39;est pas une garantie\",\"isPartOf\":{\"@id\":\"https:\/\/footdavant.fr\/actualites\/#website\"},\"datePublished\":\"2026-04-02T06:48:16+00:00\",\"dateModified\":\"2026-04-02T06:48:18+00:00\",\"breadcrumb\":{\"@id\":\"https:\/\/footdavant.fr\/actualites\/tuchel-previent-foden-que-sa-place-pour-la-coupe-du-monde-avec-langleterre-nest-pas-une-garantie\/#breadcrumb\"},\"inLanguage\":\"fr-FR\",\"potentialAction\":[{\"@type\":\"ReadAction\",\"target\":[\"https:\/\/footdavant.fr\/actualites\/tuchel-previent-foden-que-sa-place-pour-la-coupe-du-monde-avec-langleterre-nest-pas-une-garantie\/\"]}]},{\"@type\":\"BreadcrumbList\",\"@id\":\"https:\/\/footdavant.fr\/actualites\/tuchel-previent-foden-que-sa-place-pour-la-coupe-du-monde-avec-langleterre-nest-pas-une-garantie\/#breadcrumb\",\"itemListElement\":[{\"@type\":\"ListItem\",\"position\":1,\"name\":\"Accueil\",\"item\":\"https:\/\/footdavant.fr\/actualites\/\"},{\"@type\":\"ListItem\",\"position\":2,\"name\":\"Tuchel pr\u00e9vient Foden que sa place pour la Coupe du monde avec l&#39;Angleterre n&#39;est pas une garantie\"}]},{\"@type\":\"WebSite\",\"@id\":\"https:\/\/footdavant.fr\/actualites\/#website\",\"url\":\"https:\/\/footdavant.fr\/actualites\/\",\"name\":\"Foot d'avant\",\"description\":\"\",\"publisher\":{\"@id\":\"https:\/\/footdavant.fr\/actualites\/#organization\"},\"potentialAction\":[{\"@type\":\"SearchAction\",\"target\":{\"@type\":\"EntryPoint\",\"urlTemplate\":\"https:\/\/footdavant.fr\/actualites\/?s={search_term_string}\"},\"query-input\":\"required name=search_term_string\"}],\"inLanguage\":\"fr-FR\"},{\"@type\":\"Organization\",\"@id\":\"https:\/\/footdavant.fr\/actualites\/#organization\",\"name\":\"Foot d'avant\",\"url\":\"https:\/\/footdavant.fr\/actualites\/\",\"logo\":{\"@type\":\"ImageObject\",\"inLanguage\":\"fr-FR\",\"@id\":\"https:\/\/footdavant.fr\/actualites\/#\/schema\/logo\/image\/\",\"url\":\"https:\/\/footdavant.fr\/actualites\/wp-content\/uploads\/2023\/09\/Copy-of-FootDavant-Logo.png\",\"contentUrl\":\"https:\/\/footdavant.fr\/actualites\/wp-content\/uploads\/2023\/09\/Copy-of-FootDavant-Logo.png\",\"width\":936,\"height\":549,\"caption\":\"Foot d'avant\"},\"image\":{\"@id\":\"https:\/\/footdavant.fr\/actualites\/#\/schema\/logo\/image\/\"},\"sameAs\":[\"https:\/\/www.facebook.com\/Footdavant\/\",\"https:\/\/twitter.com\/FootdavantFr\",\"https:\/\/www.instagram.com\/footdavant.fr\/\"]},{\"@type\":\"Person\",\"@id\":\"https:\/\/footdavant.fr\/actualites\/#\/schema\/person\/bc222566d95871b37e597b3ed3ba5e1d\",\"name\":\"Cl\u00e9ment\",\"image\":{\"@type\":\"ImageObject\",\"inLanguage\":\"fr-FR\",\"@id\":\"https:\/\/footdavant.fr\/actualites\/#\/schema\/person\/image\/\",\"url\":\"https:\/\/secure.gravatar.com\/avatar\/7728b29aac2719421e1a9159b2254c44?s=96&d=mm&r=g\",\"contentUrl\":\"https:\/\/secure.gravatar.com\/avatar\/7728b29aac2719421e1a9159b2254c44?s=96&d=mm&r=g\",\"caption\":\"Cl\u00e9ment\"},\"sameAs\":[\"https:\/\/footdavant.fr\/\"]}]}<\/script>\n<!-- \/ Yoast SEO plugin. -->","yoast_head_json":{"title":"Tuchel pr\u00e9vient Foden que sa place pour la Coupe du monde avec l&#39;Angleterre n&#39;est pas une garantie","robots":{"index":"index","follow":"follow","max-snippet":"max-snippet:-1","max-image-preview":"max-image-preview:large","max-video-preview":"max-video-preview:-1"},"canonical":"https:\/\/footdavant.fr\/actualites\/tuchel-previent-foden-que-sa-place-pour-la-coupe-du-monde-avec-langleterre-nest-pas-une-garantie\/","og_locale":"fr_FR","og_type":"article","og_title":"Tuchel pr\u00e9vient Foden que sa place pour la Coupe du monde avec l&#39;Angleterre n&#39;est pas une garantie","og_description":"Le s\u00e9lectionneur anglais Thomas Tuchel a averti que Phil Foden n&#39;avait pas la garantie d&#39;une place dans son \u00e9quipe pour la Coupe du monde apr\u00e8s","og_url":"https:\/\/footdavant.fr\/actualites\/tuchel-previent-foden-que-sa-place-pour-la-coupe-du-monde-avec-langleterre-nest-pas-une-garantie\/","og_site_name":"Foot d&#039;avant","article_publisher":"https:\/\/www.facebook.com\/Footdavant\/","article_published_time":"2026-04-02T06:48:16+00:00","article_modified_time":"2026-04-02T06:48:18+00:00","og_image":[{"width":1200,"height":800,"url":"https:\/\/footdavant.fr\/actualites\/wp-content\/uploads\/2026\/04\/1775112497_Tuchel-previent-Foden-que-sa-place-pour-la-Coupe-du.jpg","type":"image\/jpeg"}],"author":"Cl\u00e9ment","twitter_card":"summary_large_image","twitter_creator":"@FootdavantFr","twitter_site":"@FootdavantFr","twitter_misc":{"\u00c9crit par":"Cl\u00e9ment","Dur\u00e9e de lecture estim\u00e9e":"2 minutes"},"schema":{"@context":"https:\/\/schema.org","@graph":[{"@type":"Article","@id":"https:\/\/footdavant.fr\/actualites\/tuchel-previent-foden-que-sa-place-pour-la-coupe-du-monde-avec-langleterre-nest-pas-une-garantie\/#article","isPartOf":{"@id":"https:\/\/footdavant.fr\/actualites\/tuchel-previent-foden-que-sa-place-pour-la-coupe-du-monde-avec-langleterre-nest-pas-une-garantie\/"},"author":{"name":"Cl\u00e9ment","@id":"https:\/\/footdavant.fr\/actualites\/#\/schema\/person\/bc222566d95871b37e597b3ed3ba5e1d"},"headline":"Tuchel pr\u00e9vient Foden que sa place pour la Coupe du monde avec l&#39;Angleterre n&#39;est pas une garantie","datePublished":"2026-04-02T06:48:16+00:00","dateModified":"2026-04-02T06:48:18+00:00","mainEntityOfPage":{"@id":"https:\/\/footdavant.fr\/actualites\/tuchel-previent-foden-que-sa-place-pour-la-coupe-du-monde-avec-langleterre-nest-pas-une-garantie\/"},"wordCount":343,"publisher":{"@id":"https:\/\/footdavant.fr\/actualites\/#organization"},"keywords":["avec","Coupe","Foden","garantie","l39Angleterre","monde","n39est","pas","place","pour","pr\u00e9vient","Tuchel","une"],"articleSection":["Football"],"inLanguage":"fr-FR"},{"@type":"WebPage","@id":"https:\/\/footdavant.fr\/actualites\/tuchel-previent-foden-que-sa-place-pour-la-coupe-du-monde-avec-langleterre-nest-pas-une-garantie\/","url":"https:\/\/footdavant.fr\/actualites\/tuchel-previent-foden-que-sa-place-pour-la-coupe-du-monde-avec-langleterre-nest-pas-une-garantie\/","name":"Tuchel pr\u00e9vient Foden que sa place pour la Coupe du monde avec l&#39;Angleterre n&#39;est pas une garantie","isPartOf":{"@id":"https:\/\/footdavant.fr\/actualites\/#website"},"datePublished":"2026-04-02T06:48:16+00:00","dateModified":"2026-04-02T06:48:18+00:00","breadcrumb":{"@id":"https:\/\/footdavant.fr\/actualites\/tuchel-previent-foden-que-sa-place-pour-la-coupe-du-monde-avec-langleterre-nest-pas-une-garantie\/#breadcrumb"},"inLanguage":"fr-FR","potentialAction":[{"@type":"ReadAction","target":["https:\/\/footdavant.fr\/actualites\/tuchel-previent-foden-que-sa-place-pour-la-coupe-du-monde-avec-langleterre-nest-pas-une-garantie\/"]}]},{"@type":"BreadcrumbList","@id":"https:\/\/footdavant.fr\/actualites\/tuchel-previent-foden-que-sa-place-pour-la-coupe-du-monde-avec-langleterre-nest-pas-une-garantie\/#breadcrumb","itemListElement":[{"@type":"ListItem","position":1,"name":"Accueil","item":"https:\/\/footdavant.fr\/actualites\/"},{"@type":"ListItem","position":2,"name":"Tuchel pr\u00e9vient Foden que sa place pour la Coupe du monde avec l&#39;Angleterre n&#39;est pas une garantie"}]},{"@type":"WebSite","@id":"https:\/\/footdavant.fr\/actualites\/#website","url":"https:\/\/footdavant.fr\/actualites\/","name":"Foot d'avant","description":"","publisher":{"@id":"https:\/\/footdavant.fr\/actualites\/#organization"},"potentialAction":[{"@type":"SearchAction","target":{"@type":"EntryPoint","urlTemplate":"https:\/\/footdavant.fr\/actualites\/?s={search_term_string}"},"query-input":"required name=search_term_string"}],"inLanguage":"fr-FR"},{"@type":"Organization","@id":"https:\/\/footdavant.fr\/actualites\/#organization","name":"Foot d'avant","url":"https:\/\/footdavant.fr\/actualites\/","logo":{"@type":"ImageObject","inLanguage":"fr-FR","@id":"https:\/\/footdavant.fr\/actualites\/#\/schema\/logo\/image\/","url":"https:\/\/footdavant.fr\/actualites\/wp-content\/uploads\/2023\/09\/Copy-of-FootDavant-Logo.png","contentUrl":"https:\/\/footdavant.fr\/actualites\/wp-content\/uploads\/2023\/09\/Copy-of-FootDavant-Logo.png","width":936,"height":549,"caption":"Foot d'avant"},"image":{"@id":"https:\/\/footdavant.fr\/actualites\/#\/schema\/logo\/image\/"},"sameAs":["https:\/\/www.facebook.com\/Footdavant\/","https:\/\/twitter.com\/FootdavantFr","https:\/\/www.instagram.com\/footdavant.fr\/"]},{"@type":"Person","@id":"https:\/\/footdavant.fr\/actualites\/#\/schema\/person\/bc222566d95871b37e597b3ed3ba5e1d","name":"Cl\u00e9ment","image":{"@type":"ImageObject","inLanguage":"fr-FR","@id":"https:\/\/footdavant.fr\/actualites\/#\/schema\/person\/image\/","url":"https:\/\/secure.gravatar.com\/avatar\/7728b29aac2719421e1a9159b2254c44?s=96&d=mm&r=g","contentUrl":"https:\/\/secure.gravatar.com\/avatar\/7728b29aac2719421e1a9159b2254c44?s=96&d=mm&r=g","caption":"Cl\u00e9ment"},"sameAs":["https:\/\/footdavant.fr\/"]}]}},"_links":{"self":[{"href":"https:\/\/footdavant.fr\/actualites\/wp-json\/wp\/v2\/posts\/36040"}],"collection":[{"href":"https:\/\/footdavant.fr\/actualites\/wp-json\/wp\/v2\/posts"}],"about":[{"href":"https:\/\/footdavant.fr\/actualites\/wp-json\/wp\/v2\/types\/post"}],"author":[{"embeddable":true,"href":"https:\/\/footdavant.fr\/actualites\/wp-json\/wp\/v2\/users\/1"}],"replies":[{"embeddable":true,"href":"https:\/\/footdavant.fr\/actualites\/wp-json\/wp\/v2\/comments?post=36040"}],"version-history":[{"count":1,"href":"https:\/\/footdavant.fr\/actualites\/wp-json\/wp\/v2\/posts\/36040\/revisions"}],"predecessor-version":[{"id":36042,"href":"https:\/\/footdavant.fr\/actualites\/wp-json\/wp\/v2\/posts\/36040\/revisions\/36042"}],"wp:featuredmedia":[{"embeddable":true,"href":"https:\/\/footdavant.fr\/actualites\/wp-json\/wp\/v2\/media\/36041"}],"wp:attachment":[{"href":"https:\/\/footdavant.fr\/actualites\/wp-json\/wp\/v2\/media?parent=36040"}],"wp:term":[{"taxonomy":"category","embeddable":true,"href":"https:\/\/footdavant.fr\/actualites\/wp-json\/wp\/v2\/categories?post=36040"},{"taxonomy":"post_tag","embeddable":true,"href":"https:\/\/footdavant.fr\/actualites\/wp-json\/wp\/v2\/tags?post=36040"}],"curies":[{"name":"wp","href":"https:\/\/api.w.org\/{rel}","templated":true}]}}