{"id":36046,"date":"2026-04-02T12:48:14","date_gmt":"2026-04-02T10:48:14","guid":{"rendered":"https:\/\/footdavant.fr\/actualites\/man-united-organise-des-affrontements-phares-de-pre-saison-contre-le-psg-milan-et-latletico-madrid\/"},"modified":"2026-04-02T12:48:15","modified_gmt":"2026-04-02T10:48:15","slug":"man-united-organise-des-affrontements-phares-de-pre-saison-contre-le-psg-milan-et-latletico-madrid","status":"publish","type":"post","link":"https:\/\/footdavant.fr\/actualites\/man-united-organise-des-affrontements-phares-de-pre-saison-contre-le-psg-milan-et-latletico-madrid\/","title":{"rendered":"Man United organise des affrontements phares de pr\u00e9-saison contre le PSG, Milan et l&#39;Atletico Madrid &#8211;"},"content":{"rendered":"<div id=\"penci-post-entry-inner\">\n<p>\t\t\t<i class=\"penci-post-countview-number-check\" style=\"display:none\">1<\/i><\/p>\n<p><!--Article Start--><br \/>Manchester United serait sur le point d&#39;affronter les poids lourds europ\u00e9ens du Paris Saint-Germain, de l&#39;AC Milan et de l&#39;Atletico Madrid, alors que les plans de pr\u00e9-saison du club commencent \u00e0 s&#39;acc\u00e9l\u00e9rer.<\/p>\n<h3>La pr\u00e9-saison vous attend<\/h3>\n<p>United a connu une bonne saison, avec un tournant d\u00e9cisif lorsque Michael Carrick a \u00e9t\u00e9 nomm\u00e9 manager int\u00e9rimaire apr\u00e8s le limogeage de Ruben Amorim.<\/p>\n<p>Carrick a pris en charge 10 matchs, en remportant sept, en faisant deux nuls et en n&#39;en perdant qu&#39;un. \u00c0 l\u2019heure actuelle, United occupe la troisi\u00e8me place de la Premier League et est bien parti pour sceller un retour sensationnel en Ligue des champions.<\/p>\n<p>Les Diables Rouges regardent d\u00e9j\u00e0 vers l\u2019avenir, avec une planification de pr\u00e9-saison acc\u00e9l\u00e9r\u00e9e. Il est bien connu que United s&#39;appr\u00eate \u00e0 affronter Wrexham \u00e0 Helsinki en juillet. Plus r\u00e9cemment, un reportage couvert par The Peoples Person a \u00e9galement confirm\u00e9 que United affronterait son principal rival Leeds United au stade Croke Park de Dublin le mercredi 12 ao\u00fbt.<\/p>\n<p>Cela a depuis \u00e9t\u00e9 annonc\u00e9 par le club, le directeur du football Jason Wilcox d\u00e9clarant dans un communiqu\u00e9 officiel : \u00ab\u00a0Nous sommes ravis de nous rendre \u00e0 Dublin pour affronter Leeds United dans le cadre de nos pr\u00e9paratifs de pr\u00e9-saison avant une grande campagne.\u00a0\u00bb<\/p>\n<p>\u00ab\u00a0Jouer un match important contre l&#39;un de nos plus grands rivaux nous donne une fantastique opportunit\u00e9 de nouer des liens avec nos supporters irlandais. Leur passion et leur \u00e9nergie seront inestimables alors que nous construisons une dynamique et veillons \u00e0 ce que l&#39;\u00e9quipe soit dans la meilleure forme possible pour le d\u00e9but de la saison 2026\/27.\u00a0\u00bb<\/p>\n<p>L&#39;Athletic a r\u00e9v\u00e9l\u00e9 le calendrier complet de pr\u00e9-saison de United, qui comprend des rencontres savoureuses contre le champion en titre de la Ligue 1, le Paris Saint-Germain, et l&#39;Atletico Madrid de Diego Simeone.<\/p>\n<h3>Des tests de grande envergure<\/h3>\n<p>Le journal indique que United disputera des matchs amicaux de pr\u00e9-saison en Finlande, en Su\u00e8de, en Norv\u00e8ge, en R\u00e9publique d&#39;Irlande et en Pologne entre juillet et ao\u00fbt.<\/p>\n<p>Les 20 fois champions d&#39;Angleterre se rendent g\u00e9n\u00e9ralement en Am\u00e9rique du Nord, mais en raison de la Coupe du monde de cet \u00e9t\u00e9, ils feront une tourn\u00e9e en Europe et passeront plus de temps \u00e0 s&#39;entra\u00eener \u00e0 Carrington.<\/p>\n<p>The Athletic ajoute : \u00ab\u00a0L&#39;\u00e9quipe pr\u00e9voit d&#39;aller et venir pour jouer des matchs contre Wrexham \u00e0 Helsinki, en Finlande, le 18 juillet, Rosenborg \u00e0 Trondheim, en Norv\u00e8ge, le 24 juillet, l&#39;Atletico Madrid \u00e0 Stockholm, en Su\u00e8de, le 1er ao\u00fbt, le Paris Saint-Germain \u00e0 Gothenborg, en Su\u00e8de, le 8 ao\u00fbt, Leeds United \u00e0 Croke Park, Dublin, en Irlande, le 12 ao\u00fbt et l&#39;AC Milan \u00e0 Wroclaw, en Pologne, le 15 ao\u00fbt.\u00a0\u00bb<\/p>\n<p>\u00ab\u00a0United avait de l&#39;int\u00e9r\u00eat en Asie pour y organiser des matchs amicaux, mais semble avoir d\u00e9cid\u00e9 de ne pas le faire.\u00a0\u00bb<\/p>\n<p>La campagne 2026\/27 de Premier League devrait d\u00e9buter le 22 ao\u00fbt, une semaine apr\u00e8s la rencontre de l&#39;AC Milan.<\/p>\n<\/p>\n<hr\/>\n<p>The Peoples Person est l&#39;un des principaux sites d&#39;information de Man United au monde depuis plus d&#39;une d\u00e9cennie. Suivez-nous sur Bluesky\u00a0: @peoplesperson.bsky.social<\/p>\n<p><!-- CONTENT END 2 --><\/p><\/div>\n","protected":false},"excerpt":{"rendered":"<p>1 Manchester United serait sur le point d&#39;affronter les poids lourds europ\u00e9ens du Paris Saint-Germain, de l&#39;AC Milan et de l&#39;Atletico Madrid, alors que les<\/p>\n","protected":false},"author":1,"featured_media":36047,"comment_status":"closed","ping_status":"","sticky":false,"template":"","format":"standard","meta":{"footnotes":""},"categories":[3],"tags":[8965,20,12,4289,303,24,250,2224,11725,1517,1656,13],"yoast_head":"<!-- This site is optimized with the Yoast SEO plugin v21.0 - https:\/\/yoast.com\/wordpress\/plugins\/seo\/ -->\n<title>Man United organise des affrontements phares de pr\u00e9-saison contre le PSG, Milan et l&#039;Atletico Madrid -<\/title>\n<meta name=\"robots\" content=\"index, follow, max-snippet:-1, max-image-preview:large, max-video-preview:-1\" \/>\n<link rel=\"canonical\" href=\"https:\/\/footdavant.fr\/actualites\/man-united-organise-des-affrontements-phares-de-pre-saison-contre-le-psg-milan-et-latletico-madrid\/\" \/>\n<meta property=\"og:locale\" content=\"fr_FR\" \/>\n<meta property=\"og:type\" content=\"article\" \/>\n<meta property=\"og:title\" content=\"Man United organise des affrontements phares de pr\u00e9-saison contre le PSG, Milan et l&#039;Atletico Madrid -\" \/>\n<meta property=\"og:description\" content=\"1 Manchester United serait sur le point d&#039;affronter les poids lourds europ\u00e9ens du Paris Saint-Germain, de l&#039;AC Milan et de l&#039;Atletico Madrid, alors que les\" \/>\n<meta property=\"og:url\" content=\"https:\/\/footdavant.fr\/actualites\/man-united-organise-des-affrontements-phares-de-pre-saison-contre-le-psg-milan-et-latletico-madrid\/\" \/>\n<meta property=\"og:site_name\" content=\"Foot d&#039;avant\" \/>\n<meta property=\"article:publisher\" content=\"https:\/\/www.facebook.com\/Footdavant\/\" \/>\n<meta property=\"article:published_time\" content=\"2026-04-02T10:48:14+00:00\" \/>\n<meta property=\"article:modified_time\" content=\"2026-04-02T10:48:15+00:00\" \/>\n<meta property=\"og:image\" content=\"https:\/\/footdavant.fr\/actualites\/wp-content\/uploads\/2026\/04\/Man-United-organise-des-affrontements-phares-de-pre-saison-contre-le.jpg\" \/>\n\t<meta property=\"og:image:width\" content=\"1600\" \/>\n\t<meta property=\"og:image:height\" content=\"709\" \/>\n\t<meta property=\"og:image:type\" content=\"image\/jpeg\" \/>\n<meta name=\"author\" content=\"Cl\u00e9ment\" \/>\n<meta name=\"twitter:card\" content=\"summary_large_image\" \/>\n<meta name=\"twitter:creator\" content=\"@FootdavantFr\" \/>\n<meta name=\"twitter:site\" content=\"@FootdavantFr\" \/>\n<meta name=\"twitter:label1\" content=\"\u00c9crit par\" \/>\n\t<meta name=\"twitter:data1\" content=\"Cl\u00e9ment\" \/>\n\t<meta name=\"twitter:label2\" content=\"Dur\u00e9e de lecture estim\u00e9e\" \/>\n\t<meta name=\"twitter:data2\" content=\"3 minutes\" \/>\n<script type=\"application\/ld+json\" class=\"yoast-schema-graph\">{\"@context\":\"https:\/\/schema.org\",\"@graph\":[{\"@type\":\"Article\",\"@id\":\"https:\/\/footdavant.fr\/actualites\/man-united-organise-des-affrontements-phares-de-pre-saison-contre-le-psg-milan-et-latletico-madrid\/#article\",\"isPartOf\":{\"@id\":\"https:\/\/footdavant.fr\/actualites\/man-united-organise-des-affrontements-phares-de-pre-saison-contre-le-psg-milan-et-latletico-madrid\/\"},\"author\":{\"name\":\"Cl\u00e9ment\",\"@id\":\"https:\/\/footdavant.fr\/actualites\/#\/schema\/person\/bc222566d95871b37e597b3ed3ba5e1d\"},\"headline\":\"Man United organise des affrontements phares de pr\u00e9-saison contre le PSG, Milan et l&#39;Atletico Madrid &#8211;\",\"datePublished\":\"2026-04-02T10:48:14+00:00\",\"dateModified\":\"2026-04-02T10:48:15+00:00\",\"mainEntityOfPage\":{\"@id\":\"https:\/\/footdavant.fr\/actualites\/man-united-organise-des-affrontements-phares-de-pre-saison-contre-le-psg-milan-et-latletico-madrid\/\"},\"wordCount\":562,\"publisher\":{\"@id\":\"https:\/\/footdavant.fr\/actualites\/#organization\"},\"keywords\":[\"affrontements\",\"contre\",\"des\",\"l39Atletico\",\"Madrid\",\"Man\",\"Milan\",\"organise\",\"phares\",\"pr\u00e9saison\",\"PSG\",\"United\"],\"articleSection\":[\"Football\"],\"inLanguage\":\"fr-FR\"},{\"@type\":\"WebPage\",\"@id\":\"https:\/\/footdavant.fr\/actualites\/man-united-organise-des-affrontements-phares-de-pre-saison-contre-le-psg-milan-et-latletico-madrid\/\",\"url\":\"https:\/\/footdavant.fr\/actualites\/man-united-organise-des-affrontements-phares-de-pre-saison-contre-le-psg-milan-et-latletico-madrid\/\",\"name\":\"Man United organise des affrontements phares de pr\u00e9-saison contre le PSG, Milan et l&#39;Atletico Madrid -\",\"isPartOf\":{\"@id\":\"https:\/\/footdavant.fr\/actualites\/#website\"},\"datePublished\":\"2026-04-02T10:48:14+00:00\",\"dateModified\":\"2026-04-02T10:48:15+00:00\",\"breadcrumb\":{\"@id\":\"https:\/\/footdavant.fr\/actualites\/man-united-organise-des-affrontements-phares-de-pre-saison-contre-le-psg-milan-et-latletico-madrid\/#breadcrumb\"},\"inLanguage\":\"fr-FR\",\"potentialAction\":[{\"@type\":\"ReadAction\",\"target\":[\"https:\/\/footdavant.fr\/actualites\/man-united-organise-des-affrontements-phares-de-pre-saison-contre-le-psg-milan-et-latletico-madrid\/\"]}]},{\"@type\":\"BreadcrumbList\",\"@id\":\"https:\/\/footdavant.fr\/actualites\/man-united-organise-des-affrontements-phares-de-pre-saison-contre-le-psg-milan-et-latletico-madrid\/#breadcrumb\",\"itemListElement\":[{\"@type\":\"ListItem\",\"position\":1,\"name\":\"Accueil\",\"item\":\"https:\/\/footdavant.fr\/actualites\/\"},{\"@type\":\"ListItem\",\"position\":2,\"name\":\"Man United organise des affrontements phares de pr\u00e9-saison contre le PSG, Milan et l&#39;Atletico Madrid &#8211;\"}]},{\"@type\":\"WebSite\",\"@id\":\"https:\/\/footdavant.fr\/actualites\/#website\",\"url\":\"https:\/\/footdavant.fr\/actualites\/\",\"name\":\"Foot d'avant\",\"description\":\"\",\"publisher\":{\"@id\":\"https:\/\/footdavant.fr\/actualites\/#organization\"},\"potentialAction\":[{\"@type\":\"SearchAction\",\"target\":{\"@type\":\"EntryPoint\",\"urlTemplate\":\"https:\/\/footdavant.fr\/actualites\/?s={search_term_string}\"},\"query-input\":\"required name=search_term_string\"}],\"inLanguage\":\"fr-FR\"},{\"@type\":\"Organization\",\"@id\":\"https:\/\/footdavant.fr\/actualites\/#organization\",\"name\":\"Foot d'avant\",\"url\":\"https:\/\/footdavant.fr\/actualites\/\",\"logo\":{\"@type\":\"ImageObject\",\"inLanguage\":\"fr-FR\",\"@id\":\"https:\/\/footdavant.fr\/actualites\/#\/schema\/logo\/image\/\",\"url\":\"https:\/\/footdavant.fr\/actualites\/wp-content\/uploads\/2023\/09\/Copy-of-FootDavant-Logo.png\",\"contentUrl\":\"https:\/\/footdavant.fr\/actualites\/wp-content\/uploads\/2023\/09\/Copy-of-FootDavant-Logo.png\",\"width\":936,\"height\":549,\"caption\":\"Foot d'avant\"},\"image\":{\"@id\":\"https:\/\/footdavant.fr\/actualites\/#\/schema\/logo\/image\/\"},\"sameAs\":[\"https:\/\/www.facebook.com\/Footdavant\/\",\"https:\/\/twitter.com\/FootdavantFr\",\"https:\/\/www.instagram.com\/footdavant.fr\/\"]},{\"@type\":\"Person\",\"@id\":\"https:\/\/footdavant.fr\/actualites\/#\/schema\/person\/bc222566d95871b37e597b3ed3ba5e1d\",\"name\":\"Cl\u00e9ment\",\"image\":{\"@type\":\"ImageObject\",\"inLanguage\":\"fr-FR\",\"@id\":\"https:\/\/footdavant.fr\/actualites\/#\/schema\/person\/image\/\",\"url\":\"https:\/\/secure.gravatar.com\/avatar\/7728b29aac2719421e1a9159b2254c44?s=96&d=mm&r=g\",\"contentUrl\":\"https:\/\/secure.gravatar.com\/avatar\/7728b29aac2719421e1a9159b2254c44?s=96&d=mm&r=g\",\"caption\":\"Cl\u00e9ment\"},\"sameAs\":[\"https:\/\/footdavant.fr\/\"]}]}<\/script>\n<!-- \/ Yoast SEO plugin. -->","yoast_head_json":{"title":"Man United organise des affrontements phares de pr\u00e9-saison contre le PSG, Milan et l&#39;Atletico Madrid -","robots":{"index":"index","follow":"follow","max-snippet":"max-snippet:-1","max-image-preview":"max-image-preview:large","max-video-preview":"max-video-preview:-1"},"canonical":"https:\/\/footdavant.fr\/actualites\/man-united-organise-des-affrontements-phares-de-pre-saison-contre-le-psg-milan-et-latletico-madrid\/","og_locale":"fr_FR","og_type":"article","og_title":"Man United organise des affrontements phares de pr\u00e9-saison contre le PSG, Milan et l&#39;Atletico Madrid -","og_description":"1 Manchester United serait sur le point d&#39;affronter les poids lourds europ\u00e9ens du Paris Saint-Germain, de l&#39;AC Milan et de l&#39;Atletico Madrid, alors que les","og_url":"https:\/\/footdavant.fr\/actualites\/man-united-organise-des-affrontements-phares-de-pre-saison-contre-le-psg-milan-et-latletico-madrid\/","og_site_name":"Foot d&#039;avant","article_publisher":"https:\/\/www.facebook.com\/Footdavant\/","article_published_time":"2026-04-02T10:48:14+00:00","article_modified_time":"2026-04-02T10:48:15+00:00","og_image":[{"width":1600,"height":709,"url":"https:\/\/footdavant.fr\/actualites\/wp-content\/uploads\/2026\/04\/Man-United-organise-des-affrontements-phares-de-pre-saison-contre-le.jpg","type":"image\/jpeg"}],"author":"Cl\u00e9ment","twitter_card":"summary_large_image","twitter_creator":"@FootdavantFr","twitter_site":"@FootdavantFr","twitter_misc":{"\u00c9crit par":"Cl\u00e9ment","Dur\u00e9e de lecture estim\u00e9e":"3 minutes"},"schema":{"@context":"https:\/\/schema.org","@graph":[{"@type":"Article","@id":"https:\/\/footdavant.fr\/actualites\/man-united-organise-des-affrontements-phares-de-pre-saison-contre-le-psg-milan-et-latletico-madrid\/#article","isPartOf":{"@id":"https:\/\/footdavant.fr\/actualites\/man-united-organise-des-affrontements-phares-de-pre-saison-contre-le-psg-milan-et-latletico-madrid\/"},"author":{"name":"Cl\u00e9ment","@id":"https:\/\/footdavant.fr\/actualites\/#\/schema\/person\/bc222566d95871b37e597b3ed3ba5e1d"},"headline":"Man United organise des affrontements phares de pr\u00e9-saison contre le PSG, Milan et l&#39;Atletico Madrid &#8211;","datePublished":"2026-04-02T10:48:14+00:00","dateModified":"2026-04-02T10:48:15+00:00","mainEntityOfPage":{"@id":"https:\/\/footdavant.fr\/actualites\/man-united-organise-des-affrontements-phares-de-pre-saison-contre-le-psg-milan-et-latletico-madrid\/"},"wordCount":562,"publisher":{"@id":"https:\/\/footdavant.fr\/actualites\/#organization"},"keywords":["affrontements","contre","des","l39Atletico","Madrid","Man","Milan","organise","phares","pr\u00e9saison","PSG","United"],"articleSection":["Football"],"inLanguage":"fr-FR"},{"@type":"WebPage","@id":"https:\/\/footdavant.fr\/actualites\/man-united-organise-des-affrontements-phares-de-pre-saison-contre-le-psg-milan-et-latletico-madrid\/","url":"https:\/\/footdavant.fr\/actualites\/man-united-organise-des-affrontements-phares-de-pre-saison-contre-le-psg-milan-et-latletico-madrid\/","name":"Man United organise des affrontements phares de pr\u00e9-saison contre le PSG, Milan et l&#39;Atletico Madrid -","isPartOf":{"@id":"https:\/\/footdavant.fr\/actualites\/#website"},"datePublished":"2026-04-02T10:48:14+00:00","dateModified":"2026-04-02T10:48:15+00:00","breadcrumb":{"@id":"https:\/\/footdavant.fr\/actualites\/man-united-organise-des-affrontements-phares-de-pre-saison-contre-le-psg-milan-et-latletico-madrid\/#breadcrumb"},"inLanguage":"fr-FR","potentialAction":[{"@type":"ReadAction","target":["https:\/\/footdavant.fr\/actualites\/man-united-organise-des-affrontements-phares-de-pre-saison-contre-le-psg-milan-et-latletico-madrid\/"]}]},{"@type":"BreadcrumbList","@id":"https:\/\/footdavant.fr\/actualites\/man-united-organise-des-affrontements-phares-de-pre-saison-contre-le-psg-milan-et-latletico-madrid\/#breadcrumb","itemListElement":[{"@type":"ListItem","position":1,"name":"Accueil","item":"https:\/\/footdavant.fr\/actualites\/"},{"@type":"ListItem","position":2,"name":"Man United organise des affrontements phares de pr\u00e9-saison contre le PSG, Milan et l&#39;Atletico Madrid &#8211;"}]},{"@type":"WebSite","@id":"https:\/\/footdavant.fr\/actualites\/#website","url":"https:\/\/footdavant.fr\/actualites\/","name":"Foot d'avant","description":"","publisher":{"@id":"https:\/\/footdavant.fr\/actualites\/#organization"},"potentialAction":[{"@type":"SearchAction","target":{"@type":"EntryPoint","urlTemplate":"https:\/\/footdavant.fr\/actualites\/?s={search_term_string}"},"query-input":"required name=search_term_string"}],"inLanguage":"fr-FR"},{"@type":"Organization","@id":"https:\/\/footdavant.fr\/actualites\/#organization","name":"Foot d'avant","url":"https:\/\/footdavant.fr\/actualites\/","logo":{"@type":"ImageObject","inLanguage":"fr-FR","@id":"https:\/\/footdavant.fr\/actualites\/#\/schema\/logo\/image\/","url":"https:\/\/footdavant.fr\/actualites\/wp-content\/uploads\/2023\/09\/Copy-of-FootDavant-Logo.png","contentUrl":"https:\/\/footdavant.fr\/actualites\/wp-content\/uploads\/2023\/09\/Copy-of-FootDavant-Logo.png","width":936,"height":549,"caption":"Foot d'avant"},"image":{"@id":"https:\/\/footdavant.fr\/actualites\/#\/schema\/logo\/image\/"},"sameAs":["https:\/\/www.facebook.com\/Footdavant\/","https:\/\/twitter.com\/FootdavantFr","https:\/\/www.instagram.com\/footdavant.fr\/"]},{"@type":"Person","@id":"https:\/\/footdavant.fr\/actualites\/#\/schema\/person\/bc222566d95871b37e597b3ed3ba5e1d","name":"Cl\u00e9ment","image":{"@type":"ImageObject","inLanguage":"fr-FR","@id":"https:\/\/footdavant.fr\/actualites\/#\/schema\/person\/image\/","url":"https:\/\/secure.gravatar.com\/avatar\/7728b29aac2719421e1a9159b2254c44?s=96&d=mm&r=g","contentUrl":"https:\/\/secure.gravatar.com\/avatar\/7728b29aac2719421e1a9159b2254c44?s=96&d=mm&r=g","caption":"Cl\u00e9ment"},"sameAs":["https:\/\/footdavant.fr\/"]}]}},"_links":{"self":[{"href":"https:\/\/footdavant.fr\/actualites\/wp-json\/wp\/v2\/posts\/36046"}],"collection":[{"href":"https:\/\/footdavant.fr\/actualites\/wp-json\/wp\/v2\/posts"}],"about":[{"href":"https:\/\/footdavant.fr\/actualites\/wp-json\/wp\/v2\/types\/post"}],"author":[{"embeddable":true,"href":"https:\/\/footdavant.fr\/actualites\/wp-json\/wp\/v2\/users\/1"}],"replies":[{"embeddable":true,"href":"https:\/\/footdavant.fr\/actualites\/wp-json\/wp\/v2\/comments?post=36046"}],"version-history":[{"count":1,"href":"https:\/\/footdavant.fr\/actualites\/wp-json\/wp\/v2\/posts\/36046\/revisions"}],"predecessor-version":[{"id":36048,"href":"https:\/\/footdavant.fr\/actualites\/wp-json\/wp\/v2\/posts\/36046\/revisions\/36048"}],"wp:featuredmedia":[{"embeddable":true,"href":"https:\/\/footdavant.fr\/actualites\/wp-json\/wp\/v2\/media\/36047"}],"wp:attachment":[{"href":"https:\/\/footdavant.fr\/actualites\/wp-json\/wp\/v2\/media?parent=36046"}],"wp:term":[{"taxonomy":"category","embeddable":true,"href":"https:\/\/footdavant.fr\/actualites\/wp-json\/wp\/v2\/categories?post=36046"},{"taxonomy":"post_tag","embeddable":true,"href":"https:\/\/footdavant.fr\/actualites\/wp-json\/wp\/v2\/tags?post=36046"}],"curies":[{"name":"wp","href":"https:\/\/api.w.org\/{rel}","templated":true}]}}