{"id":36052,"date":"2026-04-02T16:48:10","date_gmt":"2026-04-02T14:48:10","guid":{"rendered":"https:\/\/footdavant.fr\/actualites\/les-commentaires-de-marc-cucurella-doivent-etre-la-claque-dont-les-proprietaires-de-chelsea-ont-besoin\/"},"modified":"2026-04-02T16:48:12","modified_gmt":"2026-04-02T14:48:12","slug":"les-commentaires-de-marc-cucurella-doivent-etre-la-claque-dont-les-proprietaires-de-chelsea-ont-besoin","status":"publish","type":"post","link":"https:\/\/footdavant.fr\/actualites\/les-commentaires-de-marc-cucurella-doivent-etre-la-claque-dont-les-proprietaires-de-chelsea-ont-besoin\/","title":{"rendered":"Les commentaires de Marc Cucurella doivent \u00eatre la claque dont les propri\u00e9taires de Chelsea ont besoin"},"content":{"rendered":"<div>\n<p>Qui est pr\u00eat \u00e0 ce que Marc Cucurella soit \u00ab bless\u00e9 \u00bb pour le reste de la saison avant d&#39;\u00eatre exp\u00e9di\u00e9 cet \u00e9t\u00e9 ? Nous avons tous lu le sc\u00e9nario. En route pour l&#39;escouade anti-bombes\u00a0!<\/p>\n<p>Les propri\u00e9taires de Chelsea n\u2019appr\u00e9cieront pas du tout ses critiques publiques \u00e0 leur \u00e9gard cette semaine. Mais s\u2019il fait quelque chose, il devrait enfin les inciter \u00e0 agir pour changer un mod\u00e8le d\u00e9faillant. Cela devrait enfin leur faire comprendre que ce qu\u2019ils font est en train de ruiner un club de football de fond en comble.<\/p>\n<p>Ne nous \u00e9coute pas, tr\u00e8s bien. N&#39;\u00e9coutez pas les innombrables l\u00e9gendes du club qui ont dit la m\u00eame chose, tr\u00e8s bien. N&#39;\u00e9coutez pas certains journalistes et analystes de renom qui disent la m\u00eame chose, tr\u00e8s bien. N&#39;\u00e9coutez pas les experts et autres anciens joueurs qui disent constamment la m\u00eame chose semaine apr\u00e8s semaine, tr\u00e8s bien. Mais \u00e9coutez peut-\u00eatre l&#39;un de vos joueurs seniors qui est \u00ab dans la salle \u00bb tous les jours. Peut-\u00eatre r\u00e9agir au fait que lui et un autre joueur senior twerkent pour d&#39;autres clubs parce qu&#39;ils veulent se retirer de ce projet. Peut-\u00eatre que cela vous fera comprendre que vous avez enfin besoin d\u2019apporter les changements dont ce club a d\u00e9sesp\u00e9r\u00e9ment besoin cet \u00e9t\u00e9.<\/p>\n<p>Nous avons entendu les porte-parole du club dire que les propri\u00e9taires nous \u00e9coutent et qu&#39;ils vont peaufiner le mod\u00e8le cet \u00e9t\u00e9 et recruter davantage de joueurs \u00ab pr\u00eats \u00e0 l&#39;emploi \u00bb. Mais bien s\u00fbr, parler ne co\u00fbte rien, tout le monde peut faire des projets. Il s\u2019agit de savoir si vous mettez en \u0153uvre ces discussions et ces plans, et les fans n\u2019ont aucune confiance qu\u2019ils le feront. D&#39;ailleurs, j&#39;ai \u00e9galement entendu des choses similaires dans le m\u00eame sens, mais je n&#39;ai aucune confiance que cela se produira et que nous verrons les changements requis.<\/p>\n<p>Oui, il a dit tout cela avant une s\u00e9rie de matchs tr\u00e8s importants. Mais parfois, si vous souhaitez des changements, seules les mesures les plus drastiques feront la diff\u00e9rence. Et tout ce qu&#39;il dit est juste. J&#39;ai dit \u00e0 plusieurs reprises que remporter la Coupe du Monde des Clubs n&#39;avait fait que masquer des fissures et prolonger un probl\u00e8me majeur du mod\u00e8le. Ainsi, parfois, ce sont les \u00e9v\u00e9nements les plus percutants qui obligent \u00e0 agir.<\/p>\n<p>Ce qui est inqui\u00e9tant, c&#39;est qu&#39;il remet d\u00e9sormais \u00e9galement en question la tactique de Liam Rosenior, comme Malo Gusto l&#39;a \u00e9galement fait r\u00e9cemment. Et si le club est soi-disant fid\u00e8le au manager malgr\u00e9 tout, et qu&#39;il a d\u00e9j\u00e0 perdu une partie du vestiaire, cela ne va pas du tout bien pour le reste de cette saison. C\u2019est ce que fait l\u2019embauche de managers inexp\u00e9riment\u00e9s : les joueurs auront du mal \u00e0 leur faire confiance et \u00e0 croire en eux. C&#39;est juste naturel.<\/p>\n<p>Alors merci Cucurella d&#39;avoir rejoint notre combat. En tant que fans, nous n&#39;arr\u00eaterons pas de dire la m\u00eame chose que nous avons dit au cours des quatre derni\u00e8res ann\u00e9es et oh \u00e9coute, nous avions peut-\u00eatre raison depuis le d\u00e9but, hein ?<\/p>\n<\/p><\/div>\n","protected":false},"excerpt":{"rendered":"<p>Qui est pr\u00eat \u00e0 ce que Marc Cucurella soit \u00ab bless\u00e9 \u00bb pour le reste de la saison avant d&#39;\u00eatre exp\u00e9di\u00e9 cet \u00e9t\u00e9 ? Nous<\/p>\n","protected":false},"author":1,"featured_media":36053,"comment_status":"closed","ping_status":"","sticky":false,"template":"","format":"standard","meta":{"footnotes":""},"categories":[3],"tags":[433,171,4688,716,2357,3893,2119,270,93,1678,244,3024],"yoast_head":"<!-- This site is optimized with the Yoast SEO plugin v21.0 - https:\/\/yoast.com\/wordpress\/plugins\/seo\/ -->\n<title>Les commentaires de Marc Cucurella doivent \u00eatre la claque dont les propri\u00e9taires de Chelsea ont besoin<\/title>\n<meta name=\"robots\" content=\"index, follow, max-snippet:-1, max-image-preview:large, max-video-preview:-1\" \/>\n<link rel=\"canonical\" href=\"https:\/\/footdavant.fr\/actualites\/les-commentaires-de-marc-cucurella-doivent-etre-la-claque-dont-les-proprietaires-de-chelsea-ont-besoin\/\" \/>\n<meta property=\"og:locale\" content=\"fr_FR\" \/>\n<meta property=\"og:type\" content=\"article\" \/>\n<meta property=\"og:title\" content=\"Les commentaires de Marc Cucurella doivent \u00eatre la claque dont les propri\u00e9taires de Chelsea ont besoin\" \/>\n<meta property=\"og:description\" content=\"Qui est pr\u00eat \u00e0 ce que Marc Cucurella soit \u00ab bless\u00e9 \u00bb pour le reste de la saison avant d&#039;\u00eatre exp\u00e9di\u00e9 cet \u00e9t\u00e9 ? Nous\" \/>\n<meta property=\"og:url\" content=\"https:\/\/footdavant.fr\/actualites\/les-commentaires-de-marc-cucurella-doivent-etre-la-claque-dont-les-proprietaires-de-chelsea-ont-besoin\/\" \/>\n<meta property=\"og:site_name\" content=\"Foot d&#039;avant\" \/>\n<meta property=\"article:publisher\" content=\"https:\/\/www.facebook.com\/Footdavant\/\" \/>\n<meta property=\"article:published_time\" content=\"2026-04-02T14:48:10+00:00\" \/>\n<meta property=\"article:modified_time\" content=\"2026-04-02T14:48:12+00:00\" \/>\n<meta property=\"og:image\" content=\"https:\/\/footdavant.fr\/actualites\/wp-content\/uploads\/2026\/04\/Les-commentaires-de-Marc-Cucurella-doivent-etre-la-claque-dont.jpg\" \/>\n\t<meta property=\"og:image:width\" content=\"2560\" \/>\n\t<meta property=\"og:image:height\" content=\"1706\" \/>\n\t<meta property=\"og:image:type\" content=\"image\/jpeg\" \/>\n<meta name=\"author\" content=\"Cl\u00e9ment\" \/>\n<meta name=\"twitter:card\" content=\"summary_large_image\" \/>\n<meta name=\"twitter:creator\" content=\"@FootdavantFr\" \/>\n<meta name=\"twitter:site\" content=\"@FootdavantFr\" \/>\n<meta name=\"twitter:label1\" content=\"\u00c9crit par\" \/>\n\t<meta name=\"twitter:data1\" content=\"Cl\u00e9ment\" \/>\n\t<meta name=\"twitter:label2\" content=\"Dur\u00e9e de lecture estim\u00e9e\" \/>\n\t<meta name=\"twitter:data2\" content=\"3 minutes\" \/>\n<script type=\"application\/ld+json\" class=\"yoast-schema-graph\">{\"@context\":\"https:\/\/schema.org\",\"@graph\":[{\"@type\":\"Article\",\"@id\":\"https:\/\/footdavant.fr\/actualites\/les-commentaires-de-marc-cucurella-doivent-etre-la-claque-dont-les-proprietaires-de-chelsea-ont-besoin\/#article\",\"isPartOf\":{\"@id\":\"https:\/\/footdavant.fr\/actualites\/les-commentaires-de-marc-cucurella-doivent-etre-la-claque-dont-les-proprietaires-de-chelsea-ont-besoin\/\"},\"author\":{\"name\":\"Cl\u00e9ment\",\"@id\":\"https:\/\/footdavant.fr\/actualites\/#\/schema\/person\/bc222566d95871b37e597b3ed3ba5e1d\"},\"headline\":\"Les commentaires de Marc Cucurella doivent \u00eatre la claque dont les propri\u00e9taires de Chelsea ont besoin\",\"datePublished\":\"2026-04-02T14:48:10+00:00\",\"dateModified\":\"2026-04-02T14:48:12+00:00\",\"mainEntityOfPage\":{\"@id\":\"https:\/\/footdavant.fr\/actualites\/les-commentaires-de-marc-cucurella-doivent-etre-la-claque-dont-les-proprietaires-de-chelsea-ont-besoin\/\"},\"wordCount\":582,\"publisher\":{\"@id\":\"https:\/\/footdavant.fr\/actualites\/#organization\"},\"keywords\":[\"besoin\",\"Chelsea\",\"claque\",\"commentaires\",\"Cucurella\",\"doivent\",\"dont\",\"\u00eatre\",\"les\",\"Marc\",\"ont\",\"propri\u00e9taires\"],\"articleSection\":[\"Football\"],\"inLanguage\":\"fr-FR\"},{\"@type\":\"WebPage\",\"@id\":\"https:\/\/footdavant.fr\/actualites\/les-commentaires-de-marc-cucurella-doivent-etre-la-claque-dont-les-proprietaires-de-chelsea-ont-besoin\/\",\"url\":\"https:\/\/footdavant.fr\/actualites\/les-commentaires-de-marc-cucurella-doivent-etre-la-claque-dont-les-proprietaires-de-chelsea-ont-besoin\/\",\"name\":\"Les commentaires de Marc Cucurella doivent \u00eatre la claque dont les propri\u00e9taires de Chelsea ont besoin\",\"isPartOf\":{\"@id\":\"https:\/\/footdavant.fr\/actualites\/#website\"},\"datePublished\":\"2026-04-02T14:48:10+00:00\",\"dateModified\":\"2026-04-02T14:48:12+00:00\",\"breadcrumb\":{\"@id\":\"https:\/\/footdavant.fr\/actualites\/les-commentaires-de-marc-cucurella-doivent-etre-la-claque-dont-les-proprietaires-de-chelsea-ont-besoin\/#breadcrumb\"},\"inLanguage\":\"fr-FR\",\"potentialAction\":[{\"@type\":\"ReadAction\",\"target\":[\"https:\/\/footdavant.fr\/actualites\/les-commentaires-de-marc-cucurella-doivent-etre-la-claque-dont-les-proprietaires-de-chelsea-ont-besoin\/\"]}]},{\"@type\":\"BreadcrumbList\",\"@id\":\"https:\/\/footdavant.fr\/actualites\/les-commentaires-de-marc-cucurella-doivent-etre-la-claque-dont-les-proprietaires-de-chelsea-ont-besoin\/#breadcrumb\",\"itemListElement\":[{\"@type\":\"ListItem\",\"position\":1,\"name\":\"Accueil\",\"item\":\"https:\/\/footdavant.fr\/actualites\/\"},{\"@type\":\"ListItem\",\"position\":2,\"name\":\"Les commentaires de Marc Cucurella doivent \u00eatre la claque dont les propri\u00e9taires de Chelsea ont besoin\"}]},{\"@type\":\"WebSite\",\"@id\":\"https:\/\/footdavant.fr\/actualites\/#website\",\"url\":\"https:\/\/footdavant.fr\/actualites\/\",\"name\":\"Foot d'avant\",\"description\":\"\",\"publisher\":{\"@id\":\"https:\/\/footdavant.fr\/actualites\/#organization\"},\"potentialAction\":[{\"@type\":\"SearchAction\",\"target\":{\"@type\":\"EntryPoint\",\"urlTemplate\":\"https:\/\/footdavant.fr\/actualites\/?s={search_term_string}\"},\"query-input\":\"required name=search_term_string\"}],\"inLanguage\":\"fr-FR\"},{\"@type\":\"Organization\",\"@id\":\"https:\/\/footdavant.fr\/actualites\/#organization\",\"name\":\"Foot d'avant\",\"url\":\"https:\/\/footdavant.fr\/actualites\/\",\"logo\":{\"@type\":\"ImageObject\",\"inLanguage\":\"fr-FR\",\"@id\":\"https:\/\/footdavant.fr\/actualites\/#\/schema\/logo\/image\/\",\"url\":\"https:\/\/footdavant.fr\/actualites\/wp-content\/uploads\/2023\/09\/Copy-of-FootDavant-Logo.png\",\"contentUrl\":\"https:\/\/footdavant.fr\/actualites\/wp-content\/uploads\/2023\/09\/Copy-of-FootDavant-Logo.png\",\"width\":936,\"height\":549,\"caption\":\"Foot d'avant\"},\"image\":{\"@id\":\"https:\/\/footdavant.fr\/actualites\/#\/schema\/logo\/image\/\"},\"sameAs\":[\"https:\/\/www.facebook.com\/Footdavant\/\",\"https:\/\/twitter.com\/FootdavantFr\",\"https:\/\/www.instagram.com\/footdavant.fr\/\"]},{\"@type\":\"Person\",\"@id\":\"https:\/\/footdavant.fr\/actualites\/#\/schema\/person\/bc222566d95871b37e597b3ed3ba5e1d\",\"name\":\"Cl\u00e9ment\",\"image\":{\"@type\":\"ImageObject\",\"inLanguage\":\"fr-FR\",\"@id\":\"https:\/\/footdavant.fr\/actualites\/#\/schema\/person\/image\/\",\"url\":\"https:\/\/secure.gravatar.com\/avatar\/7728b29aac2719421e1a9159b2254c44?s=96&d=mm&r=g\",\"contentUrl\":\"https:\/\/secure.gravatar.com\/avatar\/7728b29aac2719421e1a9159b2254c44?s=96&d=mm&r=g\",\"caption\":\"Cl\u00e9ment\"},\"sameAs\":[\"https:\/\/footdavant.fr\/\"]}]}<\/script>\n<!-- \/ Yoast SEO plugin. -->","yoast_head_json":{"title":"Les commentaires de Marc Cucurella doivent \u00eatre la claque dont les propri\u00e9taires de Chelsea ont besoin","robots":{"index":"index","follow":"follow","max-snippet":"max-snippet:-1","max-image-preview":"max-image-preview:large","max-video-preview":"max-video-preview:-1"},"canonical":"https:\/\/footdavant.fr\/actualites\/les-commentaires-de-marc-cucurella-doivent-etre-la-claque-dont-les-proprietaires-de-chelsea-ont-besoin\/","og_locale":"fr_FR","og_type":"article","og_title":"Les commentaires de Marc Cucurella doivent \u00eatre la claque dont les propri\u00e9taires de Chelsea ont besoin","og_description":"Qui est pr\u00eat \u00e0 ce que Marc Cucurella soit \u00ab bless\u00e9 \u00bb pour le reste de la saison avant d&#39;\u00eatre exp\u00e9di\u00e9 cet \u00e9t\u00e9 ? Nous","og_url":"https:\/\/footdavant.fr\/actualites\/les-commentaires-de-marc-cucurella-doivent-etre-la-claque-dont-les-proprietaires-de-chelsea-ont-besoin\/","og_site_name":"Foot d&#039;avant","article_publisher":"https:\/\/www.facebook.com\/Footdavant\/","article_published_time":"2026-04-02T14:48:10+00:00","article_modified_time":"2026-04-02T14:48:12+00:00","og_image":[{"width":2560,"height":1706,"url":"https:\/\/footdavant.fr\/actualites\/wp-content\/uploads\/2026\/04\/Les-commentaires-de-Marc-Cucurella-doivent-etre-la-claque-dont.jpg","type":"image\/jpeg"}],"author":"Cl\u00e9ment","twitter_card":"summary_large_image","twitter_creator":"@FootdavantFr","twitter_site":"@FootdavantFr","twitter_misc":{"\u00c9crit par":"Cl\u00e9ment","Dur\u00e9e de lecture estim\u00e9e":"3 minutes"},"schema":{"@context":"https:\/\/schema.org","@graph":[{"@type":"Article","@id":"https:\/\/footdavant.fr\/actualites\/les-commentaires-de-marc-cucurella-doivent-etre-la-claque-dont-les-proprietaires-de-chelsea-ont-besoin\/#article","isPartOf":{"@id":"https:\/\/footdavant.fr\/actualites\/les-commentaires-de-marc-cucurella-doivent-etre-la-claque-dont-les-proprietaires-de-chelsea-ont-besoin\/"},"author":{"name":"Cl\u00e9ment","@id":"https:\/\/footdavant.fr\/actualites\/#\/schema\/person\/bc222566d95871b37e597b3ed3ba5e1d"},"headline":"Les commentaires de Marc Cucurella doivent \u00eatre la claque dont les propri\u00e9taires de Chelsea ont besoin","datePublished":"2026-04-02T14:48:10+00:00","dateModified":"2026-04-02T14:48:12+00:00","mainEntityOfPage":{"@id":"https:\/\/footdavant.fr\/actualites\/les-commentaires-de-marc-cucurella-doivent-etre-la-claque-dont-les-proprietaires-de-chelsea-ont-besoin\/"},"wordCount":582,"publisher":{"@id":"https:\/\/footdavant.fr\/actualites\/#organization"},"keywords":["besoin","Chelsea","claque","commentaires","Cucurella","doivent","dont","\u00eatre","les","Marc","ont","propri\u00e9taires"],"articleSection":["Football"],"inLanguage":"fr-FR"},{"@type":"WebPage","@id":"https:\/\/footdavant.fr\/actualites\/les-commentaires-de-marc-cucurella-doivent-etre-la-claque-dont-les-proprietaires-de-chelsea-ont-besoin\/","url":"https:\/\/footdavant.fr\/actualites\/les-commentaires-de-marc-cucurella-doivent-etre-la-claque-dont-les-proprietaires-de-chelsea-ont-besoin\/","name":"Les commentaires de Marc Cucurella doivent \u00eatre la claque dont les propri\u00e9taires de Chelsea ont besoin","isPartOf":{"@id":"https:\/\/footdavant.fr\/actualites\/#website"},"datePublished":"2026-04-02T14:48:10+00:00","dateModified":"2026-04-02T14:48:12+00:00","breadcrumb":{"@id":"https:\/\/footdavant.fr\/actualites\/les-commentaires-de-marc-cucurella-doivent-etre-la-claque-dont-les-proprietaires-de-chelsea-ont-besoin\/#breadcrumb"},"inLanguage":"fr-FR","potentialAction":[{"@type":"ReadAction","target":["https:\/\/footdavant.fr\/actualites\/les-commentaires-de-marc-cucurella-doivent-etre-la-claque-dont-les-proprietaires-de-chelsea-ont-besoin\/"]}]},{"@type":"BreadcrumbList","@id":"https:\/\/footdavant.fr\/actualites\/les-commentaires-de-marc-cucurella-doivent-etre-la-claque-dont-les-proprietaires-de-chelsea-ont-besoin\/#breadcrumb","itemListElement":[{"@type":"ListItem","position":1,"name":"Accueil","item":"https:\/\/footdavant.fr\/actualites\/"},{"@type":"ListItem","position":2,"name":"Les commentaires de Marc Cucurella doivent \u00eatre la claque dont les propri\u00e9taires de Chelsea ont besoin"}]},{"@type":"WebSite","@id":"https:\/\/footdavant.fr\/actualites\/#website","url":"https:\/\/footdavant.fr\/actualites\/","name":"Foot d'avant","description":"","publisher":{"@id":"https:\/\/footdavant.fr\/actualites\/#organization"},"potentialAction":[{"@type":"SearchAction","target":{"@type":"EntryPoint","urlTemplate":"https:\/\/footdavant.fr\/actualites\/?s={search_term_string}"},"query-input":"required name=search_term_string"}],"inLanguage":"fr-FR"},{"@type":"Organization","@id":"https:\/\/footdavant.fr\/actualites\/#organization","name":"Foot d'avant","url":"https:\/\/footdavant.fr\/actualites\/","logo":{"@type":"ImageObject","inLanguage":"fr-FR","@id":"https:\/\/footdavant.fr\/actualites\/#\/schema\/logo\/image\/","url":"https:\/\/footdavant.fr\/actualites\/wp-content\/uploads\/2023\/09\/Copy-of-FootDavant-Logo.png","contentUrl":"https:\/\/footdavant.fr\/actualites\/wp-content\/uploads\/2023\/09\/Copy-of-FootDavant-Logo.png","width":936,"height":549,"caption":"Foot d'avant"},"image":{"@id":"https:\/\/footdavant.fr\/actualites\/#\/schema\/logo\/image\/"},"sameAs":["https:\/\/www.facebook.com\/Footdavant\/","https:\/\/twitter.com\/FootdavantFr","https:\/\/www.instagram.com\/footdavant.fr\/"]},{"@type":"Person","@id":"https:\/\/footdavant.fr\/actualites\/#\/schema\/person\/bc222566d95871b37e597b3ed3ba5e1d","name":"Cl\u00e9ment","image":{"@type":"ImageObject","inLanguage":"fr-FR","@id":"https:\/\/footdavant.fr\/actualites\/#\/schema\/person\/image\/","url":"https:\/\/secure.gravatar.com\/avatar\/7728b29aac2719421e1a9159b2254c44?s=96&d=mm&r=g","contentUrl":"https:\/\/secure.gravatar.com\/avatar\/7728b29aac2719421e1a9159b2254c44?s=96&d=mm&r=g","caption":"Cl\u00e9ment"},"sameAs":["https:\/\/footdavant.fr\/"]}]}},"_links":{"self":[{"href":"https:\/\/footdavant.fr\/actualites\/wp-json\/wp\/v2\/posts\/36052"}],"collection":[{"href":"https:\/\/footdavant.fr\/actualites\/wp-json\/wp\/v2\/posts"}],"about":[{"href":"https:\/\/footdavant.fr\/actualites\/wp-json\/wp\/v2\/types\/post"}],"author":[{"embeddable":true,"href":"https:\/\/footdavant.fr\/actualites\/wp-json\/wp\/v2\/users\/1"}],"replies":[{"embeddable":true,"href":"https:\/\/footdavant.fr\/actualites\/wp-json\/wp\/v2\/comments?post=36052"}],"version-history":[{"count":1,"href":"https:\/\/footdavant.fr\/actualites\/wp-json\/wp\/v2\/posts\/36052\/revisions"}],"predecessor-version":[{"id":36054,"href":"https:\/\/footdavant.fr\/actualites\/wp-json\/wp\/v2\/posts\/36052\/revisions\/36054"}],"wp:featuredmedia":[{"embeddable":true,"href":"https:\/\/footdavant.fr\/actualites\/wp-json\/wp\/v2\/media\/36053"}],"wp:attachment":[{"href":"https:\/\/footdavant.fr\/actualites\/wp-json\/wp\/v2\/media?parent=36052"}],"wp:term":[{"taxonomy":"category","embeddable":true,"href":"https:\/\/footdavant.fr\/actualites\/wp-json\/wp\/v2\/categories?post=36052"},{"taxonomy":"post_tag","embeddable":true,"href":"https:\/\/footdavant.fr\/actualites\/wp-json\/wp\/v2\/tags?post=36052"}],"curies":[{"name":"wp","href":"https:\/\/api.w.org\/{rel}","templated":true}]}}