{"id":36055,"date":"2026-04-02T18:48:08","date_gmt":"2026-04-02T16:48:08","guid":{"rendered":"https:\/\/footdavant.fr\/actualites\/le-calendrier-de-pre-saison-de-man-united-confirme-y-compris-les-affrontements-entre-le-paris-saint-germain-leeds-et-lac-milan\/"},"modified":"2026-04-02T18:48:09","modified_gmt":"2026-04-02T16:48:09","slug":"le-calendrier-de-pre-saison-de-man-united-confirme-y-compris-les-affrontements-entre-le-paris-saint-germain-leeds-et-lac-milan","status":"publish","type":"post","link":"https:\/\/footdavant.fr\/actualites\/le-calendrier-de-pre-saison-de-man-united-confirme-y-compris-les-affrontements-entre-le-paris-saint-germain-leeds-et-lac-milan\/","title":{"rendered":"Le calendrier de pr\u00e9-saison de Man United \u00ab\u00a0confirm\u00e9\u00a0\u00bb, y compris les affrontements entre le Paris Saint-Germain, Leeds et l&#39;AC Milan"},"content":{"rendered":"<div itemprop=\"articleBody\">\n<p>Manchester United jouerait des matchs amicaux de pr\u00e9-saison en Finlande, en Su\u00e8de, en Norv\u00e8ge, en R\u00e9publique d&#39;Irlande et en Pologne pour pr\u00e9parer la campagne 2026-27.<\/p>\n<p>La Coupe du Monde 2026 signifie qu&#39;il ne s&#39;agira pas d&#39;une pr\u00e9-saison standard pour les grands clubs, et beaucoup devraient rester plus pr\u00e8s de chez eux pour pr\u00e9parer la nouvelle saison.<\/p>\n<p>Selon <em>L&#39;Athl\u00e9tisme<\/em>en juillet et ao\u00fbt, Man United disputera des matchs amicaux de pr\u00e9-saison en Finlande, en Su\u00e8de, en Norv\u00e8ge, en R\u00e9publique d&#39;Irlande et en Pologne.<\/p>\n<p>Le rapport affirme que les Diables Rouges ont eu des discussions sur la possibilit\u00e9 de disputer des matches de pr\u00e9-saison en Asie, mais ils ont d\u00e9cid\u00e9 de ne pas le faire.<\/p>\n<div>\n<div>\n<div>\n<div>\n<div>\n<p>\u00a9 Imago \/ Action Plus<\/p>\n<\/div>\n<\/div>\n<\/div>\n<\/div>\n<\/div>\n<h2>Man United \u00ab pr\u00eat \u00bb \u00e0 affronter Leeds lors d\u2019un match amical \u00e0 succ\u00e8s contre l\u2019Irlande<\/h2>\n<p>Les 20 fois champions d&#39;Angleterre affronteraient Wrexham \u00e0 Helsinki, en Finlande, le 18 juillet et Rosenborg \u00e0 Trondheim, en Norv\u00e8ge, le 24 juillet.<\/p>\n<p>Le 1er ao\u00fbt, l&#39;Atletico Madrid sera son adversaire \u00e0 Stockholm, en Su\u00e8de, avant d&#39;affronter le Paris Saint-Germain \u00e0 Gothenborg, en Su\u00e8de, le 8 ao\u00fbt.<\/p>\n<p>Leeds United, son rival de longue date, sera son prochain adversaire \u00e0 Croke Park, Dublin, Irlande, le 12 ao\u00fbt, avant d&#39;affronter l&#39;AC Milan \u00e0 Wroclaw, en Pologne, le 15 ao\u00fbt, la campagne de Premier League 2026-27 devant alors d\u00e9buter le 22 ao\u00fbt.<\/p>\n<p>L&#39;affrontement avec Wrexham devrait avoir lieu un jour avant la finale de la Coupe du monde.<\/p>\n<p>Benjamin Sesko, Bryan Mbeumo et Patrick Dorgu feront partie des joueurs de la premi\u00e8re \u00e9quipe de Man United \u00e0 manquer la Coupe du monde cet \u00e9t\u00e9.<\/p>\n<div>\n<div>\n<div>\n<div>\n<div><img decoding=\"async\" data-img-id=\"157371\" class=\"lazy\" loading=\"lazy\" src=\"https:\/\/footdavant.fr\/actualites\/wp-content\/uploads\/2026\/04\/1775148488_599_Le-calendrier-de-pre-saison-de-Man-United-confirme-y-compris.webp\"\/><\/p>\n<p>\u00a9 Imago \/ Images de sports professionnels<\/p>\n<\/div>\n<\/div>\n<\/div>\n<\/div>\n<\/div>\n<h2>Man United aura un certain nombre de joueurs de la premi\u00e8re \u00e9quipe lors de la Coupe du monde 2026<\/h2>\n<p>Il y a des joueurs \u00e0 Old Trafford certains d&#39;\u00eatre s\u00e9lectionn\u00e9s pour leur pays lors de la Coupe du Monde &#8211; si la condition physique le permet &#8211; parmi eux Bruno Fernandes et Matheus Cunha.<\/p>\n<p>Cependant, le trio anglais Harry Maguire, Luke Shaw et Kobbie Mainoo sont tous confront\u00e9s \u00e0 des attentes anxieuses pour savoir s&#39;ils ont \u00e9t\u00e9 s\u00e9lectionn\u00e9s pour le tournoi.<\/p>\n<p>Maguire et Mainoo faisaient partie de la derni\u00e8re \u00e9quipe d&#39;Angleterre, mais Shaw n&#39;a pas \u00e9t\u00e9 s\u00e9lectionn\u00e9, laissant entendre que l&#39;arri\u00e8re gauche ne sera pas impliqu\u00e9 dans le tournoi d&#39;\u00e9t\u00e9.<\/p>\n<p>Man United se bat pour assurer un retour en Ligue des champions pour la campagne 2026-27, tout en esp\u00e9rant \u00e9galement progresser davantage en Coupe EFL et en FA Cup apr\u00e8s des performances d\u00e9cevantes dans les deux comp\u00e9titions cette saison.<\/p>\n<\/div>\n","protected":false},"excerpt":{"rendered":"<p>Manchester United jouerait des matchs amicaux de pr\u00e9-saison en Finlande, en Su\u00e8de, en Norv\u00e8ge, en R\u00e9publique d&#39;Irlande et en Pologne pour pr\u00e9parer la campagne 2026-27.<\/p>\n","protected":false},"author":1,"featured_media":36056,"comment_status":"closed","ping_status":"","sticky":false,"template":"","format":"standard","meta":{"footnotes":""},"categories":[5],"tags":[8965,634,507,40,279,4416,121,93,24,250,100,1517,249,13],"yoast_head":"<!-- This site is optimized with the Yoast SEO plugin v21.0 - https:\/\/yoast.com\/wordpress\/plugins\/seo\/ -->\n<title>Le calendrier de pr\u00e9-saison de Man United &quot;confirm\u00e9&quot;, y compris les affrontements entre le Paris Saint-Germain, Leeds et l&#039;AC Milan<\/title>\n<meta name=\"robots\" content=\"index, follow, max-snippet:-1, max-image-preview:large, max-video-preview:-1\" \/>\n<link rel=\"canonical\" href=\"https:\/\/footdavant.fr\/actualites\/le-calendrier-de-pre-saison-de-man-united-confirme-y-compris-les-affrontements-entre-le-paris-saint-germain-leeds-et-lac-milan\/\" \/>\n<meta property=\"og:locale\" content=\"fr_FR\" \/>\n<meta property=\"og:type\" content=\"article\" \/>\n<meta property=\"og:title\" content=\"Le calendrier de pr\u00e9-saison de Man United &quot;confirm\u00e9&quot;, y compris les affrontements entre le Paris Saint-Germain, Leeds et l&#039;AC Milan\" \/>\n<meta property=\"og:description\" content=\"Manchester United jouerait des matchs amicaux de pr\u00e9-saison en Finlande, en Su\u00e8de, en Norv\u00e8ge, en R\u00e9publique d&#039;Irlande et en Pologne pour pr\u00e9parer la campagne 2026-27.\" \/>\n<meta property=\"og:url\" content=\"https:\/\/footdavant.fr\/actualites\/le-calendrier-de-pre-saison-de-man-united-confirme-y-compris-les-affrontements-entre-le-paris-saint-germain-leeds-et-lac-milan\/\" \/>\n<meta property=\"og:site_name\" content=\"Foot d&#039;avant\" \/>\n<meta property=\"article:publisher\" content=\"https:\/\/www.facebook.com\/Footdavant\/\" \/>\n<meta property=\"article:published_time\" content=\"2026-04-02T16:48:08+00:00\" \/>\n<meta property=\"article:modified_time\" content=\"2026-04-02T16:48:09+00:00\" \/>\n<meta property=\"og:image\" content=\"https:\/\/footdavant.fr\/actualites\/wp-content\/uploads\/2026\/04\/Le-calendrier-de-pre-saison-de-Man-United-confirme-y-compris.net2Fuploads2F20252F102Fns-photo-badge-e.webp\" \/>\n\t<meta property=\"og:image:width\" content=\"720\" \/>\n\t<meta property=\"og:image:height\" content=\"410\" \/>\n\t<meta property=\"og:image:type\" content=\"image\/webp\" \/>\n<meta name=\"author\" content=\"Cl\u00e9ment\" \/>\n<meta name=\"twitter:card\" content=\"summary_large_image\" \/>\n<meta name=\"twitter:creator\" content=\"@FootdavantFr\" \/>\n<meta name=\"twitter:site\" content=\"@FootdavantFr\" \/>\n<meta name=\"twitter:label1\" content=\"\u00c9crit par\" \/>\n\t<meta name=\"twitter:data1\" content=\"Cl\u00e9ment\" \/>\n\t<meta name=\"twitter:label2\" content=\"Dur\u00e9e de lecture estim\u00e9e\" \/>\n\t<meta name=\"twitter:data2\" content=\"2 minutes\" \/>\n<script type=\"application\/ld+json\" class=\"yoast-schema-graph\">{\"@context\":\"https:\/\/schema.org\",\"@graph\":[{\"@type\":\"Article\",\"@id\":\"https:\/\/footdavant.fr\/actualites\/le-calendrier-de-pre-saison-de-man-united-confirme-y-compris-les-affrontements-entre-le-paris-saint-germain-leeds-et-lac-milan\/#article\",\"isPartOf\":{\"@id\":\"https:\/\/footdavant.fr\/actualites\/le-calendrier-de-pre-saison-de-man-united-confirme-y-compris-les-affrontements-entre-le-paris-saint-germain-leeds-et-lac-milan\/\"},\"author\":{\"name\":\"Cl\u00e9ment\",\"@id\":\"https:\/\/footdavant.fr\/actualites\/#\/schema\/person\/bc222566d95871b37e597b3ed3ba5e1d\"},\"headline\":\"Le calendrier de pr\u00e9-saison de Man United \u00ab\u00a0confirm\u00e9\u00a0\u00bb, y compris les affrontements entre le Paris Saint-Germain, Leeds et l&#39;AC Milan\",\"datePublished\":\"2026-04-02T16:48:08+00:00\",\"dateModified\":\"2026-04-02T16:48:09+00:00\",\"mainEntityOfPage\":{\"@id\":\"https:\/\/footdavant.fr\/actualites\/le-calendrier-de-pre-saison-de-man-united-confirme-y-compris-les-affrontements-entre-le-paris-saint-germain-leeds-et-lac-milan\/\"},\"wordCount\":477,\"publisher\":{\"@id\":\"https:\/\/footdavant.fr\/actualites\/#organization\"},\"keywords\":[\"affrontements\",\"calendrier\",\"compris\",\"confirme\",\"entre\",\"L39AC\",\"Leeds\",\"les\",\"Man\",\"Milan\",\"paris\",\"pr\u00e9saison\",\"SaintGermain\",\"United\"],\"articleSection\":[\"Premier League\"],\"inLanguage\":\"fr-FR\"},{\"@type\":\"WebPage\",\"@id\":\"https:\/\/footdavant.fr\/actualites\/le-calendrier-de-pre-saison-de-man-united-confirme-y-compris-les-affrontements-entre-le-paris-saint-germain-leeds-et-lac-milan\/\",\"url\":\"https:\/\/footdavant.fr\/actualites\/le-calendrier-de-pre-saison-de-man-united-confirme-y-compris-les-affrontements-entre-le-paris-saint-germain-leeds-et-lac-milan\/\",\"name\":\"Le calendrier de pr\u00e9-saison de Man United \\\"confirm\u00e9\\\", y compris les affrontements entre le Paris Saint-Germain, Leeds et l&#39;AC Milan\",\"isPartOf\":{\"@id\":\"https:\/\/footdavant.fr\/actualites\/#website\"},\"datePublished\":\"2026-04-02T16:48:08+00:00\",\"dateModified\":\"2026-04-02T16:48:09+00:00\",\"breadcrumb\":{\"@id\":\"https:\/\/footdavant.fr\/actualites\/le-calendrier-de-pre-saison-de-man-united-confirme-y-compris-les-affrontements-entre-le-paris-saint-germain-leeds-et-lac-milan\/#breadcrumb\"},\"inLanguage\":\"fr-FR\",\"potentialAction\":[{\"@type\":\"ReadAction\",\"target\":[\"https:\/\/footdavant.fr\/actualites\/le-calendrier-de-pre-saison-de-man-united-confirme-y-compris-les-affrontements-entre-le-paris-saint-germain-leeds-et-lac-milan\/\"]}]},{\"@type\":\"BreadcrumbList\",\"@id\":\"https:\/\/footdavant.fr\/actualites\/le-calendrier-de-pre-saison-de-man-united-confirme-y-compris-les-affrontements-entre-le-paris-saint-germain-leeds-et-lac-milan\/#breadcrumb\",\"itemListElement\":[{\"@type\":\"ListItem\",\"position\":1,\"name\":\"Accueil\",\"item\":\"https:\/\/footdavant.fr\/actualites\/\"},{\"@type\":\"ListItem\",\"position\":2,\"name\":\"Le calendrier de pr\u00e9-saison de Man United \u00ab\u00a0confirm\u00e9\u00a0\u00bb, y compris les affrontements entre le Paris Saint-Germain, Leeds et l&#39;AC Milan\"}]},{\"@type\":\"WebSite\",\"@id\":\"https:\/\/footdavant.fr\/actualites\/#website\",\"url\":\"https:\/\/footdavant.fr\/actualites\/\",\"name\":\"Foot d'avant\",\"description\":\"\",\"publisher\":{\"@id\":\"https:\/\/footdavant.fr\/actualites\/#organization\"},\"potentialAction\":[{\"@type\":\"SearchAction\",\"target\":{\"@type\":\"EntryPoint\",\"urlTemplate\":\"https:\/\/footdavant.fr\/actualites\/?s={search_term_string}\"},\"query-input\":\"required name=search_term_string\"}],\"inLanguage\":\"fr-FR\"},{\"@type\":\"Organization\",\"@id\":\"https:\/\/footdavant.fr\/actualites\/#organization\",\"name\":\"Foot d'avant\",\"url\":\"https:\/\/footdavant.fr\/actualites\/\",\"logo\":{\"@type\":\"ImageObject\",\"inLanguage\":\"fr-FR\",\"@id\":\"https:\/\/footdavant.fr\/actualites\/#\/schema\/logo\/image\/\",\"url\":\"https:\/\/footdavant.fr\/actualites\/wp-content\/uploads\/2023\/09\/Copy-of-FootDavant-Logo.png\",\"contentUrl\":\"https:\/\/footdavant.fr\/actualites\/wp-content\/uploads\/2023\/09\/Copy-of-FootDavant-Logo.png\",\"width\":936,\"height\":549,\"caption\":\"Foot d'avant\"},\"image\":{\"@id\":\"https:\/\/footdavant.fr\/actualites\/#\/schema\/logo\/image\/\"},\"sameAs\":[\"https:\/\/www.facebook.com\/Footdavant\/\",\"https:\/\/twitter.com\/FootdavantFr\",\"https:\/\/www.instagram.com\/footdavant.fr\/\"]},{\"@type\":\"Person\",\"@id\":\"https:\/\/footdavant.fr\/actualites\/#\/schema\/person\/bc222566d95871b37e597b3ed3ba5e1d\",\"name\":\"Cl\u00e9ment\",\"image\":{\"@type\":\"ImageObject\",\"inLanguage\":\"fr-FR\",\"@id\":\"https:\/\/footdavant.fr\/actualites\/#\/schema\/person\/image\/\",\"url\":\"https:\/\/secure.gravatar.com\/avatar\/7728b29aac2719421e1a9159b2254c44?s=96&d=mm&r=g\",\"contentUrl\":\"https:\/\/secure.gravatar.com\/avatar\/7728b29aac2719421e1a9159b2254c44?s=96&d=mm&r=g\",\"caption\":\"Cl\u00e9ment\"},\"sameAs\":[\"https:\/\/footdavant.fr\/\"]}]}<\/script>\n<!-- \/ Yoast SEO plugin. -->","yoast_head_json":{"title":"Le calendrier de pr\u00e9-saison de Man United \"confirm\u00e9\", y compris les affrontements entre le Paris Saint-Germain, Leeds et l&#39;AC Milan","robots":{"index":"index","follow":"follow","max-snippet":"max-snippet:-1","max-image-preview":"max-image-preview:large","max-video-preview":"max-video-preview:-1"},"canonical":"https:\/\/footdavant.fr\/actualites\/le-calendrier-de-pre-saison-de-man-united-confirme-y-compris-les-affrontements-entre-le-paris-saint-germain-leeds-et-lac-milan\/","og_locale":"fr_FR","og_type":"article","og_title":"Le calendrier de pr\u00e9-saison de Man United \"confirm\u00e9\", y compris les affrontements entre le Paris Saint-Germain, Leeds et l&#39;AC Milan","og_description":"Manchester United jouerait des matchs amicaux de pr\u00e9-saison en Finlande, en Su\u00e8de, en Norv\u00e8ge, en R\u00e9publique d&#39;Irlande et en Pologne pour pr\u00e9parer la campagne 2026-27.","og_url":"https:\/\/footdavant.fr\/actualites\/le-calendrier-de-pre-saison-de-man-united-confirme-y-compris-les-affrontements-entre-le-paris-saint-germain-leeds-et-lac-milan\/","og_site_name":"Foot d&#039;avant","article_publisher":"https:\/\/www.facebook.com\/Footdavant\/","article_published_time":"2026-04-02T16:48:08+00:00","article_modified_time":"2026-04-02T16:48:09+00:00","og_image":[{"width":720,"height":410,"url":"https:\/\/footdavant.fr\/actualites\/wp-content\/uploads\/2026\/04\/Le-calendrier-de-pre-saison-de-Man-United-confirme-y-compris.net2Fuploads2F20252F102Fns-photo-badge-e.webp","type":"image\/webp"}],"author":"Cl\u00e9ment","twitter_card":"summary_large_image","twitter_creator":"@FootdavantFr","twitter_site":"@FootdavantFr","twitter_misc":{"\u00c9crit par":"Cl\u00e9ment","Dur\u00e9e de lecture estim\u00e9e":"2 minutes"},"schema":{"@context":"https:\/\/schema.org","@graph":[{"@type":"Article","@id":"https:\/\/footdavant.fr\/actualites\/le-calendrier-de-pre-saison-de-man-united-confirme-y-compris-les-affrontements-entre-le-paris-saint-germain-leeds-et-lac-milan\/#article","isPartOf":{"@id":"https:\/\/footdavant.fr\/actualites\/le-calendrier-de-pre-saison-de-man-united-confirme-y-compris-les-affrontements-entre-le-paris-saint-germain-leeds-et-lac-milan\/"},"author":{"name":"Cl\u00e9ment","@id":"https:\/\/footdavant.fr\/actualites\/#\/schema\/person\/bc222566d95871b37e597b3ed3ba5e1d"},"headline":"Le calendrier de pr\u00e9-saison de Man United \u00ab\u00a0confirm\u00e9\u00a0\u00bb, y compris les affrontements entre le Paris Saint-Germain, Leeds et l&#39;AC Milan","datePublished":"2026-04-02T16:48:08+00:00","dateModified":"2026-04-02T16:48:09+00:00","mainEntityOfPage":{"@id":"https:\/\/footdavant.fr\/actualites\/le-calendrier-de-pre-saison-de-man-united-confirme-y-compris-les-affrontements-entre-le-paris-saint-germain-leeds-et-lac-milan\/"},"wordCount":477,"publisher":{"@id":"https:\/\/footdavant.fr\/actualites\/#organization"},"keywords":["affrontements","calendrier","compris","confirme","entre","L39AC","Leeds","les","Man","Milan","paris","pr\u00e9saison","SaintGermain","United"],"articleSection":["Premier League"],"inLanguage":"fr-FR"},{"@type":"WebPage","@id":"https:\/\/footdavant.fr\/actualites\/le-calendrier-de-pre-saison-de-man-united-confirme-y-compris-les-affrontements-entre-le-paris-saint-germain-leeds-et-lac-milan\/","url":"https:\/\/footdavant.fr\/actualites\/le-calendrier-de-pre-saison-de-man-united-confirme-y-compris-les-affrontements-entre-le-paris-saint-germain-leeds-et-lac-milan\/","name":"Le calendrier de pr\u00e9-saison de Man United \"confirm\u00e9\", y compris les affrontements entre le Paris Saint-Germain, Leeds et l&#39;AC Milan","isPartOf":{"@id":"https:\/\/footdavant.fr\/actualites\/#website"},"datePublished":"2026-04-02T16:48:08+00:00","dateModified":"2026-04-02T16:48:09+00:00","breadcrumb":{"@id":"https:\/\/footdavant.fr\/actualites\/le-calendrier-de-pre-saison-de-man-united-confirme-y-compris-les-affrontements-entre-le-paris-saint-germain-leeds-et-lac-milan\/#breadcrumb"},"inLanguage":"fr-FR","potentialAction":[{"@type":"ReadAction","target":["https:\/\/footdavant.fr\/actualites\/le-calendrier-de-pre-saison-de-man-united-confirme-y-compris-les-affrontements-entre-le-paris-saint-germain-leeds-et-lac-milan\/"]}]},{"@type":"BreadcrumbList","@id":"https:\/\/footdavant.fr\/actualites\/le-calendrier-de-pre-saison-de-man-united-confirme-y-compris-les-affrontements-entre-le-paris-saint-germain-leeds-et-lac-milan\/#breadcrumb","itemListElement":[{"@type":"ListItem","position":1,"name":"Accueil","item":"https:\/\/footdavant.fr\/actualites\/"},{"@type":"ListItem","position":2,"name":"Le calendrier de pr\u00e9-saison de Man United \u00ab\u00a0confirm\u00e9\u00a0\u00bb, y compris les affrontements entre le Paris Saint-Germain, Leeds et l&#39;AC Milan"}]},{"@type":"WebSite","@id":"https:\/\/footdavant.fr\/actualites\/#website","url":"https:\/\/footdavant.fr\/actualites\/","name":"Foot d'avant","description":"","publisher":{"@id":"https:\/\/footdavant.fr\/actualites\/#organization"},"potentialAction":[{"@type":"SearchAction","target":{"@type":"EntryPoint","urlTemplate":"https:\/\/footdavant.fr\/actualites\/?s={search_term_string}"},"query-input":"required name=search_term_string"}],"inLanguage":"fr-FR"},{"@type":"Organization","@id":"https:\/\/footdavant.fr\/actualites\/#organization","name":"Foot d'avant","url":"https:\/\/footdavant.fr\/actualites\/","logo":{"@type":"ImageObject","inLanguage":"fr-FR","@id":"https:\/\/footdavant.fr\/actualites\/#\/schema\/logo\/image\/","url":"https:\/\/footdavant.fr\/actualites\/wp-content\/uploads\/2023\/09\/Copy-of-FootDavant-Logo.png","contentUrl":"https:\/\/footdavant.fr\/actualites\/wp-content\/uploads\/2023\/09\/Copy-of-FootDavant-Logo.png","width":936,"height":549,"caption":"Foot d'avant"},"image":{"@id":"https:\/\/footdavant.fr\/actualites\/#\/schema\/logo\/image\/"},"sameAs":["https:\/\/www.facebook.com\/Footdavant\/","https:\/\/twitter.com\/FootdavantFr","https:\/\/www.instagram.com\/footdavant.fr\/"]},{"@type":"Person","@id":"https:\/\/footdavant.fr\/actualites\/#\/schema\/person\/bc222566d95871b37e597b3ed3ba5e1d","name":"Cl\u00e9ment","image":{"@type":"ImageObject","inLanguage":"fr-FR","@id":"https:\/\/footdavant.fr\/actualites\/#\/schema\/person\/image\/","url":"https:\/\/secure.gravatar.com\/avatar\/7728b29aac2719421e1a9159b2254c44?s=96&d=mm&r=g","contentUrl":"https:\/\/secure.gravatar.com\/avatar\/7728b29aac2719421e1a9159b2254c44?s=96&d=mm&r=g","caption":"Cl\u00e9ment"},"sameAs":["https:\/\/footdavant.fr\/"]}]}},"_links":{"self":[{"href":"https:\/\/footdavant.fr\/actualites\/wp-json\/wp\/v2\/posts\/36055"}],"collection":[{"href":"https:\/\/footdavant.fr\/actualites\/wp-json\/wp\/v2\/posts"}],"about":[{"href":"https:\/\/footdavant.fr\/actualites\/wp-json\/wp\/v2\/types\/post"}],"author":[{"embeddable":true,"href":"https:\/\/footdavant.fr\/actualites\/wp-json\/wp\/v2\/users\/1"}],"replies":[{"embeddable":true,"href":"https:\/\/footdavant.fr\/actualites\/wp-json\/wp\/v2\/comments?post=36055"}],"version-history":[{"count":1,"href":"https:\/\/footdavant.fr\/actualites\/wp-json\/wp\/v2\/posts\/36055\/revisions"}],"predecessor-version":[{"id":36057,"href":"https:\/\/footdavant.fr\/actualites\/wp-json\/wp\/v2\/posts\/36055\/revisions\/36057"}],"wp:featuredmedia":[{"embeddable":true,"href":"https:\/\/footdavant.fr\/actualites\/wp-json\/wp\/v2\/media\/36056"}],"wp:attachment":[{"href":"https:\/\/footdavant.fr\/actualites\/wp-json\/wp\/v2\/media?parent=36055"}],"wp:term":[{"taxonomy":"category","embeddable":true,"href":"https:\/\/footdavant.fr\/actualites\/wp-json\/wp\/v2\/categories?post=36055"},{"taxonomy":"post_tag","embeddable":true,"href":"https:\/\/footdavant.fr\/actualites\/wp-json\/wp\/v2\/tags?post=36055"}],"curies":[{"name":"wp","href":"https:\/\/api.w.org\/{rel}","templated":true}]}}