{"id":36058,"date":"2026-04-02T20:48:58","date_gmt":"2026-04-02T18:48:58","guid":{"rendered":"https:\/\/footdavant.fr\/actualites\/un-blog-darsenal-18\/"},"modified":"2026-04-02T20:49:00","modified_gmt":"2026-04-02T18:49:00","slug":"un-blog-darsenal-18","status":"publish","type":"post","link":"https:\/\/footdavant.fr\/actualites\/un-blog-darsenal-18\/","title":{"rendered":"&#8230;un blog d&#39;Arsenal"},"content":{"rendered":"<div>\n<p>En avril 1971, alors que son \u00e9quipe \u00e9tait au bord d&#39;un doubl\u00e9 historique en championnat et en FA Cup, Bertie Mee, un manager anim\u00e9 par des valeurs traditionnelles m\u00eame selon les standards des ann\u00e9es 1970, aurait dit \u00e0 ses joueurs : \u00ab Juste pour les prochaines semaines, je veux que vous accordiez la priorit\u00e9 \u00e0 vos familles. Il a reconnu l&#39;\u00e9normit\u00e9 de ce que son \u00e9quipe pouvait accomplir au cours de ces derni\u00e8res semaines de la saison.<\/p>\n<p>Je ne suis pas s\u00fbr du type de discours entra\u00eenant, le cas \u00e9ch\u00e9ant, que Mikel Arteta choisira lorsque son \u00e9quipe se r\u00e9unira \u00e0 nouveau \u00e0 London Colney cette semaine, mais les prochaines semaines seront tout aussi importantes et tout aussi dignes d&#39;un discours churchillien. Arsenal est \u00e0 peu pr\u00e8s aussi bien plac\u00e9 qu\u2019on pourrait s\u2019y attendre pour remporter le tripl\u00e9, mais les chances de remporter ces trois troph\u00e9es restent faibles.<\/p>\n<p>Cela signifie que des douleurs viendront probablement dans les prochaines semaines et quelle que soit la d\u00e9ception qui se produira, le manager sera fustig\u00e9 de toutes parts. M\u00eame si Arsenal a remport\u00e9 deux des trois troph\u00e9es propos\u00e9s, des ann\u00e9es plus tard, nous regretterons probablement tous la fa\u00e7on dont il a b\u00eatement rat\u00e9 les tripl\u00e9s &#8211; tout comme nous continuons \u00e0 le faire lorsque nous nous souvenons de 2003-04 et de l&#39;\u00e9chec d&#39;ajouter le troph\u00e9e de la Ligue des Champions \u00e0 la saison de championnat sans d\u00e9faite.<\/p>\n<p>Telle est la nature du football et du fandom. Il y a quelques semaines, avant la finale de la Coupe Carabao, j&#39;avais le sentiment que perdre ce match \u00e0 l&#39;aube de la tr\u00eave internationale s&#39;av\u00e9rerait \u00eatre un cauchemar charg\u00e9 de narration. Cela s&#39;est av\u00e9r\u00e9 \u00eatre le contraire, je pense. Pour les joueurs, l&#39;opportunit\u00e9 de s&#39;\u00e9vader dans un environnement diff\u00e9rent avec leur \u00e9quipe nationale ou la possibilit\u00e9 de se d\u00e9poussi\u00e9rer des coups et des contusions \u00e9tait ce qu&#39;il y avait de mieux.<\/p>\n<p>Pour Arteta et son \u00e9quipe, j&#39;imagine qu&#39;ils ont revu la finale de la Coupe Carabao \u00e0 plusieurs reprises pour tenter d&#39;aplanir les rides de cette d\u00e9faite. Peut-\u00eatre que je viens de m&#39;isoler mais j&#39;ai m\u00eame l&#39;impression que la machine \u00e0 contenu s&#39;est un peu endormie pendant la tr\u00eave internationale. De nombreux journalistes et experts prennent un cong\u00e9 annuel ou les cha\u00eenes de leur choix ne sont tout simplement pas en action.<\/p>\n<p>Je pense aussi que le calendrier surcharg\u00e9 a un impact sur les fans. Il y a de nombreuses raisons pour lesquelles cette saison, en particulier, semble \u00eatre une corv\u00e9e pour les fans d&#39;Arsenal. Mais l\u00e0 o\u00f9 j&#39;avais l&#39;habitude de d\u00e9tecter un m\u00e9pris pour les tr\u00eaves internationales, je pense maintenant que les supporters commencent \u00e0 les accueillir alors que les matchs continuent de se succ\u00e9der pendant des mois. <\/p>\n<p>Cela devient fatigant, surtout lorsqu\u2019il existe une machine \u00e0 contenu externe explicitement destin\u00e9e \u00e0 remonter le moral des fans d\u2019Arsenal. Des strat\u00e9gies enti\u00e8res de m\u00e9dias sociaux sont d\u00e9sormais formul\u00e9es sur l\u2019id\u00e9e que les fans d\u2019Arsenal devraient \u00eatre pouss\u00e9s \u00e0 r\u00e9agir avec col\u00e8re. Il est facile de demander aux gens de l\u2019ignorer, mais m\u00eame si vous y parvenez avec succ\u00e8s, cela demande un niveau d\u2019effort fatigant et un peu sans joie.<\/p>\n<p>Si vous marchiez dans la rue ou montiez \u00e0 bord d&#39;un bus ou d&#39;un train pour vous rendre au travail tous les jours et que 50 % des gens que vous croisiez vous montraient du doigt et criaient \u00ab REGARDEZ CETTE CONNE ! encore et encore, m\u00eame l&#39;individu le plus patient commencerait, au minimum, \u00e0 d\u00e9velopper une lassitude \u00e0 son \u00e9gard.<\/p>\n<p>Dans le monde r\u00e9el, Arsenal est en quarts de finale de la FA Cup et de la Ligue des Champions et en t\u00eate du classement de la Premier League. C&#39;est une position tr\u00e8s agr\u00e9able, on ne peut pas vraiment demander beaucoup plus. Il pourrait y avoir quelques points suppl\u00e9mentaires dans l&#39;\u00e9cart avec Manchester City et il pourrait d\u00e9j\u00e0 y avoir un troph\u00e9e sur le tableau de bord. <\/p>\n<p>Il est juste de d\u00e9plorer ces choses, comme nous l&#39;avons tous fait cette saison, mais nous sommes vraiment dans la zone \u00ab se plaindre qu&#39;une de nos Ferrari est ray\u00e9e \u00bb du premier spectre des probl\u00e8mes mondiaux. Mais bien s\u00fbr, personne ne nous offrira un beau g\u00e2teau pour \u00eatre dans cette position en avril s&#39;il n&#39;y a pas de d\u00e9fil\u00e9 de bus en mai. En fait, Arsenal pourrait remporter le tripl\u00e9 et il semble que 70 % de l\u2019\u00e9cosyst\u00e8me du contenu du football saluerait cet exploit en se plaignant des corners.  <\/p>\n<p>Depuis le d\u00e9but de la saison, l\u2019accent a \u00e9t\u00e9 mis sur ce qu\u2019Arsenal peut perdre et non sur ce qu\u2019il peut gagner. Nous devons l&#39;accepter et beaucoup de raisons sont compr\u00e9hensibles, le comportement du club sur le march\u00e9 des transferts l&#39;\u00e9t\u00e9 dernier \u00e9tait un aveu tacite qu&#39;il \u00e9tait plus tard que l&#39;heure de la victoire.<\/p>\n<p>D\u2019une part, Arsenal d\u00e9passe toujours son poids financier en \u00e9tant dans cette position. De l\u2019autre, les attentes sont grandes car la qualit\u00e9 de l\u2019\u00e9quipe et du manager est \u00e9lev\u00e9e. Vous ne pouvez pas vraiment insister sur le fait que nous sommes une grande \u00e9quipe et ensuite vous plaindre trop am\u00e8rement lorsque vous \u00eates tenu de respecter les normes de grandeur. <\/p>\n<p>Franchement, je pense qu&#39;une grande partie des huit prochaines semaines va \u00eatre une torture. Mais ma promesse est, comme toujours, d\u2019essayer d\u2019en profiter. Parce que l\u2019alternative est qu\u2019Arsenal soit joue pour rien, soit joue pour le genre de r\u00e9alisations \u00e9galement pour lesquelles le club a \u00e9t\u00e9 critiqu\u00e9 (pas toujours tout \u00e0 fait injuste) il y a un peu plus de dix ans. Je sais ce que je pr\u00e9f\u00e8re.<\/p>\n<p>Je sais qu&#39;une douleur va probablement arriver et je ne l&#39;appr\u00e9cie pas. Je sais aussi qu&#39;il y a la perspective d&#39;une joie sans pr\u00e9c\u00e9dent et pourquoi consacrez-vous autant de votre vie \u00e0 ce petit sport stupide si ce n&#39;est pour des p\u00e9riodes comme celle-ci ? Comme Andy Dusfrane dans Shawshank Redemption, nous avons un \u00e9gout de merde \u00e0 traverser ; mais on pourrait ressortir en sentant les roses de l&#39;autre c\u00f4t\u00e9. Et je promets d&#39;essayer d&#39;en profiter autant que possible. <\/p>\n<\/div>\n","protected":false},"excerpt":{"rendered":"<p>En avril 1971, alors que son \u00e9quipe \u00e9tait au bord d&#39;un doubl\u00e9 historique en championnat et en FA Cup, Bertie Mee, un manager anim\u00e9 par<\/p>\n","protected":false},"author":1,"featured_media":29482,"comment_status":"closed","ping_status":"","sticky":false,"template":"","format":"standard","meta":{"footnotes":""},"categories":[3],"tags":[57,58,4221],"yoast_head":"<!-- This site is optimized with the Yoast SEO plugin v21.0 - https:\/\/yoast.com\/wordpress\/plugins\/seo\/ -->\n<title>...un blog d&#039;Arsenal<\/title>\n<meta name=\"robots\" content=\"index, follow, max-snippet:-1, max-image-preview:large, max-video-preview:-1\" \/>\n<link rel=\"canonical\" href=\"https:\/\/footdavant.fr\/actualites\/un-blog-darsenal-18\/\" \/>\n<meta property=\"og:locale\" content=\"fr_FR\" \/>\n<meta property=\"og:type\" content=\"article\" \/>\n<meta property=\"og:title\" content=\"...un blog d&#039;Arsenal\" \/>\n<meta property=\"og:description\" content=\"En avril 1971, alors que son \u00e9quipe \u00e9tait au bord d&#039;un doubl\u00e9 historique en championnat et en FA Cup, Bertie Mee, un manager anim\u00e9 par\" \/>\n<meta property=\"og:url\" content=\"https:\/\/footdavant.fr\/actualites\/un-blog-darsenal-18\/\" \/>\n<meta property=\"og:site_name\" content=\"Foot d&#039;avant\" \/>\n<meta property=\"article:publisher\" content=\"https:\/\/www.facebook.com\/Footdavant\/\" \/>\n<meta property=\"article:published_time\" content=\"2026-04-02T18:48:58+00:00\" \/>\n<meta property=\"article:modified_time\" content=\"2026-04-02T18:49:00+00:00\" \/>\n<meta property=\"og:image\" content=\"https:\/\/footdavant.fr\/actualites\/wp-content\/uploads\/2025\/10\/Arsenal-2-0-West-Ham-Zubimendi-brille-alors-que-le-riz.jpg\" \/>\n\t<meta property=\"og:image:width\" content=\"1500\" \/>\n\t<meta property=\"og:image:height\" content=\"750\" \/>\n\t<meta property=\"og:image:type\" content=\"image\/jpeg\" \/>\n<meta name=\"author\" content=\"Cl\u00e9ment\" \/>\n<meta name=\"twitter:card\" content=\"summary_large_image\" \/>\n<meta name=\"twitter:creator\" content=\"@FootdavantFr\" \/>\n<meta name=\"twitter:site\" content=\"@FootdavantFr\" \/>\n<meta name=\"twitter:label1\" content=\"\u00c9crit par\" \/>\n\t<meta name=\"twitter:data1\" content=\"Cl\u00e9ment\" \/>\n\t<meta name=\"twitter:label2\" content=\"Dur\u00e9e de lecture estim\u00e9e\" \/>\n\t<meta name=\"twitter:data2\" content=\"6 minutes\" \/>\n<script type=\"application\/ld+json\" class=\"yoast-schema-graph\">{\"@context\":\"https:\/\/schema.org\",\"@graph\":[{\"@type\":\"Article\",\"@id\":\"https:\/\/footdavant.fr\/actualites\/un-blog-darsenal-18\/#article\",\"isPartOf\":{\"@id\":\"https:\/\/footdavant.fr\/actualites\/un-blog-darsenal-18\/\"},\"author\":{\"name\":\"Cl\u00e9ment\",\"@id\":\"https:\/\/footdavant.fr\/actualites\/#\/schema\/person\/bc222566d95871b37e597b3ed3ba5e1d\"},\"headline\":\"&#8230;un blog d&#39;Arsenal\",\"datePublished\":\"2026-04-02T18:48:58+00:00\",\"dateModified\":\"2026-04-02T18:49:00+00:00\",\"mainEntityOfPage\":{\"@id\":\"https:\/\/footdavant.fr\/actualites\/un-blog-darsenal-18\/\"},\"wordCount\":1113,\"publisher\":{\"@id\":\"https:\/\/footdavant.fr\/actualites\/#organization\"},\"keywords\":[\"...un\",\"blog\",\"d39Arsenal\"],\"articleSection\":[\"Football\"],\"inLanguage\":\"fr-FR\"},{\"@type\":\"WebPage\",\"@id\":\"https:\/\/footdavant.fr\/actualites\/un-blog-darsenal-18\/\",\"url\":\"https:\/\/footdavant.fr\/actualites\/un-blog-darsenal-18\/\",\"name\":\"...un blog d&#39;Arsenal\",\"isPartOf\":{\"@id\":\"https:\/\/footdavant.fr\/actualites\/#website\"},\"datePublished\":\"2026-04-02T18:48:58+00:00\",\"dateModified\":\"2026-04-02T18:49:00+00:00\",\"breadcrumb\":{\"@id\":\"https:\/\/footdavant.fr\/actualites\/un-blog-darsenal-18\/#breadcrumb\"},\"inLanguage\":\"fr-FR\",\"potentialAction\":[{\"@type\":\"ReadAction\",\"target\":[\"https:\/\/footdavant.fr\/actualites\/un-blog-darsenal-18\/\"]}]},{\"@type\":\"BreadcrumbList\",\"@id\":\"https:\/\/footdavant.fr\/actualites\/un-blog-darsenal-18\/#breadcrumb\",\"itemListElement\":[{\"@type\":\"ListItem\",\"position\":1,\"name\":\"Accueil\",\"item\":\"https:\/\/footdavant.fr\/actualites\/\"},{\"@type\":\"ListItem\",\"position\":2,\"name\":\"&#8230;un blog d&#39;Arsenal\"}]},{\"@type\":\"WebSite\",\"@id\":\"https:\/\/footdavant.fr\/actualites\/#website\",\"url\":\"https:\/\/footdavant.fr\/actualites\/\",\"name\":\"Foot d'avant\",\"description\":\"\",\"publisher\":{\"@id\":\"https:\/\/footdavant.fr\/actualites\/#organization\"},\"potentialAction\":[{\"@type\":\"SearchAction\",\"target\":{\"@type\":\"EntryPoint\",\"urlTemplate\":\"https:\/\/footdavant.fr\/actualites\/?s={search_term_string}\"},\"query-input\":\"required name=search_term_string\"}],\"inLanguage\":\"fr-FR\"},{\"@type\":\"Organization\",\"@id\":\"https:\/\/footdavant.fr\/actualites\/#organization\",\"name\":\"Foot d'avant\",\"url\":\"https:\/\/footdavant.fr\/actualites\/\",\"logo\":{\"@type\":\"ImageObject\",\"inLanguage\":\"fr-FR\",\"@id\":\"https:\/\/footdavant.fr\/actualites\/#\/schema\/logo\/image\/\",\"url\":\"https:\/\/footdavant.fr\/actualites\/wp-content\/uploads\/2023\/09\/Copy-of-FootDavant-Logo.png\",\"contentUrl\":\"https:\/\/footdavant.fr\/actualites\/wp-content\/uploads\/2023\/09\/Copy-of-FootDavant-Logo.png\",\"width\":936,\"height\":549,\"caption\":\"Foot d'avant\"},\"image\":{\"@id\":\"https:\/\/footdavant.fr\/actualites\/#\/schema\/logo\/image\/\"},\"sameAs\":[\"https:\/\/www.facebook.com\/Footdavant\/\",\"https:\/\/twitter.com\/FootdavantFr\",\"https:\/\/www.instagram.com\/footdavant.fr\/\"]},{\"@type\":\"Person\",\"@id\":\"https:\/\/footdavant.fr\/actualites\/#\/schema\/person\/bc222566d95871b37e597b3ed3ba5e1d\",\"name\":\"Cl\u00e9ment\",\"image\":{\"@type\":\"ImageObject\",\"inLanguage\":\"fr-FR\",\"@id\":\"https:\/\/footdavant.fr\/actualites\/#\/schema\/person\/image\/\",\"url\":\"https:\/\/secure.gravatar.com\/avatar\/7728b29aac2719421e1a9159b2254c44?s=96&d=mm&r=g\",\"contentUrl\":\"https:\/\/secure.gravatar.com\/avatar\/7728b29aac2719421e1a9159b2254c44?s=96&d=mm&r=g\",\"caption\":\"Cl\u00e9ment\"},\"sameAs\":[\"https:\/\/footdavant.fr\/\"]}]}<\/script>\n<!-- \/ Yoast SEO plugin. -->","yoast_head_json":{"title":"...un blog d&#39;Arsenal","robots":{"index":"index","follow":"follow","max-snippet":"max-snippet:-1","max-image-preview":"max-image-preview:large","max-video-preview":"max-video-preview:-1"},"canonical":"https:\/\/footdavant.fr\/actualites\/un-blog-darsenal-18\/","og_locale":"fr_FR","og_type":"article","og_title":"...un blog d&#39;Arsenal","og_description":"En avril 1971, alors que son \u00e9quipe \u00e9tait au bord d&#39;un doubl\u00e9 historique en championnat et en FA Cup, Bertie Mee, un manager anim\u00e9 par","og_url":"https:\/\/footdavant.fr\/actualites\/un-blog-darsenal-18\/","og_site_name":"Foot d&#039;avant","article_publisher":"https:\/\/www.facebook.com\/Footdavant\/","article_published_time":"2026-04-02T18:48:58+00:00","article_modified_time":"2026-04-02T18:49:00+00:00","og_image":[{"width":1500,"height":750,"url":"https:\/\/footdavant.fr\/actualites\/wp-content\/uploads\/2025\/10\/Arsenal-2-0-West-Ham-Zubimendi-brille-alors-que-le-riz.jpg","type":"image\/jpeg"}],"author":"Cl\u00e9ment","twitter_card":"summary_large_image","twitter_creator":"@FootdavantFr","twitter_site":"@FootdavantFr","twitter_misc":{"\u00c9crit par":"Cl\u00e9ment","Dur\u00e9e de lecture estim\u00e9e":"6 minutes"},"schema":{"@context":"https:\/\/schema.org","@graph":[{"@type":"Article","@id":"https:\/\/footdavant.fr\/actualites\/un-blog-darsenal-18\/#article","isPartOf":{"@id":"https:\/\/footdavant.fr\/actualites\/un-blog-darsenal-18\/"},"author":{"name":"Cl\u00e9ment","@id":"https:\/\/footdavant.fr\/actualites\/#\/schema\/person\/bc222566d95871b37e597b3ed3ba5e1d"},"headline":"&#8230;un blog d&#39;Arsenal","datePublished":"2026-04-02T18:48:58+00:00","dateModified":"2026-04-02T18:49:00+00:00","mainEntityOfPage":{"@id":"https:\/\/footdavant.fr\/actualites\/un-blog-darsenal-18\/"},"wordCount":1113,"publisher":{"@id":"https:\/\/footdavant.fr\/actualites\/#organization"},"keywords":["...un","blog","d39Arsenal"],"articleSection":["Football"],"inLanguage":"fr-FR"},{"@type":"WebPage","@id":"https:\/\/footdavant.fr\/actualites\/un-blog-darsenal-18\/","url":"https:\/\/footdavant.fr\/actualites\/un-blog-darsenal-18\/","name":"...un blog d&#39;Arsenal","isPartOf":{"@id":"https:\/\/footdavant.fr\/actualites\/#website"},"datePublished":"2026-04-02T18:48:58+00:00","dateModified":"2026-04-02T18:49:00+00:00","breadcrumb":{"@id":"https:\/\/footdavant.fr\/actualites\/un-blog-darsenal-18\/#breadcrumb"},"inLanguage":"fr-FR","potentialAction":[{"@type":"ReadAction","target":["https:\/\/footdavant.fr\/actualites\/un-blog-darsenal-18\/"]}]},{"@type":"BreadcrumbList","@id":"https:\/\/footdavant.fr\/actualites\/un-blog-darsenal-18\/#breadcrumb","itemListElement":[{"@type":"ListItem","position":1,"name":"Accueil","item":"https:\/\/footdavant.fr\/actualites\/"},{"@type":"ListItem","position":2,"name":"&#8230;un blog d&#39;Arsenal"}]},{"@type":"WebSite","@id":"https:\/\/footdavant.fr\/actualites\/#website","url":"https:\/\/footdavant.fr\/actualites\/","name":"Foot d'avant","description":"","publisher":{"@id":"https:\/\/footdavant.fr\/actualites\/#organization"},"potentialAction":[{"@type":"SearchAction","target":{"@type":"EntryPoint","urlTemplate":"https:\/\/footdavant.fr\/actualites\/?s={search_term_string}"},"query-input":"required name=search_term_string"}],"inLanguage":"fr-FR"},{"@type":"Organization","@id":"https:\/\/footdavant.fr\/actualites\/#organization","name":"Foot d'avant","url":"https:\/\/footdavant.fr\/actualites\/","logo":{"@type":"ImageObject","inLanguage":"fr-FR","@id":"https:\/\/footdavant.fr\/actualites\/#\/schema\/logo\/image\/","url":"https:\/\/footdavant.fr\/actualites\/wp-content\/uploads\/2023\/09\/Copy-of-FootDavant-Logo.png","contentUrl":"https:\/\/footdavant.fr\/actualites\/wp-content\/uploads\/2023\/09\/Copy-of-FootDavant-Logo.png","width":936,"height":549,"caption":"Foot d'avant"},"image":{"@id":"https:\/\/footdavant.fr\/actualites\/#\/schema\/logo\/image\/"},"sameAs":["https:\/\/www.facebook.com\/Footdavant\/","https:\/\/twitter.com\/FootdavantFr","https:\/\/www.instagram.com\/footdavant.fr\/"]},{"@type":"Person","@id":"https:\/\/footdavant.fr\/actualites\/#\/schema\/person\/bc222566d95871b37e597b3ed3ba5e1d","name":"Cl\u00e9ment","image":{"@type":"ImageObject","inLanguage":"fr-FR","@id":"https:\/\/footdavant.fr\/actualites\/#\/schema\/person\/image\/","url":"https:\/\/secure.gravatar.com\/avatar\/7728b29aac2719421e1a9159b2254c44?s=96&d=mm&r=g","contentUrl":"https:\/\/secure.gravatar.com\/avatar\/7728b29aac2719421e1a9159b2254c44?s=96&d=mm&r=g","caption":"Cl\u00e9ment"},"sameAs":["https:\/\/footdavant.fr\/"]}]}},"_links":{"self":[{"href":"https:\/\/footdavant.fr\/actualites\/wp-json\/wp\/v2\/posts\/36058"}],"collection":[{"href":"https:\/\/footdavant.fr\/actualites\/wp-json\/wp\/v2\/posts"}],"about":[{"href":"https:\/\/footdavant.fr\/actualites\/wp-json\/wp\/v2\/types\/post"}],"author":[{"embeddable":true,"href":"https:\/\/footdavant.fr\/actualites\/wp-json\/wp\/v2\/users\/1"}],"replies":[{"embeddable":true,"href":"https:\/\/footdavant.fr\/actualites\/wp-json\/wp\/v2\/comments?post=36058"}],"version-history":[{"count":1,"href":"https:\/\/footdavant.fr\/actualites\/wp-json\/wp\/v2\/posts\/36058\/revisions"}],"predecessor-version":[{"id":36059,"href":"https:\/\/footdavant.fr\/actualites\/wp-json\/wp\/v2\/posts\/36058\/revisions\/36059"}],"wp:featuredmedia":[{"embeddable":true,"href":"https:\/\/footdavant.fr\/actualites\/wp-json\/wp\/v2\/media\/29482"}],"wp:attachment":[{"href":"https:\/\/footdavant.fr\/actualites\/wp-json\/wp\/v2\/media?parent=36058"}],"wp:term":[{"taxonomy":"category","embeddable":true,"href":"https:\/\/footdavant.fr\/actualites\/wp-json\/wp\/v2\/categories?post=36058"},{"taxonomy":"post_tag","embeddable":true,"href":"https:\/\/footdavant.fr\/actualites\/wp-json\/wp\/v2\/tags?post=36058"}],"curies":[{"name":"wp","href":"https:\/\/api.w.org\/{rel}","templated":true}]}}