{"id":36060,"date":"2026-04-02T22:48:10","date_gmt":"2026-04-02T20:48:10","guid":{"rendered":"https:\/\/footdavant.fr\/actualites\/nouvelles-du-transfert-daston-villa-le-defenseur-recherche-interessant-unai-emery-bataille-avec-les-geants-portugais-attendue\/"},"modified":"2026-04-02T22:48:11","modified_gmt":"2026-04-02T20:48:11","slug":"nouvelles-du-transfert-daston-villa-le-defenseur-recherche-interessant-unai-emery-bataille-avec-les-geants-portugais-attendue","status":"publish","type":"post","link":"https:\/\/footdavant.fr\/actualites\/nouvelles-du-transfert-daston-villa-le-defenseur-recherche-interessant-unai-emery-bataille-avec-les-geants-portugais-attendue\/","title":{"rendered":"Nouvelles du transfert d&#39;Aston Villa\u00a0: le d\u00e9fenseur recherch\u00e9 \u00ab\u00a0int\u00e9ressant\u00a0\u00bb Unai Emery, bataille avec les g\u00e9ants portugais attendue"},"content":{"rendered":"<div itemprop=\"articleBody\">\n<p>Aston Villa aurait identifi\u00e9 le d\u00e9fenseur de Famalicao Ibrahima Ba comme une cible potentielle de transfert estival.<\/p>\n<p>Unai Emery tente actuellement de se classer parmi les cinq premiers du classement de la Premier League \u2013 ce qui permettrait \u00e0 Villa de se qualifier pour la Ligue des champions \u2013 et de remporter la Ligue Europa au cours des sept prochaines semaines.<\/p>\n<p>Cependant, Villa ayant \u00e9t\u00e9 li\u00e9e \u00e0 un certain nombre de joueurs au cours des sept derniers jours, il semble que la planification du mercato estival ait commenc\u00e9.<\/p>\n<p>Chacun des quatre d\u00e9fenseurs centraux de Villa est \u00e2g\u00e9 de 28 \u00e0 33 ans, ce qui souligne la n\u00e9cessit\u00e9 d&#39;acqu\u00e9rir des talents plus jeunes \u00e0 un moment donn\u00e9 dans le futur.<\/p>\n<p>Selon Africa Foot, cela a conduit Villa \u00e0 ajouter Ba \u00e0 sa liste d\u2019ajouts potentiels.<\/p>\n<div>\n<div>\n<p>\u00a9 Imago \/ Sportimage<\/p>\n<\/div>\n<\/div>\n<h2>Qui est Ibrahima Ba ?<\/h2>\n<p>Ba s&#39;est av\u00e9r\u00e9 \u00eatre un succ\u00e8s majeur pour Famalicao cette saison, faisant un total de 17 apparitions en Primeira Liga.<\/p>\n<p>L&#39;un des petits m\u00e9n\u00e9s de la division occupe la cinqui\u00e8me place du classement de l&#39;\u00e9lite portugaise, avec seulement 22 buts encaiss\u00e9s en 27 matchs.<\/p>\n<p>\u00c0 seulement un point de Braga, les attentes concernant la qualification europ\u00e9enne augmentent, mais Famalicao semble devoir se battre pour conserver les services du joueur de 20 ans.<\/p>\n<p>Et ce malgr\u00e9 le fait que l&#39;espoir n&#39;a fait que 23 apparitions pour le club depuis son transfert de Valenciennes, o\u00f9 il n&#39;a effectu\u00e9 qu&#39;une seule sortie senior.<\/p>\n<p>Porto, le Sporting Lisbonne, Benfica, Braga et Vitoria de Guimaraes seraient tous int\u00e9ress\u00e9s par sa signature.<\/p>\n<p>Famalicao aurait fix\u00e9 un prix demand\u00e9 de 10 millions d&#39;euros (8,71 millions de livres sterling), des frais qui pourraient inciter Villa \u00e0 d\u00e9m\u00e9nager.<\/p>\n<div>\n<div><img decoding=\"async\" data-img-id=\"155200\" class=\"lazy\" loading=\"lazy\" src=\"https:\/\/footdavant.fr\/actualites\/wp-content\/uploads\/2026\/04\/1775162890_947_Nouvelles-du-transfert-d39Aston-Villa-le-defenseur-recherche-interessant-Unai.webp\"\/><\/p>\n<p>\u00a9 Imago \/ Matrix Images<\/p>\n<\/div>\n<\/div>\n<h2>Le genre de signature dont Villa a besoin ?<\/h2>\n<p>Villa a investi sa jeunesse ces derni\u00e8res saisons sans obtenir aucune r\u00e9compense par rapport \u00e0 l&#39;\u00e9quipe premi\u00e8re.<\/p>\n<p>N\u00e9anmoins, comme indiqu\u00e9, Villa devra \u00e9ventuellement recruter au moins un jeune d\u00e9fenseur central pour compl\u00e9ter sa r\u00e9colte actuelle.<\/p>\n<p>Le manque d&#39;exp\u00e9rience de Ba en \u00e9quipe premi\u00e8re ferait de lui une signature risqu\u00e9e, mais le niveau de son potentiel peut \u00eatre \u00e9valu\u00e9 \u00e0 partir de tous les grands frappeurs du football portugais qui souhaitent le recruter.<\/p>\n<p>Ils peuvent \u00e9galement avoir l\u2019avantage \u00e0 ce stade, mais Ba semble avoir les r\u00e9f\u00e9rences de quelqu\u2019un qui pourrait arriver \u00e0 Villa en tant que quatri\u00e8me choix et essayer d\u2019impressionner lorsque des opportunit\u00e9s se pr\u00e9sentent.<\/p>\n<\/div>\n","protected":false},"excerpt":{"rendered":"<p>Aston Villa aurait identifi\u00e9 le d\u00e9fenseur de Famalicao Ibrahima Ba comme une cible potentielle de transfert estival. Unai Emery tente actuellement de se classer parmi<\/p>\n","protected":false},"author":1,"featured_media":36061,"comment_status":"closed","ping_status":"","sticky":false,"template":"","format":"standard","meta":{"footnotes":""},"categories":[5],"tags":[9175,91,2002,4823,928,641,4740,3643,93,461,4564,2348,700,640,370],"yoast_head":"<!-- This site is optimized with the Yoast SEO plugin v21.0 - https:\/\/yoast.com\/wordpress\/plugins\/seo\/ -->\n<title>Nouvelles du transfert d&#039;Aston Villa\u00a0: le d\u00e9fenseur recherch\u00e9 &quot;int\u00e9ressant&quot; Unai Emery, bataille avec les g\u00e9ants portugais attendue<\/title>\n<meta name=\"robots\" content=\"index, follow, max-snippet:-1, max-image-preview:large, max-video-preview:-1\" \/>\n<link rel=\"canonical\" href=\"https:\/\/footdavant.fr\/actualites\/nouvelles-du-transfert-daston-villa-le-defenseur-recherche-interessant-unai-emery-bataille-avec-les-geants-portugais-attendue\/\" \/>\n<meta property=\"og:locale\" content=\"fr_FR\" \/>\n<meta property=\"og:type\" content=\"article\" \/>\n<meta property=\"og:title\" content=\"Nouvelles du transfert d&#039;Aston Villa\u00a0: le d\u00e9fenseur recherch\u00e9 &quot;int\u00e9ressant&quot; Unai Emery, bataille avec les g\u00e9ants portugais attendue\" \/>\n<meta property=\"og:description\" content=\"Aston Villa aurait identifi\u00e9 le d\u00e9fenseur de Famalicao Ibrahima Ba comme une cible potentielle de transfert estival. Unai Emery tente actuellement de se classer parmi\" \/>\n<meta property=\"og:url\" content=\"https:\/\/footdavant.fr\/actualites\/nouvelles-du-transfert-daston-villa-le-defenseur-recherche-interessant-unai-emery-bataille-avec-les-geants-portugais-attendue\/\" \/>\n<meta property=\"og:site_name\" content=\"Foot d&#039;avant\" \/>\n<meta property=\"article:publisher\" content=\"https:\/\/www.facebook.com\/Footdavant\/\" \/>\n<meta property=\"article:published_time\" content=\"2026-04-02T20:48:10+00:00\" \/>\n<meta property=\"article:modified_time\" content=\"2026-04-02T20:48:11+00:00\" \/>\n<meta property=\"og:image\" content=\"https:\/\/footdavant.fr\/actualites\/wp-content\/uploads\/2026\/04\/Nouvelles-du-transfert-d39Aston-Villa-le-defenseur-recherche-interessant-Unai.net2Fuploads2F20262F042Fimago1072719905.webp\" \/>\n\t<meta property=\"og:image:width\" content=\"720\" \/>\n\t<meta property=\"og:image:height\" content=\"410\" \/>\n\t<meta property=\"og:image:type\" content=\"image\/webp\" \/>\n<meta name=\"author\" content=\"Cl\u00e9ment\" \/>\n<meta name=\"twitter:card\" content=\"summary_large_image\" \/>\n<meta name=\"twitter:creator\" content=\"@FootdavantFr\" \/>\n<meta name=\"twitter:site\" content=\"@FootdavantFr\" \/>\n<meta name=\"twitter:label1\" content=\"\u00c9crit par\" \/>\n\t<meta name=\"twitter:data1\" content=\"Cl\u00e9ment\" \/>\n\t<meta name=\"twitter:label2\" content=\"Dur\u00e9e de lecture estim\u00e9e\" \/>\n\t<meta name=\"twitter:data2\" content=\"2 minutes\" \/>\n<script type=\"application\/ld+json\" class=\"yoast-schema-graph\">{\"@context\":\"https:\/\/schema.org\",\"@graph\":[{\"@type\":\"Article\",\"@id\":\"https:\/\/footdavant.fr\/actualites\/nouvelles-du-transfert-daston-villa-le-defenseur-recherche-interessant-unai-emery-bataille-avec-les-geants-portugais-attendue\/#article\",\"isPartOf\":{\"@id\":\"https:\/\/footdavant.fr\/actualites\/nouvelles-du-transfert-daston-villa-le-defenseur-recherche-interessant-unai-emery-bataille-avec-les-geants-portugais-attendue\/\"},\"author\":{\"name\":\"Cl\u00e9ment\",\"@id\":\"https:\/\/footdavant.fr\/actualites\/#\/schema\/person\/bc222566d95871b37e597b3ed3ba5e1d\"},\"headline\":\"Nouvelles du transfert d&#39;Aston Villa\u00a0: le d\u00e9fenseur recherch\u00e9 \u00ab\u00a0int\u00e9ressant\u00a0\u00bb Unai Emery, bataille avec les g\u00e9ants portugais attendue\",\"datePublished\":\"2026-04-02T20:48:10+00:00\",\"dateModified\":\"2026-04-02T20:48:11+00:00\",\"mainEntityOfPage\":{\"@id\":\"https:\/\/footdavant.fr\/actualites\/nouvelles-du-transfert-daston-villa-le-defenseur-recherche-interessant-unai-emery-bataille-avec-les-geants-portugais-attendue\/\"},\"wordCount\":440,\"publisher\":{\"@id\":\"https:\/\/footdavant.fr\/actualites\/#organization\"},\"keywords\":[\"attendue\",\"avec\",\"bataille\",\"d39Aston\",\"d\u00e9fenseur\",\"Emery\",\"g\u00e9ants\",\"int\u00e9ressant\",\"les\",\"Nouvelles\",\"portugais\",\"recherche\",\"transfert\",\"Unai\",\"Villa\"],\"articleSection\":[\"Premier League\"],\"inLanguage\":\"fr-FR\"},{\"@type\":\"WebPage\",\"@id\":\"https:\/\/footdavant.fr\/actualites\/nouvelles-du-transfert-daston-villa-le-defenseur-recherche-interessant-unai-emery-bataille-avec-les-geants-portugais-attendue\/\",\"url\":\"https:\/\/footdavant.fr\/actualites\/nouvelles-du-transfert-daston-villa-le-defenseur-recherche-interessant-unai-emery-bataille-avec-les-geants-portugais-attendue\/\",\"name\":\"Nouvelles du transfert d&#39;Aston Villa\u00a0: le d\u00e9fenseur recherch\u00e9 \\\"int\u00e9ressant\\\" Unai Emery, bataille avec les g\u00e9ants portugais attendue\",\"isPartOf\":{\"@id\":\"https:\/\/footdavant.fr\/actualites\/#website\"},\"datePublished\":\"2026-04-02T20:48:10+00:00\",\"dateModified\":\"2026-04-02T20:48:11+00:00\",\"breadcrumb\":{\"@id\":\"https:\/\/footdavant.fr\/actualites\/nouvelles-du-transfert-daston-villa-le-defenseur-recherche-interessant-unai-emery-bataille-avec-les-geants-portugais-attendue\/#breadcrumb\"},\"inLanguage\":\"fr-FR\",\"potentialAction\":[{\"@type\":\"ReadAction\",\"target\":[\"https:\/\/footdavant.fr\/actualites\/nouvelles-du-transfert-daston-villa-le-defenseur-recherche-interessant-unai-emery-bataille-avec-les-geants-portugais-attendue\/\"]}]},{\"@type\":\"BreadcrumbList\",\"@id\":\"https:\/\/footdavant.fr\/actualites\/nouvelles-du-transfert-daston-villa-le-defenseur-recherche-interessant-unai-emery-bataille-avec-les-geants-portugais-attendue\/#breadcrumb\",\"itemListElement\":[{\"@type\":\"ListItem\",\"position\":1,\"name\":\"Accueil\",\"item\":\"https:\/\/footdavant.fr\/actualites\/\"},{\"@type\":\"ListItem\",\"position\":2,\"name\":\"Nouvelles du transfert d&#39;Aston Villa\u00a0: le d\u00e9fenseur recherch\u00e9 \u00ab\u00a0int\u00e9ressant\u00a0\u00bb Unai Emery, bataille avec les g\u00e9ants portugais attendue\"}]},{\"@type\":\"WebSite\",\"@id\":\"https:\/\/footdavant.fr\/actualites\/#website\",\"url\":\"https:\/\/footdavant.fr\/actualites\/\",\"name\":\"Foot d'avant\",\"description\":\"\",\"publisher\":{\"@id\":\"https:\/\/footdavant.fr\/actualites\/#organization\"},\"potentialAction\":[{\"@type\":\"SearchAction\",\"target\":{\"@type\":\"EntryPoint\",\"urlTemplate\":\"https:\/\/footdavant.fr\/actualites\/?s={search_term_string}\"},\"query-input\":\"required name=search_term_string\"}],\"inLanguage\":\"fr-FR\"},{\"@type\":\"Organization\",\"@id\":\"https:\/\/footdavant.fr\/actualites\/#organization\",\"name\":\"Foot d'avant\",\"url\":\"https:\/\/footdavant.fr\/actualites\/\",\"logo\":{\"@type\":\"ImageObject\",\"inLanguage\":\"fr-FR\",\"@id\":\"https:\/\/footdavant.fr\/actualites\/#\/schema\/logo\/image\/\",\"url\":\"https:\/\/footdavant.fr\/actualites\/wp-content\/uploads\/2023\/09\/Copy-of-FootDavant-Logo.png\",\"contentUrl\":\"https:\/\/footdavant.fr\/actualites\/wp-content\/uploads\/2023\/09\/Copy-of-FootDavant-Logo.png\",\"width\":936,\"height\":549,\"caption\":\"Foot d'avant\"},\"image\":{\"@id\":\"https:\/\/footdavant.fr\/actualites\/#\/schema\/logo\/image\/\"},\"sameAs\":[\"https:\/\/www.facebook.com\/Footdavant\/\",\"https:\/\/twitter.com\/FootdavantFr\",\"https:\/\/www.instagram.com\/footdavant.fr\/\"]},{\"@type\":\"Person\",\"@id\":\"https:\/\/footdavant.fr\/actualites\/#\/schema\/person\/bc222566d95871b37e597b3ed3ba5e1d\",\"name\":\"Cl\u00e9ment\",\"image\":{\"@type\":\"ImageObject\",\"inLanguage\":\"fr-FR\",\"@id\":\"https:\/\/footdavant.fr\/actualites\/#\/schema\/person\/image\/\",\"url\":\"https:\/\/secure.gravatar.com\/avatar\/7728b29aac2719421e1a9159b2254c44?s=96&d=mm&r=g\",\"contentUrl\":\"https:\/\/secure.gravatar.com\/avatar\/7728b29aac2719421e1a9159b2254c44?s=96&d=mm&r=g\",\"caption\":\"Cl\u00e9ment\"},\"sameAs\":[\"https:\/\/footdavant.fr\/\"]}]}<\/script>\n<!-- \/ Yoast SEO plugin. -->","yoast_head_json":{"title":"Nouvelles du transfert d&#39;Aston Villa\u00a0: le d\u00e9fenseur recherch\u00e9 \"int\u00e9ressant\" Unai Emery, bataille avec les g\u00e9ants portugais attendue","robots":{"index":"index","follow":"follow","max-snippet":"max-snippet:-1","max-image-preview":"max-image-preview:large","max-video-preview":"max-video-preview:-1"},"canonical":"https:\/\/footdavant.fr\/actualites\/nouvelles-du-transfert-daston-villa-le-defenseur-recherche-interessant-unai-emery-bataille-avec-les-geants-portugais-attendue\/","og_locale":"fr_FR","og_type":"article","og_title":"Nouvelles du transfert d&#39;Aston Villa\u00a0: le d\u00e9fenseur recherch\u00e9 \"int\u00e9ressant\" Unai Emery, bataille avec les g\u00e9ants portugais attendue","og_description":"Aston Villa aurait identifi\u00e9 le d\u00e9fenseur de Famalicao Ibrahima Ba comme une cible potentielle de transfert estival. Unai Emery tente actuellement de se classer parmi","og_url":"https:\/\/footdavant.fr\/actualites\/nouvelles-du-transfert-daston-villa-le-defenseur-recherche-interessant-unai-emery-bataille-avec-les-geants-portugais-attendue\/","og_site_name":"Foot d&#039;avant","article_publisher":"https:\/\/www.facebook.com\/Footdavant\/","article_published_time":"2026-04-02T20:48:10+00:00","article_modified_time":"2026-04-02T20:48:11+00:00","og_image":[{"width":720,"height":410,"url":"https:\/\/footdavant.fr\/actualites\/wp-content\/uploads\/2026\/04\/Nouvelles-du-transfert-d39Aston-Villa-le-defenseur-recherche-interessant-Unai.net2Fuploads2F20262F042Fimago1072719905.webp","type":"image\/webp"}],"author":"Cl\u00e9ment","twitter_card":"summary_large_image","twitter_creator":"@FootdavantFr","twitter_site":"@FootdavantFr","twitter_misc":{"\u00c9crit par":"Cl\u00e9ment","Dur\u00e9e de lecture estim\u00e9e":"2 minutes"},"schema":{"@context":"https:\/\/schema.org","@graph":[{"@type":"Article","@id":"https:\/\/footdavant.fr\/actualites\/nouvelles-du-transfert-daston-villa-le-defenseur-recherche-interessant-unai-emery-bataille-avec-les-geants-portugais-attendue\/#article","isPartOf":{"@id":"https:\/\/footdavant.fr\/actualites\/nouvelles-du-transfert-daston-villa-le-defenseur-recherche-interessant-unai-emery-bataille-avec-les-geants-portugais-attendue\/"},"author":{"name":"Cl\u00e9ment","@id":"https:\/\/footdavant.fr\/actualites\/#\/schema\/person\/bc222566d95871b37e597b3ed3ba5e1d"},"headline":"Nouvelles du transfert d&#39;Aston Villa\u00a0: le d\u00e9fenseur recherch\u00e9 \u00ab\u00a0int\u00e9ressant\u00a0\u00bb Unai Emery, bataille avec les g\u00e9ants portugais attendue","datePublished":"2026-04-02T20:48:10+00:00","dateModified":"2026-04-02T20:48:11+00:00","mainEntityOfPage":{"@id":"https:\/\/footdavant.fr\/actualites\/nouvelles-du-transfert-daston-villa-le-defenseur-recherche-interessant-unai-emery-bataille-avec-les-geants-portugais-attendue\/"},"wordCount":440,"publisher":{"@id":"https:\/\/footdavant.fr\/actualites\/#organization"},"keywords":["attendue","avec","bataille","d39Aston","d\u00e9fenseur","Emery","g\u00e9ants","int\u00e9ressant","les","Nouvelles","portugais","recherche","transfert","Unai","Villa"],"articleSection":["Premier League"],"inLanguage":"fr-FR"},{"@type":"WebPage","@id":"https:\/\/footdavant.fr\/actualites\/nouvelles-du-transfert-daston-villa-le-defenseur-recherche-interessant-unai-emery-bataille-avec-les-geants-portugais-attendue\/","url":"https:\/\/footdavant.fr\/actualites\/nouvelles-du-transfert-daston-villa-le-defenseur-recherche-interessant-unai-emery-bataille-avec-les-geants-portugais-attendue\/","name":"Nouvelles du transfert d&#39;Aston Villa\u00a0: le d\u00e9fenseur recherch\u00e9 \"int\u00e9ressant\" Unai Emery, bataille avec les g\u00e9ants portugais attendue","isPartOf":{"@id":"https:\/\/footdavant.fr\/actualites\/#website"},"datePublished":"2026-04-02T20:48:10+00:00","dateModified":"2026-04-02T20:48:11+00:00","breadcrumb":{"@id":"https:\/\/footdavant.fr\/actualites\/nouvelles-du-transfert-daston-villa-le-defenseur-recherche-interessant-unai-emery-bataille-avec-les-geants-portugais-attendue\/#breadcrumb"},"inLanguage":"fr-FR","potentialAction":[{"@type":"ReadAction","target":["https:\/\/footdavant.fr\/actualites\/nouvelles-du-transfert-daston-villa-le-defenseur-recherche-interessant-unai-emery-bataille-avec-les-geants-portugais-attendue\/"]}]},{"@type":"BreadcrumbList","@id":"https:\/\/footdavant.fr\/actualites\/nouvelles-du-transfert-daston-villa-le-defenseur-recherche-interessant-unai-emery-bataille-avec-les-geants-portugais-attendue\/#breadcrumb","itemListElement":[{"@type":"ListItem","position":1,"name":"Accueil","item":"https:\/\/footdavant.fr\/actualites\/"},{"@type":"ListItem","position":2,"name":"Nouvelles du transfert d&#39;Aston Villa\u00a0: le d\u00e9fenseur recherch\u00e9 \u00ab\u00a0int\u00e9ressant\u00a0\u00bb Unai Emery, bataille avec les g\u00e9ants portugais attendue"}]},{"@type":"WebSite","@id":"https:\/\/footdavant.fr\/actualites\/#website","url":"https:\/\/footdavant.fr\/actualites\/","name":"Foot d'avant","description":"","publisher":{"@id":"https:\/\/footdavant.fr\/actualites\/#organization"},"potentialAction":[{"@type":"SearchAction","target":{"@type":"EntryPoint","urlTemplate":"https:\/\/footdavant.fr\/actualites\/?s={search_term_string}"},"query-input":"required name=search_term_string"}],"inLanguage":"fr-FR"},{"@type":"Organization","@id":"https:\/\/footdavant.fr\/actualites\/#organization","name":"Foot d'avant","url":"https:\/\/footdavant.fr\/actualites\/","logo":{"@type":"ImageObject","inLanguage":"fr-FR","@id":"https:\/\/footdavant.fr\/actualites\/#\/schema\/logo\/image\/","url":"https:\/\/footdavant.fr\/actualites\/wp-content\/uploads\/2023\/09\/Copy-of-FootDavant-Logo.png","contentUrl":"https:\/\/footdavant.fr\/actualites\/wp-content\/uploads\/2023\/09\/Copy-of-FootDavant-Logo.png","width":936,"height":549,"caption":"Foot d'avant"},"image":{"@id":"https:\/\/footdavant.fr\/actualites\/#\/schema\/logo\/image\/"},"sameAs":["https:\/\/www.facebook.com\/Footdavant\/","https:\/\/twitter.com\/FootdavantFr","https:\/\/www.instagram.com\/footdavant.fr\/"]},{"@type":"Person","@id":"https:\/\/footdavant.fr\/actualites\/#\/schema\/person\/bc222566d95871b37e597b3ed3ba5e1d","name":"Cl\u00e9ment","image":{"@type":"ImageObject","inLanguage":"fr-FR","@id":"https:\/\/footdavant.fr\/actualites\/#\/schema\/person\/image\/","url":"https:\/\/secure.gravatar.com\/avatar\/7728b29aac2719421e1a9159b2254c44?s=96&d=mm&r=g","contentUrl":"https:\/\/secure.gravatar.com\/avatar\/7728b29aac2719421e1a9159b2254c44?s=96&d=mm&r=g","caption":"Cl\u00e9ment"},"sameAs":["https:\/\/footdavant.fr\/"]}]}},"_links":{"self":[{"href":"https:\/\/footdavant.fr\/actualites\/wp-json\/wp\/v2\/posts\/36060"}],"collection":[{"href":"https:\/\/footdavant.fr\/actualites\/wp-json\/wp\/v2\/posts"}],"about":[{"href":"https:\/\/footdavant.fr\/actualites\/wp-json\/wp\/v2\/types\/post"}],"author":[{"embeddable":true,"href":"https:\/\/footdavant.fr\/actualites\/wp-json\/wp\/v2\/users\/1"}],"replies":[{"embeddable":true,"href":"https:\/\/footdavant.fr\/actualites\/wp-json\/wp\/v2\/comments?post=36060"}],"version-history":[{"count":1,"href":"https:\/\/footdavant.fr\/actualites\/wp-json\/wp\/v2\/posts\/36060\/revisions"}],"predecessor-version":[{"id":36062,"href":"https:\/\/footdavant.fr\/actualites\/wp-json\/wp\/v2\/posts\/36060\/revisions\/36062"}],"wp:featuredmedia":[{"embeddable":true,"href":"https:\/\/footdavant.fr\/actualites\/wp-json\/wp\/v2\/media\/36061"}],"wp:attachment":[{"href":"https:\/\/footdavant.fr\/actualites\/wp-json\/wp\/v2\/media?parent=36060"}],"wp:term":[{"taxonomy":"category","embeddable":true,"href":"https:\/\/footdavant.fr\/actualites\/wp-json\/wp\/v2\/categories?post=36060"},{"taxonomy":"post_tag","embeddable":true,"href":"https:\/\/footdavant.fr\/actualites\/wp-json\/wp\/v2\/tags?post=36060"}],"curies":[{"name":"wp","href":"https:\/\/api.w.org\/{rel}","templated":true}]}}