{"id":36068,"date":"2026-04-03T04:48:17","date_gmt":"2026-04-03T02:48:17","guid":{"rendered":"https:\/\/footdavant.fr\/actualites\/la-video-montre-des-images-de-la-camera-corporelle-de-la-police-apres-un-accident-alors-quune-icone-du-golf-a-ete-arretee-et-emmenee-en-voiture\/"},"modified":"2026-04-03T04:48:19","modified_gmt":"2026-04-03T02:48:19","slug":"la-video-montre-des-images-de-la-camera-corporelle-de-la-police-apres-un-accident-alors-quune-icone-du-golf-a-ete-arretee-et-emmenee-en-voiture","status":"publish","type":"post","link":"https:\/\/footdavant.fr\/actualites\/la-video-montre-des-images-de-la-camera-corporelle-de-la-police-apres-un-accident-alors-quune-icone-du-golf-a-ete-arretee-et-emmenee-en-voiture\/","title":{"rendered":"La vid\u00e9o montre des images de la cam\u00e9ra corporelle de la police apr\u00e8s un accident alors qu&#39;une ic\u00f4ne du golf a \u00e9t\u00e9 arr\u00eat\u00e9e et emmen\u00e9e en voiture"},"content":{"rendered":"<div>\n<p>Des images de la cam\u00e9ra corporelle de la police montrent Tiger Woods demandant s&#39;il est arr\u00eat\u00e9 et menott\u00e9 par la police apr\u00e8s avoir heurt\u00e9 un camion et \u00e9cras\u00e9 sa voiture en Floride.<\/p>\n<p>L&#39;ic\u00f4ne sportive Woods a \u00e9t\u00e9 accus\u00e9e de conduite sous influence, de dommages mat\u00e9riels et de refus de se soumettre \u00e0 un test l\u00e9gal le mois dernier et a plaid\u00e9 non coupable par \u00e9crit par l&#39;interm\u00e9diaire de ses avocats mardi.<\/p>\n<p>\u00ab\u00a0Je crois que vos facult\u00e9s normales sont alt\u00e9r\u00e9es et que vous \u00eates sous l&#39;effet d&#39;une substance inconnue\u00a0\u00bb, a d\u00e9clar\u00e9 \u00e0 Woods Tatiana Levenar, adjointe du sh\u00e9rif du comt\u00e9 de Martin.<\/p>\n<figure class=\"wp-block-embed is-type-video is-provider-youtube wp-block-embed-youtube wp-embed-aspect-16-9 wp-has-aspect-ratio\">\n<p>\n<noscript><iframe loading=\"lazy\" title=\"RAW: Tiger Woods found with pills in pocket in bodycam video\" width=\"1200\" height=\"675\" src=\"https:\/\/www.youtube.com\/embed\/BSw09N-nbqA?feature=oembed\" frameborder=\"0\" allow=\"accelerometer; autoplay; clipboard-write; encrypted-media; gyroscope; picture-in-picture; web-share\" referrerpolicy=\"strict-origin-when-cross-origin\" allowfullscreen><\/iframe><\/noscript>\n<\/p>\n<\/figure>\n<h2 class=\"wp-block-heading\"><span id=\"Tiger_Woods_bodycam_footage_What_happened_in_arrest\">Images de la cam\u00e9ra corporelle de Tiger Woods : que s&#39;est-il pass\u00e9 lors de son arrestation ?<\/span><\/h2>\n<p>Woods a coop\u00e9r\u00e9 avec la police, s&#39;agenouillant pour leur dire qu&#39;il avait \u00ab regard\u00e9 mon t\u00e9l\u00e9phone \u00bb et \u00ab tout d&#39;un coup, boum \u00bb.<\/p>\n<p>Lorsque les policiers ont trouv\u00e9 des pilules dans sa poche, le 15 fois vainqueur du Major \u2013 qui a subi plusieurs op\u00e9rations au dos \u2013 leur a dit qu&#39;il s&#39;agissait d&#39;analg\u00e9siques.<\/p>\n<p>Les pilules \u00e9taient de l\u2019hydrocodone, un opio\u00efde sur ordonnance utilis\u00e9 pour traiter la douleur. Il a ni\u00e9 avoir bu de l&#39;alcool le jour de l&#39;accident, mais a admis qu&#39;il avait pris \u00ab quelques \u00bb m\u00e9dicaments et a d\u00e9clar\u00e9 qu&#39;il n&#39;avait rien d&#39;autre sur lui avant d&#39;\u00eatre chass\u00e9.<\/p>\n<p>Un t\u00e9moin a d\u00e9clar\u00e9 \u00e0 un policier que Woods avait \u00ab continu\u00e9 \u00e0 venir \u00bb alors qu&#39;il approchait dans son v\u00e9hicule avant l&#39;accident. <\/p>\n<p>\u00abJe m&#39;appr\u00eatais \u00e0 me rendre\u00bb, dirent-ils. \u00ab\u00a0Il arrivait vite. Je ne pense pas qu&#39;il regardait, c&#39;est \u00e7a.\u00a0\u00bb<\/p>\n<figure class=\"wp-block-image size-large\"><picture decoding=\"async\" class=\"wp-image-179461\"><source type=\"image\/webp\" data-lazy- \/><img loading=\"lazy\" decoding=\"async\" width=\"1024\" height=\"683\" src=\"https:\/\/footdavant.fr\/actualites\/wp-content\/uploads\/2026\/04\/La-video-montre-des-images-de-la-camera-corporelle-de.jpg\" alt=\"Une photo du golfeur Tiger Woods prenant une photo sur un parcours de golf tout en portant une chemise rouge clair et une casquette de baseball bleu fonc\u00e9. Les arbres sont visibles flous en arri\u00e8re-plan\"  \/>\n<\/picture>\n<\/figure>\n<h2 class=\"wp-block-heading\"><span id=\"What_happened_in_Tiger_Woods_crash\">Que s&#39;est-il pass\u00e9 lors du crash de Tiger Woods ?<\/span><\/h2>\n<p>Woods a pu quitter sa Land Rover en rampant hors du c\u00f4t\u00e9 passager. Le sh\u00e9rif du comt\u00e9 de Martin, John Budensiek, a confirm\u00e9 que ni Woods ni le conducteur de l&#39;autre v\u00e9hicule impliqu\u00e9 n&#39;avaient \u00e9t\u00e9 bless\u00e9s. <\/p>\n<p>L&#39;homme de 50 ans tentait de d\u00e9passer un camion de nettoyage sous pression sur une route \u00e0 deux voies pr\u00e8s de chez lui, mais il a heurt\u00e9 la remorque.<\/p>\n<p>Les agents ont signal\u00e9 que Woods semblait avoir les facult\u00e9s affaiblies. Il a pass\u00e9 un alcootest mais a refus\u00e9 de fournir un \u00e9chantillon d\u2019urine.<\/p>\n<p>Apr\u00e8s l&#39;accident, un officier a \u00e9crit dans l&#39;affidavit d&#39;arrestation que Woods transpirait abondamment, avait les pupilles \u00ab extr\u00eamement dilat\u00e9es \u00bb et se d\u00e9pla\u00e7ait de mani\u00e8re \u00ab l\u00e9thargique et lente \u00bb.<\/p>\n<h2 class=\"wp-block-heading\"><span id=\"Tiger_Woods_arrest_What8217s_next\">Arrestation de Tiger Woods : quelle est la prochaine \u00e9tape ?<\/span><\/h2>\n<p>Woods a \u00e9t\u00e9 lib\u00e9r\u00e9 sous caution huit heures apr\u00e8s son arrestation et doit revenir devant le tribunal le 5 mai pour une audience visant \u00e0 \u00e9valuer l&#39;\u00e9tat de pr\u00e9paration des deux parties au proc\u00e8s.<\/p>\n<p>Il a particip\u00e9 \u00e0 la ligue en salle TGL le mois dernier et se remettait d&#39;une blessure, mais a annonc\u00e9 mardi qu&#39;il s&#39;\u00e9loignait du golf pour se faire soigner et se concentrer sur sa sant\u00e9.<\/p>\n<p>Un juge a autoris\u00e9 Woods \u00e0 se faire soigner \u00e0 l&#39;\u00e9tranger.<\/p>\n<p>Woods est apparu pour la derni\u00e8re fois sur le PGA Tour en juillet 2024, ratant le cut \u00e0 l&#39;Open Championship \u00e0 Royal Troon.<\/p>\n<p>Lors d&#39;un grave accident survenu en 2021 pr\u00e8s de Los Angeles, Woods a subi de graves blessures \u00e0 la jambe apr\u00e8s que son v\u00e9hicule ait roul\u00e9 \u00e0 plusieurs reprises.<\/p>\n<\/p><\/div>\n","protected":false},"excerpt":{"rendered":"<p>Des images de la cam\u00e9ra corporelle de la police montrent Tiger Woods demandant s&#39;il est arr\u00eat\u00e9 et menott\u00e9 par la police apr\u00e8s avoir heurt\u00e9 un<\/p>\n","protected":false},"author":1,"featured_media":36069,"comment_status":"closed","ping_status":"","sticky":false,"template":"","format":"standard","meta":{"footnotes":""},"categories":[3],"tags":[5943,318,25,4382,9008,11777,12,11778,776,9260,6020,1183,85,6170,4491,575,1784],"yoast_head":"<!-- This site is optimized with the Yoast SEO plugin v21.0 - https:\/\/yoast.com\/wordpress\/plugins\/seo\/ -->\n<title>La vid\u00e9o montre des images de la cam\u00e9ra corporelle de la police apr\u00e8s un accident alors qu&#039;une ic\u00f4ne du golf a \u00e9t\u00e9 arr\u00eat\u00e9e et emmen\u00e9e en voiture<\/title>\n<meta name=\"robots\" content=\"index, follow, max-snippet:-1, max-image-preview:large, max-video-preview:-1\" \/>\n<link rel=\"canonical\" href=\"https:\/\/footdavant.fr\/actualites\/la-video-montre-des-images-de-la-camera-corporelle-de-la-police-apres-un-accident-alors-quune-icone-du-golf-a-ete-arretee-et-emmenee-en-voiture\/\" \/>\n<meta property=\"og:locale\" content=\"fr_FR\" \/>\n<meta property=\"og:type\" content=\"article\" \/>\n<meta property=\"og:title\" content=\"La vid\u00e9o montre des images de la cam\u00e9ra corporelle de la police apr\u00e8s un accident alors qu&#039;une ic\u00f4ne du golf a \u00e9t\u00e9 arr\u00eat\u00e9e et emmen\u00e9e en voiture\" \/>\n<meta property=\"og:description\" content=\"Des images de la cam\u00e9ra corporelle de la police montrent Tiger Woods demandant s&#039;il est arr\u00eat\u00e9 et menott\u00e9 par la police apr\u00e8s avoir heurt\u00e9 un\" \/>\n<meta property=\"og:url\" content=\"https:\/\/footdavant.fr\/actualites\/la-video-montre-des-images-de-la-camera-corporelle-de-la-police-apres-un-accident-alors-quune-icone-du-golf-a-ete-arretee-et-emmenee-en-voiture\/\" \/>\n<meta property=\"og:site_name\" content=\"Foot d&#039;avant\" \/>\n<meta property=\"article:publisher\" content=\"https:\/\/www.facebook.com\/Footdavant\/\" \/>\n<meta property=\"article:published_time\" content=\"2026-04-03T02:48:17+00:00\" \/>\n<meta property=\"article:modified_time\" content=\"2026-04-03T02:48:19+00:00\" \/>\n<meta property=\"og:image\" content=\"https:\/\/footdavant.fr\/actualites\/wp-content\/uploads\/2026\/04\/1775184498_La-video-montre-des-images-de-la-camera-corporelle-de.jpg\" \/>\n\t<meta property=\"og:image:width\" content=\"1200\" \/>\n\t<meta property=\"og:image:height\" content=\"859\" \/>\n\t<meta property=\"og:image:type\" content=\"image\/jpeg\" \/>\n<meta name=\"author\" content=\"Cl\u00e9ment\" \/>\n<meta name=\"twitter:card\" content=\"summary_large_image\" \/>\n<meta name=\"twitter:creator\" content=\"@FootdavantFr\" \/>\n<meta name=\"twitter:site\" content=\"@FootdavantFr\" \/>\n<meta name=\"twitter:label1\" content=\"\u00c9crit par\" \/>\n\t<meta name=\"twitter:data1\" content=\"Cl\u00e9ment\" \/>\n\t<meta name=\"twitter:label2\" content=\"Dur\u00e9e de lecture estim\u00e9e\" \/>\n\t<meta name=\"twitter:data2\" content=\"3 minutes\" \/>\n<script type=\"application\/ld+json\" class=\"yoast-schema-graph\">{\"@context\":\"https:\/\/schema.org\",\"@graph\":[{\"@type\":\"Article\",\"@id\":\"https:\/\/footdavant.fr\/actualites\/la-video-montre-des-images-de-la-camera-corporelle-de-la-police-apres-un-accident-alors-quune-icone-du-golf-a-ete-arretee-et-emmenee-en-voiture\/#article\",\"isPartOf\":{\"@id\":\"https:\/\/footdavant.fr\/actualites\/la-video-montre-des-images-de-la-camera-corporelle-de-la-police-apres-un-accident-alors-quune-icone-du-golf-a-ete-arretee-et-emmenee-en-voiture\/\"},\"author\":{\"name\":\"Cl\u00e9ment\",\"@id\":\"https:\/\/footdavant.fr\/actualites\/#\/schema\/person\/bc222566d95871b37e597b3ed3ba5e1d\"},\"headline\":\"La vid\u00e9o montre des images de la cam\u00e9ra corporelle de la police apr\u00e8s un accident alors qu&#39;une ic\u00f4ne du golf a \u00e9t\u00e9 arr\u00eat\u00e9e et emmen\u00e9e en voiture\",\"datePublished\":\"2026-04-03T02:48:17+00:00\",\"dateModified\":\"2026-04-03T02:48:19+00:00\",\"mainEntityOfPage\":{\"@id\":\"https:\/\/footdavant.fr\/actualites\/la-video-montre-des-images-de-la-camera-corporelle-de-la-police-apres-un-accident-alors-quune-icone-du-golf-a-ete-arretee-et-emmenee-en-voiture\/\"},\"wordCount\":627,\"publisher\":{\"@id\":\"https:\/\/footdavant.fr\/actualites\/#organization\"},\"keywords\":[\"accident\",\"alors\",\"apr\u00e8s\",\"arr\u00eat\u00e9e\",\"cam\u00e9ra\",\"corporelle\",\"des\",\"emmen\u00e9e\",\"\u00e9t\u00e9\",\"golf\",\"ic\u00f4ne\",\"images\",\"montre\",\"police\",\"qu39une\",\"Vid\u00e9o\",\"voiture\"],\"articleSection\":[\"Football\"],\"inLanguage\":\"fr-FR\"},{\"@type\":\"WebPage\",\"@id\":\"https:\/\/footdavant.fr\/actualites\/la-video-montre-des-images-de-la-camera-corporelle-de-la-police-apres-un-accident-alors-quune-icone-du-golf-a-ete-arretee-et-emmenee-en-voiture\/\",\"url\":\"https:\/\/footdavant.fr\/actualites\/la-video-montre-des-images-de-la-camera-corporelle-de-la-police-apres-un-accident-alors-quune-icone-du-golf-a-ete-arretee-et-emmenee-en-voiture\/\",\"name\":\"La vid\u00e9o montre des images de la cam\u00e9ra corporelle de la police apr\u00e8s un accident alors qu&#39;une ic\u00f4ne du golf a \u00e9t\u00e9 arr\u00eat\u00e9e et emmen\u00e9e en voiture\",\"isPartOf\":{\"@id\":\"https:\/\/footdavant.fr\/actualites\/#website\"},\"datePublished\":\"2026-04-03T02:48:17+00:00\",\"dateModified\":\"2026-04-03T02:48:19+00:00\",\"breadcrumb\":{\"@id\":\"https:\/\/footdavant.fr\/actualites\/la-video-montre-des-images-de-la-camera-corporelle-de-la-police-apres-un-accident-alors-quune-icone-du-golf-a-ete-arretee-et-emmenee-en-voiture\/#breadcrumb\"},\"inLanguage\":\"fr-FR\",\"potentialAction\":[{\"@type\":\"ReadAction\",\"target\":[\"https:\/\/footdavant.fr\/actualites\/la-video-montre-des-images-de-la-camera-corporelle-de-la-police-apres-un-accident-alors-quune-icone-du-golf-a-ete-arretee-et-emmenee-en-voiture\/\"]}]},{\"@type\":\"BreadcrumbList\",\"@id\":\"https:\/\/footdavant.fr\/actualites\/la-video-montre-des-images-de-la-camera-corporelle-de-la-police-apres-un-accident-alors-quune-icone-du-golf-a-ete-arretee-et-emmenee-en-voiture\/#breadcrumb\",\"itemListElement\":[{\"@type\":\"ListItem\",\"position\":1,\"name\":\"Accueil\",\"item\":\"https:\/\/footdavant.fr\/actualites\/\"},{\"@type\":\"ListItem\",\"position\":2,\"name\":\"La vid\u00e9o montre des images de la cam\u00e9ra corporelle de la police apr\u00e8s un accident alors qu&#39;une ic\u00f4ne du golf a \u00e9t\u00e9 arr\u00eat\u00e9e et emmen\u00e9e en voiture\"}]},{\"@type\":\"WebSite\",\"@id\":\"https:\/\/footdavant.fr\/actualites\/#website\",\"url\":\"https:\/\/footdavant.fr\/actualites\/\",\"name\":\"Foot d'avant\",\"description\":\"\",\"publisher\":{\"@id\":\"https:\/\/footdavant.fr\/actualites\/#organization\"},\"potentialAction\":[{\"@type\":\"SearchAction\",\"target\":{\"@type\":\"EntryPoint\",\"urlTemplate\":\"https:\/\/footdavant.fr\/actualites\/?s={search_term_string}\"},\"query-input\":\"required name=search_term_string\"}],\"inLanguage\":\"fr-FR\"},{\"@type\":\"Organization\",\"@id\":\"https:\/\/footdavant.fr\/actualites\/#organization\",\"name\":\"Foot d'avant\",\"url\":\"https:\/\/footdavant.fr\/actualites\/\",\"logo\":{\"@type\":\"ImageObject\",\"inLanguage\":\"fr-FR\",\"@id\":\"https:\/\/footdavant.fr\/actualites\/#\/schema\/logo\/image\/\",\"url\":\"https:\/\/footdavant.fr\/actualites\/wp-content\/uploads\/2023\/09\/Copy-of-FootDavant-Logo.png\",\"contentUrl\":\"https:\/\/footdavant.fr\/actualites\/wp-content\/uploads\/2023\/09\/Copy-of-FootDavant-Logo.png\",\"width\":936,\"height\":549,\"caption\":\"Foot d'avant\"},\"image\":{\"@id\":\"https:\/\/footdavant.fr\/actualites\/#\/schema\/logo\/image\/\"},\"sameAs\":[\"https:\/\/www.facebook.com\/Footdavant\/\",\"https:\/\/twitter.com\/FootdavantFr\",\"https:\/\/www.instagram.com\/footdavant.fr\/\"]},{\"@type\":\"Person\",\"@id\":\"https:\/\/footdavant.fr\/actualites\/#\/schema\/person\/bc222566d95871b37e597b3ed3ba5e1d\",\"name\":\"Cl\u00e9ment\",\"image\":{\"@type\":\"ImageObject\",\"inLanguage\":\"fr-FR\",\"@id\":\"https:\/\/footdavant.fr\/actualites\/#\/schema\/person\/image\/\",\"url\":\"https:\/\/secure.gravatar.com\/avatar\/7728b29aac2719421e1a9159b2254c44?s=96&d=mm&r=g\",\"contentUrl\":\"https:\/\/secure.gravatar.com\/avatar\/7728b29aac2719421e1a9159b2254c44?s=96&d=mm&r=g\",\"caption\":\"Cl\u00e9ment\"},\"sameAs\":[\"https:\/\/footdavant.fr\/\"]}]}<\/script>\n<!-- \/ Yoast SEO plugin. -->","yoast_head_json":{"title":"La vid\u00e9o montre des images de la cam\u00e9ra corporelle de la police apr\u00e8s un accident alors qu&#39;une ic\u00f4ne du golf a \u00e9t\u00e9 arr\u00eat\u00e9e et emmen\u00e9e en voiture","robots":{"index":"index","follow":"follow","max-snippet":"max-snippet:-1","max-image-preview":"max-image-preview:large","max-video-preview":"max-video-preview:-1"},"canonical":"https:\/\/footdavant.fr\/actualites\/la-video-montre-des-images-de-la-camera-corporelle-de-la-police-apres-un-accident-alors-quune-icone-du-golf-a-ete-arretee-et-emmenee-en-voiture\/","og_locale":"fr_FR","og_type":"article","og_title":"La vid\u00e9o montre des images de la cam\u00e9ra corporelle de la police apr\u00e8s un accident alors qu&#39;une ic\u00f4ne du golf a \u00e9t\u00e9 arr\u00eat\u00e9e et emmen\u00e9e en voiture","og_description":"Des images de la cam\u00e9ra corporelle de la police montrent Tiger Woods demandant s&#39;il est arr\u00eat\u00e9 et menott\u00e9 par la police apr\u00e8s avoir heurt\u00e9 un","og_url":"https:\/\/footdavant.fr\/actualites\/la-video-montre-des-images-de-la-camera-corporelle-de-la-police-apres-un-accident-alors-quune-icone-du-golf-a-ete-arretee-et-emmenee-en-voiture\/","og_site_name":"Foot d&#039;avant","article_publisher":"https:\/\/www.facebook.com\/Footdavant\/","article_published_time":"2026-04-03T02:48:17+00:00","article_modified_time":"2026-04-03T02:48:19+00:00","og_image":[{"width":1200,"height":859,"url":"https:\/\/footdavant.fr\/actualites\/wp-content\/uploads\/2026\/04\/1775184498_La-video-montre-des-images-de-la-camera-corporelle-de.jpg","type":"image\/jpeg"}],"author":"Cl\u00e9ment","twitter_card":"summary_large_image","twitter_creator":"@FootdavantFr","twitter_site":"@FootdavantFr","twitter_misc":{"\u00c9crit par":"Cl\u00e9ment","Dur\u00e9e de lecture estim\u00e9e":"3 minutes"},"schema":{"@context":"https:\/\/schema.org","@graph":[{"@type":"Article","@id":"https:\/\/footdavant.fr\/actualites\/la-video-montre-des-images-de-la-camera-corporelle-de-la-police-apres-un-accident-alors-quune-icone-du-golf-a-ete-arretee-et-emmenee-en-voiture\/#article","isPartOf":{"@id":"https:\/\/footdavant.fr\/actualites\/la-video-montre-des-images-de-la-camera-corporelle-de-la-police-apres-un-accident-alors-quune-icone-du-golf-a-ete-arretee-et-emmenee-en-voiture\/"},"author":{"name":"Cl\u00e9ment","@id":"https:\/\/footdavant.fr\/actualites\/#\/schema\/person\/bc222566d95871b37e597b3ed3ba5e1d"},"headline":"La vid\u00e9o montre des images de la cam\u00e9ra corporelle de la police apr\u00e8s un accident alors qu&#39;une ic\u00f4ne du golf a \u00e9t\u00e9 arr\u00eat\u00e9e et emmen\u00e9e en voiture","datePublished":"2026-04-03T02:48:17+00:00","dateModified":"2026-04-03T02:48:19+00:00","mainEntityOfPage":{"@id":"https:\/\/footdavant.fr\/actualites\/la-video-montre-des-images-de-la-camera-corporelle-de-la-police-apres-un-accident-alors-quune-icone-du-golf-a-ete-arretee-et-emmenee-en-voiture\/"},"wordCount":627,"publisher":{"@id":"https:\/\/footdavant.fr\/actualites\/#organization"},"keywords":["accident","alors","apr\u00e8s","arr\u00eat\u00e9e","cam\u00e9ra","corporelle","des","emmen\u00e9e","\u00e9t\u00e9","golf","ic\u00f4ne","images","montre","police","qu39une","Vid\u00e9o","voiture"],"articleSection":["Football"],"inLanguage":"fr-FR"},{"@type":"WebPage","@id":"https:\/\/footdavant.fr\/actualites\/la-video-montre-des-images-de-la-camera-corporelle-de-la-police-apres-un-accident-alors-quune-icone-du-golf-a-ete-arretee-et-emmenee-en-voiture\/","url":"https:\/\/footdavant.fr\/actualites\/la-video-montre-des-images-de-la-camera-corporelle-de-la-police-apres-un-accident-alors-quune-icone-du-golf-a-ete-arretee-et-emmenee-en-voiture\/","name":"La vid\u00e9o montre des images de la cam\u00e9ra corporelle de la police apr\u00e8s un accident alors qu&#39;une ic\u00f4ne du golf a \u00e9t\u00e9 arr\u00eat\u00e9e et emmen\u00e9e en voiture","isPartOf":{"@id":"https:\/\/footdavant.fr\/actualites\/#website"},"datePublished":"2026-04-03T02:48:17+00:00","dateModified":"2026-04-03T02:48:19+00:00","breadcrumb":{"@id":"https:\/\/footdavant.fr\/actualites\/la-video-montre-des-images-de-la-camera-corporelle-de-la-police-apres-un-accident-alors-quune-icone-du-golf-a-ete-arretee-et-emmenee-en-voiture\/#breadcrumb"},"inLanguage":"fr-FR","potentialAction":[{"@type":"ReadAction","target":["https:\/\/footdavant.fr\/actualites\/la-video-montre-des-images-de-la-camera-corporelle-de-la-police-apres-un-accident-alors-quune-icone-du-golf-a-ete-arretee-et-emmenee-en-voiture\/"]}]},{"@type":"BreadcrumbList","@id":"https:\/\/footdavant.fr\/actualites\/la-video-montre-des-images-de-la-camera-corporelle-de-la-police-apres-un-accident-alors-quune-icone-du-golf-a-ete-arretee-et-emmenee-en-voiture\/#breadcrumb","itemListElement":[{"@type":"ListItem","position":1,"name":"Accueil","item":"https:\/\/footdavant.fr\/actualites\/"},{"@type":"ListItem","position":2,"name":"La vid\u00e9o montre des images de la cam\u00e9ra corporelle de la police apr\u00e8s un accident alors qu&#39;une ic\u00f4ne du golf a \u00e9t\u00e9 arr\u00eat\u00e9e et emmen\u00e9e en voiture"}]},{"@type":"WebSite","@id":"https:\/\/footdavant.fr\/actualites\/#website","url":"https:\/\/footdavant.fr\/actualites\/","name":"Foot d'avant","description":"","publisher":{"@id":"https:\/\/footdavant.fr\/actualites\/#organization"},"potentialAction":[{"@type":"SearchAction","target":{"@type":"EntryPoint","urlTemplate":"https:\/\/footdavant.fr\/actualites\/?s={search_term_string}"},"query-input":"required name=search_term_string"}],"inLanguage":"fr-FR"},{"@type":"Organization","@id":"https:\/\/footdavant.fr\/actualites\/#organization","name":"Foot d'avant","url":"https:\/\/footdavant.fr\/actualites\/","logo":{"@type":"ImageObject","inLanguage":"fr-FR","@id":"https:\/\/footdavant.fr\/actualites\/#\/schema\/logo\/image\/","url":"https:\/\/footdavant.fr\/actualites\/wp-content\/uploads\/2023\/09\/Copy-of-FootDavant-Logo.png","contentUrl":"https:\/\/footdavant.fr\/actualites\/wp-content\/uploads\/2023\/09\/Copy-of-FootDavant-Logo.png","width":936,"height":549,"caption":"Foot d'avant"},"image":{"@id":"https:\/\/footdavant.fr\/actualites\/#\/schema\/logo\/image\/"},"sameAs":["https:\/\/www.facebook.com\/Footdavant\/","https:\/\/twitter.com\/FootdavantFr","https:\/\/www.instagram.com\/footdavant.fr\/"]},{"@type":"Person","@id":"https:\/\/footdavant.fr\/actualites\/#\/schema\/person\/bc222566d95871b37e597b3ed3ba5e1d","name":"Cl\u00e9ment","image":{"@type":"ImageObject","inLanguage":"fr-FR","@id":"https:\/\/footdavant.fr\/actualites\/#\/schema\/person\/image\/","url":"https:\/\/secure.gravatar.com\/avatar\/7728b29aac2719421e1a9159b2254c44?s=96&d=mm&r=g","contentUrl":"https:\/\/secure.gravatar.com\/avatar\/7728b29aac2719421e1a9159b2254c44?s=96&d=mm&r=g","caption":"Cl\u00e9ment"},"sameAs":["https:\/\/footdavant.fr\/"]}]}},"_links":{"self":[{"href":"https:\/\/footdavant.fr\/actualites\/wp-json\/wp\/v2\/posts\/36068"}],"collection":[{"href":"https:\/\/footdavant.fr\/actualites\/wp-json\/wp\/v2\/posts"}],"about":[{"href":"https:\/\/footdavant.fr\/actualites\/wp-json\/wp\/v2\/types\/post"}],"author":[{"embeddable":true,"href":"https:\/\/footdavant.fr\/actualites\/wp-json\/wp\/v2\/users\/1"}],"replies":[{"embeddable":true,"href":"https:\/\/footdavant.fr\/actualites\/wp-json\/wp\/v2\/comments?post=36068"}],"version-history":[{"count":1,"href":"https:\/\/footdavant.fr\/actualites\/wp-json\/wp\/v2\/posts\/36068\/revisions"}],"predecessor-version":[{"id":36070,"href":"https:\/\/footdavant.fr\/actualites\/wp-json\/wp\/v2\/posts\/36068\/revisions\/36070"}],"wp:featuredmedia":[{"embeddable":true,"href":"https:\/\/footdavant.fr\/actualites\/wp-json\/wp\/v2\/media\/36069"}],"wp:attachment":[{"href":"https:\/\/footdavant.fr\/actualites\/wp-json\/wp\/v2\/media?parent=36068"}],"wp:term":[{"taxonomy":"category","embeddable":true,"href":"https:\/\/footdavant.fr\/actualites\/wp-json\/wp\/v2\/categories?post=36068"},{"taxonomy":"post_tag","embeddable":true,"href":"https:\/\/footdavant.fr\/actualites\/wp-json\/wp\/v2\/tags?post=36068"}],"curies":[{"name":"wp","href":"https:\/\/api.w.org\/{rel}","templated":true}]}}