{"id":36074,"date":"2026-04-03T08:48:06","date_gmt":"2026-04-03T06:48:06","guid":{"rendered":"https:\/\/footdavant.fr\/actualites\/schlotterbeck-dortmund-a-fixe-son-prix-pour-lobjectif-de-united-apres-son-revirement\/"},"modified":"2026-04-03T08:48:08","modified_gmt":"2026-04-03T06:48:08","slug":"schlotterbeck-dortmund-a-fixe-son-prix-pour-lobjectif-de-united-apres-son-revirement","status":"publish","type":"post","link":"https:\/\/footdavant.fr\/actualites\/schlotterbeck-dortmund-a-fixe-son-prix-pour-lobjectif-de-united-apres-son-revirement\/","title":{"rendered":"Schlotterbeck: Dortmund a fix\u00e9 son prix pour l&#39;objectif de United apr\u00e8s son revirement &#8211;"},"content":{"rendered":"<div id=\"penci-post-entry-inner\">\n<p>\t\t\t<i class=\"penci-post-countview-number-check\" style=\"display:none\">8<\/i><\/p>\n<p>L&#39;int\u00e9r\u00eat de Manchester United a donn\u00e9 au Borussia Dortmund un nouveau casse-t\u00eate \u00e0 l&#39;approche du mercato estival.<\/p>\n<p>Plus t\u00f4t cette ann\u00e9e, il a \u00e9t\u00e9 largement rapport\u00e9 en Allemagne que le renouvellement du contrat de Nico Schlotterbeck \u00e0 Dortmund \u00e9tait \u00ab presque finalis\u00e9 \u00bb.<\/p>\n<p>Cependant, Schlotterbeck a pr\u00e9cis\u00e9 que les n\u00e9gociations avec l&#39;\u00e9quipe de Bundesliga sont loin d&#39;\u00eatre avanc\u00e9es suite au d\u00e9part du directeur sportif Sebastian Kehl.<\/p>\n<p>R\u00e9cemment, The Peoples Person a relay\u00e9 un article affirmant que Dortmund pensait qu&#39;il ne s&#39;agissait que d&#39;un pr\u00e9texte. La v\u00e9ritable raison derri\u00e8re les r\u00e9cents commentaires du d\u00e9fenseur allemand pourrait \u00eatre \u00ab un nouvel int\u00e9r\u00eat \u00bb de la part de United et de Liverpool.  <\/p>\n<h3>Le Borussia Dortmund fixe le prix de Nico Schlotterbeck<\/h3>\n<p>Florian Plettenberg de Sky Sports Allemagne a maintenant donn\u00e9 plus d&#39;informations sur la mani\u00e8re dont Dortmund pr\u00e9voit de faire face au revirement majeur de son leader d\u00e9fensif, Nico Schlotterbeck.<\/p>\n<p>Il semblerait que d&#39;autres r\u00e9unions soient pr\u00e9vues entre le camp du d\u00e9fenseur central et le nouveau directeur sportif de Dortmund, Oli Book, au cours desquelles, entre autres, la clause lib\u00e9ratoire de Schlotterbeck sera discut\u00e9e.<\/p>\n<p>Le joueur de 26 ans devrait entamer les 12 derniers mois de son contrat au Westfalenstadion cet \u00e9t\u00e9, laissant le club transpirer sur son avenir.<\/p>\n<p>Il est entendu qu&#39;un nouveau grand club est entr\u00e9 dans la course pour l&#39;international allemand, qui serait disponible pour 30 \u00e0 35 millions d&#39;euros (26,1 \u00e0 30,5 millions de livres sterling) cet \u00e9t\u00e9 s&#39;il continue de bloquer les n\u00e9gociations contractuelles.<\/p>\n<h3>Manchester United a besoin de Nico Schlotterbeck<\/h3>\n<p>United devrait \u00eatre dans la file d\u2019attente pour profiter de la situation pr\u00e9caire \u00e0 Dortmund, car la ligne de d\u00e9fense des Red Devils est pour le moins mince. <\/p>\n<p>Le vieillissant Harry Maguire n&#39;a pas encore renouvel\u00e9 son contrat \u00e0 Old Trafford et Lisandro Martinez entre en territoire de responsabilit\u00e9 en raison de ses probl\u00e8mes de blessures persistants. Pendant ce temps, Leny Yoro et Ayden Heaven sont encore trop bruts pour pouvoir compter sur eux pour d\u00e9buter r\u00e9guli\u00e8rement pour les g\u00e9ants de la Premier League. <\/p>\n<p>Schlotterbeck s&#39;est impos\u00e9 comme une figure de proue de la Bundesliga, impressionnant par sa conscience de position et sa domination dans les duels.<\/p>\n<p>En possession, il est sans doute l&#39;un des meilleurs progressistes de balle d&#39;Europe, en raison de son portage et de ses passes exceptionnels.<\/p>\n<\/p>\n<hr\/>\n<p>The Peoples Person est l&#39;un des principaux sites d&#39;information de Man United au monde depuis plus d&#39;une d\u00e9cennie. Suivez-nous sur Bluesky\u00a0: @peoplesperson.bsky.social<\/p>\n<p><!-- CONTENT END 2 --><\/p><\/div>\n","protected":false},"excerpt":{"rendered":"<p>8 L&#39;int\u00e9r\u00eat de Manchester United a donn\u00e9 au Borussia Dortmund un nouveau casse-t\u00eate \u00e0 l&#39;approche du mercato estival. Plus t\u00f4t cette ann\u00e9e, il a \u00e9t\u00e9<\/p>\n","protected":false},"author":1,"featured_media":36075,"comment_status":"closed","ping_status":"","sticky":false,"template":"","format":"standard","meta":{"footnotes":""},"categories":[3],"tags":[25,107,113,5238,51,73,5924,10788,86,13],"yoast_head":"<!-- This site is optimized with the Yoast SEO plugin v21.0 - https:\/\/yoast.com\/wordpress\/plugins\/seo\/ -->\n<title>Schlotterbeck: Dortmund a fix\u00e9 son prix pour l&#039;objectif de United apr\u00e8s son revirement -<\/title>\n<meta name=\"robots\" content=\"index, follow, max-snippet:-1, max-image-preview:large, max-video-preview:-1\" \/>\n<link rel=\"canonical\" href=\"https:\/\/footdavant.fr\/actualites\/schlotterbeck-dortmund-a-fixe-son-prix-pour-lobjectif-de-united-apres-son-revirement\/\" \/>\n<meta property=\"og:locale\" content=\"fr_FR\" \/>\n<meta property=\"og:type\" content=\"article\" \/>\n<meta property=\"og:title\" content=\"Schlotterbeck: Dortmund a fix\u00e9 son prix pour l&#039;objectif de United apr\u00e8s son revirement -\" \/>\n<meta property=\"og:description\" content=\"8 L&#039;int\u00e9r\u00eat de Manchester United a donn\u00e9 au Borussia Dortmund un nouveau casse-t\u00eate \u00e0 l&#039;approche du mercato estival. Plus t\u00f4t cette ann\u00e9e, il a \u00e9t\u00e9\" \/>\n<meta property=\"og:url\" content=\"https:\/\/footdavant.fr\/actualites\/schlotterbeck-dortmund-a-fixe-son-prix-pour-lobjectif-de-united-apres-son-revirement\/\" \/>\n<meta property=\"og:site_name\" content=\"Foot d&#039;avant\" \/>\n<meta property=\"article:publisher\" content=\"https:\/\/www.facebook.com\/Footdavant\/\" \/>\n<meta property=\"article:published_time\" content=\"2026-04-03T06:48:06+00:00\" \/>\n<meta property=\"article:modified_time\" content=\"2026-04-03T06:48:08+00:00\" \/>\n<meta property=\"og:image\" content=\"https:\/\/footdavant.fr\/actualites\/wp-content\/uploads\/2026\/04\/Schlotterbeck-Dortmund-a-fixe-son-prix-pour-l39objectif-de-United.jpg\" \/>\n\t<meta property=\"og:image:width\" content=\"1600\" \/>\n\t<meta property=\"og:image:height\" content=\"719\" \/>\n\t<meta property=\"og:image:type\" content=\"image\/jpeg\" \/>\n<meta name=\"author\" content=\"Cl\u00e9ment\" \/>\n<meta name=\"twitter:card\" content=\"summary_large_image\" \/>\n<meta name=\"twitter:creator\" content=\"@FootdavantFr\" \/>\n<meta name=\"twitter:site\" content=\"@FootdavantFr\" \/>\n<meta name=\"twitter:label1\" content=\"\u00c9crit par\" \/>\n\t<meta name=\"twitter:data1\" content=\"Cl\u00e9ment\" \/>\n\t<meta name=\"twitter:label2\" content=\"Dur\u00e9e de lecture estim\u00e9e\" \/>\n\t<meta name=\"twitter:data2\" content=\"2 minutes\" \/>\n<script type=\"application\/ld+json\" class=\"yoast-schema-graph\">{\"@context\":\"https:\/\/schema.org\",\"@graph\":[{\"@type\":\"Article\",\"@id\":\"https:\/\/footdavant.fr\/actualites\/schlotterbeck-dortmund-a-fixe-son-prix-pour-lobjectif-de-united-apres-son-revirement\/#article\",\"isPartOf\":{\"@id\":\"https:\/\/footdavant.fr\/actualites\/schlotterbeck-dortmund-a-fixe-son-prix-pour-lobjectif-de-united-apres-son-revirement\/\"},\"author\":{\"name\":\"Cl\u00e9ment\",\"@id\":\"https:\/\/footdavant.fr\/actualites\/#\/schema\/person\/bc222566d95871b37e597b3ed3ba5e1d\"},\"headline\":\"Schlotterbeck: Dortmund a fix\u00e9 son prix pour l&#39;objectif de United apr\u00e8s son revirement &#8211;\",\"datePublished\":\"2026-04-03T06:48:06+00:00\",\"dateModified\":\"2026-04-03T06:48:08+00:00\",\"mainEntityOfPage\":{\"@id\":\"https:\/\/footdavant.fr\/actualites\/schlotterbeck-dortmund-a-fixe-son-prix-pour-lobjectif-de-united-apres-son-revirement\/\"},\"wordCount\":462,\"publisher\":{\"@id\":\"https:\/\/footdavant.fr\/actualites\/#organization\"},\"keywords\":[\"apr\u00e8s\",\"Dortmund\",\"fixe\",\"l39objectif\",\"pour\",\"prix\",\"revirement\",\"Schlotterbeck\",\"son\",\"United\"],\"articleSection\":[\"Football\"],\"inLanguage\":\"fr-FR\"},{\"@type\":\"WebPage\",\"@id\":\"https:\/\/footdavant.fr\/actualites\/schlotterbeck-dortmund-a-fixe-son-prix-pour-lobjectif-de-united-apres-son-revirement\/\",\"url\":\"https:\/\/footdavant.fr\/actualites\/schlotterbeck-dortmund-a-fixe-son-prix-pour-lobjectif-de-united-apres-son-revirement\/\",\"name\":\"Schlotterbeck: Dortmund a fix\u00e9 son prix pour l&#39;objectif de United apr\u00e8s son revirement -\",\"isPartOf\":{\"@id\":\"https:\/\/footdavant.fr\/actualites\/#website\"},\"datePublished\":\"2026-04-03T06:48:06+00:00\",\"dateModified\":\"2026-04-03T06:48:08+00:00\",\"breadcrumb\":{\"@id\":\"https:\/\/footdavant.fr\/actualites\/schlotterbeck-dortmund-a-fixe-son-prix-pour-lobjectif-de-united-apres-son-revirement\/#breadcrumb\"},\"inLanguage\":\"fr-FR\",\"potentialAction\":[{\"@type\":\"ReadAction\",\"target\":[\"https:\/\/footdavant.fr\/actualites\/schlotterbeck-dortmund-a-fixe-son-prix-pour-lobjectif-de-united-apres-son-revirement\/\"]}]},{\"@type\":\"BreadcrumbList\",\"@id\":\"https:\/\/footdavant.fr\/actualites\/schlotterbeck-dortmund-a-fixe-son-prix-pour-lobjectif-de-united-apres-son-revirement\/#breadcrumb\",\"itemListElement\":[{\"@type\":\"ListItem\",\"position\":1,\"name\":\"Accueil\",\"item\":\"https:\/\/footdavant.fr\/actualites\/\"},{\"@type\":\"ListItem\",\"position\":2,\"name\":\"Schlotterbeck: Dortmund a fix\u00e9 son prix pour l&#39;objectif de United apr\u00e8s son revirement &#8211;\"}]},{\"@type\":\"WebSite\",\"@id\":\"https:\/\/footdavant.fr\/actualites\/#website\",\"url\":\"https:\/\/footdavant.fr\/actualites\/\",\"name\":\"Foot d'avant\",\"description\":\"\",\"publisher\":{\"@id\":\"https:\/\/footdavant.fr\/actualites\/#organization\"},\"potentialAction\":[{\"@type\":\"SearchAction\",\"target\":{\"@type\":\"EntryPoint\",\"urlTemplate\":\"https:\/\/footdavant.fr\/actualites\/?s={search_term_string}\"},\"query-input\":\"required name=search_term_string\"}],\"inLanguage\":\"fr-FR\"},{\"@type\":\"Organization\",\"@id\":\"https:\/\/footdavant.fr\/actualites\/#organization\",\"name\":\"Foot d'avant\",\"url\":\"https:\/\/footdavant.fr\/actualites\/\",\"logo\":{\"@type\":\"ImageObject\",\"inLanguage\":\"fr-FR\",\"@id\":\"https:\/\/footdavant.fr\/actualites\/#\/schema\/logo\/image\/\",\"url\":\"https:\/\/footdavant.fr\/actualites\/wp-content\/uploads\/2023\/09\/Copy-of-FootDavant-Logo.png\",\"contentUrl\":\"https:\/\/footdavant.fr\/actualites\/wp-content\/uploads\/2023\/09\/Copy-of-FootDavant-Logo.png\",\"width\":936,\"height\":549,\"caption\":\"Foot d'avant\"},\"image\":{\"@id\":\"https:\/\/footdavant.fr\/actualites\/#\/schema\/logo\/image\/\"},\"sameAs\":[\"https:\/\/www.facebook.com\/Footdavant\/\",\"https:\/\/twitter.com\/FootdavantFr\",\"https:\/\/www.instagram.com\/footdavant.fr\/\"]},{\"@type\":\"Person\",\"@id\":\"https:\/\/footdavant.fr\/actualites\/#\/schema\/person\/bc222566d95871b37e597b3ed3ba5e1d\",\"name\":\"Cl\u00e9ment\",\"image\":{\"@type\":\"ImageObject\",\"inLanguage\":\"fr-FR\",\"@id\":\"https:\/\/footdavant.fr\/actualites\/#\/schema\/person\/image\/\",\"url\":\"https:\/\/secure.gravatar.com\/avatar\/7728b29aac2719421e1a9159b2254c44?s=96&d=mm&r=g\",\"contentUrl\":\"https:\/\/secure.gravatar.com\/avatar\/7728b29aac2719421e1a9159b2254c44?s=96&d=mm&r=g\",\"caption\":\"Cl\u00e9ment\"},\"sameAs\":[\"https:\/\/footdavant.fr\/\"]}]}<\/script>\n<!-- \/ Yoast SEO plugin. -->","yoast_head_json":{"title":"Schlotterbeck: Dortmund a fix\u00e9 son prix pour l&#39;objectif de United apr\u00e8s son revirement -","robots":{"index":"index","follow":"follow","max-snippet":"max-snippet:-1","max-image-preview":"max-image-preview:large","max-video-preview":"max-video-preview:-1"},"canonical":"https:\/\/footdavant.fr\/actualites\/schlotterbeck-dortmund-a-fixe-son-prix-pour-lobjectif-de-united-apres-son-revirement\/","og_locale":"fr_FR","og_type":"article","og_title":"Schlotterbeck: Dortmund a fix\u00e9 son prix pour l&#39;objectif de United apr\u00e8s son revirement -","og_description":"8 L&#39;int\u00e9r\u00eat de Manchester United a donn\u00e9 au Borussia Dortmund un nouveau casse-t\u00eate \u00e0 l&#39;approche du mercato estival. Plus t\u00f4t cette ann\u00e9e, il a \u00e9t\u00e9","og_url":"https:\/\/footdavant.fr\/actualites\/schlotterbeck-dortmund-a-fixe-son-prix-pour-lobjectif-de-united-apres-son-revirement\/","og_site_name":"Foot d&#039;avant","article_publisher":"https:\/\/www.facebook.com\/Footdavant\/","article_published_time":"2026-04-03T06:48:06+00:00","article_modified_time":"2026-04-03T06:48:08+00:00","og_image":[{"width":1600,"height":719,"url":"https:\/\/footdavant.fr\/actualites\/wp-content\/uploads\/2026\/04\/Schlotterbeck-Dortmund-a-fixe-son-prix-pour-l39objectif-de-United.jpg","type":"image\/jpeg"}],"author":"Cl\u00e9ment","twitter_card":"summary_large_image","twitter_creator":"@FootdavantFr","twitter_site":"@FootdavantFr","twitter_misc":{"\u00c9crit par":"Cl\u00e9ment","Dur\u00e9e de lecture estim\u00e9e":"2 minutes"},"schema":{"@context":"https:\/\/schema.org","@graph":[{"@type":"Article","@id":"https:\/\/footdavant.fr\/actualites\/schlotterbeck-dortmund-a-fixe-son-prix-pour-lobjectif-de-united-apres-son-revirement\/#article","isPartOf":{"@id":"https:\/\/footdavant.fr\/actualites\/schlotterbeck-dortmund-a-fixe-son-prix-pour-lobjectif-de-united-apres-son-revirement\/"},"author":{"name":"Cl\u00e9ment","@id":"https:\/\/footdavant.fr\/actualites\/#\/schema\/person\/bc222566d95871b37e597b3ed3ba5e1d"},"headline":"Schlotterbeck: Dortmund a fix\u00e9 son prix pour l&#39;objectif de United apr\u00e8s son revirement &#8211;","datePublished":"2026-04-03T06:48:06+00:00","dateModified":"2026-04-03T06:48:08+00:00","mainEntityOfPage":{"@id":"https:\/\/footdavant.fr\/actualites\/schlotterbeck-dortmund-a-fixe-son-prix-pour-lobjectif-de-united-apres-son-revirement\/"},"wordCount":462,"publisher":{"@id":"https:\/\/footdavant.fr\/actualites\/#organization"},"keywords":["apr\u00e8s","Dortmund","fixe","l39objectif","pour","prix","revirement","Schlotterbeck","son","United"],"articleSection":["Football"],"inLanguage":"fr-FR"},{"@type":"WebPage","@id":"https:\/\/footdavant.fr\/actualites\/schlotterbeck-dortmund-a-fixe-son-prix-pour-lobjectif-de-united-apres-son-revirement\/","url":"https:\/\/footdavant.fr\/actualites\/schlotterbeck-dortmund-a-fixe-son-prix-pour-lobjectif-de-united-apres-son-revirement\/","name":"Schlotterbeck: Dortmund a fix\u00e9 son prix pour l&#39;objectif de United apr\u00e8s son revirement -","isPartOf":{"@id":"https:\/\/footdavant.fr\/actualites\/#website"},"datePublished":"2026-04-03T06:48:06+00:00","dateModified":"2026-04-03T06:48:08+00:00","breadcrumb":{"@id":"https:\/\/footdavant.fr\/actualites\/schlotterbeck-dortmund-a-fixe-son-prix-pour-lobjectif-de-united-apres-son-revirement\/#breadcrumb"},"inLanguage":"fr-FR","potentialAction":[{"@type":"ReadAction","target":["https:\/\/footdavant.fr\/actualites\/schlotterbeck-dortmund-a-fixe-son-prix-pour-lobjectif-de-united-apres-son-revirement\/"]}]},{"@type":"BreadcrumbList","@id":"https:\/\/footdavant.fr\/actualites\/schlotterbeck-dortmund-a-fixe-son-prix-pour-lobjectif-de-united-apres-son-revirement\/#breadcrumb","itemListElement":[{"@type":"ListItem","position":1,"name":"Accueil","item":"https:\/\/footdavant.fr\/actualites\/"},{"@type":"ListItem","position":2,"name":"Schlotterbeck: Dortmund a fix\u00e9 son prix pour l&#39;objectif de United apr\u00e8s son revirement &#8211;"}]},{"@type":"WebSite","@id":"https:\/\/footdavant.fr\/actualites\/#website","url":"https:\/\/footdavant.fr\/actualites\/","name":"Foot d'avant","description":"","publisher":{"@id":"https:\/\/footdavant.fr\/actualites\/#organization"},"potentialAction":[{"@type":"SearchAction","target":{"@type":"EntryPoint","urlTemplate":"https:\/\/footdavant.fr\/actualites\/?s={search_term_string}"},"query-input":"required name=search_term_string"}],"inLanguage":"fr-FR"},{"@type":"Organization","@id":"https:\/\/footdavant.fr\/actualites\/#organization","name":"Foot d'avant","url":"https:\/\/footdavant.fr\/actualites\/","logo":{"@type":"ImageObject","inLanguage":"fr-FR","@id":"https:\/\/footdavant.fr\/actualites\/#\/schema\/logo\/image\/","url":"https:\/\/footdavant.fr\/actualites\/wp-content\/uploads\/2023\/09\/Copy-of-FootDavant-Logo.png","contentUrl":"https:\/\/footdavant.fr\/actualites\/wp-content\/uploads\/2023\/09\/Copy-of-FootDavant-Logo.png","width":936,"height":549,"caption":"Foot d'avant"},"image":{"@id":"https:\/\/footdavant.fr\/actualites\/#\/schema\/logo\/image\/"},"sameAs":["https:\/\/www.facebook.com\/Footdavant\/","https:\/\/twitter.com\/FootdavantFr","https:\/\/www.instagram.com\/footdavant.fr\/"]},{"@type":"Person","@id":"https:\/\/footdavant.fr\/actualites\/#\/schema\/person\/bc222566d95871b37e597b3ed3ba5e1d","name":"Cl\u00e9ment","image":{"@type":"ImageObject","inLanguage":"fr-FR","@id":"https:\/\/footdavant.fr\/actualites\/#\/schema\/person\/image\/","url":"https:\/\/secure.gravatar.com\/avatar\/7728b29aac2719421e1a9159b2254c44?s=96&d=mm&r=g","contentUrl":"https:\/\/secure.gravatar.com\/avatar\/7728b29aac2719421e1a9159b2254c44?s=96&d=mm&r=g","caption":"Cl\u00e9ment"},"sameAs":["https:\/\/footdavant.fr\/"]}]}},"_links":{"self":[{"href":"https:\/\/footdavant.fr\/actualites\/wp-json\/wp\/v2\/posts\/36074"}],"collection":[{"href":"https:\/\/footdavant.fr\/actualites\/wp-json\/wp\/v2\/posts"}],"about":[{"href":"https:\/\/footdavant.fr\/actualites\/wp-json\/wp\/v2\/types\/post"}],"author":[{"embeddable":true,"href":"https:\/\/footdavant.fr\/actualites\/wp-json\/wp\/v2\/users\/1"}],"replies":[{"embeddable":true,"href":"https:\/\/footdavant.fr\/actualites\/wp-json\/wp\/v2\/comments?post=36074"}],"version-history":[{"count":1,"href":"https:\/\/footdavant.fr\/actualites\/wp-json\/wp\/v2\/posts\/36074\/revisions"}],"predecessor-version":[{"id":36076,"href":"https:\/\/footdavant.fr\/actualites\/wp-json\/wp\/v2\/posts\/36074\/revisions\/36076"}],"wp:featuredmedia":[{"embeddable":true,"href":"https:\/\/footdavant.fr\/actualites\/wp-json\/wp\/v2\/media\/36075"}],"wp:attachment":[{"href":"https:\/\/footdavant.fr\/actualites\/wp-json\/wp\/v2\/media?parent=36074"}],"wp:term":[{"taxonomy":"category","embeddable":true,"href":"https:\/\/footdavant.fr\/actualites\/wp-json\/wp\/v2\/categories?post=36074"},{"taxonomy":"post_tag","embeddable":true,"href":"https:\/\/footdavant.fr\/actualites\/wp-json\/wp\/v2\/tags?post=36074"}],"curies":[{"name":"wp","href":"https:\/\/api.w.org\/{rel}","templated":true}]}}