{"id":36077,"date":"2026-04-03T10:48:01","date_gmt":"2026-04-03T08:48:01","guid":{"rendered":"https:\/\/footdavant.fr\/actualites\/nouvelles-du-transfert-deverton-david-moyes-surveille-la-decision-du-vainqueur-de-la-ligue-des-champions-qui-ne-couterait-pas-un-centime\/"},"modified":"2026-04-03T10:48:02","modified_gmt":"2026-04-03T08:48:02","slug":"nouvelles-du-transfert-deverton-david-moyes-surveille-la-decision-du-vainqueur-de-la-ligue-des-champions-qui-ne-couterait-pas-un-centime","status":"publish","type":"post","link":"https:\/\/footdavant.fr\/actualites\/nouvelles-du-transfert-deverton-david-moyes-surveille-la-decision-du-vainqueur-de-la-ligue-des-champions-qui-ne-couterait-pas-un-centime\/","title":{"rendered":"Nouvelles du transfert d&#39;Everton : David Moyes \u00ab surveille \u00bb la d\u00e9cision du vainqueur de la Ligue des champions qui ne co\u00fbterait pas un centime"},"content":{"rendered":"<div itemprop=\"articleBody\">\n<p data-end=\"129\" data-start=\"0\">Everton explore d\u00e9j\u00e0 des opportunit\u00e9s intelligentes avant la fen\u00eatre estivale, en mettant l\u2019accent sur l\u2019exp\u00e9rience et la valeur sur le march\u00e9.<\/p>\n<p data-end=\"310\" data-start=\"131\">Les Toffees devraient fonctionner avec prudence financi\u00e8rement, ce qui signifie que les transferts gratuits et les offres \u00e0 faible co\u00fbt pourraient jouer un r\u00f4le cl\u00e9 dans leur strat\u00e9gie de recrutement.<\/p>\n<p data-end=\"423\" data-start=\"312\">Ce type d\u2019approche pourrait d\u00e9sormais les ramener \u00e0 un visage familier, avec un retour potentiellement important d\u00e9sormais \u00e0 pr\u00e9voir.<\/p>\n<div>\n<div>\n<div>\n<p>\u00a9 Imago \/ IMAGO \/ Sportimage<\/p>\n<\/div>\n<\/div>\n<\/div>\n<p data-end=\"662\" data-start=\"484\">Selon talkSPORT, le manager d&#39;Everton, David Moyes, \u00ab surveille \u00bb la situation du d\u00e9fenseur central de Manchester City, John Stones, en vue de ramener le d\u00e9fenseur \u00e0 Goodison Park.<\/p>\n<p data-end=\"840\" data-start=\"664\">Stones, qui a commenc\u00e9 son ascension en Premier League dans le Merseyside avant de d\u00e9m\u00e9nager \u00e0 City, est d\u00e9sormais confront\u00e9 \u00e0 un avenir incertain apr\u00e8s une saison difficile.<\/p>\n<p data-end=\"1044\" data-start=\"842\">Un temps de jeu limit\u00e9 et des probl\u00e8mes de blessures persistants ont limit\u00e9 son impact, mais son pedigree au plus haut niveau fait de lui une option attrayante pour les clubs en qu\u00eate de leadership et de qualit\u00e9 en d\u00e9fense.<\/p>\n<h2>Il est peu probable que John Stones obtienne un nouveau contrat avec Man City<\/h2>\n<div>\n<div>\n<div><img decoding=\"async\" data-img-id=\"144480\" class=\"lazy\" loading=\"lazy\" src=\"https:\/\/footdavant.fr\/actualites\/wp-content\/uploads\/2026\/04\/Nouvelles-du-transfert-d39Everton-David-Moyes-surveille.jpg\"\/><\/p>\n<p>\u00a9 Imago<\/p>\n<\/div>\n<\/div>\n<\/div>\n<p data-end=\"1261\" data-start=\"1106\">Le d\u00e9fenseur de 31 ans est toujours en fin de contrat cet \u00e9t\u00e9 et ne devrait pas se voir proposer un nouveau contrat par le patron de City, Pep Guardiola, ce qui augmente la probabilit\u00e9 de son d\u00e9part.<\/p>\n<p data-end=\"1436\" data-start=\"1263\">N&#39;ayant d\u00e9but\u00e9 que quelques matches nationaux cette campagne, Stones a eu du mal \u00e0 conserver un r\u00f4le constant, tandis que les blessures ont encore compliqu\u00e9 sa situation.<\/p>\n<p data-end=\"1637\" data-start=\"1438\">Malgr\u00e9 ses r\u00e9cents revers, son parcours charg\u00e9 de troph\u00e9es \u00e0 City, dont six titres de Premier League et un triomphe en Ligue des champions, souligne le niveau d&#39;exp\u00e9rience qu&#39;il pourrait apporter dans un nouvel environnement.<\/p>\n<h2>John Stones en transfert gratuit est-il une bonne affaire pour Everton ?<\/h2>\n<div>\n<div>\n<div><img decoding=\"async\" data-img-id=\"154288\" class=\"lazy\" loading=\"lazy\" src=\"https:\/\/footdavant.fr\/actualites\/wp-content\/uploads\/2025\/12\/1764780486_259_Predictions-de-la-Premier-League-GW14-victoires-vitales-pour-Arsenal.webp\"\/><\/p>\n<p>\u00a9 Imago \/ Visionhaus<\/p>\n<\/div>\n<\/div>\n<\/div>\n<p data-end=\"1891\" data-start=\"1700\">Si Moyes pouvait obtenir un transfert gratuit pour Stones, cela repr\u00e9senterait s\u00fbrement un coup important pour Everton.<\/p>\n<p data-end=\"1891\" data-start=\"1700\">Des joueurs avec son niveau d\u2019exp\u00e9rience, de r\u00e9ussite et sa mentalit\u00e9 de gagnant sont rarement disponibles sans frais de transfert.<\/p>\n<p data-end=\"2074\" data-start=\"1893\">Bien qu&#39;il existe des risques compte tenu de son bilan de blessures, le potentiel d&#39;am\u00e9lioration est consid\u00e9rable, en particulier pour une \u00e9quipe cherchant \u00e0 ajouter du sang-froid et du leadership \u00e0 son unit\u00e9 d\u00e9fensive.<\/p>\n<p data-end=\"2322\" data-is-last-node=\"\" data-is-only-node=\"\" data-start=\"2076\">Pour Moyes, cela semble \u00eatre une d\u00e9marche \u00e0 faible risque et tr\u00e8s r\u00e9mun\u00e9ratrice, surtout si Stones peut rester en forme,<\/p>\n<p data-end=\"2322\" data-is-last-node=\"\" data-is-only-node=\"\" data-start=\"2076\">Everton gagnerait un d\u00e9fenseur de haut niveau \u00e9prouv\u00e9 sans d\u00e9penser un centime en frais de transfert, ce qui est un sc\u00e9nario qui vaut presque toujours la peine d&#39;\u00eatre poursuivi sur le march\u00e9 moderne.<\/p>\n<\/div>\n","protected":false},"excerpt":{"rendered":"<p>Everton explore d\u00e9j\u00e0 des opportunit\u00e9s intelligentes avant la fen\u00eatre estivale, en mettant l\u2019accent sur l\u2019exp\u00e9rience et la valeur sur le march\u00e9. Les Toffees devraient fonctionner<\/p>\n","protected":false},"author":1,"featured_media":36078,"comment_status":"closed","ping_status":"","sticky":false,"template":"","format":"standard","meta":{"footnotes":""},"categories":[5],"tags":[11780,31,5005,4282,342,497,12,30,1216,461,71,243,1582,700,387],"yoast_head":"<!-- This site is optimized with the Yoast SEO plugin v21.0 - https:\/\/yoast.com\/wordpress\/plugins\/seo\/ -->\n<title>Nouvelles du transfert d&#039;Everton : David Moyes \u00ab surveille \u00bb la d\u00e9cision du vainqueur de la Ligue des champions qui ne co\u00fbterait pas un centime<\/title>\n<meta name=\"robots\" content=\"index, follow, max-snippet:-1, max-image-preview:large, max-video-preview:-1\" \/>\n<link rel=\"canonical\" href=\"https:\/\/footdavant.fr\/actualites\/nouvelles-du-transfert-deverton-david-moyes-surveille-la-decision-du-vainqueur-de-la-ligue-des-champions-qui-ne-couterait-pas-un-centime\/\" \/>\n<meta property=\"og:locale\" content=\"fr_FR\" \/>\n<meta property=\"og:type\" content=\"article\" \/>\n<meta property=\"og:title\" content=\"Nouvelles du transfert d&#039;Everton : David Moyes \u00ab surveille \u00bb la d\u00e9cision du vainqueur de la Ligue des champions qui ne co\u00fbterait pas un centime\" \/>\n<meta property=\"og:description\" content=\"Everton explore d\u00e9j\u00e0 des opportunit\u00e9s intelligentes avant la fen\u00eatre estivale, en mettant l\u2019accent sur l\u2019exp\u00e9rience et la valeur sur le march\u00e9. Les Toffees devraient fonctionner\" \/>\n<meta property=\"og:url\" content=\"https:\/\/footdavant.fr\/actualites\/nouvelles-du-transfert-deverton-david-moyes-surveille-la-decision-du-vainqueur-de-la-ligue-des-champions-qui-ne-couterait-pas-un-centime\/\" \/>\n<meta property=\"og:site_name\" content=\"Foot d&#039;avant\" \/>\n<meta property=\"article:publisher\" content=\"https:\/\/www.facebook.com\/Footdavant\/\" \/>\n<meta property=\"article:published_time\" content=\"2026-04-03T08:48:01+00:00\" \/>\n<meta property=\"article:modified_time\" content=\"2026-04-03T08:48:02+00:00\" \/>\n<meta property=\"og:image\" content=\"https:\/\/footdavant.fr\/actualites\/wp-content\/uploads\/2026\/04\/Nouvelles-du-transfert-d39Everton-David-Moyes-surveille.net2Fuploads2F20262F042Fjohn-stones-ever.webp\" \/>\n\t<meta property=\"og:image:width\" content=\"720\" \/>\n\t<meta property=\"og:image:height\" content=\"410\" \/>\n\t<meta property=\"og:image:type\" content=\"image\/webp\" \/>\n<meta name=\"author\" content=\"Cl\u00e9ment\" \/>\n<meta name=\"twitter:card\" content=\"summary_large_image\" \/>\n<meta name=\"twitter:creator\" content=\"@FootdavantFr\" \/>\n<meta name=\"twitter:site\" content=\"@FootdavantFr\" \/>\n<meta name=\"twitter:label1\" content=\"\u00c9crit par\" \/>\n\t<meta name=\"twitter:data1\" content=\"Cl\u00e9ment\" \/>\n\t<meta name=\"twitter:label2\" content=\"Dur\u00e9e de lecture estim\u00e9e\" \/>\n\t<meta name=\"twitter:data2\" content=\"2 minutes\" \/>\n<script type=\"application\/ld+json\" class=\"yoast-schema-graph\">{\"@context\":\"https:\/\/schema.org\",\"@graph\":[{\"@type\":\"Article\",\"@id\":\"https:\/\/footdavant.fr\/actualites\/nouvelles-du-transfert-deverton-david-moyes-surveille-la-decision-du-vainqueur-de-la-ligue-des-champions-qui-ne-couterait-pas-un-centime\/#article\",\"isPartOf\":{\"@id\":\"https:\/\/footdavant.fr\/actualites\/nouvelles-du-transfert-deverton-david-moyes-surveille-la-decision-du-vainqueur-de-la-ligue-des-champions-qui-ne-couterait-pas-un-centime\/\"},\"author\":{\"name\":\"Cl\u00e9ment\",\"@id\":\"https:\/\/footdavant.fr\/actualites\/#\/schema\/person\/bc222566d95871b37e597b3ed3ba5e1d\"},\"headline\":\"Nouvelles du transfert d&#39;Everton : David Moyes \u00ab surveille \u00bb la d\u00e9cision du vainqueur de la Ligue des champions qui ne co\u00fbterait pas un centime\",\"datePublished\":\"2026-04-03T08:48:01+00:00\",\"dateModified\":\"2026-04-03T08:48:02+00:00\",\"mainEntityOfPage\":{\"@id\":\"https:\/\/footdavant.fr\/actualites\/nouvelles-du-transfert-deverton-david-moyes-surveille-la-decision-du-vainqueur-de-la-ligue-des-champions-qui-ne-couterait-pas-un-centime\/\"},\"wordCount\":485,\"publisher\":{\"@id\":\"https:\/\/footdavant.fr\/actualites\/#organization\"},\"keywords\":[\"centime\",\"champions\",\"co\u00fbterait\",\"d39Everton\",\"David\",\"d\u00e9cision\",\"des\",\"Ligue\",\"Moyes\",\"Nouvelles\",\"pas\",\"qui\",\"surveille\",\"transfert\",\"vainqueur\"],\"articleSection\":[\"Premier League\"],\"inLanguage\":\"fr-FR\"},{\"@type\":\"WebPage\",\"@id\":\"https:\/\/footdavant.fr\/actualites\/nouvelles-du-transfert-deverton-david-moyes-surveille-la-decision-du-vainqueur-de-la-ligue-des-champions-qui-ne-couterait-pas-un-centime\/\",\"url\":\"https:\/\/footdavant.fr\/actualites\/nouvelles-du-transfert-deverton-david-moyes-surveille-la-decision-du-vainqueur-de-la-ligue-des-champions-qui-ne-couterait-pas-un-centime\/\",\"name\":\"Nouvelles du transfert d&#39;Everton : David Moyes \u00ab surveille \u00bb la d\u00e9cision du vainqueur de la Ligue des champions qui ne co\u00fbterait pas un centime\",\"isPartOf\":{\"@id\":\"https:\/\/footdavant.fr\/actualites\/#website\"},\"datePublished\":\"2026-04-03T08:48:01+00:00\",\"dateModified\":\"2026-04-03T08:48:02+00:00\",\"breadcrumb\":{\"@id\":\"https:\/\/footdavant.fr\/actualites\/nouvelles-du-transfert-deverton-david-moyes-surveille-la-decision-du-vainqueur-de-la-ligue-des-champions-qui-ne-couterait-pas-un-centime\/#breadcrumb\"},\"inLanguage\":\"fr-FR\",\"potentialAction\":[{\"@type\":\"ReadAction\",\"target\":[\"https:\/\/footdavant.fr\/actualites\/nouvelles-du-transfert-deverton-david-moyes-surveille-la-decision-du-vainqueur-de-la-ligue-des-champions-qui-ne-couterait-pas-un-centime\/\"]}]},{\"@type\":\"BreadcrumbList\",\"@id\":\"https:\/\/footdavant.fr\/actualites\/nouvelles-du-transfert-deverton-david-moyes-surveille-la-decision-du-vainqueur-de-la-ligue-des-champions-qui-ne-couterait-pas-un-centime\/#breadcrumb\",\"itemListElement\":[{\"@type\":\"ListItem\",\"position\":1,\"name\":\"Accueil\",\"item\":\"https:\/\/footdavant.fr\/actualites\/\"},{\"@type\":\"ListItem\",\"position\":2,\"name\":\"Nouvelles du transfert d&#39;Everton : David Moyes \u00ab surveille \u00bb la d\u00e9cision du vainqueur de la Ligue des champions qui ne co\u00fbterait pas un centime\"}]},{\"@type\":\"WebSite\",\"@id\":\"https:\/\/footdavant.fr\/actualites\/#website\",\"url\":\"https:\/\/footdavant.fr\/actualites\/\",\"name\":\"Foot d'avant\",\"description\":\"\",\"publisher\":{\"@id\":\"https:\/\/footdavant.fr\/actualites\/#organization\"},\"potentialAction\":[{\"@type\":\"SearchAction\",\"target\":{\"@type\":\"EntryPoint\",\"urlTemplate\":\"https:\/\/footdavant.fr\/actualites\/?s={search_term_string}\"},\"query-input\":\"required name=search_term_string\"}],\"inLanguage\":\"fr-FR\"},{\"@type\":\"Organization\",\"@id\":\"https:\/\/footdavant.fr\/actualites\/#organization\",\"name\":\"Foot d'avant\",\"url\":\"https:\/\/footdavant.fr\/actualites\/\",\"logo\":{\"@type\":\"ImageObject\",\"inLanguage\":\"fr-FR\",\"@id\":\"https:\/\/footdavant.fr\/actualites\/#\/schema\/logo\/image\/\",\"url\":\"https:\/\/footdavant.fr\/actualites\/wp-content\/uploads\/2023\/09\/Copy-of-FootDavant-Logo.png\",\"contentUrl\":\"https:\/\/footdavant.fr\/actualites\/wp-content\/uploads\/2023\/09\/Copy-of-FootDavant-Logo.png\",\"width\":936,\"height\":549,\"caption\":\"Foot d'avant\"},\"image\":{\"@id\":\"https:\/\/footdavant.fr\/actualites\/#\/schema\/logo\/image\/\"},\"sameAs\":[\"https:\/\/www.facebook.com\/Footdavant\/\",\"https:\/\/twitter.com\/FootdavantFr\",\"https:\/\/www.instagram.com\/footdavant.fr\/\"]},{\"@type\":\"Person\",\"@id\":\"https:\/\/footdavant.fr\/actualites\/#\/schema\/person\/bc222566d95871b37e597b3ed3ba5e1d\",\"name\":\"Cl\u00e9ment\",\"image\":{\"@type\":\"ImageObject\",\"inLanguage\":\"fr-FR\",\"@id\":\"https:\/\/footdavant.fr\/actualites\/#\/schema\/person\/image\/\",\"url\":\"https:\/\/secure.gravatar.com\/avatar\/7728b29aac2719421e1a9159b2254c44?s=96&d=mm&r=g\",\"contentUrl\":\"https:\/\/secure.gravatar.com\/avatar\/7728b29aac2719421e1a9159b2254c44?s=96&d=mm&r=g\",\"caption\":\"Cl\u00e9ment\"},\"sameAs\":[\"https:\/\/footdavant.fr\/\"]}]}<\/script>\n<!-- \/ Yoast SEO plugin. -->","yoast_head_json":{"title":"Nouvelles du transfert d&#39;Everton : David Moyes \u00ab surveille \u00bb la d\u00e9cision du vainqueur de la Ligue des champions qui ne co\u00fbterait pas un centime","robots":{"index":"index","follow":"follow","max-snippet":"max-snippet:-1","max-image-preview":"max-image-preview:large","max-video-preview":"max-video-preview:-1"},"canonical":"https:\/\/footdavant.fr\/actualites\/nouvelles-du-transfert-deverton-david-moyes-surveille-la-decision-du-vainqueur-de-la-ligue-des-champions-qui-ne-couterait-pas-un-centime\/","og_locale":"fr_FR","og_type":"article","og_title":"Nouvelles du transfert d&#39;Everton : David Moyes \u00ab surveille \u00bb la d\u00e9cision du vainqueur de la Ligue des champions qui ne co\u00fbterait pas un centime","og_description":"Everton explore d\u00e9j\u00e0 des opportunit\u00e9s intelligentes avant la fen\u00eatre estivale, en mettant l\u2019accent sur l\u2019exp\u00e9rience et la valeur sur le march\u00e9. Les Toffees devraient fonctionner","og_url":"https:\/\/footdavant.fr\/actualites\/nouvelles-du-transfert-deverton-david-moyes-surveille-la-decision-du-vainqueur-de-la-ligue-des-champions-qui-ne-couterait-pas-un-centime\/","og_site_name":"Foot d&#039;avant","article_publisher":"https:\/\/www.facebook.com\/Footdavant\/","article_published_time":"2026-04-03T08:48:01+00:00","article_modified_time":"2026-04-03T08:48:02+00:00","og_image":[{"width":720,"height":410,"url":"https:\/\/footdavant.fr\/actualites\/wp-content\/uploads\/2026\/04\/Nouvelles-du-transfert-d39Everton-David-Moyes-surveille.net2Fuploads2F20262F042Fjohn-stones-ever.webp","type":"image\/webp"}],"author":"Cl\u00e9ment","twitter_card":"summary_large_image","twitter_creator":"@FootdavantFr","twitter_site":"@FootdavantFr","twitter_misc":{"\u00c9crit par":"Cl\u00e9ment","Dur\u00e9e de lecture estim\u00e9e":"2 minutes"},"schema":{"@context":"https:\/\/schema.org","@graph":[{"@type":"Article","@id":"https:\/\/footdavant.fr\/actualites\/nouvelles-du-transfert-deverton-david-moyes-surveille-la-decision-du-vainqueur-de-la-ligue-des-champions-qui-ne-couterait-pas-un-centime\/#article","isPartOf":{"@id":"https:\/\/footdavant.fr\/actualites\/nouvelles-du-transfert-deverton-david-moyes-surveille-la-decision-du-vainqueur-de-la-ligue-des-champions-qui-ne-couterait-pas-un-centime\/"},"author":{"name":"Cl\u00e9ment","@id":"https:\/\/footdavant.fr\/actualites\/#\/schema\/person\/bc222566d95871b37e597b3ed3ba5e1d"},"headline":"Nouvelles du transfert d&#39;Everton : David Moyes \u00ab surveille \u00bb la d\u00e9cision du vainqueur de la Ligue des champions qui ne co\u00fbterait pas un centime","datePublished":"2026-04-03T08:48:01+00:00","dateModified":"2026-04-03T08:48:02+00:00","mainEntityOfPage":{"@id":"https:\/\/footdavant.fr\/actualites\/nouvelles-du-transfert-deverton-david-moyes-surveille-la-decision-du-vainqueur-de-la-ligue-des-champions-qui-ne-couterait-pas-un-centime\/"},"wordCount":485,"publisher":{"@id":"https:\/\/footdavant.fr\/actualites\/#organization"},"keywords":["centime","champions","co\u00fbterait","d39Everton","David","d\u00e9cision","des","Ligue","Moyes","Nouvelles","pas","qui","surveille","transfert","vainqueur"],"articleSection":["Premier League"],"inLanguage":"fr-FR"},{"@type":"WebPage","@id":"https:\/\/footdavant.fr\/actualites\/nouvelles-du-transfert-deverton-david-moyes-surveille-la-decision-du-vainqueur-de-la-ligue-des-champions-qui-ne-couterait-pas-un-centime\/","url":"https:\/\/footdavant.fr\/actualites\/nouvelles-du-transfert-deverton-david-moyes-surveille-la-decision-du-vainqueur-de-la-ligue-des-champions-qui-ne-couterait-pas-un-centime\/","name":"Nouvelles du transfert d&#39;Everton : David Moyes \u00ab surveille \u00bb la d\u00e9cision du vainqueur de la Ligue des champions qui ne co\u00fbterait pas un centime","isPartOf":{"@id":"https:\/\/footdavant.fr\/actualites\/#website"},"datePublished":"2026-04-03T08:48:01+00:00","dateModified":"2026-04-03T08:48:02+00:00","breadcrumb":{"@id":"https:\/\/footdavant.fr\/actualites\/nouvelles-du-transfert-deverton-david-moyes-surveille-la-decision-du-vainqueur-de-la-ligue-des-champions-qui-ne-couterait-pas-un-centime\/#breadcrumb"},"inLanguage":"fr-FR","potentialAction":[{"@type":"ReadAction","target":["https:\/\/footdavant.fr\/actualites\/nouvelles-du-transfert-deverton-david-moyes-surveille-la-decision-du-vainqueur-de-la-ligue-des-champions-qui-ne-couterait-pas-un-centime\/"]}]},{"@type":"BreadcrumbList","@id":"https:\/\/footdavant.fr\/actualites\/nouvelles-du-transfert-deverton-david-moyes-surveille-la-decision-du-vainqueur-de-la-ligue-des-champions-qui-ne-couterait-pas-un-centime\/#breadcrumb","itemListElement":[{"@type":"ListItem","position":1,"name":"Accueil","item":"https:\/\/footdavant.fr\/actualites\/"},{"@type":"ListItem","position":2,"name":"Nouvelles du transfert d&#39;Everton : David Moyes \u00ab surveille \u00bb la d\u00e9cision du vainqueur de la Ligue des champions qui ne co\u00fbterait pas un centime"}]},{"@type":"WebSite","@id":"https:\/\/footdavant.fr\/actualites\/#website","url":"https:\/\/footdavant.fr\/actualites\/","name":"Foot d'avant","description":"","publisher":{"@id":"https:\/\/footdavant.fr\/actualites\/#organization"},"potentialAction":[{"@type":"SearchAction","target":{"@type":"EntryPoint","urlTemplate":"https:\/\/footdavant.fr\/actualites\/?s={search_term_string}"},"query-input":"required name=search_term_string"}],"inLanguage":"fr-FR"},{"@type":"Organization","@id":"https:\/\/footdavant.fr\/actualites\/#organization","name":"Foot d'avant","url":"https:\/\/footdavant.fr\/actualites\/","logo":{"@type":"ImageObject","inLanguage":"fr-FR","@id":"https:\/\/footdavant.fr\/actualites\/#\/schema\/logo\/image\/","url":"https:\/\/footdavant.fr\/actualites\/wp-content\/uploads\/2023\/09\/Copy-of-FootDavant-Logo.png","contentUrl":"https:\/\/footdavant.fr\/actualites\/wp-content\/uploads\/2023\/09\/Copy-of-FootDavant-Logo.png","width":936,"height":549,"caption":"Foot d'avant"},"image":{"@id":"https:\/\/footdavant.fr\/actualites\/#\/schema\/logo\/image\/"},"sameAs":["https:\/\/www.facebook.com\/Footdavant\/","https:\/\/twitter.com\/FootdavantFr","https:\/\/www.instagram.com\/footdavant.fr\/"]},{"@type":"Person","@id":"https:\/\/footdavant.fr\/actualites\/#\/schema\/person\/bc222566d95871b37e597b3ed3ba5e1d","name":"Cl\u00e9ment","image":{"@type":"ImageObject","inLanguage":"fr-FR","@id":"https:\/\/footdavant.fr\/actualites\/#\/schema\/person\/image\/","url":"https:\/\/secure.gravatar.com\/avatar\/7728b29aac2719421e1a9159b2254c44?s=96&d=mm&r=g","contentUrl":"https:\/\/secure.gravatar.com\/avatar\/7728b29aac2719421e1a9159b2254c44?s=96&d=mm&r=g","caption":"Cl\u00e9ment"},"sameAs":["https:\/\/footdavant.fr\/"]}]}},"_links":{"self":[{"href":"https:\/\/footdavant.fr\/actualites\/wp-json\/wp\/v2\/posts\/36077"}],"collection":[{"href":"https:\/\/footdavant.fr\/actualites\/wp-json\/wp\/v2\/posts"}],"about":[{"href":"https:\/\/footdavant.fr\/actualites\/wp-json\/wp\/v2\/types\/post"}],"author":[{"embeddable":true,"href":"https:\/\/footdavant.fr\/actualites\/wp-json\/wp\/v2\/users\/1"}],"replies":[{"embeddable":true,"href":"https:\/\/footdavant.fr\/actualites\/wp-json\/wp\/v2\/comments?post=36077"}],"version-history":[{"count":1,"href":"https:\/\/footdavant.fr\/actualites\/wp-json\/wp\/v2\/posts\/36077\/revisions"}],"predecessor-version":[{"id":36079,"href":"https:\/\/footdavant.fr\/actualites\/wp-json\/wp\/v2\/posts\/36077\/revisions\/36079"}],"wp:featuredmedia":[{"embeddable":true,"href":"https:\/\/footdavant.fr\/actualites\/wp-json\/wp\/v2\/media\/36078"}],"wp:attachment":[{"href":"https:\/\/footdavant.fr\/actualites\/wp-json\/wp\/v2\/media?parent=36077"}],"wp:term":[{"taxonomy":"category","embeddable":true,"href":"https:\/\/footdavant.fr\/actualites\/wp-json\/wp\/v2\/categories?post=36077"},{"taxonomy":"post_tag","embeddable":true,"href":"https:\/\/footdavant.fr\/actualites\/wp-json\/wp\/v2\/tags?post=36077"}],"curies":[{"name":"wp","href":"https:\/\/api.w.org\/{rel}","templated":true}]}}